{"id":75942,"date":"2025-02-19T16:18:07","date_gmt":"2025-02-19T13:18:07","guid":{"rendered":"https:\/\/kibrisdakik.com\/?p=75942"},"modified":"2025-02-19T16:18:07","modified_gmt":"2025-02-19T13:18:07","slug":"istanbul-kar-altinda","status":"publish","type":"post","link":"https:\/\/kibrisdakik.com\/?p=75942","title":{"rendered":"\u0130stanbul kar alt\u0131nda"},"content":{"rendered":"<p><\/p>\n<div>\n<div class=\"mariselle-image-container center\">\n                <img loading=\"lazy\" decoding=\"async\" width=\"1920\" height=\"1080\" class=\"lazy-image\" alt=\"\" sizes=\"auto, (max-width: 1920px) 100vw, 1920px\" src=\"https:\/\/brtk.net\/wp-content\/uploads\/2025\/02\/19\/192480198401.webp?ver=b31f8e7ca7ab28665a99324586309a92\" srcset=\"https:\/\/brtk.net\/wp-content\/uploads\/2025\/02\/19\/192480198401.webp?ver=b31f8e7ca7ab28665a99324586309a92 1920w, https:\/\/brtk.net\/wp-content\/uploads\/2025\/02\/19\/192480198401-300x169.webp?ver=e992c1f4fed1fcdfa7426322d2a0a108 300w, https:\/\/brtk.net\/wp-content\/uploads\/2025\/02\/19\/192480198401-1024x576.webp?ver=e992c1f4fed1fcdfa7426322d2a0a108 1024w, https:\/\/brtk.net\/wp-content\/uploads\/2025\/02\/19\/192480198401-768x432.webp?ver=e992c1f4fed1fcdfa7426322d2a0a108 768w, https:\/\/brtk.net\/wp-content\/uploads\/2025\/02\/19\/192480198401-1536x864.webp?ver=472a3e4a291c32d17e93db54948183e9 1536w\"\/>                            <\/div>\n<p> \u0130stanbul\u2019da beklenen kar ya\u011f\u0131\u015f\u0131 Arnavutk\u00f6y\u2019de ba\u015flad\u0131. Kar ya\u011f\u0131\u015f\u0131 \u0130stanbul Havaliman\u0131 Yolu ve \u00e7evresinde etkili oldu.<\/p>\n<p>TC Meteoroloji Genel M\u00fcd\u00fcrl\u00fc\u011f\u00fcn\u00fcn uyar\u0131lar\u0131n\u0131n ard\u0131ndan, sabah saatlerinde \u0130stanbul\u2019un y\u00fcksek kesimlerinde ba\u015flayan kar ya\u011f\u0131\u015f\u0131 s\u00fcr\u00fcyor.<\/p>\n<p>Avrupa Yakas\u0131\u2019nda Sultangazi, Ey\u00fcpsultan ve K\u00fc\u00e7\u00fck\u00e7ekmece\u2019de aral\u0131klarla etkili olan kar, Arnavutk\u00f6y ve Ba\u015fak\u015fehir\u2019de \u015fiddetini artt\u0131rd\u0131.<\/p>\n<p>Y\u00fcksek kesimlerin ard\u0131ndan kent genelinde de etkili olmaya ba\u015flayan kar ya\u011f\u0131\u015f\u0131 Ba\u011fc\u0131lar, Esenler, Ka\u011f\u0131thane, Sar\u0131yer, Beyo\u011flu ve Be\u015fikta\u015f\u2019da da etkisini g\u00f6steriyor.<\/p>\n<p>Anadolu Yakas\u0131\u2019n\u0131n \u00dcmraniye il\u00e7esinde de kar ya\u011f\u0131\u015f\u0131 ba\u015flad\u0131.<\/p>\n<p>Yo\u011fun ya\u011f\u0131\u015f\u0131n etkili oldu\u011fu kentin baz\u0131 b\u00f6lgeleri beyaza b\u00fcr\u00fcn\u00fcrken, yollarda biriken kar nedeniyle s\u00fcr\u00fcc\u00fcler kontroll\u00fc ilerlemeye \u00e7al\u0131\u015f\u0131yor.<\/p>\n<p>Kar ya\u011f\u0131\u015f\u0131n\u0131n \u015fiddetli oldu\u011fu Kemerburgaz Havaliman\u0131 yolu beyaza b\u00fcr\u00fcnd\u00fc. Karla m\u00fccadele ekipleri, \u0130stanbul Havaliman\u0131 yolunu a\u00e7\u0131k tutmak i\u00e7in tuzlama ve yol temizleme \u00e7al\u0131\u015fmas\u0131 yap\u0131yor.<\/p>\n<p>Kar nedeniyle yolda trafik yo\u011funlu\u011fu olu\u015furken, ara\u00e7lar yava\u015f seyrediyor.<\/p>\n<p>\u0130stanbul Havaliman\u0131 \u00e7evresinde yo\u011fun kar ya\u011f\u0131\u015f\u0131 etkisini g\u00f6steriyor. \u0130stanbul Havaliman\u0131 \u0130\u015fletmecisi \u0130GA ekipleri de havaliman\u0131 \u00e7evresindeki yollarda ve pistlerde kar temizleme \u00e7al\u0131\u015fmalar\u0131n\u0131 s\u00fcrd\u00fcr\u00fcyor.<\/p>\n<p>Ya\u011f\u0131\u015f\u0131n ak\u015fam saatlerinde kent geneline yay\u0131larak etkisini art\u0131rmas\u0131 bekleniyor.<\/p>\n<p>21 \u015eubat Cuma g\u00fcn\u00fc kar ya\u011f\u0131\u015f\u0131n\u0131n \u015fiddetini art\u0131raca\u011f\u0131, hafta sonu boyunca yo\u011fun \u015fekilde devam edece\u011fi \u00f6ng\u00f6r\u00fcl\u00fcyor.<\/p>\n<p>Kar kal\u0131nl\u0131\u011f\u0131n\u0131n baz\u0131 b\u00f6lgelerde 40 santimetreyi bulabilece\u011fi tahmin ediliyor. <\/p>\n<p>Arka arkaya gelen uyar\u0131lar nedeniyle \u0130stanbul Havaliman\u0131 ve Sabiha G\u00f6k\u00e7en Havaliman\u0131\u2019nda 19-21 \u015eubat tarihleri aras\u0131nda baz\u0131 u\u00e7u\u015flar\u0131n iptal edilebilece\u011fi duyuruldu.<\/p>\n<p>\u0130stanbul Havaliman\u2019\u0131nda yar\u0131n y\u00fczde 15\u2019e kadar, 21 \u015eubat Cuma g\u00fcn\u00fc ise y\u00fczde 20 kapasite azalt\u0131lmas\u0131na karar verildi.<\/p>\n<p>Sabiha G\u00f6k\u00e7en Havaliman\u0131nda ise 20 \u015eubat Per\u015fembe g\u00fcn\u00fcndeki u\u00e7u\u015flar y\u00fczde 10, 21 \u015eubat Cuma g\u00fcn\u00fc de y\u00fczde 15 oran\u0131nda iptal edilecek.<\/p>\n<p>\u0130ptal edilecek u\u00e7u\u015flardan KKTC u\u00e7u\u015flar\u0131 da etkilenebilir.<br \/>\u2018<br \/>BRT Muhabirinin Sivil Havac\u0131l\u0131k Dairesi\u2019den ald\u0131\u011f\u0131 bilgiye g\u00f6re, u\u00e7u\u015flarda bug\u00fcn i\u00e7in herhangi bir iptal bulunmuyor; di\u011fer g\u00fcnler i\u00e7inse firmalar olas\u0131 iptalleri yolculara \u00f6nceden bildirecek.<\/p>\n<\/p><\/div>\n<p><script async\n                    defer\n                    crossorigin=\"anonymous\"\n                    src=\"https:\/\/connect.facebook.net\/tr_TR\/sdk.js#xfbml=1&#038;version=v3.3\"\n            ><\/script><\/p>\n","protected":false},"excerpt":{"rendered":"<p>\u0130stanbul\u2019da beklenen kar ya\u011f\u0131\u015f\u0131 Arnavutk\u00f6y\u2019de ba\u015flad\u0131. Kar ya\u011f\u0131\u015f\u0131 \u0130stanbul Havaliman\u0131 Yolu ve \u00e7evresinde etkili oldu. TC Meteoroloji Genel M\u00fcd\u00fcrl\u00fc\u011f\u00fcn\u00fcn uyar\u0131lar\u0131n\u0131n ard\u0131ndan, sabah saatlerinde \u0130stanbul\u2019un y\u00fcksek kesimlerinde ba\u015flayan kar ya\u011f\u0131\u015f\u0131 s\u00fcr\u00fcyor. Avrupa Yakas\u0131\u2019nda Sultangazi, Ey\u00fcpsultan ve K\u00fc\u00e7\u00fck\u00e7ekmece\u2019de aral\u0131klarla etkili olan kar, Arnavutk\u00f6y ve Ba\u015fak\u015fehir\u2019de \u015fiddetini artt\u0131rd\u0131. Y\u00fcksek kesimlerin ard\u0131ndan kent genelinde de etkili olmaya ba\u015flayan kar<\/p>\n","protected":false},"author":1,"featured_media":75943,"comment_status":"open","ping_status":"open","sticky":false,"template":"","format":"standard","meta":{"footnotes":""},"categories":[86],"tags":[],"class_list":["post-75942","post","type-post","status-publish","format-standard","has-post-thumbnail","hentry","category-turkiye"],"yoast_head":"<!-- This site is optimized with the Yoast SEO plugin v27.4 - https:\/\/yoast.com\/product\/yoast-seo-wordpress\/ -->\n<title>\u0130stanbul kar alt\u0131nda -<\/title>\n<meta name=\"robots\" content=\"index, follow, max-snippet:-1, max-image-preview:large, max-video-preview:-1\" \/>\n<link rel=\"canonical\" href=\"https:\/\/kibrisdakik.com\/?p=75942\" \/>\n<meta property=\"og:locale\" content=\"tr_TR\" \/>\n<meta property=\"og:type\" content=\"article\" \/>\n<meta property=\"og:title\" content=\"\u0130stanbul kar alt\u0131nda -\" \/>\n<meta property=\"og:description\" content=\"\u0130stanbul\u2019da beklenen kar ya\u011f\u0131\u015f\u0131 Arnavutk\u00f6y\u2019de ba\u015flad\u0131. Kar ya\u011f\u0131\u015f\u0131 \u0130stanbul Havaliman\u0131 Yolu ve \u00e7evresinde etkili oldu. TC Meteoroloji Genel M\u00fcd\u00fcrl\u00fc\u011f\u00fcn\u00fcn uyar\u0131lar\u0131n\u0131n ard\u0131ndan, sabah saatlerinde \u0130stanbul\u2019un y\u00fcksek kesimlerinde ba\u015flayan kar ya\u011f\u0131\u015f\u0131 s\u00fcr\u00fcyor. Avrupa Yakas\u0131\u2019nda Sultangazi, Ey\u00fcpsultan ve K\u00fc\u00e7\u00fck\u00e7ekmece\u2019de aral\u0131klarla etkili olan kar, Arnavutk\u00f6y ve Ba\u015fak\u015fehir\u2019de \u015fiddetini artt\u0131rd\u0131. Y\u00fcksek kesimlerin ard\u0131ndan kent genelinde de etkili olmaya ba\u015flayan kar\" \/>\n<meta property=\"og:url\" content=\"https:\/\/kibrisdakik.com\/?p=75942\" \/>\n<meta property=\"article:published_time\" content=\"2025-02-19T13:18:07+00:00\" \/>\n<meta property=\"og:image\" content=\"https:\/\/kibrisdakik.com\/wp-content\/uploads\/2025\/02\/192480198401.webp-740x420.webp\" \/>\n\t<meta property=\"og:image:width\" content=\"1920\" \/>\n\t<meta property=\"og:image:height\" content=\"1080\" \/>\n\t<meta property=\"og:image:type\" content=\"image\/webp\" \/>\n<meta name=\"author\" content=\"admin\" \/>\n<meta name=\"twitter:card\" content=\"summary_large_image\" \/>\n<meta name=\"twitter:label1\" content=\"Yazan:\" \/>\n\t<meta name=\"twitter:data1\" content=\"admin\" \/>\n\t<meta name=\"twitter:label2\" content=\"Tahmini okuma s\u00fcresi\" \/>\n\t<meta name=\"twitter:data2\" content=\"2 dakika\" \/>\n<script type=\"application\/ld+json\" class=\"yoast-schema-graph\">{\"@context\":\"https:\\\/\\\/schema.org\",\"@graph\":[{\"@type\":\"Article\",\"@id\":\"https:\\\/\\\/kibrisdakik.com\\\/?p=75942#article\",\"isPartOf\":{\"@id\":\"https:\\\/\\\/kibrisdakik.com\\\/?p=75942\"},\"author\":{\"name\":\"admin\",\"@id\":\"https:\\\/\\\/kibrisdakik.com\\\/#\\\/schema\\\/person\\\/9cd9d437bbb44f72b73ba127e06d8e79\"},\"headline\":\"\u0130stanbul kar alt\u0131nda\",\"datePublished\":\"2025-02-19T13:18:07+00:00\",\"mainEntityOfPage\":{\"@id\":\"https:\\\/\\\/kibrisdakik.com\\\/?p=75942\"},\"wordCount\":402,\"commentCount\":0,\"image\":{\"@id\":\"https:\\\/\\\/kibrisdakik.com\\\/?p=75942#primaryimage\"},\"thumbnailUrl\":\"https:\\\/\\\/kibrisdakik.com\\\/wp-content\\\/uploads\\\/2025\\\/02\\\/192480198401.webp-740x420.webp\",\"articleSection\":[\"T\u00fcrkiye\"],\"inLanguage\":\"tr\",\"potentialAction\":[{\"@type\":\"CommentAction\",\"name\":\"Comment\",\"target\":[\"https:\\\/\\\/kibrisdakik.com\\\/?p=75942#respond\"]}]},{\"@type\":\"WebPage\",\"@id\":\"https:\\\/\\\/kibrisdakik.com\\\/?p=75942\",\"url\":\"https:\\\/\\\/kibrisdakik.com\\\/?p=75942\",\"name\":\"\u0130stanbul kar alt\u0131nda -\",\"isPartOf\":{\"@id\":\"https:\\\/\\\/kibrisdakik.com\\\/#website\"},\"primaryImageOfPage\":{\"@id\":\"https:\\\/\\\/kibrisdakik.com\\\/?p=75942#primaryimage\"},\"image\":{\"@id\":\"https:\\\/\\\/kibrisdakik.com\\\/?p=75942#primaryimage\"},\"thumbnailUrl\":\"https:\\\/\\\/kibrisdakik.com\\\/wp-content\\\/uploads\\\/2025\\\/02\\\/192480198401.webp-740x420.webp\",\"datePublished\":\"2025-02-19T13:18:07+00:00\",\"author\":{\"@id\":\"https:\\\/\\\/kibrisdakik.com\\\/#\\\/schema\\\/person\\\/9cd9d437bbb44f72b73ba127e06d8e79\"},\"breadcrumb\":{\"@id\":\"https:\\\/\\\/kibrisdakik.com\\\/?p=75942#breadcrumb\"},\"inLanguage\":\"tr\",\"potentialAction\":[{\"@type\":\"ReadAction\",\"target\":[\"https:\\\/\\\/kibrisdakik.com\\\/?p=75942\"]}]},{\"@type\":\"ImageObject\",\"inLanguage\":\"tr\",\"@id\":\"https:\\\/\\\/kibrisdakik.com\\\/?p=75942#primaryimage\",\"url\":\"https:\\\/\\\/kibrisdakik.com\\\/wp-content\\\/uploads\\\/2025\\\/02\\\/192480198401.webp-740x420.webp\",\"contentUrl\":\"https:\\\/\\\/kibrisdakik.com\\\/wp-content\\\/uploads\\\/2025\\\/02\\\/192480198401.webp-740x420.webp\",\"width\":1920,\"height\":1080},{\"@type\":\"BreadcrumbList\",\"@id\":\"https:\\\/\\\/kibrisdakik.com\\\/?p=75942#breadcrumb\",\"itemListElement\":[{\"@type\":\"ListItem\",\"position\":1,\"name\":\"Home\",\"item\":\"https:\\\/\\\/kibrisdakik.com\\\/\"},{\"@type\":\"ListItem\",\"position\":2,\"name\":\"\u0130stanbul kar alt\u0131nda\"}]},{\"@type\":\"WebSite\",\"@id\":\"https:\\\/\\\/kibrisdakik.com\\\/#website\",\"url\":\"https:\\\/\\\/kibrisdakik.com\\\/\",\"name\":\"\",\"description\":\"Tam vaktinde haber\",\"potentialAction\":[{\"@type\":\"SearchAction\",\"target\":{\"@type\":\"EntryPoint\",\"urlTemplate\":\"https:\\\/\\\/kibrisdakik.com\\\/?s={search_term_string}\"},\"query-input\":{\"@type\":\"PropertyValueSpecification\",\"valueRequired\":true,\"valueName\":\"search_term_string\"}}],\"inLanguage\":\"tr\"},{\"@type\":\"Person\",\"@id\":\"https:\\\/\\\/kibrisdakik.com\\\/#\\\/schema\\\/person\\\/9cd9d437bbb44f72b73ba127e06d8e79\",\"name\":\"admin\",\"image\":{\"@type\":\"ImageObject\",\"inLanguage\":\"tr\",\"@id\":\"https:\\\/\\\/secure.gravatar.com\\\/avatar\\\/ccc17943b9d660506c869530f897617f7cb1c21a4bf30023f252596d83e1f007?s=96&d=mm&r=g\",\"url\":\"https:\\\/\\\/secure.gravatar.com\\\/avatar\\\/ccc17943b9d660506c869530f897617f7cb1c21a4bf30023f252596d83e1f007?s=96&d=mm&r=g\",\"contentUrl\":\"https:\\\/\\\/secure.gravatar.com\\\/avatar\\\/ccc17943b9d660506c869530f897617f7cb1c21a4bf30023f252596d83e1f007?s=96&d=mm&r=g\",\"caption\":\"admin\"},\"sameAs\":[\"https:\\\/\\\/kibrisdakik.com\"],\"url\":\"https:\\\/\\\/kibrisdakik.com\\\/?author=1\"}]}<\/script>\n<!-- \/ Yoast SEO plugin. -->","yoast_head_json":{"title":"\u0130stanbul kar alt\u0131nda -","robots":{"index":"index","follow":"follow","max-snippet":"max-snippet:-1","max-image-preview":"max-image-preview:large","max-video-preview":"max-video-preview:-1"},"canonical":"https:\/\/kibrisdakik.com\/?p=75942","og_locale":"tr_TR","og_type":"article","og_title":"\u0130stanbul kar alt\u0131nda -","og_description":"\u0130stanbul\u2019da beklenen kar ya\u011f\u0131\u015f\u0131 Arnavutk\u00f6y\u2019de ba\u015flad\u0131. Kar ya\u011f\u0131\u015f\u0131 \u0130stanbul Havaliman\u0131 Yolu ve \u00e7evresinde etkili oldu. TC Meteoroloji Genel M\u00fcd\u00fcrl\u00fc\u011f\u00fcn\u00fcn uyar\u0131lar\u0131n\u0131n ard\u0131ndan, sabah saatlerinde \u0130stanbul\u2019un y\u00fcksek kesimlerinde ba\u015flayan kar ya\u011f\u0131\u015f\u0131 s\u00fcr\u00fcyor. Avrupa Yakas\u0131\u2019nda Sultangazi, Ey\u00fcpsultan ve K\u00fc\u00e7\u00fck\u00e7ekmece\u2019de aral\u0131klarla etkili olan kar, Arnavutk\u00f6y ve Ba\u015fak\u015fehir\u2019de \u015fiddetini artt\u0131rd\u0131. Y\u00fcksek kesimlerin ard\u0131ndan kent genelinde de etkili olmaya ba\u015flayan kar","og_url":"https:\/\/kibrisdakik.com\/?p=75942","article_published_time":"2025-02-19T13:18:07+00:00","og_image":[{"width":1920,"height":1080,"url":"https:\/\/kibrisdakik.com\/wp-content\/uploads\/2025\/02\/192480198401.webp-740x420.webp","type":"image\/webp"}],"author":"admin","twitter_card":"summary_large_image","twitter_misc":{"Yazan:":"admin","Tahmini okuma s\u00fcresi":"2 dakika"},"schema":{"@context":"https:\/\/schema.org","@graph":[{"@type":"Article","@id":"https:\/\/kibrisdakik.com\/?p=75942#article","isPartOf":{"@id":"https:\/\/kibrisdakik.com\/?p=75942"},"author":{"name":"admin","@id":"https:\/\/kibrisdakik.com\/#\/schema\/person\/9cd9d437bbb44f72b73ba127e06d8e79"},"headline":"\u0130stanbul kar alt\u0131nda","datePublished":"2025-02-19T13:18:07+00:00","mainEntityOfPage":{"@id":"https:\/\/kibrisdakik.com\/?p=75942"},"wordCount":402,"commentCount":0,"image":{"@id":"https:\/\/kibrisdakik.com\/?p=75942#primaryimage"},"thumbnailUrl":"https:\/\/kibrisdakik.com\/wp-content\/uploads\/2025\/02\/192480198401.webp-740x420.webp","articleSection":["T\u00fcrkiye"],"inLanguage":"tr","potentialAction":[{"@type":"CommentAction","name":"Comment","target":["https:\/\/kibrisdakik.com\/?p=75942#respond"]}]},{"@type":"WebPage","@id":"https:\/\/kibrisdakik.com\/?p=75942","url":"https:\/\/kibrisdakik.com\/?p=75942","name":"\u0130stanbul kar alt\u0131nda -","isPartOf":{"@id":"https:\/\/kibrisdakik.com\/#website"},"primaryImageOfPage":{"@id":"https:\/\/kibrisdakik.com\/?p=75942#primaryimage"},"image":{"@id":"https:\/\/kibrisdakik.com\/?p=75942#primaryimage"},"thumbnailUrl":"https:\/\/kibrisdakik.com\/wp-content\/uploads\/2025\/02\/192480198401.webp-740x420.webp","datePublished":"2025-02-19T13:18:07+00:00","author":{"@id":"https:\/\/kibrisdakik.com\/#\/schema\/person\/9cd9d437bbb44f72b73ba127e06d8e79"},"breadcrumb":{"@id":"https:\/\/kibrisdakik.com\/?p=75942#breadcrumb"},"inLanguage":"tr","potentialAction":[{"@type":"ReadAction","target":["https:\/\/kibrisdakik.com\/?p=75942"]}]},{"@type":"ImageObject","inLanguage":"tr","@id":"https:\/\/kibrisdakik.com\/?p=75942#primaryimage","url":"https:\/\/kibrisdakik.com\/wp-content\/uploads\/2025\/02\/192480198401.webp-740x420.webp","contentUrl":"https:\/\/kibrisdakik.com\/wp-content\/uploads\/2025\/02\/192480198401.webp-740x420.webp","width":1920,"height":1080},{"@type":"BreadcrumbList","@id":"https:\/\/kibrisdakik.com\/?p=75942#breadcrumb","itemListElement":[{"@type":"ListItem","position":1,"name":"Home","item":"https:\/\/kibrisdakik.com\/"},{"@type":"ListItem","position":2,"name":"\u0130stanbul kar alt\u0131nda"}]},{"@type":"WebSite","@id":"https:\/\/kibrisdakik.com\/#website","url":"https:\/\/kibrisdakik.com\/","name":"","description":"Tam vaktinde haber","potentialAction":[{"@type":"SearchAction","target":{"@type":"EntryPoint","urlTemplate":"https:\/\/kibrisdakik.com\/?s={search_term_string}"},"query-input":{"@type":"PropertyValueSpecification","valueRequired":true,"valueName":"search_term_string"}}],"inLanguage":"tr"},{"@type":"Person","@id":"https:\/\/kibrisdakik.com\/#\/schema\/person\/9cd9d437bbb44f72b73ba127e06d8e79","name":"admin","image":{"@type":"ImageObject","inLanguage":"tr","@id":"https:\/\/secure.gravatar.com\/avatar\/ccc17943b9d660506c869530f897617f7cb1c21a4bf30023f252596d83e1f007?s=96&d=mm&r=g","url":"https:\/\/secure.gravatar.com\/avatar\/ccc17943b9d660506c869530f897617f7cb1c21a4bf30023f252596d83e1f007?s=96&d=mm&r=g","contentUrl":"https:\/\/secure.gravatar.com\/avatar\/ccc17943b9d660506c869530f897617f7cb1c21a4bf30023f252596d83e1f007?s=96&d=mm&r=g","caption":"admin"},"sameAs":["https:\/\/kibrisdakik.com"],"url":"https:\/\/kibrisdakik.com\/?author=1"}]}},"_links":{"self":[{"href":"https:\/\/kibrisdakik.com\/index.php?rest_route=\/wp\/v2\/posts\/75942","targetHints":{"allow":["GET"]}}],"collection":[{"href":"https:\/\/kibrisdakik.com\/index.php?rest_route=\/wp\/v2\/posts"}],"about":[{"href":"https:\/\/kibrisdakik.com\/index.php?rest_route=\/wp\/v2\/types\/post"}],"author":[{"embeddable":true,"href":"https:\/\/kibrisdakik.com\/index.php?rest_route=\/wp\/v2\/users\/1"}],"replies":[{"embeddable":true,"href":"https:\/\/kibrisdakik.com\/index.php?rest_route=%2Fwp%2Fv2%2Fcomments&post=75942"}],"version-history":[{"count":1,"href":"https:\/\/kibrisdakik.com\/index.php?rest_route=\/wp\/v2\/posts\/75942\/revisions"}],"predecessor-version":[{"id":75963,"href":"https:\/\/kibrisdakik.com\/index.php?rest_route=\/wp\/v2\/posts\/75942\/revisions\/75963"}],"wp:featuredmedia":[{"embeddable":true,"href":"https:\/\/kibrisdakik.com\/index.php?rest_route=\/wp\/v2\/media\/75943"}],"wp:attachment":[{"href":"https:\/\/kibrisdakik.com\/index.php?rest_route=%2Fwp%2Fv2%2Fmedia&parent=75942"}],"wp:term":[{"taxonomy":"category","embeddable":true,"href":"https:\/\/kibrisdakik.com\/index.php?rest_route=%2Fwp%2Fv2%2Fcategories&post=75942"},{"taxonomy":"post_tag","embeddable":true,"href":"https:\/\/kibrisdakik.com\/index.php?rest_route=%2Fwp%2Fv2%2Ftags&post=75942"}],"curies":[{"name":"wp","href":"https:\/\/api.w.org\/{rel}","templated":true}]}}