{"id":75970,"date":"2025-02-19T13:39:33","date_gmt":"2025-02-19T10:39:33","guid":{"rendered":"https:\/\/kibrisdakik.com\/index.php\/2025\/02\/19\/polisiye-olaylar-63-yasindaki-erol-tasin-olum-sebebi-aciklandi\/"},"modified":"2025-02-19T13:39:33","modified_gmt":"2025-02-19T10:39:33","slug":"polisiye-olaylar-63-yasindaki-erol-tasin-olum-sebebi-aciklandi","status":"publish","type":"post","link":"https:\/\/kibrisdakik.com\/?p=75970","title":{"rendered":"Polisiye olaylar: 63 ya\u015f\u0131ndaki Erol Ta\u015f\u2019\u0131n \u00f6l\u00fcm sebebi a\u00e7\u0131kland\u0131"},"content":{"rendered":"<p><\/p>\n<div>\n<div class=\"mariselle-image-container none\">\n                <img loading=\"lazy\" decoding=\"async\" width=\"930\" height=\"410\" class=\"lazy-image\" alt=\"\" sizes=\"auto, (max-width: 930px) 100vw, 930px\" src=\"https:\/\/brtk.net\/wp-content\/uploads\/2025\/01\/03\/1735915552817polis-3118.jpg?ver=3782f7b41837e85730d849ce086b68de\" srcset=\"https:\/\/brtk.net\/wp-content\/uploads\/2025\/01\/03\/1735915552817polis-3118.jpg?ver=3782f7b41837e85730d849ce086b68de 930w, https:\/\/brtk.net\/wp-content\/uploads\/2025\/01\/03\/1735915552817polis-3118-300x132.jpg?ver=da4aa2243bd1e46a0a67a16d463a22e2 300w, https:\/\/brtk.net\/wp-content\/uploads\/2025\/01\/03\/1735915552817polis-3118-768x339.jpg?ver=da4aa2243bd1e46a0a67a16d463a22e2 768w\"\/>                            <\/div>\n<p style=\"font-weight: 300;\">Polis,\u00a0<span style=\"font-weight: 300 !important;\">Gazima\u011fusa\u2019da evinde aniden rahats\u0131zlan\u0131p kald\u0131r\u0131ld\u0131\u011f\u0131 hastanede ya\u015fam\u0131n\u0131 yitiren 63 ya\u015f\u0131ndaki Erol Ta\u015f\u2019\u0131n otopsisiyle ilgili a\u00e7\u0131klama yapt\u0131.<\/span><\/p>\n<p style=\"font-weight: 300;\">Polis bas\u0131n b\u00fcltenine g\u00f6re,<span style=\"font-weight: 300 !important;\">\u00a0Erol Ta\u015f\u2019\u0131n<\/span>\u00a0yap\u0131lan otopsisinde \u00f6l\u00fcm sebebinin \u201ckalp hastal\u0131\u011f\u0131, akci\u011fer hastal\u0131\u011f\u0131, kalp krizi ve kalp yetmezli\u011fi\u201d oldu\u011fu tespit edildi.<\/p>\n<p style=\"font-weight: 300;\"><em>\u2013 KKTC\u2019de ikamet izinsiz \u00fc\u00e7 ki\u015fi tutukland\u0131<\/em><\/p>\n<p style=\"font-weight: 300;\"><span style=\"font-weight: 300 !important;\">\u00dclke genelinde d\u00fcn polis taraf\u0131ndan yap\u0131lan denetim ve kontrollerde izinsiz ikamet etti\u011fi tespit edilen \u00fc\u00e7 ki\u015fi tutukland\u0131.<\/span><\/p>\n<p style=\"font-weight: 300;\"><em><span style=\"font-weight: 300 !important;\">\u2013 Demirhan\u2019da bir markette h\u0131rs\u0131zl\u0131k<\/span><\/em><\/p>\n<p style=\"font-weight: 300;\"><span style=\"font-weight: 300 !important;\">Demirhan\u2019da faaliyet g\u00f6steren bir s\u00fcpermarkette, 16 \u015eubat\u2019ta m\u00fc\u015fteri olarak bulunan kimli\u011fi me\u00e7hul bir \u015fahs\u0131n, market i\u00e7erisinde sat\u0131\u015fa sunulan 1.338,30 TL de\u011ferindeki g\u00f6z bak\u0131m kremini al\u0131p kasada \u00f6deme yapmadan \u00e7ald\u0131\u011f\u0131 tespit edildi.<\/span><\/p>\n<p style=\"font-weight: 300;\">Olay\u0131n polisin bilgisine gelmesi \u00fczerine y\u00fcr\u00fct\u00fclen ileri soru\u015fturmada, meselede zanl\u0131 olarak g\u00f6r\u00fclen \u0130.\u00d6.(K-59), tespit edilerek aleyhinde yasal i\u015flem ba\u015flat\u0131ld\u0131.<\/p>\n<p style=\"font-weight: 300;\"><em><span style=\"font-weight: 300 !important;\">\u2013 Vahim zarar ve ciddi darp<\/span><\/em><\/p>\n<p style=\"font-weight: 300;\"><span style=\"font-weight: 300 !important;\">Ye\u015fil\u0131rmak\u2019ta faaliyet g\u00f6steren bir restoranda, \u00a026 Ocak\u2019ta m\u00fc\u015fteri olarak bulunan \u0130.M.(E-44), y\u00fcksek sesle konu\u015ftu\u011fu i\u00e7in kendisini uyaran restoran i\u015fletmecisi E.A\u2019n\u0131n (E-46) y\u00fcz\u00fcne ve v\u00fccudunun muhtelif yerlerine vurup, ciddi \u015fekilde darp ederek, sa\u011f ayak bile\u011finin k\u0131r\u0131lmas\u0131na sebep oldu.<\/span><\/p>\n<p style=\"font-weight: 300;\">S\u00f6z konusu \u015fah\u0131s, araya girmeye \u00e7al\u0131\u015fan U.K\u2019yi (E-44) ise ittirip yere d\u00fc\u015f\u00fcrerek darp etti.<\/p>\n<p style=\"font-weight: 300;\">Y\u00fcr\u00fct\u00fclen ileri soru\u015fturmada meselede aranmakta olan zanl\u0131 \u0130.M., d\u00fcn, Bostanc\u0131 Kara Ge\u00e7i\u015f Kap\u0131s\u0131\u2019ndan KKTC\u2019ye giri\u015f yapt\u0131\u011f\u0131 s\u0131rada tespit edilerek tutukland\u0131.<\/p>\n<p style=\"font-weight: 300;\">Polisin meselelerle ilgili soru\u015fturmas\u0131 s\u00fcr\u00fcyor.<span style=\"font-weight: 300 !important;\">\u00a0<\/span><\/p>\n<p>\u00a0<\/p>\n<p>\u00a0<\/p>\n<\/p><\/div>\n<p><script async\n                    defer\n                    crossorigin=\"anonymous\"\n                    src=\"https:\/\/connect.facebook.net\/tr_TR\/sdk.js#xfbml=1&#038;version=v3.3\"\n            ><\/script><\/p>\n","protected":false},"excerpt":{"rendered":"<p>Polis,\u00a0Gazima\u011fusa\u2019da evinde aniden rahats\u0131zlan\u0131p kald\u0131r\u0131ld\u0131\u011f\u0131 hastanede ya\u015fam\u0131n\u0131 yitiren 63 ya\u015f\u0131ndaki Erol Ta\u015f\u2019\u0131n otopsisiyle ilgili a\u00e7\u0131klama yapt\u0131. Polis bas\u0131n b\u00fcltenine g\u00f6re,\u00a0Erol Ta\u015f\u2019\u0131n\u00a0yap\u0131lan otopsisinde \u00f6l\u00fcm sebebinin \u201ckalp hastal\u0131\u011f\u0131, akci\u011fer hastal\u0131\u011f\u0131, kalp krizi ve kalp yetmezli\u011fi\u201d oldu\u011fu tespit edildi. \u2013 KKTC\u2019de ikamet izinsiz \u00fc\u00e7 ki\u015fi tutukland\u0131 \u00dclke genelinde d\u00fcn polis taraf\u0131ndan yap\u0131lan denetim ve kontrollerde izinsiz ikamet etti\u011fi<\/p>\n","protected":false},"author":1,"featured_media":2203,"comment_status":"open","ping_status":"open","sticky":false,"template":"","format":"standard","meta":{"footnotes":""},"categories":[1,101],"tags":[],"class_list":["post-75970","post","type-post","status-publish","format-standard","has-post-thumbnail","hentry","category-gundem","category-manset"],"yoast_head":"<!-- This site is optimized with the Yoast SEO plugin v27.5 - https:\/\/yoast.com\/product\/yoast-seo-wordpress\/ -->\n<title>Polisiye olaylar: 63 ya\u015f\u0131ndaki Erol Ta\u015f\u2019\u0131n \u00f6l\u00fcm sebebi a\u00e7\u0131kland\u0131 -<\/title>\n<meta name=\"robots\" content=\"index, follow, max-snippet:-1, max-image-preview:large, max-video-preview:-1\" \/>\n<link rel=\"canonical\" href=\"https:\/\/kibrisdakik.com\/?p=75970\" \/>\n<meta property=\"og:locale\" content=\"tr_TR\" \/>\n<meta property=\"og:type\" content=\"article\" \/>\n<meta property=\"og:title\" content=\"Polisiye olaylar: 63 ya\u015f\u0131ndaki Erol Ta\u015f\u2019\u0131n \u00f6l\u00fcm sebebi a\u00e7\u0131kland\u0131 -\" \/>\n<meta property=\"og:description\" content=\"Polis,\u00a0Gazima\u011fusa\u2019da evinde aniden rahats\u0131zlan\u0131p kald\u0131r\u0131ld\u0131\u011f\u0131 hastanede ya\u015fam\u0131n\u0131 yitiren 63 ya\u015f\u0131ndaki Erol Ta\u015f\u2019\u0131n otopsisiyle ilgili a\u00e7\u0131klama yapt\u0131. Polis bas\u0131n b\u00fcltenine g\u00f6re,\u00a0Erol Ta\u015f\u2019\u0131n\u00a0yap\u0131lan otopsisinde \u00f6l\u00fcm sebebinin \u201ckalp hastal\u0131\u011f\u0131, akci\u011fer hastal\u0131\u011f\u0131, kalp krizi ve kalp yetmezli\u011fi\u201d oldu\u011fu tespit edildi. \u2013 KKTC\u2019de ikamet izinsiz \u00fc\u00e7 ki\u015fi tutukland\u0131 \u00dclke genelinde d\u00fcn polis taraf\u0131ndan yap\u0131lan denetim ve kontrollerde izinsiz ikamet etti\u011fi\" \/>\n<meta property=\"og:url\" content=\"https:\/\/kibrisdakik.com\/?p=75970\" \/>\n<meta property=\"article:published_time\" content=\"2025-02-19T10:39:33+00:00\" \/>\n<meta property=\"og:image\" content=\"https:\/\/kibrisdakik.com\/wp-content\/uploads\/2023\/02\/polisiye-olaylar-34.jpg\" \/>\n\t<meta property=\"og:image:width\" content=\"650\" \/>\n\t<meta property=\"og:image:height\" content=\"300\" \/>\n\t<meta property=\"og:image:type\" content=\"image\/jpeg\" \/>\n<meta name=\"author\" content=\"admin\" \/>\n<meta name=\"twitter:card\" content=\"summary_large_image\" \/>\n<meta name=\"twitter:label1\" content=\"Yazan:\" \/>\n\t<meta name=\"twitter:data1\" content=\"admin\" \/>\n\t<meta name=\"twitter:label2\" content=\"Tahmini okuma s\u00fcresi\" \/>\n\t<meta name=\"twitter:data2\" content=\"1 dakika\" \/>\n<script type=\"application\/ld+json\" class=\"yoast-schema-graph\">{\"@context\":\"https:\\\/\\\/schema.org\",\"@graph\":[{\"@type\":\"Article\",\"@id\":\"https:\\\/\\\/kibrisdakik.com\\\/?p=75970#article\",\"isPartOf\":{\"@id\":\"https:\\\/\\\/kibrisdakik.com\\\/?p=75970\"},\"author\":{\"name\":\"admin\",\"@id\":\"https:\\\/\\\/kibrisdakik.com\\\/#\\\/schema\\\/person\\\/9cd9d437bbb44f72b73ba127e06d8e79\"},\"headline\":\"Polisiye olaylar: 63 ya\u015f\u0131ndaki Erol Ta\u015f\u2019\u0131n \u00f6l\u00fcm sebebi a\u00e7\u0131kland\u0131\",\"datePublished\":\"2025-02-19T10:39:33+00:00\",\"mainEntityOfPage\":{\"@id\":\"https:\\\/\\\/kibrisdakik.com\\\/?p=75970\"},\"wordCount\":299,\"commentCount\":0,\"image\":{\"@id\":\"https:\\\/\\\/kibrisdakik.com\\\/?p=75970#primaryimage\"},\"thumbnailUrl\":\"https:\\\/\\\/kibrisdakik.com\\\/wp-content\\\/uploads\\\/2023\\\/02\\\/polisiye-olaylar-34.jpg\",\"articleSection\":[\"G\u00fcndem\",\"Man\u015fet\"],\"inLanguage\":\"tr\",\"potentialAction\":[{\"@type\":\"CommentAction\",\"name\":\"Comment\",\"target\":[\"https:\\\/\\\/kibrisdakik.com\\\/?p=75970#respond\"]}]},{\"@type\":\"WebPage\",\"@id\":\"https:\\\/\\\/kibrisdakik.com\\\/?p=75970\",\"url\":\"https:\\\/\\\/kibrisdakik.com\\\/?p=75970\",\"name\":\"Polisiye olaylar: 63 ya\u015f\u0131ndaki Erol Ta\u015f\u2019\u0131n \u00f6l\u00fcm sebebi a\u00e7\u0131kland\u0131 -\",\"isPartOf\":{\"@id\":\"https:\\\/\\\/kibrisdakik.com\\\/#website\"},\"primaryImageOfPage\":{\"@id\":\"https:\\\/\\\/kibrisdakik.com\\\/?p=75970#primaryimage\"},\"image\":{\"@id\":\"https:\\\/\\\/kibrisdakik.com\\\/?p=75970#primaryimage\"},\"thumbnailUrl\":\"https:\\\/\\\/kibrisdakik.com\\\/wp-content\\\/uploads\\\/2023\\\/02\\\/polisiye-olaylar-34.jpg\",\"datePublished\":\"2025-02-19T10:39:33+00:00\",\"author\":{\"@id\":\"https:\\\/\\\/kibrisdakik.com\\\/#\\\/schema\\\/person\\\/9cd9d437bbb44f72b73ba127e06d8e79\"},\"breadcrumb\":{\"@id\":\"https:\\\/\\\/kibrisdakik.com\\\/?p=75970#breadcrumb\"},\"inLanguage\":\"tr\",\"potentialAction\":[{\"@type\":\"ReadAction\",\"target\":[\"https:\\\/\\\/kibrisdakik.com\\\/?p=75970\"]}]},{\"@type\":\"ImageObject\",\"inLanguage\":\"tr\",\"@id\":\"https:\\\/\\\/kibrisdakik.com\\\/?p=75970#primaryimage\",\"url\":\"https:\\\/\\\/kibrisdakik.com\\\/wp-content\\\/uploads\\\/2023\\\/02\\\/polisiye-olaylar-34.jpg\",\"contentUrl\":\"https:\\\/\\\/kibrisdakik.com\\\/wp-content\\\/uploads\\\/2023\\\/02\\\/polisiye-olaylar-34.jpg\",\"width\":650,\"height\":300},{\"@type\":\"BreadcrumbList\",\"@id\":\"https:\\\/\\\/kibrisdakik.com\\\/?p=75970#breadcrumb\",\"itemListElement\":[{\"@type\":\"ListItem\",\"position\":1,\"name\":\"Home\",\"item\":\"https:\\\/\\\/kibrisdakik.com\\\/\"},{\"@type\":\"ListItem\",\"position\":2,\"name\":\"Polisiye olaylar: 63 ya\u015f\u0131ndaki Erol Ta\u015f\u2019\u0131n \u00f6l\u00fcm sebebi a\u00e7\u0131kland\u0131\"}]},{\"@type\":\"WebSite\",\"@id\":\"https:\\\/\\\/kibrisdakik.com\\\/#website\",\"url\":\"https:\\\/\\\/kibrisdakik.com\\\/\",\"name\":\"\",\"description\":\"Tam vaktinde haber\",\"potentialAction\":[{\"@type\":\"SearchAction\",\"target\":{\"@type\":\"EntryPoint\",\"urlTemplate\":\"https:\\\/\\\/kibrisdakik.com\\\/?s={search_term_string}\"},\"query-input\":{\"@type\":\"PropertyValueSpecification\",\"valueRequired\":true,\"valueName\":\"search_term_string\"}}],\"inLanguage\":\"tr\"},{\"@type\":\"Person\",\"@id\":\"https:\\\/\\\/kibrisdakik.com\\\/#\\\/schema\\\/person\\\/9cd9d437bbb44f72b73ba127e06d8e79\",\"name\":\"admin\",\"image\":{\"@type\":\"ImageObject\",\"inLanguage\":\"tr\",\"@id\":\"https:\\\/\\\/secure.gravatar.com\\\/avatar\\\/ccc17943b9d660506c869530f897617f7cb1c21a4bf30023f252596d83e1f007?s=96&d=mm&r=g\",\"url\":\"https:\\\/\\\/secure.gravatar.com\\\/avatar\\\/ccc17943b9d660506c869530f897617f7cb1c21a4bf30023f252596d83e1f007?s=96&d=mm&r=g\",\"contentUrl\":\"https:\\\/\\\/secure.gravatar.com\\\/avatar\\\/ccc17943b9d660506c869530f897617f7cb1c21a4bf30023f252596d83e1f007?s=96&d=mm&r=g\",\"caption\":\"admin\"},\"sameAs\":[\"https:\\\/\\\/kibrisdakik.com\"],\"url\":\"https:\\\/\\\/kibrisdakik.com\\\/?author=1\"}]}<\/script>\n<!-- \/ Yoast SEO plugin. -->","yoast_head_json":{"title":"Polisiye olaylar: 63 ya\u015f\u0131ndaki Erol Ta\u015f\u2019\u0131n \u00f6l\u00fcm sebebi a\u00e7\u0131kland\u0131 -","robots":{"index":"index","follow":"follow","max-snippet":"max-snippet:-1","max-image-preview":"max-image-preview:large","max-video-preview":"max-video-preview:-1"},"canonical":"https:\/\/kibrisdakik.com\/?p=75970","og_locale":"tr_TR","og_type":"article","og_title":"Polisiye olaylar: 63 ya\u015f\u0131ndaki Erol Ta\u015f\u2019\u0131n \u00f6l\u00fcm sebebi a\u00e7\u0131kland\u0131 -","og_description":"Polis,\u00a0Gazima\u011fusa\u2019da evinde aniden rahats\u0131zlan\u0131p kald\u0131r\u0131ld\u0131\u011f\u0131 hastanede ya\u015fam\u0131n\u0131 yitiren 63 ya\u015f\u0131ndaki Erol Ta\u015f\u2019\u0131n otopsisiyle ilgili a\u00e7\u0131klama yapt\u0131. Polis bas\u0131n b\u00fcltenine g\u00f6re,\u00a0Erol Ta\u015f\u2019\u0131n\u00a0yap\u0131lan otopsisinde \u00f6l\u00fcm sebebinin \u201ckalp hastal\u0131\u011f\u0131, akci\u011fer hastal\u0131\u011f\u0131, kalp krizi ve kalp yetmezli\u011fi\u201d oldu\u011fu tespit edildi. \u2013 KKTC\u2019de ikamet izinsiz \u00fc\u00e7 ki\u015fi tutukland\u0131 \u00dclke genelinde d\u00fcn polis taraf\u0131ndan yap\u0131lan denetim ve kontrollerde izinsiz ikamet etti\u011fi","og_url":"https:\/\/kibrisdakik.com\/?p=75970","article_published_time":"2025-02-19T10:39:33+00:00","og_image":[{"width":650,"height":300,"url":"https:\/\/kibrisdakik.com\/wp-content\/uploads\/2023\/02\/polisiye-olaylar-34.jpg","type":"image\/jpeg"}],"author":"admin","twitter_card":"summary_large_image","twitter_misc":{"Yazan:":"admin","Tahmini okuma s\u00fcresi":"1 dakika"},"schema":{"@context":"https:\/\/schema.org","@graph":[{"@type":"Article","@id":"https:\/\/kibrisdakik.com\/?p=75970#article","isPartOf":{"@id":"https:\/\/kibrisdakik.com\/?p=75970"},"author":{"name":"admin","@id":"https:\/\/kibrisdakik.com\/#\/schema\/person\/9cd9d437bbb44f72b73ba127e06d8e79"},"headline":"Polisiye olaylar: 63 ya\u015f\u0131ndaki Erol Ta\u015f\u2019\u0131n \u00f6l\u00fcm sebebi a\u00e7\u0131kland\u0131","datePublished":"2025-02-19T10:39:33+00:00","mainEntityOfPage":{"@id":"https:\/\/kibrisdakik.com\/?p=75970"},"wordCount":299,"commentCount":0,"image":{"@id":"https:\/\/kibrisdakik.com\/?p=75970#primaryimage"},"thumbnailUrl":"https:\/\/kibrisdakik.com\/wp-content\/uploads\/2023\/02\/polisiye-olaylar-34.jpg","articleSection":["G\u00fcndem","Man\u015fet"],"inLanguage":"tr","potentialAction":[{"@type":"CommentAction","name":"Comment","target":["https:\/\/kibrisdakik.com\/?p=75970#respond"]}]},{"@type":"WebPage","@id":"https:\/\/kibrisdakik.com\/?p=75970","url":"https:\/\/kibrisdakik.com\/?p=75970","name":"Polisiye olaylar: 63 ya\u015f\u0131ndaki Erol Ta\u015f\u2019\u0131n \u00f6l\u00fcm sebebi a\u00e7\u0131kland\u0131 -","isPartOf":{"@id":"https:\/\/kibrisdakik.com\/#website"},"primaryImageOfPage":{"@id":"https:\/\/kibrisdakik.com\/?p=75970#primaryimage"},"image":{"@id":"https:\/\/kibrisdakik.com\/?p=75970#primaryimage"},"thumbnailUrl":"https:\/\/kibrisdakik.com\/wp-content\/uploads\/2023\/02\/polisiye-olaylar-34.jpg","datePublished":"2025-02-19T10:39:33+00:00","author":{"@id":"https:\/\/kibrisdakik.com\/#\/schema\/person\/9cd9d437bbb44f72b73ba127e06d8e79"},"breadcrumb":{"@id":"https:\/\/kibrisdakik.com\/?p=75970#breadcrumb"},"inLanguage":"tr","potentialAction":[{"@type":"ReadAction","target":["https:\/\/kibrisdakik.com\/?p=75970"]}]},{"@type":"ImageObject","inLanguage":"tr","@id":"https:\/\/kibrisdakik.com\/?p=75970#primaryimage","url":"https:\/\/kibrisdakik.com\/wp-content\/uploads\/2023\/02\/polisiye-olaylar-34.jpg","contentUrl":"https:\/\/kibrisdakik.com\/wp-content\/uploads\/2023\/02\/polisiye-olaylar-34.jpg","width":650,"height":300},{"@type":"BreadcrumbList","@id":"https:\/\/kibrisdakik.com\/?p=75970#breadcrumb","itemListElement":[{"@type":"ListItem","position":1,"name":"Home","item":"https:\/\/kibrisdakik.com\/"},{"@type":"ListItem","position":2,"name":"Polisiye olaylar: 63 ya\u015f\u0131ndaki Erol Ta\u015f\u2019\u0131n \u00f6l\u00fcm sebebi a\u00e7\u0131kland\u0131"}]},{"@type":"WebSite","@id":"https:\/\/kibrisdakik.com\/#website","url":"https:\/\/kibrisdakik.com\/","name":"","description":"Tam vaktinde haber","potentialAction":[{"@type":"SearchAction","target":{"@type":"EntryPoint","urlTemplate":"https:\/\/kibrisdakik.com\/?s={search_term_string}"},"query-input":{"@type":"PropertyValueSpecification","valueRequired":true,"valueName":"search_term_string"}}],"inLanguage":"tr"},{"@type":"Person","@id":"https:\/\/kibrisdakik.com\/#\/schema\/person\/9cd9d437bbb44f72b73ba127e06d8e79","name":"admin","image":{"@type":"ImageObject","inLanguage":"tr","@id":"https:\/\/secure.gravatar.com\/avatar\/ccc17943b9d660506c869530f897617f7cb1c21a4bf30023f252596d83e1f007?s=96&d=mm&r=g","url":"https:\/\/secure.gravatar.com\/avatar\/ccc17943b9d660506c869530f897617f7cb1c21a4bf30023f252596d83e1f007?s=96&d=mm&r=g","contentUrl":"https:\/\/secure.gravatar.com\/avatar\/ccc17943b9d660506c869530f897617f7cb1c21a4bf30023f252596d83e1f007?s=96&d=mm&r=g","caption":"admin"},"sameAs":["https:\/\/kibrisdakik.com"],"url":"https:\/\/kibrisdakik.com\/?author=1"}]}},"_links":{"self":[{"href":"https:\/\/kibrisdakik.com\/index.php?rest_route=\/wp\/v2\/posts\/75970","targetHints":{"allow":["GET"]}}],"collection":[{"href":"https:\/\/kibrisdakik.com\/index.php?rest_route=\/wp\/v2\/posts"}],"about":[{"href":"https:\/\/kibrisdakik.com\/index.php?rest_route=\/wp\/v2\/types\/post"}],"author":[{"embeddable":true,"href":"https:\/\/kibrisdakik.com\/index.php?rest_route=\/wp\/v2\/users\/1"}],"replies":[{"embeddable":true,"href":"https:\/\/kibrisdakik.com\/index.php?rest_route=%2Fwp%2Fv2%2Fcomments&post=75970"}],"version-history":[{"count":0,"href":"https:\/\/kibrisdakik.com\/index.php?rest_route=\/wp\/v2\/posts\/75970\/revisions"}],"wp:featuredmedia":[{"embeddable":true,"href":"https:\/\/kibrisdakik.com\/index.php?rest_route=\/wp\/v2\/media\/2203"}],"wp:attachment":[{"href":"https:\/\/kibrisdakik.com\/index.php?rest_route=%2Fwp%2Fv2%2Fmedia&parent=75970"}],"wp:term":[{"taxonomy":"category","embeddable":true,"href":"https:\/\/kibrisdakik.com\/index.php?rest_route=%2Fwp%2Fv2%2Fcategories&post=75970"},{"taxonomy":"post_tag","embeddable":true,"href":"https:\/\/kibrisdakik.com\/index.php?rest_route=%2Fwp%2Fv2%2Ftags&post=75970"}],"curies":[{"name":"wp","href":"https:\/\/api.w.org\/{rel}","templated":true}]}}