{"id":75973,"date":"2025-02-19T17:11:25","date_gmt":"2025-02-19T14:11:25","guid":{"rendered":"https:\/\/kibrisdakik.com\/index.php\/2025\/02\/19\/girne-lefkosa-ana-yolunda-yarin-da-bir-saat-boyunca-trafik-kontrollu-saglanacak\/"},"modified":"2025-02-19T17:11:25","modified_gmt":"2025-02-19T14:11:25","slug":"girne-lefkosa-ana-yolunda-yarin-da-bir-saat-boyunca-trafik-kontrollu-saglanacak","status":"publish","type":"post","link":"https:\/\/kibrisdakik.com\/?p=75973","title":{"rendered":"Girne-Lefko\u015fa ana yolunda yar\u0131n da bir saat boyunca trafik kontroll\u00fc sa\u011flanacak"},"content":{"rendered":"<div>\n<div class=\"mariselle-image-container none\">\n                                            <\/div>\n<p>Karayollar\u0131 Dairesi, Girne-Lefko\u015fa ana yolunda k\u00f6pr\u00fcl\u00fc kav\u015fak projesi kapsam\u0131nda, bug\u00fcn oldu\u011fu gibi yar\u0131n saat 12.00 ile 13.00 saatleri aras\u0131nda yap\u0131lacak patlatma nedeniyle trafi\u011fin kontroll\u00fc sa\u011flanaca\u011f\u0131 konusunda s\u00fcr\u00fcc\u00fcleri uyard\u0131.<\/p>\n<p>Daireden yap\u0131lan a\u00e7\u0131klamada, \u201cG\u00f6nyeli \u00c7emberi ile Bo\u011faz kav\u015fa\u011f\u0131 aras\u0131 ana yol g\u00fczerg\u00e2h\u0131nda yap\u0131m\u0131 devam eden k\u00f6pr\u00fcl\u00fc kav\u015fak projesi yap\u0131m\u0131 kapsam\u0131nda yar\u0131n 12.00 ile 13.00 saatleri aras\u0131nda patlatma faaliyeti yap\u0131laca\u011f\u0131ndan konu g\u00fczerg\u00e2hta trafik kontroll\u00fc bir \u015fekilde sa\u011flanacakt\u0131r\u201d ifadelerine yer verildi.<\/p>\n<p>A\u00e7\u0131klamada, s\u00fcr\u00fcc\u00fclerin can ve mal g\u00fcvenli\u011fi a\u00e7\u0131s\u0131ndan dikkatli ve yava\u015f seyretmeleri, trafik i\u015faret ve i\u015faret\u00e7ilerine uymalar\u0131 gerekti\u011fi vurguland\u0131.<\/p>\n<\/p><\/div>\n<p><script async\n                    defer\n                    crossorigin=\"anonymous\"\n                    src=\"https:\/\/connect.facebook.net\/tr_TR\/sdk.js#xfbml=1&#038;version=v3.3\"\n            ><\/script><\/p>\n","protected":false},"excerpt":{"rendered":"<p>Karayollar\u0131 Dairesi, Girne-Lefko\u015fa ana yolunda k\u00f6pr\u00fcl\u00fc kav\u015fak projesi kapsam\u0131nda, bug\u00fcn oldu\u011fu gibi yar\u0131n saat 12.00 ile 13.00 saatleri aras\u0131nda yap\u0131lacak patlatma nedeniyle trafi\u011fin kontroll\u00fc sa\u011flanaca\u011f\u0131 konusunda s\u00fcr\u00fcc\u00fcleri uyard\u0131. Daireden yap\u0131lan a\u00e7\u0131klamada, \u201cG\u00f6nyeli \u00c7emberi ile Bo\u011faz kav\u015fa\u011f\u0131 aras\u0131 ana yol g\u00fczerg\u00e2h\u0131nda yap\u0131m\u0131 devam eden k\u00f6pr\u00fcl\u00fc kav\u015fak projesi yap\u0131m\u0131 kapsam\u0131nda yar\u0131n 12.00 ile 13.00 saatleri aras\u0131nda patlatma<\/p>\n","protected":false},"author":1,"featured_media":51085,"comment_status":"open","ping_status":"open","sticky":false,"template":"","format":"standard","meta":{"footnotes":""},"categories":[81,101],"tags":[],"class_list":["post-75973","post","type-post","status-publish","format-standard","has-post-thumbnail","hentry","category-kibris","category-manset"],"yoast_head":"<!-- This site is optimized with the Yoast SEO plugin v27.4 - https:\/\/yoast.com\/product\/yoast-seo-wordpress\/ -->\n<title>Girne-Lefko\u015fa ana yolunda yar\u0131n da bir saat boyunca trafik kontroll\u00fc sa\u011flanacak -<\/title>\n<meta name=\"robots\" content=\"index, follow, max-snippet:-1, max-image-preview:large, max-video-preview:-1\" \/>\n<link rel=\"canonical\" href=\"https:\/\/kibrisdakik.com\/?p=75973\" \/>\n<meta property=\"og:locale\" content=\"tr_TR\" \/>\n<meta property=\"og:type\" content=\"article\" \/>\n<meta property=\"og:title\" content=\"Girne-Lefko\u015fa ana yolunda yar\u0131n da bir saat boyunca trafik kontroll\u00fc sa\u011flanacak -\" \/>\n<meta property=\"og:description\" content=\"Karayollar\u0131 Dairesi, Girne-Lefko\u015fa ana yolunda k\u00f6pr\u00fcl\u00fc kav\u015fak projesi kapsam\u0131nda, bug\u00fcn oldu\u011fu gibi yar\u0131n saat 12.00 ile 13.00 saatleri aras\u0131nda yap\u0131lacak patlatma nedeniyle trafi\u011fin kontroll\u00fc sa\u011flanaca\u011f\u0131 konusunda s\u00fcr\u00fcc\u00fcleri uyard\u0131. Daireden yap\u0131lan a\u00e7\u0131klamada, \u201cG\u00f6nyeli \u00c7emberi ile Bo\u011faz kav\u015fa\u011f\u0131 aras\u0131 ana yol g\u00fczerg\u00e2h\u0131nda yap\u0131m\u0131 devam eden k\u00f6pr\u00fcl\u00fc kav\u015fak projesi yap\u0131m\u0131 kapsam\u0131nda yar\u0131n 12.00 ile 13.00 saatleri aras\u0131nda patlatma\" \/>\n<meta property=\"og:url\" content=\"https:\/\/kibrisdakik.com\/?p=75973\" \/>\n<meta property=\"article:published_time\" content=\"2025-02-19T14:11:25+00:00\" \/>\n<meta property=\"og:image\" content=\"https:\/\/kibrisdakik.com\/wp-content\/uploads\/2024\/07\/tum-suruculerin-dikkatine-740x391.jpg\" \/>\n\t<meta property=\"og:image:width\" content=\"750\" \/>\n\t<meta property=\"og:image:height\" content=\"391\" \/>\n\t<meta property=\"og:image:type\" content=\"image\/jpeg\" \/>\n<meta name=\"author\" content=\"admin\" \/>\n<meta name=\"twitter:card\" content=\"summary_large_image\" \/>\n<meta name=\"twitter:label1\" content=\"Yazan:\" \/>\n\t<meta name=\"twitter:data1\" content=\"admin\" \/>\n\t<meta name=\"twitter:label2\" content=\"Tahmini okuma s\u00fcresi\" \/>\n\t<meta name=\"twitter:data2\" content=\"1 dakika\" \/>\n<script type=\"application\/ld+json\" class=\"yoast-schema-graph\">{\"@context\":\"https:\\\/\\\/schema.org\",\"@graph\":[{\"@type\":\"Article\",\"@id\":\"https:\\\/\\\/kibrisdakik.com\\\/?p=75973#article\",\"isPartOf\":{\"@id\":\"https:\\\/\\\/kibrisdakik.com\\\/?p=75973\"},\"author\":{\"name\":\"admin\",\"@id\":\"https:\\\/\\\/kibrisdakik.com\\\/#\\\/schema\\\/person\\\/9cd9d437bbb44f72b73ba127e06d8e79\"},\"headline\":\"Girne-Lefko\u015fa ana yolunda yar\u0131n da bir saat boyunca trafik kontroll\u00fc sa\u011flanacak\",\"datePublished\":\"2025-02-19T14:11:25+00:00\",\"mainEntityOfPage\":{\"@id\":\"https:\\\/\\\/kibrisdakik.com\\\/?p=75973\"},\"wordCount\":144,\"commentCount\":0,\"image\":{\"@id\":\"https:\\\/\\\/kibrisdakik.com\\\/?p=75973#primaryimage\"},\"thumbnailUrl\":\"https:\\\/\\\/kibrisdakik.com\\\/wp-content\\\/uploads\\\/2024\\\/07\\\/tum-suruculerin-dikkatine-740x391.jpg\",\"articleSection\":[\"K\u0131br\u0131s\",\"Man\u015fet\"],\"inLanguage\":\"tr\",\"potentialAction\":[{\"@type\":\"CommentAction\",\"name\":\"Comment\",\"target\":[\"https:\\\/\\\/kibrisdakik.com\\\/?p=75973#respond\"]}]},{\"@type\":\"WebPage\",\"@id\":\"https:\\\/\\\/kibrisdakik.com\\\/?p=75973\",\"url\":\"https:\\\/\\\/kibrisdakik.com\\\/?p=75973\",\"name\":\"Girne-Lefko\u015fa ana yolunda yar\u0131n da bir saat boyunca trafik kontroll\u00fc sa\u011flanacak -\",\"isPartOf\":{\"@id\":\"https:\\\/\\\/kibrisdakik.com\\\/#website\"},\"primaryImageOfPage\":{\"@id\":\"https:\\\/\\\/kibrisdakik.com\\\/?p=75973#primaryimage\"},\"image\":{\"@id\":\"https:\\\/\\\/kibrisdakik.com\\\/?p=75973#primaryimage\"},\"thumbnailUrl\":\"https:\\\/\\\/kibrisdakik.com\\\/wp-content\\\/uploads\\\/2024\\\/07\\\/tum-suruculerin-dikkatine-740x391.jpg\",\"datePublished\":\"2025-02-19T14:11:25+00:00\",\"author\":{\"@id\":\"https:\\\/\\\/kibrisdakik.com\\\/#\\\/schema\\\/person\\\/9cd9d437bbb44f72b73ba127e06d8e79\"},\"breadcrumb\":{\"@id\":\"https:\\\/\\\/kibrisdakik.com\\\/?p=75973#breadcrumb\"},\"inLanguage\":\"tr\",\"potentialAction\":[{\"@type\":\"ReadAction\",\"target\":[\"https:\\\/\\\/kibrisdakik.com\\\/?p=75973\"]}]},{\"@type\":\"ImageObject\",\"inLanguage\":\"tr\",\"@id\":\"https:\\\/\\\/kibrisdakik.com\\\/?p=75973#primaryimage\",\"url\":\"https:\\\/\\\/kibrisdakik.com\\\/wp-content\\\/uploads\\\/2024\\\/07\\\/tum-suruculerin-dikkatine-740x391.jpg\",\"contentUrl\":\"https:\\\/\\\/kibrisdakik.com\\\/wp-content\\\/uploads\\\/2024\\\/07\\\/tum-suruculerin-dikkatine-740x391.jpg\",\"width\":750,\"height\":391},{\"@type\":\"BreadcrumbList\",\"@id\":\"https:\\\/\\\/kibrisdakik.com\\\/?p=75973#breadcrumb\",\"itemListElement\":[{\"@type\":\"ListItem\",\"position\":1,\"name\":\"Home\",\"item\":\"https:\\\/\\\/kibrisdakik.com\\\/\"},{\"@type\":\"ListItem\",\"position\":2,\"name\":\"Girne-Lefko\u015fa ana yolunda yar\u0131n da bir saat boyunca trafik kontroll\u00fc sa\u011flanacak\"}]},{\"@type\":\"WebSite\",\"@id\":\"https:\\\/\\\/kibrisdakik.com\\\/#website\",\"url\":\"https:\\\/\\\/kibrisdakik.com\\\/\",\"name\":\"\",\"description\":\"Tam vaktinde haber\",\"potentialAction\":[{\"@type\":\"SearchAction\",\"target\":{\"@type\":\"EntryPoint\",\"urlTemplate\":\"https:\\\/\\\/kibrisdakik.com\\\/?s={search_term_string}\"},\"query-input\":{\"@type\":\"PropertyValueSpecification\",\"valueRequired\":true,\"valueName\":\"search_term_string\"}}],\"inLanguage\":\"tr\"},{\"@type\":\"Person\",\"@id\":\"https:\\\/\\\/kibrisdakik.com\\\/#\\\/schema\\\/person\\\/9cd9d437bbb44f72b73ba127e06d8e79\",\"name\":\"admin\",\"image\":{\"@type\":\"ImageObject\",\"inLanguage\":\"tr\",\"@id\":\"https:\\\/\\\/secure.gravatar.com\\\/avatar\\\/ccc17943b9d660506c869530f897617f7cb1c21a4bf30023f252596d83e1f007?s=96&d=mm&r=g\",\"url\":\"https:\\\/\\\/secure.gravatar.com\\\/avatar\\\/ccc17943b9d660506c869530f897617f7cb1c21a4bf30023f252596d83e1f007?s=96&d=mm&r=g\",\"contentUrl\":\"https:\\\/\\\/secure.gravatar.com\\\/avatar\\\/ccc17943b9d660506c869530f897617f7cb1c21a4bf30023f252596d83e1f007?s=96&d=mm&r=g\",\"caption\":\"admin\"},\"sameAs\":[\"https:\\\/\\\/kibrisdakik.com\"],\"url\":\"https:\\\/\\\/kibrisdakik.com\\\/?author=1\"}]}<\/script>\n<!-- \/ Yoast SEO plugin. -->","yoast_head_json":{"title":"Girne-Lefko\u015fa ana yolunda yar\u0131n da bir saat boyunca trafik kontroll\u00fc sa\u011flanacak -","robots":{"index":"index","follow":"follow","max-snippet":"max-snippet:-1","max-image-preview":"max-image-preview:large","max-video-preview":"max-video-preview:-1"},"canonical":"https:\/\/kibrisdakik.com\/?p=75973","og_locale":"tr_TR","og_type":"article","og_title":"Girne-Lefko\u015fa ana yolunda yar\u0131n da bir saat boyunca trafik kontroll\u00fc sa\u011flanacak -","og_description":"Karayollar\u0131 Dairesi, Girne-Lefko\u015fa ana yolunda k\u00f6pr\u00fcl\u00fc kav\u015fak projesi kapsam\u0131nda, bug\u00fcn oldu\u011fu gibi yar\u0131n saat 12.00 ile 13.00 saatleri aras\u0131nda yap\u0131lacak patlatma nedeniyle trafi\u011fin kontroll\u00fc sa\u011flanaca\u011f\u0131 konusunda s\u00fcr\u00fcc\u00fcleri uyard\u0131. Daireden yap\u0131lan a\u00e7\u0131klamada, \u201cG\u00f6nyeli \u00c7emberi ile Bo\u011faz kav\u015fa\u011f\u0131 aras\u0131 ana yol g\u00fczerg\u00e2h\u0131nda yap\u0131m\u0131 devam eden k\u00f6pr\u00fcl\u00fc kav\u015fak projesi yap\u0131m\u0131 kapsam\u0131nda yar\u0131n 12.00 ile 13.00 saatleri aras\u0131nda patlatma","og_url":"https:\/\/kibrisdakik.com\/?p=75973","article_published_time":"2025-02-19T14:11:25+00:00","og_image":[{"width":750,"height":391,"url":"https:\/\/kibrisdakik.com\/wp-content\/uploads\/2024\/07\/tum-suruculerin-dikkatine-740x391.jpg","type":"image\/jpeg"}],"author":"admin","twitter_card":"summary_large_image","twitter_misc":{"Yazan:":"admin","Tahmini okuma s\u00fcresi":"1 dakika"},"schema":{"@context":"https:\/\/schema.org","@graph":[{"@type":"Article","@id":"https:\/\/kibrisdakik.com\/?p=75973#article","isPartOf":{"@id":"https:\/\/kibrisdakik.com\/?p=75973"},"author":{"name":"admin","@id":"https:\/\/kibrisdakik.com\/#\/schema\/person\/9cd9d437bbb44f72b73ba127e06d8e79"},"headline":"Girne-Lefko\u015fa ana yolunda yar\u0131n da bir saat boyunca trafik kontroll\u00fc sa\u011flanacak","datePublished":"2025-02-19T14:11:25+00:00","mainEntityOfPage":{"@id":"https:\/\/kibrisdakik.com\/?p=75973"},"wordCount":144,"commentCount":0,"image":{"@id":"https:\/\/kibrisdakik.com\/?p=75973#primaryimage"},"thumbnailUrl":"https:\/\/kibrisdakik.com\/wp-content\/uploads\/2024\/07\/tum-suruculerin-dikkatine-740x391.jpg","articleSection":["K\u0131br\u0131s","Man\u015fet"],"inLanguage":"tr","potentialAction":[{"@type":"CommentAction","name":"Comment","target":["https:\/\/kibrisdakik.com\/?p=75973#respond"]}]},{"@type":"WebPage","@id":"https:\/\/kibrisdakik.com\/?p=75973","url":"https:\/\/kibrisdakik.com\/?p=75973","name":"Girne-Lefko\u015fa ana yolunda yar\u0131n da bir saat boyunca trafik kontroll\u00fc sa\u011flanacak -","isPartOf":{"@id":"https:\/\/kibrisdakik.com\/#website"},"primaryImageOfPage":{"@id":"https:\/\/kibrisdakik.com\/?p=75973#primaryimage"},"image":{"@id":"https:\/\/kibrisdakik.com\/?p=75973#primaryimage"},"thumbnailUrl":"https:\/\/kibrisdakik.com\/wp-content\/uploads\/2024\/07\/tum-suruculerin-dikkatine-740x391.jpg","datePublished":"2025-02-19T14:11:25+00:00","author":{"@id":"https:\/\/kibrisdakik.com\/#\/schema\/person\/9cd9d437bbb44f72b73ba127e06d8e79"},"breadcrumb":{"@id":"https:\/\/kibrisdakik.com\/?p=75973#breadcrumb"},"inLanguage":"tr","potentialAction":[{"@type":"ReadAction","target":["https:\/\/kibrisdakik.com\/?p=75973"]}]},{"@type":"ImageObject","inLanguage":"tr","@id":"https:\/\/kibrisdakik.com\/?p=75973#primaryimage","url":"https:\/\/kibrisdakik.com\/wp-content\/uploads\/2024\/07\/tum-suruculerin-dikkatine-740x391.jpg","contentUrl":"https:\/\/kibrisdakik.com\/wp-content\/uploads\/2024\/07\/tum-suruculerin-dikkatine-740x391.jpg","width":750,"height":391},{"@type":"BreadcrumbList","@id":"https:\/\/kibrisdakik.com\/?p=75973#breadcrumb","itemListElement":[{"@type":"ListItem","position":1,"name":"Home","item":"https:\/\/kibrisdakik.com\/"},{"@type":"ListItem","position":2,"name":"Girne-Lefko\u015fa ana yolunda yar\u0131n da bir saat boyunca trafik kontroll\u00fc sa\u011flanacak"}]},{"@type":"WebSite","@id":"https:\/\/kibrisdakik.com\/#website","url":"https:\/\/kibrisdakik.com\/","name":"","description":"Tam vaktinde haber","potentialAction":[{"@type":"SearchAction","target":{"@type":"EntryPoint","urlTemplate":"https:\/\/kibrisdakik.com\/?s={search_term_string}"},"query-input":{"@type":"PropertyValueSpecification","valueRequired":true,"valueName":"search_term_string"}}],"inLanguage":"tr"},{"@type":"Person","@id":"https:\/\/kibrisdakik.com\/#\/schema\/person\/9cd9d437bbb44f72b73ba127e06d8e79","name":"admin","image":{"@type":"ImageObject","inLanguage":"tr","@id":"https:\/\/secure.gravatar.com\/avatar\/ccc17943b9d660506c869530f897617f7cb1c21a4bf30023f252596d83e1f007?s=96&d=mm&r=g","url":"https:\/\/secure.gravatar.com\/avatar\/ccc17943b9d660506c869530f897617f7cb1c21a4bf30023f252596d83e1f007?s=96&d=mm&r=g","contentUrl":"https:\/\/secure.gravatar.com\/avatar\/ccc17943b9d660506c869530f897617f7cb1c21a4bf30023f252596d83e1f007?s=96&d=mm&r=g","caption":"admin"},"sameAs":["https:\/\/kibrisdakik.com"],"url":"https:\/\/kibrisdakik.com\/?author=1"}]}},"_links":{"self":[{"href":"https:\/\/kibrisdakik.com\/index.php?rest_route=\/wp\/v2\/posts\/75973","targetHints":{"allow":["GET"]}}],"collection":[{"href":"https:\/\/kibrisdakik.com\/index.php?rest_route=\/wp\/v2\/posts"}],"about":[{"href":"https:\/\/kibrisdakik.com\/index.php?rest_route=\/wp\/v2\/types\/post"}],"author":[{"embeddable":true,"href":"https:\/\/kibrisdakik.com\/index.php?rest_route=\/wp\/v2\/users\/1"}],"replies":[{"embeddable":true,"href":"https:\/\/kibrisdakik.com\/index.php?rest_route=%2Fwp%2Fv2%2Fcomments&post=75973"}],"version-history":[{"count":0,"href":"https:\/\/kibrisdakik.com\/index.php?rest_route=\/wp\/v2\/posts\/75973\/revisions"}],"wp:featuredmedia":[{"embeddable":true,"href":"https:\/\/kibrisdakik.com\/index.php?rest_route=\/wp\/v2\/media\/51085"}],"wp:attachment":[{"href":"https:\/\/kibrisdakik.com\/index.php?rest_route=%2Fwp%2Fv2%2Fmedia&parent=75973"}],"wp:term":[{"taxonomy":"category","embeddable":true,"href":"https:\/\/kibrisdakik.com\/index.php?rest_route=%2Fwp%2Fv2%2Fcategories&post=75973"},{"taxonomy":"post_tag","embeddable":true,"href":"https:\/\/kibrisdakik.com\/index.php?rest_route=%2Fwp%2Fv2%2Ftags&post=75973"}],"curies":[{"name":"wp","href":"https:\/\/api.w.org\/{rel}","templated":true}]}}