{"id":75991,"date":"2025-02-19T19:45:11","date_gmt":"2025-02-19T16:45:11","guid":{"rendered":"https:\/\/kibrisdakik.com\/index.php\/2025\/02\/19\/meslek-egitimi-projesi-kursiyerlerinden-gardiyanogluna-tesekkur-ziyareti\/"},"modified":"2025-02-19T19:45:11","modified_gmt":"2025-02-19T16:45:11","slug":"meslek-egitimi-projesi-kursiyerlerinden-gardiyanogluna-tesekkur-ziyareti","status":"publish","type":"post","link":"https:\/\/kibrisdakik.com\/?p=75991","title":{"rendered":"Meslek E\u011fitimi Projesi kursiyerlerinden Gardiyano\u011flu\u2019na te\u015fekk\u00fcr ziyareti"},"content":{"rendered":"<div>\n<div class=\"mariselle-image-container center\">\n                                            <\/div>\n<p>Meslek E\u011fitimi Projesi kursiyerleri, yar\u0131n d\u00fczenlenecek sertifika t\u00f6reni \u00f6ncesinde bug\u00fcn, \u00c7al\u0131\u015fma ve Sosyal G\u00fcvenlik Bakan\u0131 Sad\u0131k Gardiyano\u011flu\u2019nu ziyaret ederek, te\u015fekk\u00fcr etti.<\/p>\n<p>\u00c7al\u0131\u015fma ve Sosyal G\u00fcvenlik Bakanl\u0131\u011f\u0131\u2019ndan yap\u0131lan a\u00e7\u0131klamaya g\u00f6re, Bakanl\u0131k taraf\u0131ndan Kad\u0131na Y\u00f6nelik Meslek E\u011fitimi ve Sosyal Destek Projesi kapsam\u0131nda y\u00fcr\u00fct\u00fclen, Akdo\u011fan ve De\u011firmenlik\u2019te d\u00fczenlen sele-sepet sesta \u00f6r\u00fcc\u00fcl\u00fc\u011f\u00fc koza i\u015fi ve Karpaz Dokuma Sanat\u0131 E\u011fitimi Kurslar\u0131 Sertifika T\u00f6reni yar\u0131n d\u00fczenlenecek.<\/p>\n<p>T\u00f6ren \u00f6ncesinde Eylem Dolmac\u0131 ba\u015fkanl\u0131\u011f\u0131ndaki baz\u0131 kursiyerler, \u00c7al\u0131\u015fma ve Sosyal G\u00fcvenlik Bakan\u0131 Sad\u0131k Gardiyano\u011flu\u2019na te\u015fekk\u00fcr ziyaretinde bulundu. Kabulde, Sosyal Hizmetler Dairesi M\u00fcd\u00fcr\u00fc Alev Ecevit de haz\u0131r bulundu.<\/p>\n<p>Kabulde konu\u015fan \u00c7al\u0131\u015fma ve Sosyal G\u00fcvenlik Bakan\u0131 Sad\u0131k Gardiyano\u011flu, g\u00f6reve geldiklerinden beri kad\u0131nlar\u0131n \u00e7al\u0131\u015fma hayat\u0131na dahil olmas\u0131na ve K\u0131br\u0131s k\u00fclt\u00fcr\u00fcn\u00fcn ya\u015fat\u0131lmas\u0131na \u00f6nem verdiklerini vurgulad\u0131. Gardiyano\u011flu, meslek e\u011fitimi kurslar\u0131n\u0131 tamamlayan kad\u0131nlar\u0131n sosyal g\u00fcvenlik \u00e7at\u0131s\u0131 alt\u0131na al\u0131nmas\u0131 konusuna b\u00fcy\u00fck \u00f6nem verdiklerini ve bu kurslar sayesinde bunu ba\u015fard\u0131klar\u0131na inand\u0131klar\u0131n\u0131 s\u00f6yledi. Bakan Gardiyano\u011flu,  T\u00fcrkmenk\u00f6y ve Beyarmudu b\u00f6lgelerinde de benzer kurslar\u0131n a\u00e7\u0131laca\u011f\u0131n\u0131 duyurdu.<\/p>\n<p>Sosyal Hizmetler Dairesi M\u00fcd\u00fcr\u00fc Alev Ecevit de, projenin Akdo\u011fan ve De\u011firmenlik b\u00f6lgelerinde \u00fc\u00e7 ayd\u0131r uyguland\u0131\u011f\u0131n\u0131 ve yakla\u015f\u0131k elli kad\u0131n\u0131n faydaland\u0131\u011f\u0131n\u0131 a\u00e7\u0131klad\u0131. Kat\u0131l\u0131mc\u0131lar\u0131n hem sosyalle\u015fti\u011fini hem de meslek edindi\u011fini belirten Ecevit, projenin 2025 y\u0131l\u0131nda da devam edece\u011fini ifade etti.<\/p>\n<p>Kursiyer kad\u0131nlar ad\u0131na konu\u015fan Eylem Dolmac\u0131 ise, el sanatlar\u0131n\u0131 mesle\u011fe d\u00f6n\u00fc\u015ft\u00fcrme projesinin \u00fclkede bir ilk oldu\u011funu ve b\u00fcy\u00fck ilgi g\u00f6rd\u00fc\u011f\u00fcn\u00fc belirterek, yar\u0131n yap\u0131lacak sergi \u00f6ncesinde minnet ve te\u015fekk\u00fcrlerini iletmek \u00fczere geldiklerini s\u00f6yledi. Projenin devam\u0131n\u0131 beklediklerini ifade eden Dolmac\u0131,  koza i\u015fi, dokuma i\u015fi ve sele sepet bitki \u00f6r\u00fcc\u00fcl\u00fc\u011f\u00fc e\u011fitimlerinin \u00fc\u00e7 ayda tamamland\u0131\u011f\u0131n\u0131 ve art\u0131k \u00fcretim a\u015famas\u0131na ge\u00e7tiklerini belirtti.<\/p>\n<p>Konu\u015fmalar\u0131n ard\u0131ndan kursiyerler, Bakan Gardiyano\u011flu\u2019na \u00e7i\u00e7ek takdim etti.<\/p>\n<\/p><\/div>\n<p><script async\n                    defer\n                    crossorigin=\"anonymous\"\n                    src=\"https:\/\/connect.facebook.net\/tr_TR\/sdk.js#xfbml=1&#038;version=v3.3\"\n            ><\/script><\/p>\n","protected":false},"excerpt":{"rendered":"<p>Meslek E\u011fitimi Projesi kursiyerleri, yar\u0131n d\u00fczenlenecek sertifika t\u00f6reni \u00f6ncesinde bug\u00fcn, \u00c7al\u0131\u015fma ve Sosyal G\u00fcvenlik Bakan\u0131 Sad\u0131k Gardiyano\u011flu\u2019nu ziyaret ederek, te\u015fekk\u00fcr etti. \u00c7al\u0131\u015fma ve Sosyal G\u00fcvenlik Bakanl\u0131\u011f\u0131\u2019ndan yap\u0131lan a\u00e7\u0131klamaya g\u00f6re, Bakanl\u0131k taraf\u0131ndan Kad\u0131na Y\u00f6nelik Meslek E\u011fitimi ve Sosyal Destek Projesi kapsam\u0131nda y\u00fcr\u00fct\u00fclen, Akdo\u011fan ve De\u011firmenlik\u2019te d\u00fczenlen sele-sepet sesta \u00f6r\u00fcc\u00fcl\u00fc\u011f\u00fc koza i\u015fi ve Karpaz Dokuma Sanat\u0131 E\u011fitimi<\/p>\n","protected":false},"author":1,"featured_media":75992,"comment_status":"open","ping_status":"open","sticky":false,"template":"","format":"standard","meta":{"footnotes":""},"categories":[81,101],"tags":[],"class_list":["post-75991","post","type-post","status-publish","format-standard","has-post-thumbnail","hentry","category-kibris","category-manset"],"yoast_head":"<!-- This site is optimized with the Yoast SEO plugin v27.4 - https:\/\/yoast.com\/product\/yoast-seo-wordpress\/ -->\n<title>Meslek E\u011fitimi Projesi kursiyerlerinden Gardiyano\u011flu\u2019na te\u015fekk\u00fcr ziyareti -<\/title>\n<meta name=\"robots\" content=\"index, follow, max-snippet:-1, max-image-preview:large, max-video-preview:-1\" \/>\n<link rel=\"canonical\" href=\"https:\/\/kibrisdakik.com\/?p=75991\" \/>\n<meta property=\"og:locale\" content=\"tr_TR\" \/>\n<meta property=\"og:type\" content=\"article\" \/>\n<meta property=\"og:title\" content=\"Meslek E\u011fitimi Projesi kursiyerlerinden Gardiyano\u011flu\u2019na te\u015fekk\u00fcr ziyareti -\" \/>\n<meta property=\"og:description\" content=\"Meslek E\u011fitimi Projesi kursiyerleri, yar\u0131n d\u00fczenlenecek sertifika t\u00f6reni \u00f6ncesinde bug\u00fcn, \u00c7al\u0131\u015fma ve Sosyal G\u00fcvenlik Bakan\u0131 Sad\u0131k Gardiyano\u011flu\u2019nu ziyaret ederek, te\u015fekk\u00fcr etti. \u00c7al\u0131\u015fma ve Sosyal G\u00fcvenlik Bakanl\u0131\u011f\u0131\u2019ndan yap\u0131lan a\u00e7\u0131klamaya g\u00f6re, Bakanl\u0131k taraf\u0131ndan Kad\u0131na Y\u00f6nelik Meslek E\u011fitimi ve Sosyal Destek Projesi kapsam\u0131nda y\u00fcr\u00fct\u00fclen, Akdo\u011fan ve De\u011firmenlik\u2019te d\u00fczenlen sele-sepet sesta \u00f6r\u00fcc\u00fcl\u00fc\u011f\u00fc koza i\u015fi ve Karpaz Dokuma Sanat\u0131 E\u011fitimi\" \/>\n<meta property=\"og:url\" content=\"https:\/\/kibrisdakik.com\/?p=75991\" \/>\n<meta property=\"article:published_time\" content=\"2025-02-19T16:45:11+00:00\" \/>\n<meta property=\"og:image\" content=\"https:\/\/kibrisdakik.com\/wp-content\/uploads\/2025\/02\/9808989080-740x420.jpg\" \/>\n\t<meta property=\"og:image:width\" content=\"1600\" \/>\n\t<meta property=\"og:image:height\" content=\"612\" \/>\n\t<meta property=\"og:image:type\" content=\"image\/jpeg\" \/>\n<meta name=\"author\" content=\"admin\" \/>\n<meta name=\"twitter:card\" content=\"summary_large_image\" \/>\n<meta name=\"twitter:label1\" content=\"Yazan:\" \/>\n\t<meta name=\"twitter:data1\" content=\"admin\" \/>\n\t<meta name=\"twitter:label2\" content=\"Tahmini okuma s\u00fcresi\" \/>\n\t<meta name=\"twitter:data2\" content=\"2 dakika\" \/>\n<script type=\"application\/ld+json\" class=\"yoast-schema-graph\">{\"@context\":\"https:\\\/\\\/schema.org\",\"@graph\":[{\"@type\":\"Article\",\"@id\":\"https:\\\/\\\/kibrisdakik.com\\\/?p=75991#article\",\"isPartOf\":{\"@id\":\"https:\\\/\\\/kibrisdakik.com\\\/?p=75991\"},\"author\":{\"name\":\"admin\",\"@id\":\"https:\\\/\\\/kibrisdakik.com\\\/#\\\/schema\\\/person\\\/9cd9d437bbb44f72b73ba127e06d8e79\"},\"headline\":\"Meslek E\u011fitimi Projesi kursiyerlerinden Gardiyano\u011flu\u2019na te\u015fekk\u00fcr ziyareti\",\"datePublished\":\"2025-02-19T16:45:11+00:00\",\"mainEntityOfPage\":{\"@id\":\"https:\\\/\\\/kibrisdakik.com\\\/?p=75991\"},\"wordCount\":409,\"commentCount\":0,\"image\":{\"@id\":\"https:\\\/\\\/kibrisdakik.com\\\/?p=75991#primaryimage\"},\"thumbnailUrl\":\"https:\\\/\\\/kibrisdakik.com\\\/wp-content\\\/uploads\\\/2025\\\/02\\\/9808989080-740x420.jpg\",\"articleSection\":[\"K\u0131br\u0131s\",\"Man\u015fet\"],\"inLanguage\":\"tr\",\"potentialAction\":[{\"@type\":\"CommentAction\",\"name\":\"Comment\",\"target\":[\"https:\\\/\\\/kibrisdakik.com\\\/?p=75991#respond\"]}]},{\"@type\":\"WebPage\",\"@id\":\"https:\\\/\\\/kibrisdakik.com\\\/?p=75991\",\"url\":\"https:\\\/\\\/kibrisdakik.com\\\/?p=75991\",\"name\":\"Meslek E\u011fitimi Projesi kursiyerlerinden Gardiyano\u011flu\u2019na te\u015fekk\u00fcr ziyareti -\",\"isPartOf\":{\"@id\":\"https:\\\/\\\/kibrisdakik.com\\\/#website\"},\"primaryImageOfPage\":{\"@id\":\"https:\\\/\\\/kibrisdakik.com\\\/?p=75991#primaryimage\"},\"image\":{\"@id\":\"https:\\\/\\\/kibrisdakik.com\\\/?p=75991#primaryimage\"},\"thumbnailUrl\":\"https:\\\/\\\/kibrisdakik.com\\\/wp-content\\\/uploads\\\/2025\\\/02\\\/9808989080-740x420.jpg\",\"datePublished\":\"2025-02-19T16:45:11+00:00\",\"author\":{\"@id\":\"https:\\\/\\\/kibrisdakik.com\\\/#\\\/schema\\\/person\\\/9cd9d437bbb44f72b73ba127e06d8e79\"},\"breadcrumb\":{\"@id\":\"https:\\\/\\\/kibrisdakik.com\\\/?p=75991#breadcrumb\"},\"inLanguage\":\"tr\",\"potentialAction\":[{\"@type\":\"ReadAction\",\"target\":[\"https:\\\/\\\/kibrisdakik.com\\\/?p=75991\"]}]},{\"@type\":\"ImageObject\",\"inLanguage\":\"tr\",\"@id\":\"https:\\\/\\\/kibrisdakik.com\\\/?p=75991#primaryimage\",\"url\":\"https:\\\/\\\/kibrisdakik.com\\\/wp-content\\\/uploads\\\/2025\\\/02\\\/9808989080-740x420.jpg\",\"contentUrl\":\"https:\\\/\\\/kibrisdakik.com\\\/wp-content\\\/uploads\\\/2025\\\/02\\\/9808989080-740x420.jpg\",\"width\":1600,\"height\":612},{\"@type\":\"BreadcrumbList\",\"@id\":\"https:\\\/\\\/kibrisdakik.com\\\/?p=75991#breadcrumb\",\"itemListElement\":[{\"@type\":\"ListItem\",\"position\":1,\"name\":\"Home\",\"item\":\"https:\\\/\\\/kibrisdakik.com\\\/\"},{\"@type\":\"ListItem\",\"position\":2,\"name\":\"Meslek E\u011fitimi Projesi kursiyerlerinden Gardiyano\u011flu\u2019na te\u015fekk\u00fcr ziyareti\"}]},{\"@type\":\"WebSite\",\"@id\":\"https:\\\/\\\/kibrisdakik.com\\\/#website\",\"url\":\"https:\\\/\\\/kibrisdakik.com\\\/\",\"name\":\"\",\"description\":\"Tam vaktinde haber\",\"potentialAction\":[{\"@type\":\"SearchAction\",\"target\":{\"@type\":\"EntryPoint\",\"urlTemplate\":\"https:\\\/\\\/kibrisdakik.com\\\/?s={search_term_string}\"},\"query-input\":{\"@type\":\"PropertyValueSpecification\",\"valueRequired\":true,\"valueName\":\"search_term_string\"}}],\"inLanguage\":\"tr\"},{\"@type\":\"Person\",\"@id\":\"https:\\\/\\\/kibrisdakik.com\\\/#\\\/schema\\\/person\\\/9cd9d437bbb44f72b73ba127e06d8e79\",\"name\":\"admin\",\"image\":{\"@type\":\"ImageObject\",\"inLanguage\":\"tr\",\"@id\":\"https:\\\/\\\/secure.gravatar.com\\\/avatar\\\/ccc17943b9d660506c869530f897617f7cb1c21a4bf30023f252596d83e1f007?s=96&d=mm&r=g\",\"url\":\"https:\\\/\\\/secure.gravatar.com\\\/avatar\\\/ccc17943b9d660506c869530f897617f7cb1c21a4bf30023f252596d83e1f007?s=96&d=mm&r=g\",\"contentUrl\":\"https:\\\/\\\/secure.gravatar.com\\\/avatar\\\/ccc17943b9d660506c869530f897617f7cb1c21a4bf30023f252596d83e1f007?s=96&d=mm&r=g\",\"caption\":\"admin\"},\"sameAs\":[\"https:\\\/\\\/kibrisdakik.com\"],\"url\":\"https:\\\/\\\/kibrisdakik.com\\\/?author=1\"}]}<\/script>\n<!-- \/ Yoast SEO plugin. -->","yoast_head_json":{"title":"Meslek E\u011fitimi Projesi kursiyerlerinden Gardiyano\u011flu\u2019na te\u015fekk\u00fcr ziyareti -","robots":{"index":"index","follow":"follow","max-snippet":"max-snippet:-1","max-image-preview":"max-image-preview:large","max-video-preview":"max-video-preview:-1"},"canonical":"https:\/\/kibrisdakik.com\/?p=75991","og_locale":"tr_TR","og_type":"article","og_title":"Meslek E\u011fitimi Projesi kursiyerlerinden Gardiyano\u011flu\u2019na te\u015fekk\u00fcr ziyareti -","og_description":"Meslek E\u011fitimi Projesi kursiyerleri, yar\u0131n d\u00fczenlenecek sertifika t\u00f6reni \u00f6ncesinde bug\u00fcn, \u00c7al\u0131\u015fma ve Sosyal G\u00fcvenlik Bakan\u0131 Sad\u0131k Gardiyano\u011flu\u2019nu ziyaret ederek, te\u015fekk\u00fcr etti. \u00c7al\u0131\u015fma ve Sosyal G\u00fcvenlik Bakanl\u0131\u011f\u0131\u2019ndan yap\u0131lan a\u00e7\u0131klamaya g\u00f6re, Bakanl\u0131k taraf\u0131ndan Kad\u0131na Y\u00f6nelik Meslek E\u011fitimi ve Sosyal Destek Projesi kapsam\u0131nda y\u00fcr\u00fct\u00fclen, Akdo\u011fan ve De\u011firmenlik\u2019te d\u00fczenlen sele-sepet sesta \u00f6r\u00fcc\u00fcl\u00fc\u011f\u00fc koza i\u015fi ve Karpaz Dokuma Sanat\u0131 E\u011fitimi","og_url":"https:\/\/kibrisdakik.com\/?p=75991","article_published_time":"2025-02-19T16:45:11+00:00","og_image":[{"width":1600,"height":612,"url":"https:\/\/kibrisdakik.com\/wp-content\/uploads\/2025\/02\/9808989080-740x420.jpg","type":"image\/jpeg"}],"author":"admin","twitter_card":"summary_large_image","twitter_misc":{"Yazan:":"admin","Tahmini okuma s\u00fcresi":"2 dakika"},"schema":{"@context":"https:\/\/schema.org","@graph":[{"@type":"Article","@id":"https:\/\/kibrisdakik.com\/?p=75991#article","isPartOf":{"@id":"https:\/\/kibrisdakik.com\/?p=75991"},"author":{"name":"admin","@id":"https:\/\/kibrisdakik.com\/#\/schema\/person\/9cd9d437bbb44f72b73ba127e06d8e79"},"headline":"Meslek E\u011fitimi Projesi kursiyerlerinden Gardiyano\u011flu\u2019na te\u015fekk\u00fcr ziyareti","datePublished":"2025-02-19T16:45:11+00:00","mainEntityOfPage":{"@id":"https:\/\/kibrisdakik.com\/?p=75991"},"wordCount":409,"commentCount":0,"image":{"@id":"https:\/\/kibrisdakik.com\/?p=75991#primaryimage"},"thumbnailUrl":"https:\/\/kibrisdakik.com\/wp-content\/uploads\/2025\/02\/9808989080-740x420.jpg","articleSection":["K\u0131br\u0131s","Man\u015fet"],"inLanguage":"tr","potentialAction":[{"@type":"CommentAction","name":"Comment","target":["https:\/\/kibrisdakik.com\/?p=75991#respond"]}]},{"@type":"WebPage","@id":"https:\/\/kibrisdakik.com\/?p=75991","url":"https:\/\/kibrisdakik.com\/?p=75991","name":"Meslek E\u011fitimi Projesi kursiyerlerinden Gardiyano\u011flu\u2019na te\u015fekk\u00fcr ziyareti -","isPartOf":{"@id":"https:\/\/kibrisdakik.com\/#website"},"primaryImageOfPage":{"@id":"https:\/\/kibrisdakik.com\/?p=75991#primaryimage"},"image":{"@id":"https:\/\/kibrisdakik.com\/?p=75991#primaryimage"},"thumbnailUrl":"https:\/\/kibrisdakik.com\/wp-content\/uploads\/2025\/02\/9808989080-740x420.jpg","datePublished":"2025-02-19T16:45:11+00:00","author":{"@id":"https:\/\/kibrisdakik.com\/#\/schema\/person\/9cd9d437bbb44f72b73ba127e06d8e79"},"breadcrumb":{"@id":"https:\/\/kibrisdakik.com\/?p=75991#breadcrumb"},"inLanguage":"tr","potentialAction":[{"@type":"ReadAction","target":["https:\/\/kibrisdakik.com\/?p=75991"]}]},{"@type":"ImageObject","inLanguage":"tr","@id":"https:\/\/kibrisdakik.com\/?p=75991#primaryimage","url":"https:\/\/kibrisdakik.com\/wp-content\/uploads\/2025\/02\/9808989080-740x420.jpg","contentUrl":"https:\/\/kibrisdakik.com\/wp-content\/uploads\/2025\/02\/9808989080-740x420.jpg","width":1600,"height":612},{"@type":"BreadcrumbList","@id":"https:\/\/kibrisdakik.com\/?p=75991#breadcrumb","itemListElement":[{"@type":"ListItem","position":1,"name":"Home","item":"https:\/\/kibrisdakik.com\/"},{"@type":"ListItem","position":2,"name":"Meslek E\u011fitimi Projesi kursiyerlerinden Gardiyano\u011flu\u2019na te\u015fekk\u00fcr ziyareti"}]},{"@type":"WebSite","@id":"https:\/\/kibrisdakik.com\/#website","url":"https:\/\/kibrisdakik.com\/","name":"","description":"Tam vaktinde haber","potentialAction":[{"@type":"SearchAction","target":{"@type":"EntryPoint","urlTemplate":"https:\/\/kibrisdakik.com\/?s={search_term_string}"},"query-input":{"@type":"PropertyValueSpecification","valueRequired":true,"valueName":"search_term_string"}}],"inLanguage":"tr"},{"@type":"Person","@id":"https:\/\/kibrisdakik.com\/#\/schema\/person\/9cd9d437bbb44f72b73ba127e06d8e79","name":"admin","image":{"@type":"ImageObject","inLanguage":"tr","@id":"https:\/\/secure.gravatar.com\/avatar\/ccc17943b9d660506c869530f897617f7cb1c21a4bf30023f252596d83e1f007?s=96&d=mm&r=g","url":"https:\/\/secure.gravatar.com\/avatar\/ccc17943b9d660506c869530f897617f7cb1c21a4bf30023f252596d83e1f007?s=96&d=mm&r=g","contentUrl":"https:\/\/secure.gravatar.com\/avatar\/ccc17943b9d660506c869530f897617f7cb1c21a4bf30023f252596d83e1f007?s=96&d=mm&r=g","caption":"admin"},"sameAs":["https:\/\/kibrisdakik.com"],"url":"https:\/\/kibrisdakik.com\/?author=1"}]}},"_links":{"self":[{"href":"https:\/\/kibrisdakik.com\/index.php?rest_route=\/wp\/v2\/posts\/75991","targetHints":{"allow":["GET"]}}],"collection":[{"href":"https:\/\/kibrisdakik.com\/index.php?rest_route=\/wp\/v2\/posts"}],"about":[{"href":"https:\/\/kibrisdakik.com\/index.php?rest_route=\/wp\/v2\/types\/post"}],"author":[{"embeddable":true,"href":"https:\/\/kibrisdakik.com\/index.php?rest_route=\/wp\/v2\/users\/1"}],"replies":[{"embeddable":true,"href":"https:\/\/kibrisdakik.com\/index.php?rest_route=%2Fwp%2Fv2%2Fcomments&post=75991"}],"version-history":[{"count":0,"href":"https:\/\/kibrisdakik.com\/index.php?rest_route=\/wp\/v2\/posts\/75991\/revisions"}],"wp:featuredmedia":[{"embeddable":true,"href":"https:\/\/kibrisdakik.com\/index.php?rest_route=\/wp\/v2\/media\/75992"}],"wp:attachment":[{"href":"https:\/\/kibrisdakik.com\/index.php?rest_route=%2Fwp%2Fv2%2Fmedia&parent=75991"}],"wp:term":[{"taxonomy":"category","embeddable":true,"href":"https:\/\/kibrisdakik.com\/index.php?rest_route=%2Fwp%2Fv2%2Fcategories&post=75991"},{"taxonomy":"post_tag","embeddable":true,"href":"https:\/\/kibrisdakik.com\/index.php?rest_route=%2Fwp%2Fv2%2Ftags&post=75991"}],"curies":[{"name":"wp","href":"https:\/\/api.w.org\/{rel}","templated":true}]}}