{"id":75993,"date":"2025-02-19T20:06:14","date_gmt":"2025-02-19T17:06:14","guid":{"rendered":"https:\/\/kibrisdakik.com\/index.php\/2025\/02\/19\/basbakan-ustel-avrupa-liderlik-universitesi-heyetini-kabul-ettiuniversitelere-uluslararasi-arenada-gerekli-katki-saglanacaktir\/"},"modified":"2025-02-19T20:06:14","modified_gmt":"2025-02-19T17:06:14","slug":"basbakan-ustel-avrupa-liderlik-universitesi-heyetini-kabul-ettiuniversitelere-uluslararasi-arenada-gerekli-katki-saglanacaktir","status":"publish","type":"post","link":"https:\/\/kibrisdakik.com\/?p=75993","title":{"rendered":"Ba\u015fbakan \u00dcstel, Avrupa Liderlik \u00dcniversitesi heyetini kabul etti:\u201c\u00dcniversitelere uluslararas\u0131 arenada gerekli katk\u0131 sa\u011flanacakt\u0131r\u201d"},"content":{"rendered":"<div>\n<div class=\"mariselle-image-container center\">\n                                            <\/div>\n<p>Ba\u015fbakan \u00dcnal \u00dcstel, Avrupa Liderlik \u00dcniversitesi M\u00fctevelli Heyeti Ba\u015fkan\u0131 Yrd.Do\u00e7.Dr. B\u00fclent \u00c7etinkaya, Rekt\u00f6r Prof.Dr.Mehmet Hasg\u00fcler ve Rekt\u00f6r Dan\u0131\u015fman\u0131 Prof.Dr. Okan \u015eafakl\u0131\u2019y\u0131 Ba\u015fbakanl\u0131kta kabul ederek, \u00dcniversite hakk\u0131nda bilgi ald\u0131. <\/p>\n<p>Ba\u015fbakan \u00dcnal \u00dcstel kabulde yapt\u0131\u011f\u0131 konu\u015fmada, Avrupa Liderlik \u00dcniversitesi\u2019nin akademik geli\u015fiminden ve \u00f6\u011frenci say\u0131s\u0131n\u0131n art\u0131\u015f\u0131ndan memnun oldu\u011funu, Avrupa Liderlik \u00dcniversitesi gibi di\u011fer \u00fcniversitelere de ellerinden gelen t\u00fcm katk\u0131lar\u0131 sunmaya devam edeceklerini ifade etti.<\/p>\n<p>\u00dcstel \u201c\u00dclkemizde \u015fu anda 23 \u00fcniversitede 80 bin kay\u0131tl\u0131 \u00f6\u011frenci bulunmaktad\u0131r. Devlet Planlama \u00d6rg\u00fct\u00fcn\u00fcn haz\u0131rlad\u0131\u011f\u0131 5 y\u0131ll\u0131k kalk\u0131nma plan\u0131nda da hedeflendi\u011fi gibi, 2029 y\u0131l\u0131na kadar bu say\u0131n\u0131n%40 art\u0131\u015fla 110.000\u2019e ula\u015fmas\u0131n\u0131 hedeflemekteyiz\u201d \u015feklinde konu\u015ftu. <\/p>\n<p>\u00dcstel, Rum kesiminin KKTC \u00fcniversitelerindeki geli\u015fimini engellemek i\u00e7in, AB nezdinde giri\u015fimlerde bulundu\u011funa dikkat \u00e7ekerek, \u201cAma bunu ba\u015faramayacaklar\u0131n\u0131 \u00fcst\u00fcne basarak s\u00f6ylemek istiyorum\u201d dedi.<\/p>\n<p>Y\u00d6DAK\u2019\u0131n denetim i\u015flevinin art\u0131r\u0131lmas\u0131 gerekti\u011fine vurgu yapan \u00dcstel,Y\u00fcksek\u00f6\u011fretim Yasas\u0131 de\u011fi\u015fiklik tasar\u0131s\u0131 ve<br \/>Y\u00fcksek\u00f6\u011fretim Kalite G\u00fcvence ve Denetleme Kurulu\u201d \u00fczerinde \u00e7al\u0131\u015f\u0131ld\u0131\u011f\u0131n\u0131, \u00fcniversitelerin ihtiyac\u0131 olan deste\u011fe uluslararas\u0131 arena dagerekli katk\u0131lar\u0131n sa\u011flanaca\u011f\u0131n\u0131 belirtti.<\/p>\n<p>Ba\u015fbakan \u00dcnal \u00dcstel, ayr\u0131ca \u201cY\u00fcksek\u00f6\u011fretimden beklenen kalite ve verimlili\u011fin art\u0131r\u0131lmas\u0131, rekabet\u00e7i, toplumun geneline yay\u0131lan y\u00fcksek katma de\u011ferli bir yap\u0131ya kavu\u015fturulmas\u0131, uluslararas\u0131 standartlara uyumun sa\u011flanmas\u0131 i\u00e7in etkili devlet politikalar\u0131 \u00fczerinde \u00e7al\u0131\u015f\u0131lacakt\u0131r\u201d ifadelerini kulland\u0131.<\/p>\n<\/p><\/div>\n<p><script async\n                    defer\n                    crossorigin=\"anonymous\"\n                    src=\"https:\/\/connect.facebook.net\/tr_TR\/sdk.js#xfbml=1&#038;version=v3.3\"\n            ><\/script><\/p>\n","protected":false},"excerpt":{"rendered":"<p>Ba\u015fbakan \u00dcnal \u00dcstel, Avrupa Liderlik \u00dcniversitesi M\u00fctevelli Heyeti Ba\u015fkan\u0131 Yrd.Do\u00e7.Dr. B\u00fclent \u00c7etinkaya, Rekt\u00f6r Prof.Dr.Mehmet Hasg\u00fcler ve Rekt\u00f6r Dan\u0131\u015fman\u0131 Prof.Dr. Okan \u015eafakl\u0131\u2019y\u0131 Ba\u015fbakanl\u0131kta kabul ederek, \u00dcniversite hakk\u0131nda bilgi ald\u0131. Ba\u015fbakan \u00dcnal \u00dcstel kabulde yapt\u0131\u011f\u0131 konu\u015fmada, Avrupa Liderlik \u00dcniversitesi\u2019nin akademik geli\u015fiminden ve \u00f6\u011frenci say\u0131s\u0131n\u0131n art\u0131\u015f\u0131ndan memnun oldu\u011funu, Avrupa Liderlik \u00dcniversitesi gibi di\u011fer \u00fcniversitelere de ellerinden gelen t\u00fcm<\/p>\n","protected":false},"author":1,"featured_media":75994,"comment_status":"open","ping_status":"open","sticky":false,"template":"","format":"standard","meta":{"footnotes":""},"categories":[81,101],"tags":[],"class_list":["post-75993","post","type-post","status-publish","format-standard","has-post-thumbnail","hentry","category-kibris","category-manset"],"yoast_head":"<!-- This site is optimized with the Yoast SEO plugin v27.5 - https:\/\/yoast.com\/product\/yoast-seo-wordpress\/ -->\n<title>Ba\u015fbakan \u00dcstel, Avrupa Liderlik \u00dcniversitesi heyetini kabul etti:\u201c\u00dcniversitelere uluslararas\u0131 arenada gerekli katk\u0131 sa\u011flanacakt\u0131r\u201d -<\/title>\n<meta name=\"robots\" content=\"index, follow, max-snippet:-1, max-image-preview:large, max-video-preview:-1\" \/>\n<link rel=\"canonical\" href=\"https:\/\/kibrisdakik.com\/?p=75993\" \/>\n<meta property=\"og:locale\" content=\"tr_TR\" \/>\n<meta property=\"og:type\" content=\"article\" \/>\n<meta property=\"og:title\" content=\"Ba\u015fbakan \u00dcstel, Avrupa Liderlik \u00dcniversitesi heyetini kabul etti:\u201c\u00dcniversitelere uluslararas\u0131 arenada gerekli katk\u0131 sa\u011flanacakt\u0131r\u201d -\" \/>\n<meta property=\"og:description\" content=\"Ba\u015fbakan \u00dcnal \u00dcstel, Avrupa Liderlik \u00dcniversitesi M\u00fctevelli Heyeti Ba\u015fkan\u0131 Yrd.Do\u00e7.Dr. B\u00fclent \u00c7etinkaya, Rekt\u00f6r Prof.Dr.Mehmet Hasg\u00fcler ve Rekt\u00f6r Dan\u0131\u015fman\u0131 Prof.Dr. Okan \u015eafakl\u0131\u2019y\u0131 Ba\u015fbakanl\u0131kta kabul ederek, \u00dcniversite hakk\u0131nda bilgi ald\u0131. Ba\u015fbakan \u00dcnal \u00dcstel kabulde yapt\u0131\u011f\u0131 konu\u015fmada, Avrupa Liderlik \u00dcniversitesi\u2019nin akademik geli\u015fiminden ve \u00f6\u011frenci say\u0131s\u0131n\u0131n art\u0131\u015f\u0131ndan memnun oldu\u011funu, Avrupa Liderlik \u00dcniversitesi gibi di\u011fer \u00fcniversitelere de ellerinden gelen t\u00fcm\" \/>\n<meta property=\"og:url\" content=\"https:\/\/kibrisdakik.com\/?p=75993\" \/>\n<meta property=\"article:published_time\" content=\"2025-02-19T17:06:14+00:00\" \/>\n<meta property=\"og:image\" content=\"https:\/\/kibrisdakik.com\/wp-content\/uploads\/2025\/02\/09096964-740x420.jpg\" \/>\n\t<meta property=\"og:image:width\" content=\"1571\" \/>\n\t<meta property=\"og:image:height\" content=\"722\" \/>\n\t<meta property=\"og:image:type\" content=\"image\/jpeg\" \/>\n<meta name=\"author\" content=\"admin\" \/>\n<meta name=\"twitter:card\" content=\"summary_large_image\" \/>\n<meta name=\"twitter:label1\" content=\"Yazan:\" \/>\n\t<meta name=\"twitter:data1\" content=\"admin\" \/>\n\t<meta name=\"twitter:label2\" content=\"Tahmini okuma s\u00fcresi\" \/>\n\t<meta name=\"twitter:data2\" content=\"1 dakika\" \/>\n<script type=\"application\/ld+json\" class=\"yoast-schema-graph\">{\"@context\":\"https:\\\/\\\/schema.org\",\"@graph\":[{\"@type\":\"Article\",\"@id\":\"https:\\\/\\\/kibrisdakik.com\\\/?p=75993#article\",\"isPartOf\":{\"@id\":\"https:\\\/\\\/kibrisdakik.com\\\/?p=75993\"},\"author\":{\"name\":\"admin\",\"@id\":\"https:\\\/\\\/kibrisdakik.com\\\/#\\\/schema\\\/person\\\/9cd9d437bbb44f72b73ba127e06d8e79\"},\"headline\":\"Ba\u015fbakan \u00dcstel, Avrupa Liderlik \u00dcniversitesi heyetini kabul etti:\u201c\u00dcniversitelere uluslararas\u0131 arenada gerekli katk\u0131 sa\u011flanacakt\u0131r\u201d\",\"datePublished\":\"2025-02-19T17:06:14+00:00\",\"mainEntityOfPage\":{\"@id\":\"https:\\\/\\\/kibrisdakik.com\\\/?p=75993\"},\"wordCount\":285,\"commentCount\":0,\"image\":{\"@id\":\"https:\\\/\\\/kibrisdakik.com\\\/?p=75993#primaryimage\"},\"thumbnailUrl\":\"https:\\\/\\\/kibrisdakik.com\\\/wp-content\\\/uploads\\\/2025\\\/02\\\/09096964-740x420.jpg\",\"articleSection\":[\"K\u0131br\u0131s\",\"Man\u015fet\"],\"inLanguage\":\"tr\",\"potentialAction\":[{\"@type\":\"CommentAction\",\"name\":\"Comment\",\"target\":[\"https:\\\/\\\/kibrisdakik.com\\\/?p=75993#respond\"]}]},{\"@type\":\"WebPage\",\"@id\":\"https:\\\/\\\/kibrisdakik.com\\\/?p=75993\",\"url\":\"https:\\\/\\\/kibrisdakik.com\\\/?p=75993\",\"name\":\"Ba\u015fbakan \u00dcstel, Avrupa Liderlik \u00dcniversitesi heyetini kabul etti:\u201c\u00dcniversitelere uluslararas\u0131 arenada gerekli katk\u0131 sa\u011flanacakt\u0131r\u201d -\",\"isPartOf\":{\"@id\":\"https:\\\/\\\/kibrisdakik.com\\\/#website\"},\"primaryImageOfPage\":{\"@id\":\"https:\\\/\\\/kibrisdakik.com\\\/?p=75993#primaryimage\"},\"image\":{\"@id\":\"https:\\\/\\\/kibrisdakik.com\\\/?p=75993#primaryimage\"},\"thumbnailUrl\":\"https:\\\/\\\/kibrisdakik.com\\\/wp-content\\\/uploads\\\/2025\\\/02\\\/09096964-740x420.jpg\",\"datePublished\":\"2025-02-19T17:06:14+00:00\",\"author\":{\"@id\":\"https:\\\/\\\/kibrisdakik.com\\\/#\\\/schema\\\/person\\\/9cd9d437bbb44f72b73ba127e06d8e79\"},\"breadcrumb\":{\"@id\":\"https:\\\/\\\/kibrisdakik.com\\\/?p=75993#breadcrumb\"},\"inLanguage\":\"tr\",\"potentialAction\":[{\"@type\":\"ReadAction\",\"target\":[\"https:\\\/\\\/kibrisdakik.com\\\/?p=75993\"]}]},{\"@type\":\"ImageObject\",\"inLanguage\":\"tr\",\"@id\":\"https:\\\/\\\/kibrisdakik.com\\\/?p=75993#primaryimage\",\"url\":\"https:\\\/\\\/kibrisdakik.com\\\/wp-content\\\/uploads\\\/2025\\\/02\\\/09096964-740x420.jpg\",\"contentUrl\":\"https:\\\/\\\/kibrisdakik.com\\\/wp-content\\\/uploads\\\/2025\\\/02\\\/09096964-740x420.jpg\",\"width\":1571,\"height\":722},{\"@type\":\"BreadcrumbList\",\"@id\":\"https:\\\/\\\/kibrisdakik.com\\\/?p=75993#breadcrumb\",\"itemListElement\":[{\"@type\":\"ListItem\",\"position\":1,\"name\":\"Home\",\"item\":\"https:\\\/\\\/kibrisdakik.com\\\/\"},{\"@type\":\"ListItem\",\"position\":2,\"name\":\"Ba\u015fbakan \u00dcstel, Avrupa Liderlik \u00dcniversitesi heyetini kabul etti:\u201c\u00dcniversitelere uluslararas\u0131 arenada gerekli katk\u0131 sa\u011flanacakt\u0131r\u201d\"}]},{\"@type\":\"WebSite\",\"@id\":\"https:\\\/\\\/kibrisdakik.com\\\/#website\",\"url\":\"https:\\\/\\\/kibrisdakik.com\\\/\",\"name\":\"\",\"description\":\"Tam vaktinde haber\",\"potentialAction\":[{\"@type\":\"SearchAction\",\"target\":{\"@type\":\"EntryPoint\",\"urlTemplate\":\"https:\\\/\\\/kibrisdakik.com\\\/?s={search_term_string}\"},\"query-input\":{\"@type\":\"PropertyValueSpecification\",\"valueRequired\":true,\"valueName\":\"search_term_string\"}}],\"inLanguage\":\"tr\"},{\"@type\":\"Person\",\"@id\":\"https:\\\/\\\/kibrisdakik.com\\\/#\\\/schema\\\/person\\\/9cd9d437bbb44f72b73ba127e06d8e79\",\"name\":\"admin\",\"image\":{\"@type\":\"ImageObject\",\"inLanguage\":\"tr\",\"@id\":\"https:\\\/\\\/secure.gravatar.com\\\/avatar\\\/ccc17943b9d660506c869530f897617f7cb1c21a4bf30023f252596d83e1f007?s=96&d=mm&r=g\",\"url\":\"https:\\\/\\\/secure.gravatar.com\\\/avatar\\\/ccc17943b9d660506c869530f897617f7cb1c21a4bf30023f252596d83e1f007?s=96&d=mm&r=g\",\"contentUrl\":\"https:\\\/\\\/secure.gravatar.com\\\/avatar\\\/ccc17943b9d660506c869530f897617f7cb1c21a4bf30023f252596d83e1f007?s=96&d=mm&r=g\",\"caption\":\"admin\"},\"sameAs\":[\"https:\\\/\\\/kibrisdakik.com\"],\"url\":\"https:\\\/\\\/kibrisdakik.com\\\/?author=1\"}]}<\/script>\n<!-- \/ Yoast SEO plugin. -->","yoast_head_json":{"title":"Ba\u015fbakan \u00dcstel, Avrupa Liderlik \u00dcniversitesi heyetini kabul etti:\u201c\u00dcniversitelere uluslararas\u0131 arenada gerekli katk\u0131 sa\u011flanacakt\u0131r\u201d -","robots":{"index":"index","follow":"follow","max-snippet":"max-snippet:-1","max-image-preview":"max-image-preview:large","max-video-preview":"max-video-preview:-1"},"canonical":"https:\/\/kibrisdakik.com\/?p=75993","og_locale":"tr_TR","og_type":"article","og_title":"Ba\u015fbakan \u00dcstel, Avrupa Liderlik \u00dcniversitesi heyetini kabul etti:\u201c\u00dcniversitelere uluslararas\u0131 arenada gerekli katk\u0131 sa\u011flanacakt\u0131r\u201d -","og_description":"Ba\u015fbakan \u00dcnal \u00dcstel, Avrupa Liderlik \u00dcniversitesi M\u00fctevelli Heyeti Ba\u015fkan\u0131 Yrd.Do\u00e7.Dr. B\u00fclent \u00c7etinkaya, Rekt\u00f6r Prof.Dr.Mehmet Hasg\u00fcler ve Rekt\u00f6r Dan\u0131\u015fman\u0131 Prof.Dr. Okan \u015eafakl\u0131\u2019y\u0131 Ba\u015fbakanl\u0131kta kabul ederek, \u00dcniversite hakk\u0131nda bilgi ald\u0131. Ba\u015fbakan \u00dcnal \u00dcstel kabulde yapt\u0131\u011f\u0131 konu\u015fmada, Avrupa Liderlik \u00dcniversitesi\u2019nin akademik geli\u015fiminden ve \u00f6\u011frenci say\u0131s\u0131n\u0131n art\u0131\u015f\u0131ndan memnun oldu\u011funu, Avrupa Liderlik \u00dcniversitesi gibi di\u011fer \u00fcniversitelere de ellerinden gelen t\u00fcm","og_url":"https:\/\/kibrisdakik.com\/?p=75993","article_published_time":"2025-02-19T17:06:14+00:00","og_image":[{"width":1571,"height":722,"url":"https:\/\/kibrisdakik.com\/wp-content\/uploads\/2025\/02\/09096964-740x420.jpg","type":"image\/jpeg"}],"author":"admin","twitter_card":"summary_large_image","twitter_misc":{"Yazan:":"admin","Tahmini okuma s\u00fcresi":"1 dakika"},"schema":{"@context":"https:\/\/schema.org","@graph":[{"@type":"Article","@id":"https:\/\/kibrisdakik.com\/?p=75993#article","isPartOf":{"@id":"https:\/\/kibrisdakik.com\/?p=75993"},"author":{"name":"admin","@id":"https:\/\/kibrisdakik.com\/#\/schema\/person\/9cd9d437bbb44f72b73ba127e06d8e79"},"headline":"Ba\u015fbakan \u00dcstel, Avrupa Liderlik \u00dcniversitesi heyetini kabul etti:\u201c\u00dcniversitelere uluslararas\u0131 arenada gerekli katk\u0131 sa\u011flanacakt\u0131r\u201d","datePublished":"2025-02-19T17:06:14+00:00","mainEntityOfPage":{"@id":"https:\/\/kibrisdakik.com\/?p=75993"},"wordCount":285,"commentCount":0,"image":{"@id":"https:\/\/kibrisdakik.com\/?p=75993#primaryimage"},"thumbnailUrl":"https:\/\/kibrisdakik.com\/wp-content\/uploads\/2025\/02\/09096964-740x420.jpg","articleSection":["K\u0131br\u0131s","Man\u015fet"],"inLanguage":"tr","potentialAction":[{"@type":"CommentAction","name":"Comment","target":["https:\/\/kibrisdakik.com\/?p=75993#respond"]}]},{"@type":"WebPage","@id":"https:\/\/kibrisdakik.com\/?p=75993","url":"https:\/\/kibrisdakik.com\/?p=75993","name":"Ba\u015fbakan \u00dcstel, Avrupa Liderlik \u00dcniversitesi heyetini kabul etti:\u201c\u00dcniversitelere uluslararas\u0131 arenada gerekli katk\u0131 sa\u011flanacakt\u0131r\u201d -","isPartOf":{"@id":"https:\/\/kibrisdakik.com\/#website"},"primaryImageOfPage":{"@id":"https:\/\/kibrisdakik.com\/?p=75993#primaryimage"},"image":{"@id":"https:\/\/kibrisdakik.com\/?p=75993#primaryimage"},"thumbnailUrl":"https:\/\/kibrisdakik.com\/wp-content\/uploads\/2025\/02\/09096964-740x420.jpg","datePublished":"2025-02-19T17:06:14+00:00","author":{"@id":"https:\/\/kibrisdakik.com\/#\/schema\/person\/9cd9d437bbb44f72b73ba127e06d8e79"},"breadcrumb":{"@id":"https:\/\/kibrisdakik.com\/?p=75993#breadcrumb"},"inLanguage":"tr","potentialAction":[{"@type":"ReadAction","target":["https:\/\/kibrisdakik.com\/?p=75993"]}]},{"@type":"ImageObject","inLanguage":"tr","@id":"https:\/\/kibrisdakik.com\/?p=75993#primaryimage","url":"https:\/\/kibrisdakik.com\/wp-content\/uploads\/2025\/02\/09096964-740x420.jpg","contentUrl":"https:\/\/kibrisdakik.com\/wp-content\/uploads\/2025\/02\/09096964-740x420.jpg","width":1571,"height":722},{"@type":"BreadcrumbList","@id":"https:\/\/kibrisdakik.com\/?p=75993#breadcrumb","itemListElement":[{"@type":"ListItem","position":1,"name":"Home","item":"https:\/\/kibrisdakik.com\/"},{"@type":"ListItem","position":2,"name":"Ba\u015fbakan \u00dcstel, Avrupa Liderlik \u00dcniversitesi heyetini kabul etti:\u201c\u00dcniversitelere uluslararas\u0131 arenada gerekli katk\u0131 sa\u011flanacakt\u0131r\u201d"}]},{"@type":"WebSite","@id":"https:\/\/kibrisdakik.com\/#website","url":"https:\/\/kibrisdakik.com\/","name":"","description":"Tam vaktinde haber","potentialAction":[{"@type":"SearchAction","target":{"@type":"EntryPoint","urlTemplate":"https:\/\/kibrisdakik.com\/?s={search_term_string}"},"query-input":{"@type":"PropertyValueSpecification","valueRequired":true,"valueName":"search_term_string"}}],"inLanguage":"tr"},{"@type":"Person","@id":"https:\/\/kibrisdakik.com\/#\/schema\/person\/9cd9d437bbb44f72b73ba127e06d8e79","name":"admin","image":{"@type":"ImageObject","inLanguage":"tr","@id":"https:\/\/secure.gravatar.com\/avatar\/ccc17943b9d660506c869530f897617f7cb1c21a4bf30023f252596d83e1f007?s=96&d=mm&r=g","url":"https:\/\/secure.gravatar.com\/avatar\/ccc17943b9d660506c869530f897617f7cb1c21a4bf30023f252596d83e1f007?s=96&d=mm&r=g","contentUrl":"https:\/\/secure.gravatar.com\/avatar\/ccc17943b9d660506c869530f897617f7cb1c21a4bf30023f252596d83e1f007?s=96&d=mm&r=g","caption":"admin"},"sameAs":["https:\/\/kibrisdakik.com"],"url":"https:\/\/kibrisdakik.com\/?author=1"}]}},"_links":{"self":[{"href":"https:\/\/kibrisdakik.com\/index.php?rest_route=\/wp\/v2\/posts\/75993","targetHints":{"allow":["GET"]}}],"collection":[{"href":"https:\/\/kibrisdakik.com\/index.php?rest_route=\/wp\/v2\/posts"}],"about":[{"href":"https:\/\/kibrisdakik.com\/index.php?rest_route=\/wp\/v2\/types\/post"}],"author":[{"embeddable":true,"href":"https:\/\/kibrisdakik.com\/index.php?rest_route=\/wp\/v2\/users\/1"}],"replies":[{"embeddable":true,"href":"https:\/\/kibrisdakik.com\/index.php?rest_route=%2Fwp%2Fv2%2Fcomments&post=75993"}],"version-history":[{"count":0,"href":"https:\/\/kibrisdakik.com\/index.php?rest_route=\/wp\/v2\/posts\/75993\/revisions"}],"wp:featuredmedia":[{"embeddable":true,"href":"https:\/\/kibrisdakik.com\/index.php?rest_route=\/wp\/v2\/media\/75994"}],"wp:attachment":[{"href":"https:\/\/kibrisdakik.com\/index.php?rest_route=%2Fwp%2Fv2%2Fmedia&parent=75993"}],"wp:term":[{"taxonomy":"category","embeddable":true,"href":"https:\/\/kibrisdakik.com\/index.php?rest_route=%2Fwp%2Fv2%2Fcategories&post=75993"},{"taxonomy":"post_tag","embeddable":true,"href":"https:\/\/kibrisdakik.com\/index.php?rest_route=%2Fwp%2Fv2%2Ftags&post=75993"}],"curies":[{"name":"wp","href":"https:\/\/api.w.org\/{rel}","templated":true}]}}