{"id":76041,"date":"2025-02-20T17:20:38","date_gmt":"2025-02-20T14:20:38","guid":{"rendered":"https:\/\/kibrisdakik.com\/index.php\/2025\/02\/20\/tarim-bakani-cavus-yedidalgada-kucukbas-hayvan-uretim-ciftligini-ziyaret-etti\/"},"modified":"2025-02-20T17:20:38","modified_gmt":"2025-02-20T14:20:38","slug":"tarim-bakani-cavus-yedidalgada-kucukbas-hayvan-uretim-ciftligini-ziyaret-etti","status":"publish","type":"post","link":"https:\/\/kibrisdakik.com\/?p=76041","title":{"rendered":"Tar\u0131m Bakan\u0131 \u00c7avu\u015f, Yedidalga\u2019da k\u00fc\u00e7\u00fckba\u015f hayvan \u00fcretim \u00e7iftli\u011fini ziyaret etti"},"content":{"rendered":"<div>\n<div class=\"mariselle-image-container center\">\n                                            <\/div>\n<p>Tar\u0131m ve Do\u011fal Kaynaklar Bakan\u0131 H\u00fcseyin \u00c7avu\u015f, Yedidalga\u2019da k\u00fc\u00e7\u00fckba\u015f hayvan \u00fcretimi yapan Sultanana \u00c7ifli\u011fi\u2019ni ziyaret etti.<\/p>\n<p>Bakanl\u0131ktan verilen bilgiye g\u00f6re, ziyaret kapsam\u0131nda \u00fcreticiyle g\u00f6r\u00fc\u015fen Bakan \u00c7avu\u015f, s\u00fcr\u00fc y\u00f6netimi, yem temini, hastal\u0131klarla m\u00fccadele ve pazarlama s\u00fcre\u00e7leri hakk\u0131nda bilgi ald\u0131. K\u00fc\u00e7\u00fckba\u015f hayvanc\u0131l\u0131\u011f\u0131n \u00fclke ekonomisindeki \u00f6nemine vurgu yapan \u00c7avu\u015f, sekt\u00f6r\u00fcn daha verimli ve s\u00fcrd\u00fcr\u00fclebilir hale gelmesi i\u00e7in bakanl\u0131k olarak y\u00fcr\u00fct\u00fclen destek programlar\u0131 ve projeler hakk\u0131nda \u00fcreticiyi bilgilendirdi.<\/p>\n<p>Bakan \u00c7avu\u015f, hayvanc\u0131l\u0131k sekt\u00f6r\u00fcn\u00fcn g\u00fc\u00e7lendirilmesi ad\u0131na yem tedarik s\u00fcre\u00e7lerinin iyile\u015ftirilmesi, hayvan sa\u011fl\u0131\u011f\u0131 hizmetlerinin geni\u015fletilmesi ve verimli \u00fcretim modellerinin te\u015fvik edilmesi y\u00f6n\u00fcnde \u00e7al\u0131\u015fmalar\u0131n devam etti\u011fini belirtti. \u00dcreticinin talep ve \u00f6nerilerini dinleyen \u00c7avu\u015f, bakanl\u0131k olarak \u00fcreticilerin yan\u0131nda olmaya devam edeceklerini ifade etti.<\/p>\n<p>\u00dcretici ise Bakan \u00c7avu\u015f\u2019a ziyareti ve sekt\u00f6re sa\u011flanan desteklerden dolay\u0131 te\u015fekk\u00fcr ederek, k\u00fc\u00e7\u00fckba\u015f hayvanc\u0131l\u0131\u011f\u0131n s\u00fcrd\u00fcr\u00fclebilirli\u011fi i\u00e7in daha fazla destek ve te\u015fvik beklediklerini dile getirdi.<\/p>\n<\/p><\/div>\n<p><script async\n                    defer\n                    crossorigin=\"anonymous\"\n                    src=\"https:\/\/connect.facebook.net\/tr_TR\/sdk.js#xfbml=1&#038;version=v3.3\"\n            ><\/script><\/p>\n","protected":false},"excerpt":{"rendered":"<p>Tar\u0131m ve Do\u011fal Kaynaklar Bakan\u0131 H\u00fcseyin \u00c7avu\u015f, Yedidalga\u2019da k\u00fc\u00e7\u00fckba\u015f hayvan \u00fcretimi yapan Sultanana \u00c7ifli\u011fi\u2019ni ziyaret etti. Bakanl\u0131ktan verilen bilgiye g\u00f6re, ziyaret kapsam\u0131nda \u00fcreticiyle g\u00f6r\u00fc\u015fen Bakan \u00c7avu\u015f, s\u00fcr\u00fc y\u00f6netimi, yem temini, hastal\u0131klarla m\u00fccadele ve pazarlama s\u00fcre\u00e7leri hakk\u0131nda bilgi ald\u0131. K\u00fc\u00e7\u00fckba\u015f hayvanc\u0131l\u0131\u011f\u0131n \u00fclke ekonomisindeki \u00f6nemine vurgu yapan \u00c7avu\u015f, sekt\u00f6r\u00fcn daha verimli ve s\u00fcrd\u00fcr\u00fclebilir hale gelmesi i\u00e7in bakanl\u0131k<\/p>\n","protected":false},"author":1,"featured_media":76042,"comment_status":"open","ping_status":"open","sticky":false,"template":"","format":"standard","meta":{"footnotes":""},"categories":[81,101],"tags":[],"class_list":["post-76041","post","type-post","status-publish","format-standard","has-post-thumbnail","hentry","category-kibris","category-manset"],"yoast_head":"<!-- This site is optimized with the Yoast SEO plugin v27.4 - https:\/\/yoast.com\/product\/yoast-seo-wordpress\/ -->\n<title>Tar\u0131m Bakan\u0131 \u00c7avu\u015f, Yedidalga\u2019da k\u00fc\u00e7\u00fckba\u015f hayvan \u00fcretim \u00e7iftli\u011fini ziyaret etti -<\/title>\n<meta name=\"robots\" content=\"index, follow, max-snippet:-1, max-image-preview:large, max-video-preview:-1\" \/>\n<link rel=\"canonical\" href=\"https:\/\/kibrisdakik.com\/?p=76041\" \/>\n<meta property=\"og:locale\" content=\"tr_TR\" \/>\n<meta property=\"og:type\" content=\"article\" \/>\n<meta property=\"og:title\" content=\"Tar\u0131m Bakan\u0131 \u00c7avu\u015f, Yedidalga\u2019da k\u00fc\u00e7\u00fckba\u015f hayvan \u00fcretim \u00e7iftli\u011fini ziyaret etti -\" \/>\n<meta property=\"og:description\" content=\"Tar\u0131m ve Do\u011fal Kaynaklar Bakan\u0131 H\u00fcseyin \u00c7avu\u015f, Yedidalga\u2019da k\u00fc\u00e7\u00fckba\u015f hayvan \u00fcretimi yapan Sultanana \u00c7ifli\u011fi\u2019ni ziyaret etti. Bakanl\u0131ktan verilen bilgiye g\u00f6re, ziyaret kapsam\u0131nda \u00fcreticiyle g\u00f6r\u00fc\u015fen Bakan \u00c7avu\u015f, s\u00fcr\u00fc y\u00f6netimi, yem temini, hastal\u0131klarla m\u00fccadele ve pazarlama s\u00fcre\u00e7leri hakk\u0131nda bilgi ald\u0131. K\u00fc\u00e7\u00fckba\u015f hayvanc\u0131l\u0131\u011f\u0131n \u00fclke ekonomisindeki \u00f6nemine vurgu yapan \u00c7avu\u015f, sekt\u00f6r\u00fcn daha verimli ve s\u00fcrd\u00fcr\u00fclebilir hale gelmesi i\u00e7in bakanl\u0131k\" \/>\n<meta property=\"og:url\" content=\"https:\/\/kibrisdakik.com\/?p=76041\" \/>\n<meta property=\"article:published_time\" content=\"2025-02-20T14:20:38+00:00\" \/>\n<meta property=\"og:image\" content=\"https:\/\/kibrisdakik.com\/wp-content\/uploads\/2025\/02\/1740059413286TARIM-BAKANLIGI-KUCUKBAS6.jpg\" \/>\n\t<meta property=\"og:image:width\" content=\"640\" \/>\n\t<meta property=\"og:image:height\" content=\"360\" \/>\n\t<meta property=\"og:image:type\" content=\"image\/jpeg\" \/>\n<meta name=\"author\" content=\"admin\" \/>\n<meta name=\"twitter:card\" content=\"summary_large_image\" \/>\n<meta name=\"twitter:label1\" content=\"Yazan:\" \/>\n\t<meta name=\"twitter:data1\" content=\"admin\" \/>\n\t<meta name=\"twitter:label2\" content=\"Tahmini okuma s\u00fcresi\" \/>\n\t<meta name=\"twitter:data2\" content=\"1 dakika\" \/>\n<script type=\"application\/ld+json\" class=\"yoast-schema-graph\">{\"@context\":\"https:\\\/\\\/schema.org\",\"@graph\":[{\"@type\":\"Article\",\"@id\":\"https:\\\/\\\/kibrisdakik.com\\\/?p=76041#article\",\"isPartOf\":{\"@id\":\"https:\\\/\\\/kibrisdakik.com\\\/?p=76041\"},\"author\":{\"name\":\"admin\",\"@id\":\"https:\\\/\\\/kibrisdakik.com\\\/#\\\/schema\\\/person\\\/9cd9d437bbb44f72b73ba127e06d8e79\"},\"headline\":\"Tar\u0131m Bakan\u0131 \u00c7avu\u015f, Yedidalga\u2019da k\u00fc\u00e7\u00fckba\u015f hayvan \u00fcretim \u00e7iftli\u011fini ziyaret etti\",\"datePublished\":\"2025-02-20T14:20:38+00:00\",\"mainEntityOfPage\":{\"@id\":\"https:\\\/\\\/kibrisdakik.com\\\/?p=76041\"},\"wordCount\":209,\"commentCount\":0,\"image\":{\"@id\":\"https:\\\/\\\/kibrisdakik.com\\\/?p=76041#primaryimage\"},\"thumbnailUrl\":\"https:\\\/\\\/kibrisdakik.com\\\/wp-content\\\/uploads\\\/2025\\\/02\\\/1740059413286TARIM-BAKANLIGI-KUCUKBAS6.jpg\",\"articleSection\":[\"K\u0131br\u0131s\",\"Man\u015fet\"],\"inLanguage\":\"tr\",\"potentialAction\":[{\"@type\":\"CommentAction\",\"name\":\"Comment\",\"target\":[\"https:\\\/\\\/kibrisdakik.com\\\/?p=76041#respond\"]}]},{\"@type\":\"WebPage\",\"@id\":\"https:\\\/\\\/kibrisdakik.com\\\/?p=76041\",\"url\":\"https:\\\/\\\/kibrisdakik.com\\\/?p=76041\",\"name\":\"Tar\u0131m Bakan\u0131 \u00c7avu\u015f, Yedidalga\u2019da k\u00fc\u00e7\u00fckba\u015f hayvan \u00fcretim \u00e7iftli\u011fini ziyaret etti -\",\"isPartOf\":{\"@id\":\"https:\\\/\\\/kibrisdakik.com\\\/#website\"},\"primaryImageOfPage\":{\"@id\":\"https:\\\/\\\/kibrisdakik.com\\\/?p=76041#primaryimage\"},\"image\":{\"@id\":\"https:\\\/\\\/kibrisdakik.com\\\/?p=76041#primaryimage\"},\"thumbnailUrl\":\"https:\\\/\\\/kibrisdakik.com\\\/wp-content\\\/uploads\\\/2025\\\/02\\\/1740059413286TARIM-BAKANLIGI-KUCUKBAS6.jpg\",\"datePublished\":\"2025-02-20T14:20:38+00:00\",\"author\":{\"@id\":\"https:\\\/\\\/kibrisdakik.com\\\/#\\\/schema\\\/person\\\/9cd9d437bbb44f72b73ba127e06d8e79\"},\"breadcrumb\":{\"@id\":\"https:\\\/\\\/kibrisdakik.com\\\/?p=76041#breadcrumb\"},\"inLanguage\":\"tr\",\"potentialAction\":[{\"@type\":\"ReadAction\",\"target\":[\"https:\\\/\\\/kibrisdakik.com\\\/?p=76041\"]}]},{\"@type\":\"ImageObject\",\"inLanguage\":\"tr\",\"@id\":\"https:\\\/\\\/kibrisdakik.com\\\/?p=76041#primaryimage\",\"url\":\"https:\\\/\\\/kibrisdakik.com\\\/wp-content\\\/uploads\\\/2025\\\/02\\\/1740059413286TARIM-BAKANLIGI-KUCUKBAS6.jpg\",\"contentUrl\":\"https:\\\/\\\/kibrisdakik.com\\\/wp-content\\\/uploads\\\/2025\\\/02\\\/1740059413286TARIM-BAKANLIGI-KUCUKBAS6.jpg\",\"width\":640,\"height\":360},{\"@type\":\"BreadcrumbList\",\"@id\":\"https:\\\/\\\/kibrisdakik.com\\\/?p=76041#breadcrumb\",\"itemListElement\":[{\"@type\":\"ListItem\",\"position\":1,\"name\":\"Home\",\"item\":\"https:\\\/\\\/kibrisdakik.com\\\/\"},{\"@type\":\"ListItem\",\"position\":2,\"name\":\"Tar\u0131m Bakan\u0131 \u00c7avu\u015f, Yedidalga\u2019da k\u00fc\u00e7\u00fckba\u015f hayvan \u00fcretim \u00e7iftli\u011fini ziyaret etti\"}]},{\"@type\":\"WebSite\",\"@id\":\"https:\\\/\\\/kibrisdakik.com\\\/#website\",\"url\":\"https:\\\/\\\/kibrisdakik.com\\\/\",\"name\":\"\",\"description\":\"Tam vaktinde haber\",\"potentialAction\":[{\"@type\":\"SearchAction\",\"target\":{\"@type\":\"EntryPoint\",\"urlTemplate\":\"https:\\\/\\\/kibrisdakik.com\\\/?s={search_term_string}\"},\"query-input\":{\"@type\":\"PropertyValueSpecification\",\"valueRequired\":true,\"valueName\":\"search_term_string\"}}],\"inLanguage\":\"tr\"},{\"@type\":\"Person\",\"@id\":\"https:\\\/\\\/kibrisdakik.com\\\/#\\\/schema\\\/person\\\/9cd9d437bbb44f72b73ba127e06d8e79\",\"name\":\"admin\",\"image\":{\"@type\":\"ImageObject\",\"inLanguage\":\"tr\",\"@id\":\"https:\\\/\\\/secure.gravatar.com\\\/avatar\\\/ccc17943b9d660506c869530f897617f7cb1c21a4bf30023f252596d83e1f007?s=96&d=mm&r=g\",\"url\":\"https:\\\/\\\/secure.gravatar.com\\\/avatar\\\/ccc17943b9d660506c869530f897617f7cb1c21a4bf30023f252596d83e1f007?s=96&d=mm&r=g\",\"contentUrl\":\"https:\\\/\\\/secure.gravatar.com\\\/avatar\\\/ccc17943b9d660506c869530f897617f7cb1c21a4bf30023f252596d83e1f007?s=96&d=mm&r=g\",\"caption\":\"admin\"},\"sameAs\":[\"https:\\\/\\\/kibrisdakik.com\"],\"url\":\"https:\\\/\\\/kibrisdakik.com\\\/?author=1\"}]}<\/script>\n<!-- \/ Yoast SEO plugin. -->","yoast_head_json":{"title":"Tar\u0131m Bakan\u0131 \u00c7avu\u015f, Yedidalga\u2019da k\u00fc\u00e7\u00fckba\u015f hayvan \u00fcretim \u00e7iftli\u011fini ziyaret etti -","robots":{"index":"index","follow":"follow","max-snippet":"max-snippet:-1","max-image-preview":"max-image-preview:large","max-video-preview":"max-video-preview:-1"},"canonical":"https:\/\/kibrisdakik.com\/?p=76041","og_locale":"tr_TR","og_type":"article","og_title":"Tar\u0131m Bakan\u0131 \u00c7avu\u015f, Yedidalga\u2019da k\u00fc\u00e7\u00fckba\u015f hayvan \u00fcretim \u00e7iftli\u011fini ziyaret etti -","og_description":"Tar\u0131m ve Do\u011fal Kaynaklar Bakan\u0131 H\u00fcseyin \u00c7avu\u015f, Yedidalga\u2019da k\u00fc\u00e7\u00fckba\u015f hayvan \u00fcretimi yapan Sultanana \u00c7ifli\u011fi\u2019ni ziyaret etti. Bakanl\u0131ktan verilen bilgiye g\u00f6re, ziyaret kapsam\u0131nda \u00fcreticiyle g\u00f6r\u00fc\u015fen Bakan \u00c7avu\u015f, s\u00fcr\u00fc y\u00f6netimi, yem temini, hastal\u0131klarla m\u00fccadele ve pazarlama s\u00fcre\u00e7leri hakk\u0131nda bilgi ald\u0131. K\u00fc\u00e7\u00fckba\u015f hayvanc\u0131l\u0131\u011f\u0131n \u00fclke ekonomisindeki \u00f6nemine vurgu yapan \u00c7avu\u015f, sekt\u00f6r\u00fcn daha verimli ve s\u00fcrd\u00fcr\u00fclebilir hale gelmesi i\u00e7in bakanl\u0131k","og_url":"https:\/\/kibrisdakik.com\/?p=76041","article_published_time":"2025-02-20T14:20:38+00:00","og_image":[{"width":640,"height":360,"url":"https:\/\/kibrisdakik.com\/wp-content\/uploads\/2025\/02\/1740059413286TARIM-BAKANLIGI-KUCUKBAS6.jpg","type":"image\/jpeg"}],"author":"admin","twitter_card":"summary_large_image","twitter_misc":{"Yazan:":"admin","Tahmini okuma s\u00fcresi":"1 dakika"},"schema":{"@context":"https:\/\/schema.org","@graph":[{"@type":"Article","@id":"https:\/\/kibrisdakik.com\/?p=76041#article","isPartOf":{"@id":"https:\/\/kibrisdakik.com\/?p=76041"},"author":{"name":"admin","@id":"https:\/\/kibrisdakik.com\/#\/schema\/person\/9cd9d437bbb44f72b73ba127e06d8e79"},"headline":"Tar\u0131m Bakan\u0131 \u00c7avu\u015f, Yedidalga\u2019da k\u00fc\u00e7\u00fckba\u015f hayvan \u00fcretim \u00e7iftli\u011fini ziyaret etti","datePublished":"2025-02-20T14:20:38+00:00","mainEntityOfPage":{"@id":"https:\/\/kibrisdakik.com\/?p=76041"},"wordCount":209,"commentCount":0,"image":{"@id":"https:\/\/kibrisdakik.com\/?p=76041#primaryimage"},"thumbnailUrl":"https:\/\/kibrisdakik.com\/wp-content\/uploads\/2025\/02\/1740059413286TARIM-BAKANLIGI-KUCUKBAS6.jpg","articleSection":["K\u0131br\u0131s","Man\u015fet"],"inLanguage":"tr","potentialAction":[{"@type":"CommentAction","name":"Comment","target":["https:\/\/kibrisdakik.com\/?p=76041#respond"]}]},{"@type":"WebPage","@id":"https:\/\/kibrisdakik.com\/?p=76041","url":"https:\/\/kibrisdakik.com\/?p=76041","name":"Tar\u0131m Bakan\u0131 \u00c7avu\u015f, Yedidalga\u2019da k\u00fc\u00e7\u00fckba\u015f hayvan \u00fcretim \u00e7iftli\u011fini ziyaret etti -","isPartOf":{"@id":"https:\/\/kibrisdakik.com\/#website"},"primaryImageOfPage":{"@id":"https:\/\/kibrisdakik.com\/?p=76041#primaryimage"},"image":{"@id":"https:\/\/kibrisdakik.com\/?p=76041#primaryimage"},"thumbnailUrl":"https:\/\/kibrisdakik.com\/wp-content\/uploads\/2025\/02\/1740059413286TARIM-BAKANLIGI-KUCUKBAS6.jpg","datePublished":"2025-02-20T14:20:38+00:00","author":{"@id":"https:\/\/kibrisdakik.com\/#\/schema\/person\/9cd9d437bbb44f72b73ba127e06d8e79"},"breadcrumb":{"@id":"https:\/\/kibrisdakik.com\/?p=76041#breadcrumb"},"inLanguage":"tr","potentialAction":[{"@type":"ReadAction","target":["https:\/\/kibrisdakik.com\/?p=76041"]}]},{"@type":"ImageObject","inLanguage":"tr","@id":"https:\/\/kibrisdakik.com\/?p=76041#primaryimage","url":"https:\/\/kibrisdakik.com\/wp-content\/uploads\/2025\/02\/1740059413286TARIM-BAKANLIGI-KUCUKBAS6.jpg","contentUrl":"https:\/\/kibrisdakik.com\/wp-content\/uploads\/2025\/02\/1740059413286TARIM-BAKANLIGI-KUCUKBAS6.jpg","width":640,"height":360},{"@type":"BreadcrumbList","@id":"https:\/\/kibrisdakik.com\/?p=76041#breadcrumb","itemListElement":[{"@type":"ListItem","position":1,"name":"Home","item":"https:\/\/kibrisdakik.com\/"},{"@type":"ListItem","position":2,"name":"Tar\u0131m Bakan\u0131 \u00c7avu\u015f, Yedidalga\u2019da k\u00fc\u00e7\u00fckba\u015f hayvan \u00fcretim \u00e7iftli\u011fini ziyaret etti"}]},{"@type":"WebSite","@id":"https:\/\/kibrisdakik.com\/#website","url":"https:\/\/kibrisdakik.com\/","name":"","description":"Tam vaktinde haber","potentialAction":[{"@type":"SearchAction","target":{"@type":"EntryPoint","urlTemplate":"https:\/\/kibrisdakik.com\/?s={search_term_string}"},"query-input":{"@type":"PropertyValueSpecification","valueRequired":true,"valueName":"search_term_string"}}],"inLanguage":"tr"},{"@type":"Person","@id":"https:\/\/kibrisdakik.com\/#\/schema\/person\/9cd9d437bbb44f72b73ba127e06d8e79","name":"admin","image":{"@type":"ImageObject","inLanguage":"tr","@id":"https:\/\/secure.gravatar.com\/avatar\/ccc17943b9d660506c869530f897617f7cb1c21a4bf30023f252596d83e1f007?s=96&d=mm&r=g","url":"https:\/\/secure.gravatar.com\/avatar\/ccc17943b9d660506c869530f897617f7cb1c21a4bf30023f252596d83e1f007?s=96&d=mm&r=g","contentUrl":"https:\/\/secure.gravatar.com\/avatar\/ccc17943b9d660506c869530f897617f7cb1c21a4bf30023f252596d83e1f007?s=96&d=mm&r=g","caption":"admin"},"sameAs":["https:\/\/kibrisdakik.com"],"url":"https:\/\/kibrisdakik.com\/?author=1"}]}},"_links":{"self":[{"href":"https:\/\/kibrisdakik.com\/index.php?rest_route=\/wp\/v2\/posts\/76041","targetHints":{"allow":["GET"]}}],"collection":[{"href":"https:\/\/kibrisdakik.com\/index.php?rest_route=\/wp\/v2\/posts"}],"about":[{"href":"https:\/\/kibrisdakik.com\/index.php?rest_route=\/wp\/v2\/types\/post"}],"author":[{"embeddable":true,"href":"https:\/\/kibrisdakik.com\/index.php?rest_route=\/wp\/v2\/users\/1"}],"replies":[{"embeddable":true,"href":"https:\/\/kibrisdakik.com\/index.php?rest_route=%2Fwp%2Fv2%2Fcomments&post=76041"}],"version-history":[{"count":0,"href":"https:\/\/kibrisdakik.com\/index.php?rest_route=\/wp\/v2\/posts\/76041\/revisions"}],"wp:featuredmedia":[{"embeddable":true,"href":"https:\/\/kibrisdakik.com\/index.php?rest_route=\/wp\/v2\/media\/76042"}],"wp:attachment":[{"href":"https:\/\/kibrisdakik.com\/index.php?rest_route=%2Fwp%2Fv2%2Fmedia&parent=76041"}],"wp:term":[{"taxonomy":"category","embeddable":true,"href":"https:\/\/kibrisdakik.com\/index.php?rest_route=%2Fwp%2Fv2%2Fcategories&post=76041"},{"taxonomy":"post_tag","embeddable":true,"href":"https:\/\/kibrisdakik.com\/index.php?rest_route=%2Fwp%2Fv2%2Ftags&post=76041"}],"curies":[{"name":"wp","href":"https:\/\/api.w.org\/{rel}","templated":true}]}}