{"id":76066,"date":"2025-02-20T22:24:19","date_gmt":"2025-02-20T19:24:19","guid":{"rendered":"https:\/\/kibrisdakik.com\/index.php\/2025\/02\/20\/cavus-tarimsal-kalkinmayi-desteklemek-adina-gerekli-adimlar-atilacak\/"},"modified":"2025-02-20T22:24:19","modified_gmt":"2025-02-20T19:24:19","slug":"cavus-tarimsal-kalkinmayi-desteklemek-adina-gerekli-adimlar-atilacak","status":"publish","type":"post","link":"https:\/\/kibrisdakik.com\/?p=76066","title":{"rendered":"\u00c7avu\u015f: \u201cTar\u0131msal kalk\u0131nmay\u0131 desteklemek ad\u0131na gerekli ad\u0131mlar at\u0131lacak\u201d"},"content":{"rendered":"<div>\n<div class=\"mariselle-image-container center\">\n                                            <\/div>\n<p>\nTar\u0131m ve Do\u011fal Kaynaklar Bakan\u0131 H\u00fcseyin \u00c7avu\u015f, Do\u011fanc\u0131 k\u00f6y\u00fcn\u00fc ziyaret ederek, b\u00f6lge halk\u0131 ve \u00fcreticilerle bir araya geldi. \u00c7avu\u015f, tar\u0131msal kalk\u0131nmay\u0131 desteklemek ad\u0131na gerekli ad\u0131mlar\u0131n at\u0131laca\u011f\u0131n\u0131 belirtti.<\/p>\n<p>Bakanl\u0131ktan yap\u0131lan a\u00e7\u0131klamaya g\u00f6re ziyarette, k\u00f6y halk\u0131n\u0131n ve \u00fcreticilerin sekt\u00f6rde kar\u015f\u0131la\u015ft\u0131klar\u0131 zorluklar ile \u00e7\u00f6z\u00fcm bekleyen konular ele al\u0131nd\u0131. \u00dcreticiler, tar\u0131msal \u00fcretimde ya\u015fad\u0131klar\u0131 s\u0131k\u0131nt\u0131lar\u0131 dile getirirken, Bakan \u00c7avu\u015f da, Tar\u0131m ve Do\u011fal Kaynaklar Bakanl\u0131\u011f\u0131\u2019n\u0131n y\u00fcr\u00fctt\u00fc\u011f\u00fc \u00e7al\u0131\u015fmalar, mevcut destek programlar\u0131 ve ileriye d\u00f6n\u00fck projeler hakk\u0131nda bilgi verdi.<\/p>\n<p>G\u00f6r\u00fc\u015fmede, \u00f6zellikle girdi maliyetlerindeki art\u0131\u015f, su kaynaklar\u0131na eri\u015fimde ya\u015fanan sorunlar, tar\u0131msal \u00fcretimin s\u00fcrd\u00fcr\u00fclebilirli\u011fi ve destek mekanizmalar\u0131n\u0131n g\u00fc\u00e7lendirilmesi konular\u0131 \u00f6ne \u00e7\u0131kt\u0131.<\/p>\n<p>\u00dcreticiler, \u00fcretim maliyetlerinin her ge\u00e7en g\u00fcn y\u00fckseldi\u011fini, sulama altyap\u0131s\u0131n\u0131n g\u00fc\u00e7lendirilmesi gerekti\u011fini ve tar\u0131msal desteklerin art\u0131r\u0131lmas\u0131n\u0131n b\u00fcy\u00fck \u00f6nem ta\u015f\u0131d\u0131\u011f\u0131n\u0131 ifade etti. Ayr\u0131ca, k\u00fc\u00e7\u00fck \u00f6l\u00e7ekli \u00fcreticilerin korunmas\u0131, tar\u0131mda modern tekniklerin yayg\u0131nla\u015ft\u0131r\u0131lmas\u0131 ve b\u00f6lgesel kalk\u0131nma projelerinin hayata ge\u00e7irilmesi y\u00f6n\u00fcnde beklentilerini dile getirdi.<\/p>\n<p>-\u201cH\u00fck\u00fcmet, yeni projeler geli\u015ftirme konusunda kararl\u0131\u201d<\/p>\n<p>K\u00f6y halk\u0131 ve \u00fcreticilerin beklentilerini dinleyen Tar\u0131m ve Do\u011fal Kaynaklar Bakan\u0131 \u00c7avu\u015f, Bakanl\u0131\u011f\u0131n bu alanlarda y\u00fcr\u00fctt\u00fc\u011f\u00fc \u00e7al\u0131\u015fmalar hakk\u0131nda bilgi verdi.<\/p>\n<p>\u00dcretimin s\u00fcrd\u00fcr\u00fclebilirli\u011fini sa\u011flamak, \u00fcreticilerin kar\u015f\u0131la\u015ft\u0131klar\u0131 zorluklar\u0131 en aza indirmek ve k\u0131rsal kalk\u0131nmay\u0131 te\u015fvik etmek amac\u0131yla gerekli t\u00fcm \u00f6nlemleri almaya devam edeceklerini vurgulayan \u00c7avu\u015f, h\u00fck\u00fcmetin tar\u0131msal destekleri art\u0131rma ve \u00fcreticilerin ihtiya\u00e7lar\u0131n\u0131 kar\u015f\u0131lamaya y\u00f6nelik yeni projeler geli\u015ftirme konusunda kararl\u0131 oldu\u011funu ifade etti.<\/p>\n<p>Tar\u0131m sekt\u00f6r\u00fcn\u00fcn \u00fclke ekonomisi i\u00e7in ta\u015f\u0131d\u0131\u011f\u0131 \u00f6neme dikkat \u00e7eken \u00c7avu\u015f, \u00fcreticilerle i\u015f birli\u011fi i\u00e7inde hareket etmeye devam edeceklerini belirtti. Tar\u0131m politikalar\u0131n\u0131n \u00fcreticilerin ihtiya\u00e7lar\u0131na g\u00f6re g\u00fcncellenmesi, tar\u0131msal verimlili\u011fin art\u0131r\u0131lmas\u0131 ve sekt\u00f6rde s\u00fcrd\u00fcr\u00fclebilir \u00e7\u00f6z\u00fcmler geli\u015ftirilmesi i\u00e7in \u00e7al\u0131\u015fmalar\u0131n aral\u0131ks\u0131z s\u00fcrd\u00fc\u011f\u00fcn\u00fc kaydeden \u00c7avu\u015f, \u00fcreticilerin taleplerinin de\u011ferlendirilerek, y\u00fcr\u00fct\u00fclecek projelerde dikkate al\u0131naca\u011f\u0131n\u0131 ve tar\u0131msal kalk\u0131nmay\u0131 desteklemek ad\u0131na gerekli ad\u0131mlar\u0131n at\u0131laca\u011f\u0131n\u0131 s\u00f6yledi.<\/p>\n<\/p><\/div>\n<p><script async\n                    defer\n                    crossorigin=\"anonymous\"\n                    src=\"https:\/\/connect.facebook.net\/tr_TR\/sdk.js#xfbml=1&#038;version=v3.3\"\n            ><\/script><\/p>\n","protected":false},"excerpt":{"rendered":"<p>Tar\u0131m ve Do\u011fal Kaynaklar Bakan\u0131 H\u00fcseyin \u00c7avu\u015f, Do\u011fanc\u0131 k\u00f6y\u00fcn\u00fc ziyaret ederek, b\u00f6lge halk\u0131 ve \u00fcreticilerle bir araya geldi. \u00c7avu\u015f, tar\u0131msal kalk\u0131nmay\u0131 desteklemek ad\u0131na gerekli ad\u0131mlar\u0131n at\u0131laca\u011f\u0131n\u0131 belirtti. Bakanl\u0131ktan yap\u0131lan a\u00e7\u0131klamaya g\u00f6re ziyarette, k\u00f6y halk\u0131n\u0131n ve \u00fcreticilerin sekt\u00f6rde kar\u015f\u0131la\u015ft\u0131klar\u0131 zorluklar ile \u00e7\u00f6z\u00fcm bekleyen konular ele al\u0131nd\u0131. \u00dcreticiler, tar\u0131msal \u00fcretimde ya\u015fad\u0131klar\u0131 s\u0131k\u0131nt\u0131lar\u0131 dile getirirken, Bakan \u00c7avu\u015f da,<\/p>\n","protected":false},"author":1,"featured_media":76067,"comment_status":"open","ping_status":"open","sticky":false,"template":"","format":"standard","meta":{"footnotes":""},"categories":[81,101],"tags":[],"class_list":["post-76066","post","type-post","status-publish","format-standard","has-post-thumbnail","hentry","category-kibris","category-manset"],"yoast_head":"<!-- This site is optimized with the Yoast SEO plugin v27.4 - https:\/\/yoast.com\/product\/yoast-seo-wordpress\/ -->\n<title>\u00c7avu\u015f: \u201cTar\u0131msal kalk\u0131nmay\u0131 desteklemek ad\u0131na gerekli ad\u0131mlar at\u0131lacak\u201d -<\/title>\n<meta name=\"robots\" content=\"index, follow, max-snippet:-1, max-image-preview:large, max-video-preview:-1\" \/>\n<link rel=\"canonical\" href=\"https:\/\/kibrisdakik.com\/?p=76066\" \/>\n<meta property=\"og:locale\" content=\"tr_TR\" \/>\n<meta property=\"og:type\" content=\"article\" \/>\n<meta property=\"og:title\" content=\"\u00c7avu\u015f: \u201cTar\u0131msal kalk\u0131nmay\u0131 desteklemek ad\u0131na gerekli ad\u0131mlar at\u0131lacak\u201d -\" \/>\n<meta property=\"og:description\" content=\"Tar\u0131m ve Do\u011fal Kaynaklar Bakan\u0131 H\u00fcseyin \u00c7avu\u015f, Do\u011fanc\u0131 k\u00f6y\u00fcn\u00fc ziyaret ederek, b\u00f6lge halk\u0131 ve \u00fcreticilerle bir araya geldi. \u00c7avu\u015f, tar\u0131msal kalk\u0131nmay\u0131 desteklemek ad\u0131na gerekli ad\u0131mlar\u0131n at\u0131laca\u011f\u0131n\u0131 belirtti. Bakanl\u0131ktan yap\u0131lan a\u00e7\u0131klamaya g\u00f6re ziyarette, k\u00f6y halk\u0131n\u0131n ve \u00fcreticilerin sekt\u00f6rde kar\u015f\u0131la\u015ft\u0131klar\u0131 zorluklar ile \u00e7\u00f6z\u00fcm bekleyen konular ele al\u0131nd\u0131. \u00dcreticiler, tar\u0131msal \u00fcretimde ya\u015fad\u0131klar\u0131 s\u0131k\u0131nt\u0131lar\u0131 dile getirirken, Bakan \u00c7avu\u015f da,\" \/>\n<meta property=\"og:url\" content=\"https:\/\/kibrisdakik.com\/?p=76066\" \/>\n<meta property=\"article:published_time\" content=\"2025-02-20T19:24:19+00:00\" \/>\n<meta property=\"og:image\" content=\"https:\/\/kibrisdakik.com\/wp-content\/uploads\/2025\/02\/1740067216331CAVUS-DOGANCI.jpg\" \/>\n\t<meta property=\"og:image:width\" content=\"640\" \/>\n\t<meta property=\"og:image:height\" content=\"360\" \/>\n\t<meta property=\"og:image:type\" content=\"image\/jpeg\" \/>\n<meta name=\"author\" content=\"admin\" \/>\n<meta name=\"twitter:card\" content=\"summary_large_image\" \/>\n<meta name=\"twitter:label1\" content=\"Yazan:\" \/>\n\t<meta name=\"twitter:data1\" content=\"admin\" \/>\n\t<meta name=\"twitter:label2\" content=\"Tahmini okuma s\u00fcresi\" \/>\n\t<meta name=\"twitter:data2\" content=\"2 dakika\" \/>\n<script type=\"application\/ld+json\" class=\"yoast-schema-graph\">{\"@context\":\"https:\\\/\\\/schema.org\",\"@graph\":[{\"@type\":\"Article\",\"@id\":\"https:\\\/\\\/kibrisdakik.com\\\/?p=76066#article\",\"isPartOf\":{\"@id\":\"https:\\\/\\\/kibrisdakik.com\\\/?p=76066\"},\"author\":{\"name\":\"admin\",\"@id\":\"https:\\\/\\\/kibrisdakik.com\\\/#\\\/schema\\\/person\\\/9cd9d437bbb44f72b73ba127e06d8e79\"},\"headline\":\"\u00c7avu\u015f: \u201cTar\u0131msal kalk\u0131nmay\u0131 desteklemek ad\u0131na gerekli ad\u0131mlar at\u0131lacak\u201d\",\"datePublished\":\"2025-02-20T19:24:19+00:00\",\"mainEntityOfPage\":{\"@id\":\"https:\\\/\\\/kibrisdakik.com\\\/?p=76066\"},\"wordCount\":433,\"commentCount\":0,\"image\":{\"@id\":\"https:\\\/\\\/kibrisdakik.com\\\/?p=76066#primaryimage\"},\"thumbnailUrl\":\"https:\\\/\\\/kibrisdakik.com\\\/wp-content\\\/uploads\\\/2025\\\/02\\\/1740067216331CAVUS-DOGANCI.jpg\",\"articleSection\":[\"K\u0131br\u0131s\",\"Man\u015fet\"],\"inLanguage\":\"tr\",\"potentialAction\":[{\"@type\":\"CommentAction\",\"name\":\"Comment\",\"target\":[\"https:\\\/\\\/kibrisdakik.com\\\/?p=76066#respond\"]}]},{\"@type\":\"WebPage\",\"@id\":\"https:\\\/\\\/kibrisdakik.com\\\/?p=76066\",\"url\":\"https:\\\/\\\/kibrisdakik.com\\\/?p=76066\",\"name\":\"\u00c7avu\u015f: \u201cTar\u0131msal kalk\u0131nmay\u0131 desteklemek ad\u0131na gerekli ad\u0131mlar at\u0131lacak\u201d -\",\"isPartOf\":{\"@id\":\"https:\\\/\\\/kibrisdakik.com\\\/#website\"},\"primaryImageOfPage\":{\"@id\":\"https:\\\/\\\/kibrisdakik.com\\\/?p=76066#primaryimage\"},\"image\":{\"@id\":\"https:\\\/\\\/kibrisdakik.com\\\/?p=76066#primaryimage\"},\"thumbnailUrl\":\"https:\\\/\\\/kibrisdakik.com\\\/wp-content\\\/uploads\\\/2025\\\/02\\\/1740067216331CAVUS-DOGANCI.jpg\",\"datePublished\":\"2025-02-20T19:24:19+00:00\",\"author\":{\"@id\":\"https:\\\/\\\/kibrisdakik.com\\\/#\\\/schema\\\/person\\\/9cd9d437bbb44f72b73ba127e06d8e79\"},\"breadcrumb\":{\"@id\":\"https:\\\/\\\/kibrisdakik.com\\\/?p=76066#breadcrumb\"},\"inLanguage\":\"tr\",\"potentialAction\":[{\"@type\":\"ReadAction\",\"target\":[\"https:\\\/\\\/kibrisdakik.com\\\/?p=76066\"]}]},{\"@type\":\"ImageObject\",\"inLanguage\":\"tr\",\"@id\":\"https:\\\/\\\/kibrisdakik.com\\\/?p=76066#primaryimage\",\"url\":\"https:\\\/\\\/kibrisdakik.com\\\/wp-content\\\/uploads\\\/2025\\\/02\\\/1740067216331CAVUS-DOGANCI.jpg\",\"contentUrl\":\"https:\\\/\\\/kibrisdakik.com\\\/wp-content\\\/uploads\\\/2025\\\/02\\\/1740067216331CAVUS-DOGANCI.jpg\",\"width\":640,\"height\":360},{\"@type\":\"BreadcrumbList\",\"@id\":\"https:\\\/\\\/kibrisdakik.com\\\/?p=76066#breadcrumb\",\"itemListElement\":[{\"@type\":\"ListItem\",\"position\":1,\"name\":\"Home\",\"item\":\"https:\\\/\\\/kibrisdakik.com\\\/\"},{\"@type\":\"ListItem\",\"position\":2,\"name\":\"\u00c7avu\u015f: \u201cTar\u0131msal kalk\u0131nmay\u0131 desteklemek ad\u0131na gerekli ad\u0131mlar at\u0131lacak\u201d\"}]},{\"@type\":\"WebSite\",\"@id\":\"https:\\\/\\\/kibrisdakik.com\\\/#website\",\"url\":\"https:\\\/\\\/kibrisdakik.com\\\/\",\"name\":\"\",\"description\":\"Tam vaktinde haber\",\"potentialAction\":[{\"@type\":\"SearchAction\",\"target\":{\"@type\":\"EntryPoint\",\"urlTemplate\":\"https:\\\/\\\/kibrisdakik.com\\\/?s={search_term_string}\"},\"query-input\":{\"@type\":\"PropertyValueSpecification\",\"valueRequired\":true,\"valueName\":\"search_term_string\"}}],\"inLanguage\":\"tr\"},{\"@type\":\"Person\",\"@id\":\"https:\\\/\\\/kibrisdakik.com\\\/#\\\/schema\\\/person\\\/9cd9d437bbb44f72b73ba127e06d8e79\",\"name\":\"admin\",\"image\":{\"@type\":\"ImageObject\",\"inLanguage\":\"tr\",\"@id\":\"https:\\\/\\\/secure.gravatar.com\\\/avatar\\\/ccc17943b9d660506c869530f897617f7cb1c21a4bf30023f252596d83e1f007?s=96&d=mm&r=g\",\"url\":\"https:\\\/\\\/secure.gravatar.com\\\/avatar\\\/ccc17943b9d660506c869530f897617f7cb1c21a4bf30023f252596d83e1f007?s=96&d=mm&r=g\",\"contentUrl\":\"https:\\\/\\\/secure.gravatar.com\\\/avatar\\\/ccc17943b9d660506c869530f897617f7cb1c21a4bf30023f252596d83e1f007?s=96&d=mm&r=g\",\"caption\":\"admin\"},\"sameAs\":[\"https:\\\/\\\/kibrisdakik.com\"],\"url\":\"https:\\\/\\\/kibrisdakik.com\\\/?author=1\"}]}<\/script>\n<!-- \/ Yoast SEO plugin. -->","yoast_head_json":{"title":"\u00c7avu\u015f: \u201cTar\u0131msal kalk\u0131nmay\u0131 desteklemek ad\u0131na gerekli ad\u0131mlar at\u0131lacak\u201d -","robots":{"index":"index","follow":"follow","max-snippet":"max-snippet:-1","max-image-preview":"max-image-preview:large","max-video-preview":"max-video-preview:-1"},"canonical":"https:\/\/kibrisdakik.com\/?p=76066","og_locale":"tr_TR","og_type":"article","og_title":"\u00c7avu\u015f: \u201cTar\u0131msal kalk\u0131nmay\u0131 desteklemek ad\u0131na gerekli ad\u0131mlar at\u0131lacak\u201d -","og_description":"Tar\u0131m ve Do\u011fal Kaynaklar Bakan\u0131 H\u00fcseyin \u00c7avu\u015f, Do\u011fanc\u0131 k\u00f6y\u00fcn\u00fc ziyaret ederek, b\u00f6lge halk\u0131 ve \u00fcreticilerle bir araya geldi. \u00c7avu\u015f, tar\u0131msal kalk\u0131nmay\u0131 desteklemek ad\u0131na gerekli ad\u0131mlar\u0131n at\u0131laca\u011f\u0131n\u0131 belirtti. Bakanl\u0131ktan yap\u0131lan a\u00e7\u0131klamaya g\u00f6re ziyarette, k\u00f6y halk\u0131n\u0131n ve \u00fcreticilerin sekt\u00f6rde kar\u015f\u0131la\u015ft\u0131klar\u0131 zorluklar ile \u00e7\u00f6z\u00fcm bekleyen konular ele al\u0131nd\u0131. \u00dcreticiler, tar\u0131msal \u00fcretimde ya\u015fad\u0131klar\u0131 s\u0131k\u0131nt\u0131lar\u0131 dile getirirken, Bakan \u00c7avu\u015f da,","og_url":"https:\/\/kibrisdakik.com\/?p=76066","article_published_time":"2025-02-20T19:24:19+00:00","og_image":[{"width":640,"height":360,"url":"https:\/\/kibrisdakik.com\/wp-content\/uploads\/2025\/02\/1740067216331CAVUS-DOGANCI.jpg","type":"image\/jpeg"}],"author":"admin","twitter_card":"summary_large_image","twitter_misc":{"Yazan:":"admin","Tahmini okuma s\u00fcresi":"2 dakika"},"schema":{"@context":"https:\/\/schema.org","@graph":[{"@type":"Article","@id":"https:\/\/kibrisdakik.com\/?p=76066#article","isPartOf":{"@id":"https:\/\/kibrisdakik.com\/?p=76066"},"author":{"name":"admin","@id":"https:\/\/kibrisdakik.com\/#\/schema\/person\/9cd9d437bbb44f72b73ba127e06d8e79"},"headline":"\u00c7avu\u015f: \u201cTar\u0131msal kalk\u0131nmay\u0131 desteklemek ad\u0131na gerekli ad\u0131mlar at\u0131lacak\u201d","datePublished":"2025-02-20T19:24:19+00:00","mainEntityOfPage":{"@id":"https:\/\/kibrisdakik.com\/?p=76066"},"wordCount":433,"commentCount":0,"image":{"@id":"https:\/\/kibrisdakik.com\/?p=76066#primaryimage"},"thumbnailUrl":"https:\/\/kibrisdakik.com\/wp-content\/uploads\/2025\/02\/1740067216331CAVUS-DOGANCI.jpg","articleSection":["K\u0131br\u0131s","Man\u015fet"],"inLanguage":"tr","potentialAction":[{"@type":"CommentAction","name":"Comment","target":["https:\/\/kibrisdakik.com\/?p=76066#respond"]}]},{"@type":"WebPage","@id":"https:\/\/kibrisdakik.com\/?p=76066","url":"https:\/\/kibrisdakik.com\/?p=76066","name":"\u00c7avu\u015f: \u201cTar\u0131msal kalk\u0131nmay\u0131 desteklemek ad\u0131na gerekli ad\u0131mlar at\u0131lacak\u201d -","isPartOf":{"@id":"https:\/\/kibrisdakik.com\/#website"},"primaryImageOfPage":{"@id":"https:\/\/kibrisdakik.com\/?p=76066#primaryimage"},"image":{"@id":"https:\/\/kibrisdakik.com\/?p=76066#primaryimage"},"thumbnailUrl":"https:\/\/kibrisdakik.com\/wp-content\/uploads\/2025\/02\/1740067216331CAVUS-DOGANCI.jpg","datePublished":"2025-02-20T19:24:19+00:00","author":{"@id":"https:\/\/kibrisdakik.com\/#\/schema\/person\/9cd9d437bbb44f72b73ba127e06d8e79"},"breadcrumb":{"@id":"https:\/\/kibrisdakik.com\/?p=76066#breadcrumb"},"inLanguage":"tr","potentialAction":[{"@type":"ReadAction","target":["https:\/\/kibrisdakik.com\/?p=76066"]}]},{"@type":"ImageObject","inLanguage":"tr","@id":"https:\/\/kibrisdakik.com\/?p=76066#primaryimage","url":"https:\/\/kibrisdakik.com\/wp-content\/uploads\/2025\/02\/1740067216331CAVUS-DOGANCI.jpg","contentUrl":"https:\/\/kibrisdakik.com\/wp-content\/uploads\/2025\/02\/1740067216331CAVUS-DOGANCI.jpg","width":640,"height":360},{"@type":"BreadcrumbList","@id":"https:\/\/kibrisdakik.com\/?p=76066#breadcrumb","itemListElement":[{"@type":"ListItem","position":1,"name":"Home","item":"https:\/\/kibrisdakik.com\/"},{"@type":"ListItem","position":2,"name":"\u00c7avu\u015f: \u201cTar\u0131msal kalk\u0131nmay\u0131 desteklemek ad\u0131na gerekli ad\u0131mlar at\u0131lacak\u201d"}]},{"@type":"WebSite","@id":"https:\/\/kibrisdakik.com\/#website","url":"https:\/\/kibrisdakik.com\/","name":"","description":"Tam vaktinde haber","potentialAction":[{"@type":"SearchAction","target":{"@type":"EntryPoint","urlTemplate":"https:\/\/kibrisdakik.com\/?s={search_term_string}"},"query-input":{"@type":"PropertyValueSpecification","valueRequired":true,"valueName":"search_term_string"}}],"inLanguage":"tr"},{"@type":"Person","@id":"https:\/\/kibrisdakik.com\/#\/schema\/person\/9cd9d437bbb44f72b73ba127e06d8e79","name":"admin","image":{"@type":"ImageObject","inLanguage":"tr","@id":"https:\/\/secure.gravatar.com\/avatar\/ccc17943b9d660506c869530f897617f7cb1c21a4bf30023f252596d83e1f007?s=96&d=mm&r=g","url":"https:\/\/secure.gravatar.com\/avatar\/ccc17943b9d660506c869530f897617f7cb1c21a4bf30023f252596d83e1f007?s=96&d=mm&r=g","contentUrl":"https:\/\/secure.gravatar.com\/avatar\/ccc17943b9d660506c869530f897617f7cb1c21a4bf30023f252596d83e1f007?s=96&d=mm&r=g","caption":"admin"},"sameAs":["https:\/\/kibrisdakik.com"],"url":"https:\/\/kibrisdakik.com\/?author=1"}]}},"_links":{"self":[{"href":"https:\/\/kibrisdakik.com\/index.php?rest_route=\/wp\/v2\/posts\/76066","targetHints":{"allow":["GET"]}}],"collection":[{"href":"https:\/\/kibrisdakik.com\/index.php?rest_route=\/wp\/v2\/posts"}],"about":[{"href":"https:\/\/kibrisdakik.com\/index.php?rest_route=\/wp\/v2\/types\/post"}],"author":[{"embeddable":true,"href":"https:\/\/kibrisdakik.com\/index.php?rest_route=\/wp\/v2\/users\/1"}],"replies":[{"embeddable":true,"href":"https:\/\/kibrisdakik.com\/index.php?rest_route=%2Fwp%2Fv2%2Fcomments&post=76066"}],"version-history":[{"count":0,"href":"https:\/\/kibrisdakik.com\/index.php?rest_route=\/wp\/v2\/posts\/76066\/revisions"}],"wp:featuredmedia":[{"embeddable":true,"href":"https:\/\/kibrisdakik.com\/index.php?rest_route=\/wp\/v2\/media\/76067"}],"wp:attachment":[{"href":"https:\/\/kibrisdakik.com\/index.php?rest_route=%2Fwp%2Fv2%2Fmedia&parent=76066"}],"wp:term":[{"taxonomy":"category","embeddable":true,"href":"https:\/\/kibrisdakik.com\/index.php?rest_route=%2Fwp%2Fv2%2Fcategories&post=76066"},{"taxonomy":"post_tag","embeddable":true,"href":"https:\/\/kibrisdakik.com\/index.php?rest_route=%2Fwp%2Fv2%2Ftags&post=76066"}],"curies":[{"name":"wp","href":"https:\/\/api.w.org\/{rel}","templated":true}]}}