{"id":76068,"date":"2025-02-20T22:27:42","date_gmt":"2025-02-20T19:27:42","guid":{"rendered":"https:\/\/kibrisdakik.com\/index.php\/2025\/02\/20\/esek-yonetim-projesi-hakkinda-bilgilendirme-paneli-duzenledi\/"},"modified":"2025-02-20T22:27:42","modified_gmt":"2025-02-20T19:27:42","slug":"esek-yonetim-projesi-hakkinda-bilgilendirme-paneli-duzenledi","status":"publish","type":"post","link":"https:\/\/kibrisdakik.com\/?p=76068","title":{"rendered":"\u201cE\u015fek Y\u00f6netim Projesi\u201d hakk\u0131nda bilgilendirme paneli d\u00fczenledi"},"content":{"rendered":"<div>\n<div class=\"mariselle-image-container center\">\n                                            <\/div>\n<p>Ta\u015fkent Do\u011fa Park\u0131 Direkt\u00f6r\u00fc Kemal Basat, binlerce y\u0131l boyunca evcille\u015ftirilmi\u015f bir t\u00fcr olan e\u015feklerin do\u011fada \u2018kendi ba\u015flar\u0131n\u0131n \u00e7aresine bakmas\u0131n\u0131n\u2019 beklenemeyece\u011fini vurgulad\u0131.<\/p>\n<p>Ta\u015fkent Do\u011fa Park\u0131, Merkez Lefko\u015fa\u2019da \u201cE\u015fek Y\u00f6netim Projesi\u201d hakk\u0131nda bilgilendirme paneli d\u00fczenledi.<\/p>\n<p>Ta\u015fkent Do\u011fa Park\u0131 Direkt\u00f6r\u00fc Kemal Basat, panelde yapt\u0131\u011f\u0131 konu\u015fmada, Karpaz\u2019daki ba\u015f\u0131bo\u015f e\u015feklerin do\u011faya ve b\u00f6lge halk\u0131na olan etkilerini, proje kapsam\u0131nda yap\u0131lan \u00e7al\u0131\u015fmalar\u0131 ve \u00e7\u00f6z\u00fcm \u00f6nerilerini aktard\u0131.<\/p>\n<p>Basat pop\u00fclasyon kontrol program\u0131 uygulanmadan, e\u015feklere g\u0131da ve su sa\u011flanmas\u0131n\u0131n n\u00fcfusun ve dolay\u0131s\u0131yla problemin artmas\u0131na neden oldu\u011funu kaydetti.<\/p>\n<p>-2017\u2019den bu yana bu konuda ara\u015ft\u0131rma ve \u00e7al\u0131\u015fma yap\u0131yoruz<\/p>\n<p>Ta\u015fkent Do\u011fa Park\u0131 Direkt\u00f6r\u00fc Kemal Basat, Ta\u015fkent Do\u011fa Park\u0131\u2019n\u0131n 2017 y\u0131l\u0131ndan bu yana Karpaz\u2019daki ba\u015f\u0131bo\u015f e\u015feklerle ilgili \u00e7e\u015fitli ara\u015ft\u0131rmalar ve pilot \u00e7al\u0131\u015fmalar yapt\u0131klar\u0131n\u0131 belirterek, b\u00f6lgedeki e\u015feklerin son 50 y\u0131lda h\u0131zla \u00e7o\u011fald\u0131\u011f\u0131n\u0131 ve daha geni\u015f alanlara yay\u0131ld\u0131\u011f\u0131n\u0131 belirtti.<\/p>\n<p>-\u201cBinlerce y\u0131l boyunca evcille\u015ftirilmi\u015f bir t\u00fcr\u00fc do\u011faya b\u0131rak\u0131p, \u2018kendi ba\u015flar\u0131n\u0131n \u00e7aresine baks\u0131nlar\u2019 diyemeyiz\u201d<\/p>\n<p>E\u015feklerin bilimsel olarak evcil bir t\u00fcr oldu\u011funa dikkat \u00e7eken Basat, \u201cBa\u015f\u0131bo\u015f olmalar\u0131, evcil olmad\u0131klar\u0131 anlam\u0131na gelmez. Binlerce y\u0131l boyunca evcille\u015ftirilmi\u015f bir t\u00fcr\u00fc do\u011faya b\u0131rak\u0131p, \u2018kendi ba\u015flar\u0131n\u0131n \u00e7aresine baks\u0131nlar\u2019 diyemeyiz\u201d dedi.<\/p>\n<p>E\u015feklerin yaln\u0131zca kendileri i\u00e7in de\u011fil do\u011fa i\u00e7in de sorun te\u015fkil etti\u011fini belirten Basat, e\u015feklerin Karpaz\u2019daki endemik bitki \u00f6rt\u00fcs\u00fcne tehdit olu\u015fturdu\u011funu s\u00f6yledi. Basat kontrols\u00fcz \u00fcremenin b\u00f6lgedeki ekosistemi tehdit etti\u011fini, g\u00f6\u00e7men ku\u015flar\u0131n su kaynaklar\u0131na eri\u015fimini engelledi\u011fini, ekinlere zarar verdi\u011fini ve trafik kazalar\u0131na neden oldu\u011funu da aktard\u0131.<\/p>\n<p>B\u00f6lge halk\u0131n\u0131n ve yetkililerin e\u015feklerin neden oldu\u011fu sorunlara kar\u015f\u0131 bireysel ve ba\u011f\u0131ms\u0131z \u00e7\u00f6z\u00fcmler \u00fcretmeye \u00e7al\u0131\u015ft\u0131\u011f\u0131n\u0131 ancak bu durumun sorunu daha da b\u00fcy\u00fctt\u00fc\u011f\u00fcn\u00fc kaydeden Basat, profesyonel bir y\u00f6netim plan\u0131 olmadan yap\u0131lan m\u00fcdahalelerin etkisiz kald\u0131\u011f\u0131n\u0131 belirtti.<\/p>\n<p><strong>-\u201cBariyerli alanlar do\u011fru kullan\u0131lmal\u0131\u201d<\/strong><\/p>\n<p>Ge\u00e7mi\u015fte e\u015feklerin kontrol alt\u0131na al\u0131nmas\u0131 i\u00e7in bariyerli alanlar olu\u015fturuldu\u011funu ancak bu alanlar\u0131n eksik ve yanl\u0131\u015f planland\u0131\u011f\u0131n\u0131 belirten Basat, \u201cBariyerler eksik b\u0131rak\u0131ld\u0131, baz\u0131 yerlerde e\u015feklerin ka\u00e7abilece\u011fi a\u00e7\u0131kl\u0131klar var. Bariyerlerin i\u00e7indeki alanlar uygun \u015fekilde d\u00fczenlenmeden e\u015feklerin i\u00e7eri al\u0131nmas\u0131, durumu daha da k\u00f6t\u00fc hale getirebilir\u201d dedi.<\/p>\n<p>E\u015feklerin, Karpaz\u2019a insan eliyle getirildi\u011fini ve burada ba\u015f\u0131bo\u015f b\u0131rak\u0131ld\u0131\u011f\u0131n\u0131 vurgulayan Basat, sorunun da insan eliyle \u00e7\u00f6z\u00fclmesi gerekti\u011fini s\u00f6yledi. Basat \u201cBiz bu hayvanlar\u0131 buraya b\u0131rakt\u0131k, sorunu biz yaratt\u0131k. E\u011fer do\u011fru bir y\u00f6netim plan\u0131 uygulanmazsa, insan-e\u015fek \u00e7at\u0131\u015fmas\u0131 b\u00fcy\u00fcmeye devam edecek\u201d dedi.<\/p>\n<p><strong>\u2013 \u201cE\u015fek Y\u00f6netim Projesi\u201d<\/strong><\/p>\n<p>Basat, 2020 y\u0131l\u0131ndan bu yana yetkililerle projeyi hayata ge\u00e7irmek i\u00e7in temaslarda bulunduklar\u0131n\u0131 ancak s\u00fcrecin kaynak eksikli\u011fi nedeniyle ilerleyemedi\u011fini kaydederek, 2023 y\u0131l\u0131nda bir \u00e7\u00f6z\u00fcm geli\u015ftirmek amac\u0131yla ilgili kurumlarla bir protokol imzalad\u0131klar\u0131n\u0131 hat\u0131rlatt\u0131.<\/p>\n<p>2023 A\u011fustos ay\u0131nda imzalanan protokol \u00e7er\u00e7evesinde 10 y\u0131ll\u0131k bir \u201cE\u015fek Y\u00f6netim Projesi\u201d haz\u0131rland\u0131\u011f\u0131n\u0131 hat\u0131rlatan Basat, projenin detaylar\u0131n\u0131 payla\u015ft\u0131.<\/p>\n<p>Basat, projenin e\u015feklerin sa\u011fl\u0131k kontrollerinin yap\u0131lmas\u0131, pop\u00fclasyon kontrol\u00fc sa\u011flanmas\u0131 gibi unsurlar\u0131 i\u00e7erdi\u011fini belirtti.<\/p>\n<p>Pop\u00fclasyon kontrol\u00fc i\u00e7in \u00f6zellikle erkek e\u015feklerin k\u0131s\u0131rla\u015ft\u0131r\u0131lmas\u0131 gerekti\u011fine dikkat \u00e7eken Basat, agresyonun \u00f6nlenmesi a\u00e7\u0131s\u0131ndan da bunun \u00f6nem ta\u015f\u0131d\u0131\u011f\u0131n\u0131 ifade etti.<\/p>\n<p>Basat, e\u015feklerin sa\u011fl\u0131k kontrollerinin yap\u0131lmas\u0131, populasyon kontrol\u00fc sa\u011flanmas\u0131 ve uygun bir y\u00f6netim plan\u0131n\u0131n devreye sokulmas\u0131 gerekti\u011fini s\u00f6yledi.<\/p>\n<p>E\u015feklerin kan ve doku \u00f6rnekleriyle kay\u0131t alt\u0131na al\u0131narak sa\u011fl\u0131k kontrollerinin yap\u0131lmas\u0131 ve \u00e7iplenmesi gerekti\u011fini dile getiren Basat, bariyerlerin ve kap\u0131lar\u0131n s\u00fcrekli bak\u0131m\u0131n\u0131n yap\u0131lmas\u0131 gerekti\u011fini de vurgulad\u0131.<\/p>\n<p>Durumun iyile\u015ftirilmesi i\u00e7in b\u00f6lgedeki ke\u00e7i ve koyunlar\u0131n d\u0131\u015far\u0131 \u00e7\u0131kar\u0131larak s\u00fcr\u00fclebilecek alanlar\u0131n e\u015fekler i\u00e7in ekilebilece\u011fini de dile getiren Basat, halk\u0131n e\u015fekleri g\u00f6rebilece\u011fi bir \u00e7iftlik olu\u015fturulmas\u0131n\u0131n turizm a\u00e7\u0131s\u0131ndan da faydal\u0131 olabilece\u011fini s\u00f6yledi.<\/p>\n<p><strong>-\u201cE\u015fek ba\u015f\u0131na 10 y\u0131l i\u00e7in 200 euro ba\u011f\u0131\u015f yaparak projeye katk\u0131 sa\u011flanabilir\u201d<\/strong><\/p>\n<p>Projenin 10 y\u0131ll\u0131k bir s\u00fcreci kapsad\u0131\u011f\u0131n\u0131, bu s\u00fcre\u00e7te her bir e\u015fek i\u00e7in ortalama 600 euro harcanmas\u0131 gerekti\u011fini ifade eden Basat, projenin uygulanabilmesi i\u00e7in ek kaynak yarat\u0131lmas\u0131 gerekti\u011fine dikkat \u00e7ekti.<\/p>\n<p>600 euroluk tutar\u0131n 400 eurosunun Ta\u015fkent Do\u011fa Park\u0131 taraf\u0131ndan finansa edildi\u011fini belirten Basat, e\u015fek ba\u015f\u0131na 200 euro ba\u011f\u0131\u015f yaparak projeye katk\u0131 sa\u011flanabilece\u011fini s\u00f6yledi; bu ba\u011f\u0131\u015flar\u0131n ila\u00e7 ve medikal ekipman, \u00e7ipleme izleme ekipman\u0131, yakalama ve ta\u015f\u0131nma ara\u00e7 ve ekipmanlar\u0131 gibi kalemler i\u00e7in kullan\u0131laca\u011f\u0131n\u0131 kaydetti.<\/p>\n<\/p><\/div>\n<p><script async\n                    defer\n                    crossorigin=\"anonymous\"\n                    src=\"https:\/\/connect.facebook.net\/tr_TR\/sdk.js#xfbml=1&#038;version=v3.3\"\n            ><\/script><\/p>\n","protected":false},"excerpt":{"rendered":"<p>Ta\u015fkent Do\u011fa Park\u0131 Direkt\u00f6r\u00fc Kemal Basat, binlerce y\u0131l boyunca evcille\u015ftirilmi\u015f bir t\u00fcr olan e\u015feklerin do\u011fada \u2018kendi ba\u015flar\u0131n\u0131n \u00e7aresine bakmas\u0131n\u0131n\u2019 beklenemeyece\u011fini vurgulad\u0131. Ta\u015fkent Do\u011fa Park\u0131, Merkez Lefko\u015fa\u2019da \u201cE\u015fek Y\u00f6netim Projesi\u201d hakk\u0131nda bilgilendirme paneli d\u00fczenledi. Ta\u015fkent Do\u011fa Park\u0131 Direkt\u00f6r\u00fc Kemal Basat, panelde yapt\u0131\u011f\u0131 konu\u015fmada, Karpaz\u2019daki ba\u015f\u0131bo\u015f e\u015feklerin do\u011faya ve b\u00f6lge halk\u0131na olan etkilerini, proje kapsam\u0131nda yap\u0131lan \u00e7al\u0131\u015fmalar\u0131<\/p>\n","protected":false},"author":1,"featured_media":76069,"comment_status":"open","ping_status":"open","sticky":false,"template":"","format":"standard","meta":{"footnotes":""},"categories":[81,101],"tags":[],"class_list":["post-76068","post","type-post","status-publish","format-standard","has-post-thumbnail","hentry","category-kibris","category-manset"],"yoast_head":"<!-- This site is optimized with the Yoast SEO plugin v27.5 - https:\/\/yoast.com\/product\/yoast-seo-wordpress\/ -->\n<title>\u201cE\u015fek Y\u00f6netim Projesi\u201d hakk\u0131nda bilgilendirme paneli d\u00fczenledi -<\/title>\n<meta name=\"robots\" content=\"index, follow, max-snippet:-1, max-image-preview:large, max-video-preview:-1\" \/>\n<link rel=\"canonical\" href=\"https:\/\/kibrisdakik.com\/?p=76068\" \/>\n<meta property=\"og:locale\" content=\"tr_TR\" \/>\n<meta property=\"og:type\" content=\"article\" \/>\n<meta property=\"og:title\" content=\"\u201cE\u015fek Y\u00f6netim Projesi\u201d hakk\u0131nda bilgilendirme paneli d\u00fczenledi -\" \/>\n<meta property=\"og:description\" content=\"Ta\u015fkent Do\u011fa Park\u0131 Direkt\u00f6r\u00fc Kemal Basat, binlerce y\u0131l boyunca evcille\u015ftirilmi\u015f bir t\u00fcr olan e\u015feklerin do\u011fada \u2018kendi ba\u015flar\u0131n\u0131n \u00e7aresine bakmas\u0131n\u0131n\u2019 beklenemeyece\u011fini vurgulad\u0131. Ta\u015fkent Do\u011fa Park\u0131, Merkez Lefko\u015fa\u2019da \u201cE\u015fek Y\u00f6netim Projesi\u201d hakk\u0131nda bilgilendirme paneli d\u00fczenledi. Ta\u015fkent Do\u011fa Park\u0131 Direkt\u00f6r\u00fc Kemal Basat, panelde yapt\u0131\u011f\u0131 konu\u015fmada, Karpaz\u2019daki ba\u015f\u0131bo\u015f e\u015feklerin do\u011faya ve b\u00f6lge halk\u0131na olan etkilerini, proje kapsam\u0131nda yap\u0131lan \u00e7al\u0131\u015fmalar\u0131\" \/>\n<meta property=\"og:url\" content=\"https:\/\/kibrisdakik.com\/?p=76068\" \/>\n<meta property=\"article:published_time\" content=\"2025-02-20T19:27:42+00:00\" \/>\n<meta property=\"og:image\" content=\"https:\/\/kibrisdakik.com\/wp-content\/uploads\/2025\/02\/1740067892917TASKENT-DOGA-PARKI-ESEKLERLE-ILGILI-BASIN-TOPLANTISI-ERO-1-740x420.jpeg\" \/>\n\t<meta property=\"og:image:width\" content=\"2048\" \/>\n\t<meta property=\"og:image:height\" content=\"1367\" \/>\n\t<meta property=\"og:image:type\" content=\"image\/jpeg\" \/>\n<meta name=\"author\" content=\"admin\" \/>\n<meta name=\"twitter:card\" content=\"summary_large_image\" \/>\n<meta name=\"twitter:label1\" content=\"Yazan:\" \/>\n\t<meta name=\"twitter:data1\" content=\"admin\" \/>\n\t<meta name=\"twitter:label2\" content=\"Tahmini okuma s\u00fcresi\" \/>\n\t<meta name=\"twitter:data2\" content=\"4 dakika\" \/>\n<script type=\"application\/ld+json\" class=\"yoast-schema-graph\">{\"@context\":\"https:\\\/\\\/schema.org\",\"@graph\":[{\"@type\":\"Article\",\"@id\":\"https:\\\/\\\/kibrisdakik.com\\\/?p=76068#article\",\"isPartOf\":{\"@id\":\"https:\\\/\\\/kibrisdakik.com\\\/?p=76068\"},\"author\":{\"name\":\"admin\",\"@id\":\"https:\\\/\\\/kibrisdakik.com\\\/#\\\/schema\\\/person\\\/9cd9d437bbb44f72b73ba127e06d8e79\"},\"headline\":\"\u201cE\u015fek Y\u00f6netim Projesi\u201d hakk\u0131nda bilgilendirme paneli d\u00fczenledi\",\"datePublished\":\"2025-02-20T19:27:42+00:00\",\"mainEntityOfPage\":{\"@id\":\"https:\\\/\\\/kibrisdakik.com\\\/?p=76068\"},\"wordCount\":900,\"commentCount\":0,\"image\":{\"@id\":\"https:\\\/\\\/kibrisdakik.com\\\/?p=76068#primaryimage\"},\"thumbnailUrl\":\"https:\\\/\\\/kibrisdakik.com\\\/wp-content\\\/uploads\\\/2025\\\/02\\\/1740067892917TASKENT-DOGA-PARKI-ESEKLERLE-ILGILI-BASIN-TOPLANTISI-ERO-1-740x420.jpeg\",\"articleSection\":[\"K\u0131br\u0131s\",\"Man\u015fet\"],\"inLanguage\":\"tr\",\"potentialAction\":[{\"@type\":\"CommentAction\",\"name\":\"Comment\",\"target\":[\"https:\\\/\\\/kibrisdakik.com\\\/?p=76068#respond\"]}]},{\"@type\":\"WebPage\",\"@id\":\"https:\\\/\\\/kibrisdakik.com\\\/?p=76068\",\"url\":\"https:\\\/\\\/kibrisdakik.com\\\/?p=76068\",\"name\":\"\u201cE\u015fek Y\u00f6netim Projesi\u201d hakk\u0131nda bilgilendirme paneli d\u00fczenledi -\",\"isPartOf\":{\"@id\":\"https:\\\/\\\/kibrisdakik.com\\\/#website\"},\"primaryImageOfPage\":{\"@id\":\"https:\\\/\\\/kibrisdakik.com\\\/?p=76068#primaryimage\"},\"image\":{\"@id\":\"https:\\\/\\\/kibrisdakik.com\\\/?p=76068#primaryimage\"},\"thumbnailUrl\":\"https:\\\/\\\/kibrisdakik.com\\\/wp-content\\\/uploads\\\/2025\\\/02\\\/1740067892917TASKENT-DOGA-PARKI-ESEKLERLE-ILGILI-BASIN-TOPLANTISI-ERO-1-740x420.jpeg\",\"datePublished\":\"2025-02-20T19:27:42+00:00\",\"author\":{\"@id\":\"https:\\\/\\\/kibrisdakik.com\\\/#\\\/schema\\\/person\\\/9cd9d437bbb44f72b73ba127e06d8e79\"},\"breadcrumb\":{\"@id\":\"https:\\\/\\\/kibrisdakik.com\\\/?p=76068#breadcrumb\"},\"inLanguage\":\"tr\",\"potentialAction\":[{\"@type\":\"ReadAction\",\"target\":[\"https:\\\/\\\/kibrisdakik.com\\\/?p=76068\"]}]},{\"@type\":\"ImageObject\",\"inLanguage\":\"tr\",\"@id\":\"https:\\\/\\\/kibrisdakik.com\\\/?p=76068#primaryimage\",\"url\":\"https:\\\/\\\/kibrisdakik.com\\\/wp-content\\\/uploads\\\/2025\\\/02\\\/1740067892917TASKENT-DOGA-PARKI-ESEKLERLE-ILGILI-BASIN-TOPLANTISI-ERO-1-740x420.jpeg\",\"contentUrl\":\"https:\\\/\\\/kibrisdakik.com\\\/wp-content\\\/uploads\\\/2025\\\/02\\\/1740067892917TASKENT-DOGA-PARKI-ESEKLERLE-ILGILI-BASIN-TOPLANTISI-ERO-1-740x420.jpeg\",\"width\":2048,\"height\":1367},{\"@type\":\"BreadcrumbList\",\"@id\":\"https:\\\/\\\/kibrisdakik.com\\\/?p=76068#breadcrumb\",\"itemListElement\":[{\"@type\":\"ListItem\",\"position\":1,\"name\":\"Home\",\"item\":\"https:\\\/\\\/kibrisdakik.com\\\/\"},{\"@type\":\"ListItem\",\"position\":2,\"name\":\"\u201cE\u015fek Y\u00f6netim Projesi\u201d hakk\u0131nda bilgilendirme paneli d\u00fczenledi\"}]},{\"@type\":\"WebSite\",\"@id\":\"https:\\\/\\\/kibrisdakik.com\\\/#website\",\"url\":\"https:\\\/\\\/kibrisdakik.com\\\/\",\"name\":\"\",\"description\":\"Tam vaktinde haber\",\"potentialAction\":[{\"@type\":\"SearchAction\",\"target\":{\"@type\":\"EntryPoint\",\"urlTemplate\":\"https:\\\/\\\/kibrisdakik.com\\\/?s={search_term_string}\"},\"query-input\":{\"@type\":\"PropertyValueSpecification\",\"valueRequired\":true,\"valueName\":\"search_term_string\"}}],\"inLanguage\":\"tr\"},{\"@type\":\"Person\",\"@id\":\"https:\\\/\\\/kibrisdakik.com\\\/#\\\/schema\\\/person\\\/9cd9d437bbb44f72b73ba127e06d8e79\",\"name\":\"admin\",\"image\":{\"@type\":\"ImageObject\",\"inLanguage\":\"tr\",\"@id\":\"https:\\\/\\\/secure.gravatar.com\\\/avatar\\\/ccc17943b9d660506c869530f897617f7cb1c21a4bf30023f252596d83e1f007?s=96&d=mm&r=g\",\"url\":\"https:\\\/\\\/secure.gravatar.com\\\/avatar\\\/ccc17943b9d660506c869530f897617f7cb1c21a4bf30023f252596d83e1f007?s=96&d=mm&r=g\",\"contentUrl\":\"https:\\\/\\\/secure.gravatar.com\\\/avatar\\\/ccc17943b9d660506c869530f897617f7cb1c21a4bf30023f252596d83e1f007?s=96&d=mm&r=g\",\"caption\":\"admin\"},\"sameAs\":[\"https:\\\/\\\/kibrisdakik.com\"],\"url\":\"https:\\\/\\\/kibrisdakik.com\\\/?author=1\"}]}<\/script>\n<!-- \/ Yoast SEO plugin. -->","yoast_head_json":{"title":"\u201cE\u015fek Y\u00f6netim Projesi\u201d hakk\u0131nda bilgilendirme paneli d\u00fczenledi -","robots":{"index":"index","follow":"follow","max-snippet":"max-snippet:-1","max-image-preview":"max-image-preview:large","max-video-preview":"max-video-preview:-1"},"canonical":"https:\/\/kibrisdakik.com\/?p=76068","og_locale":"tr_TR","og_type":"article","og_title":"\u201cE\u015fek Y\u00f6netim Projesi\u201d hakk\u0131nda bilgilendirme paneli d\u00fczenledi -","og_description":"Ta\u015fkent Do\u011fa Park\u0131 Direkt\u00f6r\u00fc Kemal Basat, binlerce y\u0131l boyunca evcille\u015ftirilmi\u015f bir t\u00fcr olan e\u015feklerin do\u011fada \u2018kendi ba\u015flar\u0131n\u0131n \u00e7aresine bakmas\u0131n\u0131n\u2019 beklenemeyece\u011fini vurgulad\u0131. Ta\u015fkent Do\u011fa Park\u0131, Merkez Lefko\u015fa\u2019da \u201cE\u015fek Y\u00f6netim Projesi\u201d hakk\u0131nda bilgilendirme paneli d\u00fczenledi. Ta\u015fkent Do\u011fa Park\u0131 Direkt\u00f6r\u00fc Kemal Basat, panelde yapt\u0131\u011f\u0131 konu\u015fmada, Karpaz\u2019daki ba\u015f\u0131bo\u015f e\u015feklerin do\u011faya ve b\u00f6lge halk\u0131na olan etkilerini, proje kapsam\u0131nda yap\u0131lan \u00e7al\u0131\u015fmalar\u0131","og_url":"https:\/\/kibrisdakik.com\/?p=76068","article_published_time":"2025-02-20T19:27:42+00:00","og_image":[{"width":2048,"height":1367,"url":"https:\/\/kibrisdakik.com\/wp-content\/uploads\/2025\/02\/1740067892917TASKENT-DOGA-PARKI-ESEKLERLE-ILGILI-BASIN-TOPLANTISI-ERO-1-740x420.jpeg","type":"image\/jpeg"}],"author":"admin","twitter_card":"summary_large_image","twitter_misc":{"Yazan:":"admin","Tahmini okuma s\u00fcresi":"4 dakika"},"schema":{"@context":"https:\/\/schema.org","@graph":[{"@type":"Article","@id":"https:\/\/kibrisdakik.com\/?p=76068#article","isPartOf":{"@id":"https:\/\/kibrisdakik.com\/?p=76068"},"author":{"name":"admin","@id":"https:\/\/kibrisdakik.com\/#\/schema\/person\/9cd9d437bbb44f72b73ba127e06d8e79"},"headline":"\u201cE\u015fek Y\u00f6netim Projesi\u201d hakk\u0131nda bilgilendirme paneli d\u00fczenledi","datePublished":"2025-02-20T19:27:42+00:00","mainEntityOfPage":{"@id":"https:\/\/kibrisdakik.com\/?p=76068"},"wordCount":900,"commentCount":0,"image":{"@id":"https:\/\/kibrisdakik.com\/?p=76068#primaryimage"},"thumbnailUrl":"https:\/\/kibrisdakik.com\/wp-content\/uploads\/2025\/02\/1740067892917TASKENT-DOGA-PARKI-ESEKLERLE-ILGILI-BASIN-TOPLANTISI-ERO-1-740x420.jpeg","articleSection":["K\u0131br\u0131s","Man\u015fet"],"inLanguage":"tr","potentialAction":[{"@type":"CommentAction","name":"Comment","target":["https:\/\/kibrisdakik.com\/?p=76068#respond"]}]},{"@type":"WebPage","@id":"https:\/\/kibrisdakik.com\/?p=76068","url":"https:\/\/kibrisdakik.com\/?p=76068","name":"\u201cE\u015fek Y\u00f6netim Projesi\u201d hakk\u0131nda bilgilendirme paneli d\u00fczenledi -","isPartOf":{"@id":"https:\/\/kibrisdakik.com\/#website"},"primaryImageOfPage":{"@id":"https:\/\/kibrisdakik.com\/?p=76068#primaryimage"},"image":{"@id":"https:\/\/kibrisdakik.com\/?p=76068#primaryimage"},"thumbnailUrl":"https:\/\/kibrisdakik.com\/wp-content\/uploads\/2025\/02\/1740067892917TASKENT-DOGA-PARKI-ESEKLERLE-ILGILI-BASIN-TOPLANTISI-ERO-1-740x420.jpeg","datePublished":"2025-02-20T19:27:42+00:00","author":{"@id":"https:\/\/kibrisdakik.com\/#\/schema\/person\/9cd9d437bbb44f72b73ba127e06d8e79"},"breadcrumb":{"@id":"https:\/\/kibrisdakik.com\/?p=76068#breadcrumb"},"inLanguage":"tr","potentialAction":[{"@type":"ReadAction","target":["https:\/\/kibrisdakik.com\/?p=76068"]}]},{"@type":"ImageObject","inLanguage":"tr","@id":"https:\/\/kibrisdakik.com\/?p=76068#primaryimage","url":"https:\/\/kibrisdakik.com\/wp-content\/uploads\/2025\/02\/1740067892917TASKENT-DOGA-PARKI-ESEKLERLE-ILGILI-BASIN-TOPLANTISI-ERO-1-740x420.jpeg","contentUrl":"https:\/\/kibrisdakik.com\/wp-content\/uploads\/2025\/02\/1740067892917TASKENT-DOGA-PARKI-ESEKLERLE-ILGILI-BASIN-TOPLANTISI-ERO-1-740x420.jpeg","width":2048,"height":1367},{"@type":"BreadcrumbList","@id":"https:\/\/kibrisdakik.com\/?p=76068#breadcrumb","itemListElement":[{"@type":"ListItem","position":1,"name":"Home","item":"https:\/\/kibrisdakik.com\/"},{"@type":"ListItem","position":2,"name":"\u201cE\u015fek Y\u00f6netim Projesi\u201d hakk\u0131nda bilgilendirme paneli d\u00fczenledi"}]},{"@type":"WebSite","@id":"https:\/\/kibrisdakik.com\/#website","url":"https:\/\/kibrisdakik.com\/","name":"","description":"Tam vaktinde haber","potentialAction":[{"@type":"SearchAction","target":{"@type":"EntryPoint","urlTemplate":"https:\/\/kibrisdakik.com\/?s={search_term_string}"},"query-input":{"@type":"PropertyValueSpecification","valueRequired":true,"valueName":"search_term_string"}}],"inLanguage":"tr"},{"@type":"Person","@id":"https:\/\/kibrisdakik.com\/#\/schema\/person\/9cd9d437bbb44f72b73ba127e06d8e79","name":"admin","image":{"@type":"ImageObject","inLanguage":"tr","@id":"https:\/\/secure.gravatar.com\/avatar\/ccc17943b9d660506c869530f897617f7cb1c21a4bf30023f252596d83e1f007?s=96&d=mm&r=g","url":"https:\/\/secure.gravatar.com\/avatar\/ccc17943b9d660506c869530f897617f7cb1c21a4bf30023f252596d83e1f007?s=96&d=mm&r=g","contentUrl":"https:\/\/secure.gravatar.com\/avatar\/ccc17943b9d660506c869530f897617f7cb1c21a4bf30023f252596d83e1f007?s=96&d=mm&r=g","caption":"admin"},"sameAs":["https:\/\/kibrisdakik.com"],"url":"https:\/\/kibrisdakik.com\/?author=1"}]}},"_links":{"self":[{"href":"https:\/\/kibrisdakik.com\/index.php?rest_route=\/wp\/v2\/posts\/76068","targetHints":{"allow":["GET"]}}],"collection":[{"href":"https:\/\/kibrisdakik.com\/index.php?rest_route=\/wp\/v2\/posts"}],"about":[{"href":"https:\/\/kibrisdakik.com\/index.php?rest_route=\/wp\/v2\/types\/post"}],"author":[{"embeddable":true,"href":"https:\/\/kibrisdakik.com\/index.php?rest_route=\/wp\/v2\/users\/1"}],"replies":[{"embeddable":true,"href":"https:\/\/kibrisdakik.com\/index.php?rest_route=%2Fwp%2Fv2%2Fcomments&post=76068"}],"version-history":[{"count":0,"href":"https:\/\/kibrisdakik.com\/index.php?rest_route=\/wp\/v2\/posts\/76068\/revisions"}],"wp:featuredmedia":[{"embeddable":true,"href":"https:\/\/kibrisdakik.com\/index.php?rest_route=\/wp\/v2\/media\/76069"}],"wp:attachment":[{"href":"https:\/\/kibrisdakik.com\/index.php?rest_route=%2Fwp%2Fv2%2Fmedia&parent=76068"}],"wp:term":[{"taxonomy":"category","embeddable":true,"href":"https:\/\/kibrisdakik.com\/index.php?rest_route=%2Fwp%2Fv2%2Fcategories&post=76068"},{"taxonomy":"post_tag","embeddable":true,"href":"https:\/\/kibrisdakik.com\/index.php?rest_route=%2Fwp%2Fv2%2Ftags&post=76068"}],"curies":[{"name":"wp","href":"https:\/\/api.w.org\/{rel}","templated":true}]}}