{"id":76087,"date":"2025-02-21T14:48:10","date_gmt":"2025-02-21T11:48:10","guid":{"rendered":"https:\/\/kibrisdakik.com\/?p=76087"},"modified":"2025-02-21T14:48:10","modified_gmt":"2025-02-21T11:48:10","slug":"hasderin-kibrisin-yerel-zanaatkarlarini-kesfetme-gezi-serisinin-ucuncu-duragi-pelendri-koyu-oldu","status":"publish","type":"post","link":"https:\/\/kibrisdakik.com\/?p=76087","title":{"rendered":"HASDER\u2019in K\u0131br\u0131s\u2019\u0131n yerel zanaatkarlar\u0131n\u0131 ke\u015ffetme gezi serisinin \u00fc\u00e7\u00fcnc\u00fc dura\u011f\u0131 Pelendri k\u00f6y\u00fc oldu"},"content":{"rendered":"<p> <br \/>\n<\/p>\n<div>\n<div class=\"mariselle-image-container center\">\n                <img loading=\"lazy\" decoding=\"async\" width=\"2560\" height=\"1191\" class=\"lazy-image\" alt=\"\" sizes=\"auto, (max-width: 2560px) 100vw, 2560px\" src=\"https:\/\/brtk.net\/wp-content\/uploads\/2025\/02\/21\/35363-scaled.jpg?ver=05ebb691aff468cf97ccf91b47c47cd0\" srcset=\"https:\/\/brtk.net\/wp-content\/uploads\/2025\/02\/21\/35363-scaled.jpg?ver=05ebb691aff468cf97ccf91b47c47cd0 2560w, https:\/\/brtk.net\/wp-content\/uploads\/2025\/02\/21\/35363-300x140.jpg?ver=8d45362c9789c0f7c28ea70c421e34cf 300w, https:\/\/brtk.net\/wp-content\/uploads\/2025\/02\/21\/35363-1024x477.jpg?ver=8d45362c9789c0f7c28ea70c421e34cf 1024w, https:\/\/brtk.net\/wp-content\/uploads\/2025\/02\/21\/35363-768x357.jpg?ver=8d45362c9789c0f7c28ea70c421e34cf 768w, https:\/\/brtk.net\/wp-content\/uploads\/2025\/02\/21\/35363-1536x715.jpg?ver=c4c534fe232c3acc024223a80ead3314 1536w, https:\/\/brtk.net\/wp-content\/uploads\/2025\/02\/21\/35363-2048x953.jpg?ver=53d89c494fab98488975022d09c7beca 2048w\"\/>                            <\/div>\n<p> \u201cGen\u00e7lik \u0130\u015f Ba\u015f\u0131nda: K\u00fclt\u00fcr Yoluyla Diyalo\u011fu Geli\u015ftiriyoruz Projesi\u201d kapsam\u0131nda, K\u0131br\u0131s\u2019\u0131n farkl\u0131 b\u00f6lgelerinde yerel zanaatkarlar\u0131 tan\u0131maya y\u00f6nelik gezi serisi kapsam\u0131nda Pelendri k\u00f6y\u00fc ziyaert edildi.<\/p>\n<p>HASDER\u2019den yap\u0131lan yaz\u0131l\u0131 a\u00e7\u0131klamaya g\u00f6re, Avrupa Birli\u011fi taraf\u0131ndan finanse edilen ve K\u0131br\u0131s T\u00fcrk toplumuna y\u00f6nelik Yard\u0131m Program\u0131 ile HASDER (Halk Sanatlar\u0131 Vakf\u0131 ve Derne\u011fi) liderli\u011finde ve Klirou K\u00fclt\u00fcr ve Spor Derne\u011fi (PAOK) i\u015f birli\u011finde y\u00fcr\u00fct\u00fclen \u201cGen\u00e7lik \u0130\u015f Ba\u015f\u0131nda: K\u00fclt\u00fcr Yoluyla Diyalo\u011fu Geli\u015ftiriyoruz Projesi\u201d kapsam\u0131nda, K\u0131br\u0131s\u2019\u0131n farkl\u0131 b\u00f6lgelerinde yerel zanaatkarlar\u0131 tan\u0131maya y\u00f6nelik gezi serisinin \u00fc\u00e7\u00fcnc\u00fc dura\u011f\u0131 Pelendri K\u00f6y\u00fc oldu.<\/p>\n<p>Paravasi Tiyatro ve K\u00fclt\u00fcr Derne\u011fi ile Mehmet\u00e7ik K\u00fclt\u00fcr ve Dayan\u0131\u015fma Derne\u011fi \u00fcyelerinden gen\u00e7ler, k\u00f6y\u00fcn geleneksel el sanatlar\u0131n\u0131 ke\u015ffetmek amac\u0131yla bir araya geldi.<\/p>\n<p>Pelendri, K\u0131br\u0131s\u2019\u0131n geleneksel zanaatlar\u0131n\u0131 ya\u015fatan \u00f6nemli k\u00f6ylerinden biri olarak, kat\u0131l\u0131mc\u0131lara g\u00fcm\u00fc\u015f i\u015fleme sanat\u0131, Lefkara i\u015fi ve geleneksel t\u0131\u011f i\u015fi gibi el sanatlar\u0131n\u0131n inceliklerini yerinde \u00f6\u011frenme f\u0131rsat\u0131 sundu.<\/p>\n<p>Gen\u00e7ler, ustalarla birebir sohbetlerle bu sanatlar\u0131n ge\u00e7mi\u015ften g\u00fcne nas\u0131l aktar\u0131ld\u0131\u011f\u0131n\u0131 ve el eme\u011finin k\u00fclt\u00fcrel mirastaki yerini ke\u015ffetti.<\/p>\n<p>Kat\u0131l\u0131mc\u0131lar geleneksel el yap\u0131m\u0131 u\u00e7urtma at\u00f6lyesine de giderek eskiden \u00e7ocuklar\u0131n kendi elleriyle yapt\u0131\u011f\u0131 u\u00e7urtmalar\u0131n nas\u0131l haz\u0131rland\u0131\u011f\u0131n\u0131 \u00f6\u011frenip, bu nostaljik oyunca\u011f\u0131 kendileri de \u00fcretti.<\/p>\n<p>A\u00e7\u0131klamaya g\u00f6re etkinlik, \u201cK\u0131br\u0131s Zanaatkarlar\u0131 Haritas\u0131\u201d i\u00e7in veri toplama s\u00fcrecinin bir par\u00e7as\u0131 olarak \u00f6nemli bir ad\u0131m oldu.<\/p>\n<p>Kat\u0131l\u0131mc\u0131lar, ustalar\u0131n \u00fcretim s\u00fcre\u00e7lerini belgeleyerek geleneksel sanatlar\u0131n tan\u0131t\u0131m\u0131na katk\u0131da bulundu. Ayr\u0131ca, el sanatlar\u0131n\u0131n korunmas\u0131na y\u00f6nelik fark\u0131ndal\u0131k kazanarak k\u00fclt\u00fcrel miras\u0131n s\u00fcrd\u00fcr\u00fclebilirli\u011fine katk\u0131da bulundu.<\/p>\n<\/p><\/div>\n<p><script async\n                    defer\n                    crossorigin=\"anonymous\"\n                    src=\"https:\/\/connect.facebook.net\/tr_TR\/sdk.js#xfbml=1&#038;version=v3.3\"\n            ><\/script><br \/>\n<br \/><br \/>\n<br \/><a href=\"https:\/\/brtk.net\/hasderin-kibrisin-yerel-zanaatkarlarini-kesfetme-gezi-serisinin-ucuncu-duragi-pelendri-koyu-oldu\/\">kpostasi <\/a><\/p>\n","protected":false},"excerpt":{"rendered":"<p>\u201cGen\u00e7lik \u0130\u015f Ba\u015f\u0131nda: K\u00fclt\u00fcr Yoluyla Diyalo\u011fu Geli\u015ftiriyoruz Projesi\u201d kapsam\u0131nda, K\u0131br\u0131s\u2019\u0131n farkl\u0131 b\u00f6lgelerinde yerel zanaatkarlar\u0131 tan\u0131maya y\u00f6nelik gezi serisi kapsam\u0131nda Pelendri k\u00f6y\u00fc ziyaert edildi. HASDER\u2019den yap\u0131lan yaz\u0131l\u0131 a\u00e7\u0131klamaya g\u00f6re, Avrupa Birli\u011fi taraf\u0131ndan finanse edilen ve K\u0131br\u0131s T\u00fcrk toplumuna y\u00f6nelik Yard\u0131m Program\u0131 ile HASDER (Halk Sanatlar\u0131 Vakf\u0131 ve Derne\u011fi) liderli\u011finde ve Klirou K\u00fclt\u00fcr ve Spor Derne\u011fi (PAOK)<\/p>\n","protected":false},"author":1,"featured_media":76088,"comment_status":"open","ping_status":"open","sticky":false,"template":"","format":"standard","meta":{"footnotes":""},"categories":[1,81,101],"tags":[],"class_list":["post-76087","post","type-post","status-publish","format-standard","has-post-thumbnail","hentry","category-gundem","category-kibris","category-manset"],"yoast_head":"<!-- This site is optimized with the Yoast SEO plugin v27.4 - https:\/\/yoast.com\/product\/yoast-seo-wordpress\/ -->\n<title>HASDER\u2019in K\u0131br\u0131s\u2019\u0131n yerel zanaatkarlar\u0131n\u0131 ke\u015ffetme gezi serisinin \u00fc\u00e7\u00fcnc\u00fc dura\u011f\u0131 Pelendri k\u00f6y\u00fc oldu -<\/title>\n<meta name=\"robots\" content=\"index, follow, max-snippet:-1, max-image-preview:large, max-video-preview:-1\" \/>\n<link rel=\"canonical\" href=\"https:\/\/kibrisdakik.com\/?p=76087\" \/>\n<meta property=\"og:locale\" content=\"tr_TR\" \/>\n<meta property=\"og:type\" content=\"article\" \/>\n<meta property=\"og:title\" content=\"HASDER\u2019in K\u0131br\u0131s\u2019\u0131n yerel zanaatkarlar\u0131n\u0131 ke\u015ffetme gezi serisinin \u00fc\u00e7\u00fcnc\u00fc dura\u011f\u0131 Pelendri k\u00f6y\u00fc oldu -\" \/>\n<meta property=\"og:description\" content=\"\u201cGen\u00e7lik \u0130\u015f Ba\u015f\u0131nda: K\u00fclt\u00fcr Yoluyla Diyalo\u011fu Geli\u015ftiriyoruz Projesi\u201d kapsam\u0131nda, K\u0131br\u0131s\u2019\u0131n farkl\u0131 b\u00f6lgelerinde yerel zanaatkarlar\u0131 tan\u0131maya y\u00f6nelik gezi serisi kapsam\u0131nda Pelendri k\u00f6y\u00fc ziyaert edildi. HASDER\u2019den yap\u0131lan yaz\u0131l\u0131 a\u00e7\u0131klamaya g\u00f6re, Avrupa Birli\u011fi taraf\u0131ndan finanse edilen ve K\u0131br\u0131s T\u00fcrk toplumuna y\u00f6nelik Yard\u0131m Program\u0131 ile HASDER (Halk Sanatlar\u0131 Vakf\u0131 ve Derne\u011fi) liderli\u011finde ve Klirou K\u00fclt\u00fcr ve Spor Derne\u011fi (PAOK)\" \/>\n<meta property=\"og:url\" content=\"https:\/\/kibrisdakik.com\/?p=76087\" \/>\n<meta property=\"article:published_time\" content=\"2025-02-21T11:48:10+00:00\" \/>\n<meta property=\"og:image\" content=\"https:\/\/kibrisdakik.com\/wp-content\/uploads\/2025\/02\/35363-scaled-740x420.jpg\" \/>\n\t<meta property=\"og:image:width\" content=\"2560\" \/>\n\t<meta property=\"og:image:height\" content=\"1191\" \/>\n\t<meta property=\"og:image:type\" content=\"image\/jpeg\" \/>\n<meta name=\"author\" content=\"admin\" \/>\n<meta name=\"twitter:card\" content=\"summary_large_image\" \/>\n<meta name=\"twitter:label1\" content=\"Yazan:\" \/>\n\t<meta name=\"twitter:data1\" content=\"admin\" \/>\n\t<meta name=\"twitter:label2\" content=\"Tahmini okuma s\u00fcresi\" \/>\n\t<meta name=\"twitter:data2\" content=\"2 dakika\" \/>\n<script type=\"application\/ld+json\" class=\"yoast-schema-graph\">{\"@context\":\"https:\\\/\\\/schema.org\",\"@graph\":[{\"@type\":\"Article\",\"@id\":\"https:\\\/\\\/kibrisdakik.com\\\/?p=76087#article\",\"isPartOf\":{\"@id\":\"https:\\\/\\\/kibrisdakik.com\\\/?p=76087\"},\"author\":{\"name\":\"admin\",\"@id\":\"https:\\\/\\\/kibrisdakik.com\\\/#\\\/schema\\\/person\\\/9cd9d437bbb44f72b73ba127e06d8e79\"},\"headline\":\"HASDER\u2019in K\u0131br\u0131s\u2019\u0131n yerel zanaatkarlar\u0131n\u0131 ke\u015ffetme gezi serisinin \u00fc\u00e7\u00fcnc\u00fc dura\u011f\u0131 Pelendri k\u00f6y\u00fc oldu\",\"datePublished\":\"2025-02-21T11:48:10+00:00\",\"mainEntityOfPage\":{\"@id\":\"https:\\\/\\\/kibrisdakik.com\\\/?p=76087\"},\"wordCount\":367,\"commentCount\":0,\"image\":{\"@id\":\"https:\\\/\\\/kibrisdakik.com\\\/?p=76087#primaryimage\"},\"thumbnailUrl\":\"https:\\\/\\\/kibrisdakik.com\\\/wp-content\\\/uploads\\\/2025\\\/02\\\/35363-scaled-740x420.jpg\",\"articleSection\":[\"G\u00fcndem\",\"K\u0131br\u0131s\",\"Man\u015fet\"],\"inLanguage\":\"tr\",\"potentialAction\":[{\"@type\":\"CommentAction\",\"name\":\"Comment\",\"target\":[\"https:\\\/\\\/kibrisdakik.com\\\/?p=76087#respond\"]}]},{\"@type\":\"WebPage\",\"@id\":\"https:\\\/\\\/kibrisdakik.com\\\/?p=76087\",\"url\":\"https:\\\/\\\/kibrisdakik.com\\\/?p=76087\",\"name\":\"HASDER\u2019in K\u0131br\u0131s\u2019\u0131n yerel zanaatkarlar\u0131n\u0131 ke\u015ffetme gezi serisinin \u00fc\u00e7\u00fcnc\u00fc dura\u011f\u0131 Pelendri k\u00f6y\u00fc oldu -\",\"isPartOf\":{\"@id\":\"https:\\\/\\\/kibrisdakik.com\\\/#website\"},\"primaryImageOfPage\":{\"@id\":\"https:\\\/\\\/kibrisdakik.com\\\/?p=76087#primaryimage\"},\"image\":{\"@id\":\"https:\\\/\\\/kibrisdakik.com\\\/?p=76087#primaryimage\"},\"thumbnailUrl\":\"https:\\\/\\\/kibrisdakik.com\\\/wp-content\\\/uploads\\\/2025\\\/02\\\/35363-scaled-740x420.jpg\",\"datePublished\":\"2025-02-21T11:48:10+00:00\",\"author\":{\"@id\":\"https:\\\/\\\/kibrisdakik.com\\\/#\\\/schema\\\/person\\\/9cd9d437bbb44f72b73ba127e06d8e79\"},\"breadcrumb\":{\"@id\":\"https:\\\/\\\/kibrisdakik.com\\\/?p=76087#breadcrumb\"},\"inLanguage\":\"tr\",\"potentialAction\":[{\"@type\":\"ReadAction\",\"target\":[\"https:\\\/\\\/kibrisdakik.com\\\/?p=76087\"]}]},{\"@type\":\"ImageObject\",\"inLanguage\":\"tr\",\"@id\":\"https:\\\/\\\/kibrisdakik.com\\\/?p=76087#primaryimage\",\"url\":\"https:\\\/\\\/kibrisdakik.com\\\/wp-content\\\/uploads\\\/2025\\\/02\\\/35363-scaled-740x420.jpg\",\"contentUrl\":\"https:\\\/\\\/kibrisdakik.com\\\/wp-content\\\/uploads\\\/2025\\\/02\\\/35363-scaled-740x420.jpg\",\"width\":2560,\"height\":1191},{\"@type\":\"BreadcrumbList\",\"@id\":\"https:\\\/\\\/kibrisdakik.com\\\/?p=76087#breadcrumb\",\"itemListElement\":[{\"@type\":\"ListItem\",\"position\":1,\"name\":\"Home\",\"item\":\"https:\\\/\\\/kibrisdakik.com\\\/\"},{\"@type\":\"ListItem\",\"position\":2,\"name\":\"HASDER\u2019in K\u0131br\u0131s\u2019\u0131n yerel zanaatkarlar\u0131n\u0131 ke\u015ffetme gezi serisinin \u00fc\u00e7\u00fcnc\u00fc dura\u011f\u0131 Pelendri k\u00f6y\u00fc oldu\"}]},{\"@type\":\"WebSite\",\"@id\":\"https:\\\/\\\/kibrisdakik.com\\\/#website\",\"url\":\"https:\\\/\\\/kibrisdakik.com\\\/\",\"name\":\"\",\"description\":\"Tam vaktinde haber\",\"potentialAction\":[{\"@type\":\"SearchAction\",\"target\":{\"@type\":\"EntryPoint\",\"urlTemplate\":\"https:\\\/\\\/kibrisdakik.com\\\/?s={search_term_string}\"},\"query-input\":{\"@type\":\"PropertyValueSpecification\",\"valueRequired\":true,\"valueName\":\"search_term_string\"}}],\"inLanguage\":\"tr\"},{\"@type\":\"Person\",\"@id\":\"https:\\\/\\\/kibrisdakik.com\\\/#\\\/schema\\\/person\\\/9cd9d437bbb44f72b73ba127e06d8e79\",\"name\":\"admin\",\"image\":{\"@type\":\"ImageObject\",\"inLanguage\":\"tr\",\"@id\":\"https:\\\/\\\/secure.gravatar.com\\\/avatar\\\/ccc17943b9d660506c869530f897617f7cb1c21a4bf30023f252596d83e1f007?s=96&d=mm&r=g\",\"url\":\"https:\\\/\\\/secure.gravatar.com\\\/avatar\\\/ccc17943b9d660506c869530f897617f7cb1c21a4bf30023f252596d83e1f007?s=96&d=mm&r=g\",\"contentUrl\":\"https:\\\/\\\/secure.gravatar.com\\\/avatar\\\/ccc17943b9d660506c869530f897617f7cb1c21a4bf30023f252596d83e1f007?s=96&d=mm&r=g\",\"caption\":\"admin\"},\"sameAs\":[\"https:\\\/\\\/kibrisdakik.com\"],\"url\":\"https:\\\/\\\/kibrisdakik.com\\\/?author=1\"}]}<\/script>\n<!-- \/ Yoast SEO plugin. -->","yoast_head_json":{"title":"HASDER\u2019in K\u0131br\u0131s\u2019\u0131n yerel zanaatkarlar\u0131n\u0131 ke\u015ffetme gezi serisinin \u00fc\u00e7\u00fcnc\u00fc dura\u011f\u0131 Pelendri k\u00f6y\u00fc oldu -","robots":{"index":"index","follow":"follow","max-snippet":"max-snippet:-1","max-image-preview":"max-image-preview:large","max-video-preview":"max-video-preview:-1"},"canonical":"https:\/\/kibrisdakik.com\/?p=76087","og_locale":"tr_TR","og_type":"article","og_title":"HASDER\u2019in K\u0131br\u0131s\u2019\u0131n yerel zanaatkarlar\u0131n\u0131 ke\u015ffetme gezi serisinin \u00fc\u00e7\u00fcnc\u00fc dura\u011f\u0131 Pelendri k\u00f6y\u00fc oldu -","og_description":"\u201cGen\u00e7lik \u0130\u015f Ba\u015f\u0131nda: K\u00fclt\u00fcr Yoluyla Diyalo\u011fu Geli\u015ftiriyoruz Projesi\u201d kapsam\u0131nda, K\u0131br\u0131s\u2019\u0131n farkl\u0131 b\u00f6lgelerinde yerel zanaatkarlar\u0131 tan\u0131maya y\u00f6nelik gezi serisi kapsam\u0131nda Pelendri k\u00f6y\u00fc ziyaert edildi. HASDER\u2019den yap\u0131lan yaz\u0131l\u0131 a\u00e7\u0131klamaya g\u00f6re, Avrupa Birli\u011fi taraf\u0131ndan finanse edilen ve K\u0131br\u0131s T\u00fcrk toplumuna y\u00f6nelik Yard\u0131m Program\u0131 ile HASDER (Halk Sanatlar\u0131 Vakf\u0131 ve Derne\u011fi) liderli\u011finde ve Klirou K\u00fclt\u00fcr ve Spor Derne\u011fi (PAOK)","og_url":"https:\/\/kibrisdakik.com\/?p=76087","article_published_time":"2025-02-21T11:48:10+00:00","og_image":[{"width":2560,"height":1191,"url":"https:\/\/kibrisdakik.com\/wp-content\/uploads\/2025\/02\/35363-scaled-740x420.jpg","type":"image\/jpeg"}],"author":"admin","twitter_card":"summary_large_image","twitter_misc":{"Yazan:":"admin","Tahmini okuma s\u00fcresi":"2 dakika"},"schema":{"@context":"https:\/\/schema.org","@graph":[{"@type":"Article","@id":"https:\/\/kibrisdakik.com\/?p=76087#article","isPartOf":{"@id":"https:\/\/kibrisdakik.com\/?p=76087"},"author":{"name":"admin","@id":"https:\/\/kibrisdakik.com\/#\/schema\/person\/9cd9d437bbb44f72b73ba127e06d8e79"},"headline":"HASDER\u2019in K\u0131br\u0131s\u2019\u0131n yerel zanaatkarlar\u0131n\u0131 ke\u015ffetme gezi serisinin \u00fc\u00e7\u00fcnc\u00fc dura\u011f\u0131 Pelendri k\u00f6y\u00fc oldu","datePublished":"2025-02-21T11:48:10+00:00","mainEntityOfPage":{"@id":"https:\/\/kibrisdakik.com\/?p=76087"},"wordCount":367,"commentCount":0,"image":{"@id":"https:\/\/kibrisdakik.com\/?p=76087#primaryimage"},"thumbnailUrl":"https:\/\/kibrisdakik.com\/wp-content\/uploads\/2025\/02\/35363-scaled-740x420.jpg","articleSection":["G\u00fcndem","K\u0131br\u0131s","Man\u015fet"],"inLanguage":"tr","potentialAction":[{"@type":"CommentAction","name":"Comment","target":["https:\/\/kibrisdakik.com\/?p=76087#respond"]}]},{"@type":"WebPage","@id":"https:\/\/kibrisdakik.com\/?p=76087","url":"https:\/\/kibrisdakik.com\/?p=76087","name":"HASDER\u2019in K\u0131br\u0131s\u2019\u0131n yerel zanaatkarlar\u0131n\u0131 ke\u015ffetme gezi serisinin \u00fc\u00e7\u00fcnc\u00fc dura\u011f\u0131 Pelendri k\u00f6y\u00fc oldu -","isPartOf":{"@id":"https:\/\/kibrisdakik.com\/#website"},"primaryImageOfPage":{"@id":"https:\/\/kibrisdakik.com\/?p=76087#primaryimage"},"image":{"@id":"https:\/\/kibrisdakik.com\/?p=76087#primaryimage"},"thumbnailUrl":"https:\/\/kibrisdakik.com\/wp-content\/uploads\/2025\/02\/35363-scaled-740x420.jpg","datePublished":"2025-02-21T11:48:10+00:00","author":{"@id":"https:\/\/kibrisdakik.com\/#\/schema\/person\/9cd9d437bbb44f72b73ba127e06d8e79"},"breadcrumb":{"@id":"https:\/\/kibrisdakik.com\/?p=76087#breadcrumb"},"inLanguage":"tr","potentialAction":[{"@type":"ReadAction","target":["https:\/\/kibrisdakik.com\/?p=76087"]}]},{"@type":"ImageObject","inLanguage":"tr","@id":"https:\/\/kibrisdakik.com\/?p=76087#primaryimage","url":"https:\/\/kibrisdakik.com\/wp-content\/uploads\/2025\/02\/35363-scaled-740x420.jpg","contentUrl":"https:\/\/kibrisdakik.com\/wp-content\/uploads\/2025\/02\/35363-scaled-740x420.jpg","width":2560,"height":1191},{"@type":"BreadcrumbList","@id":"https:\/\/kibrisdakik.com\/?p=76087#breadcrumb","itemListElement":[{"@type":"ListItem","position":1,"name":"Home","item":"https:\/\/kibrisdakik.com\/"},{"@type":"ListItem","position":2,"name":"HASDER\u2019in K\u0131br\u0131s\u2019\u0131n yerel zanaatkarlar\u0131n\u0131 ke\u015ffetme gezi serisinin \u00fc\u00e7\u00fcnc\u00fc dura\u011f\u0131 Pelendri k\u00f6y\u00fc oldu"}]},{"@type":"WebSite","@id":"https:\/\/kibrisdakik.com\/#website","url":"https:\/\/kibrisdakik.com\/","name":"","description":"Tam vaktinde haber","potentialAction":[{"@type":"SearchAction","target":{"@type":"EntryPoint","urlTemplate":"https:\/\/kibrisdakik.com\/?s={search_term_string}"},"query-input":{"@type":"PropertyValueSpecification","valueRequired":true,"valueName":"search_term_string"}}],"inLanguage":"tr"},{"@type":"Person","@id":"https:\/\/kibrisdakik.com\/#\/schema\/person\/9cd9d437bbb44f72b73ba127e06d8e79","name":"admin","image":{"@type":"ImageObject","inLanguage":"tr","@id":"https:\/\/secure.gravatar.com\/avatar\/ccc17943b9d660506c869530f897617f7cb1c21a4bf30023f252596d83e1f007?s=96&d=mm&r=g","url":"https:\/\/secure.gravatar.com\/avatar\/ccc17943b9d660506c869530f897617f7cb1c21a4bf30023f252596d83e1f007?s=96&d=mm&r=g","contentUrl":"https:\/\/secure.gravatar.com\/avatar\/ccc17943b9d660506c869530f897617f7cb1c21a4bf30023f252596d83e1f007?s=96&d=mm&r=g","caption":"admin"},"sameAs":["https:\/\/kibrisdakik.com"],"url":"https:\/\/kibrisdakik.com\/?author=1"}]}},"_links":{"self":[{"href":"https:\/\/kibrisdakik.com\/index.php?rest_route=\/wp\/v2\/posts\/76087","targetHints":{"allow":["GET"]}}],"collection":[{"href":"https:\/\/kibrisdakik.com\/index.php?rest_route=\/wp\/v2\/posts"}],"about":[{"href":"https:\/\/kibrisdakik.com\/index.php?rest_route=\/wp\/v2\/types\/post"}],"author":[{"embeddable":true,"href":"https:\/\/kibrisdakik.com\/index.php?rest_route=\/wp\/v2\/users\/1"}],"replies":[{"embeddable":true,"href":"https:\/\/kibrisdakik.com\/index.php?rest_route=%2Fwp%2Fv2%2Fcomments&post=76087"}],"version-history":[{"count":1,"href":"https:\/\/kibrisdakik.com\/index.php?rest_route=\/wp\/v2\/posts\/76087\/revisions"}],"predecessor-version":[{"id":76124,"href":"https:\/\/kibrisdakik.com\/index.php?rest_route=\/wp\/v2\/posts\/76087\/revisions\/76124"}],"wp:featuredmedia":[{"embeddable":true,"href":"https:\/\/kibrisdakik.com\/index.php?rest_route=\/wp\/v2\/media\/76088"}],"wp:attachment":[{"href":"https:\/\/kibrisdakik.com\/index.php?rest_route=%2Fwp%2Fv2%2Fmedia&parent=76087"}],"wp:term":[{"taxonomy":"category","embeddable":true,"href":"https:\/\/kibrisdakik.com\/index.php?rest_route=%2Fwp%2Fv2%2Fcategories&post=76087"},{"taxonomy":"post_tag","embeddable":true,"href":"https:\/\/kibrisdakik.com\/index.php?rest_route=%2Fwp%2Fv2%2Ftags&post=76087"}],"curies":[{"name":"wp","href":"https:\/\/api.w.org\/{rel}","templated":true}]}}