{"id":7609,"date":"2023-05-26T03:52:54","date_gmt":"2023-05-26T03:52:54","guid":{"rendered":"https:\/\/kibrisdakik.com\/index.php\/2023\/05\/26\/antakya-medeniyetler-korosu-girnede-sampiyon-melekler-icin-soyledi\/"},"modified":"2023-05-26T03:52:54","modified_gmt":"2023-05-26T03:52:54","slug":"antakya-medeniyetler-korosu-girnede-sampiyon-melekler-icin-soyledi","status":"publish","type":"post","link":"https:\/\/kibrisdakik.com\/?p=7609","title":{"rendered":"Antakya Medeniyetler Korosu, Girne\u2019de \u201c\u015eampiyon Melekler\u201d i\u00e7in s\u00f6yledi"},"content":{"rendered":"<p><\/p>\n<div>\n<div class=\"mariselle-image-container center\">\n                <img width=\"2560\" height=\"1439\" class=\"lazy-image\" alt=\"\" decoding=\"async\" loading=\"lazy\" sizes=\"auto, (max-width: 2560px) 100vw, 2560px\" src=\"https:\/\/brtk.net\/wp-content\/uploads\/2023\/05\/25\/InShot_20230525_225826359-scaled.jpg?ver=15a934518647f892fe8fec4469738cb3\" srcset=\"https:\/\/brtk.net\/wp-content\/uploads\/2023\/05\/25\/InShot_20230525_225826359-scaled.jpg?ver=15a934518647f892fe8fec4469738cb3 2560w, https:\/\/brtk.net\/wp-content\/uploads\/2023\/05\/25\/InShot_20230525_225826359-300x169.jpg?ver=15a934518647f892fe8fec4469738cb3 300w, https:\/\/brtk.net\/wp-content\/uploads\/2023\/05\/25\/InShot_20230525_225826359-1024x576.jpg?ver=0683965c9f5d8e1f058f366010c949fd 1024w, https:\/\/brtk.net\/wp-content\/uploads\/2023\/05\/25\/InShot_20230525_225826359-768x432.jpg?ver=0683965c9f5d8e1f058f366010c949fd 768w, https:\/\/brtk.net\/wp-content\/uploads\/2023\/05\/25\/InShot_20230525_225826359-1536x863.jpg?ver=77fb5835b904cf6245f6ba4cd843811f 1536w, https:\/\/brtk.net\/wp-content\/uploads\/2023\/05\/25\/InShot_20230525_225826359-2048x1151.jpg?ver=eb841e313c4738b54df8e4606f220c05 2048w\"\/>                            <\/div>\n<p>Ba\u015fbakanl\u0131k himayelerinde, Antik Ma\u011fusa Vakf\u0131 ve Akademi Sanat Dernekleri ile i\u015fbirli\u011finde d\u00fczenlenen ve geliri  \u015eampiyon Melekleri Ya\u015fatma Derne\u011fi\u2019ne b\u0131rak\u0131lacak olan Antakya Medeniyetler Korosu konserlerinin  ikincisi  d\u00fcn ak\u015fam Girne Amfitiyatro\u2019da  ger\u00e7ekle\u015fti.<\/p>\n<p>Antakya Medeniyetler Korosu\u2019nun sahne ald\u0131\u011f\u0131 gecede , duygu dolu anlar ya\u015fand\u0131. Koronun seslendirdi\u011fi \u015fark\u0131lara e\u015flik eden izleyiciler, \u00f6zellikle konser ba\u015f\u0131nda Ma\u011fusa Liman\u0131 \u015fark\u0131s\u0131nda  g\u00f6zya\u015flar\u0131na bo\u011fuldu.<\/p>\n<p>Antakya Medeniyetler Korosu Kurucu \u015eefi Y\u0131lmaz \u00d6zf\u0131rat, 6 \u015eubat\u2019tan bug\u00fcne kadar farkl\u0131 yerlerde konserler veren ekibin \u015eampiyon Melekler i\u00e7in <a href=\"https:\/\/brtk.net\/\"\/><a href=\"https:\/\/brtk.net\/\"\/><a href=\"https:\/\/brtk.net\/\"\/><a href=\"https:\/\/brtk.net\/\">KKTC<\/a>\u2019ye geldi\u011fini belirterek, depremin  T\u00fcrkiye\u2019de  11 il ile birlikte Ma\u011fusa\u2019da da ya\u015fand\u0131\u011f\u0131n\u0131  kaydetti.<\/p>\n<p>T\u00fcrkiye ve <a href=\"https:\/\/brtk.net\/\"\/><a href=\"https:\/\/brtk.net\/\"\/><a href=\"https:\/\/brtk.net\/\"\/><a href=\"https:\/\/brtk.net\/\">KKTC<\/a> halk\u0131n\u0131n \u00e7ok b\u00fcy\u00fck bir ortak ac\u0131y\u0131 payla\u015ft\u0131\u011f\u0131n\u0131  dile getiren \u00d6zf\u0131rat,  bir cinayete kurban giden \u015eampiyon meleklerin ya\u015fat\u0131lmas\u0131 ve kay\u0131plar\u0131na  neden olanlar\u0131n  en a\u011f\u0131r cezay\u0131 almas\u0131 i\u00e7in, her konserlerinde onlar\u0131 anarak , bu davay\u0131 unutturmayacaklar\u0131n\u0131  vurgulad\u0131.<\/p>\n<p>Antik Ma\u011fusa Vakf\u0131 Ba\u015fkan\u0131 ve <a href=\"https:\/\/brtk.net\/\">UBP<\/a> Ma\u011fusa Milletvekili Resmiye Ero\u011flu Canaltay\u2019da depremin  T\u00fcrkiye\u2019nin 11 ilinde ve <a href=\"https:\/\/brtk.net\/\"\/><a href=\"https:\/\/brtk.net\/\"\/><a href=\"https:\/\/brtk.net\/\"\/><a href=\"https:\/\/brtk.net\/\">KKTC<\/a>\u2019de evlere ate\u015f d\u00fc\u015f\u00fcrd\u00fc\u011f\u00fcn\u00fc, art\u0131k hi\u00e7bir \u015feyin eskisi gibi olamayaca\u011f\u0131n\u0131 belirterek, K\u0131br\u0131s T\u00fcrk halk\u0131n\u0131n depremin ac\u0131s\u0131n\u0131 \u00e7ok derinden ya\u015fad\u0131\u011f\u0131n\u0131  vurgulad\u0131.<\/p>\n<p>Ba\u015fbakan \u00dcnal \u00dcstel ve heyetinin  \u0130sias Otel Davas\u0131 i\u00e7in Ad\u0131yaman\u2019da oldu\u011funu an\u0131msatarak , herkesin sorumlular\u0131n  en a\u011f\u0131r cezay\u0131 almas\u0131 i\u00e7in \u00e7al\u0131\u015faca\u011f\u0131n\u0131  belirten Canaltay,<a href=\"https:\/\/brtk.net\/\"\/><a href=\"https:\/\/brtk.net\/\"\/><a href=\"https:\/\/brtk.net\/\"\/><a href=\"https:\/\/brtk.net\/\">KKTC<\/a>, T\u00fcrkiye ve d\u00fcnyada bir kez daha b\u00f6yle bir felaket ya\u015fanmamas\u0131n\u0131 diledi. <\/p>\n<p>Canaltay konu\u015fmas\u0131n\u0131n sonunda \u015eampiyon melekler i\u00e7in ger\u00e7ekle\u015fen konserde sahne alan Antakya Medeniyetler Korosuna da te\u015fekk\u00fcrlerini sundu.<\/p>\n<div class=\"mariselle-image-container center\">\n                <img width=\"1600\" height=\"1066\" class=\"lazy-image\" alt=\"\" decoding=\"async\" loading=\"lazy\" sizes=\"auto, (max-width: 1600px) 100vw, 1600px\" src=\"https:\/\/brtk.net\/wp-content\/uploads\/2023\/05\/26\/kljh.jpg?ver=a65855b82232c7c11ad661d7cd3af8e4\" srcset=\"https:\/\/brtk.net\/wp-content\/uploads\/2023\/05\/26\/kljh.jpg?ver=a65855b82232c7c11ad661d7cd3af8e4 1600w, https:\/\/brtk.net\/wp-content\/uploads\/2023\/05\/26\/kljh-300x200.jpg?ver=a65855b82232c7c11ad661d7cd3af8e4 300w, https:\/\/brtk.net\/wp-content\/uploads\/2023\/05\/26\/kljh-1024x682.jpg?ver=20a44f8c6507029f6c19050ebfa78c3b 1024w, https:\/\/brtk.net\/wp-content\/uploads\/2023\/05\/26\/kljh-768x512.jpg?ver=20a44f8c6507029f6c19050ebfa78c3b 768w, https:\/\/brtk.net\/wp-content\/uploads\/2023\/05\/26\/kljh-1536x1023.jpg?ver=e20ff84e738d638e305dab278f5c0f9f 1536w\"\/>                            <\/div>\n<p>\u015eampiyon Melekleri Ya\u015fatma Derne\u011fi Ba\u015fkan\u0131 Ru\u015fen Karakaya,  Antakya Medeniyetler Korusu\u2019na te\u015fekk\u00fcr ederek, \u0130sias Otel cinayeti sorumlular\u0131 en a\u011f\u0131r cezay\u0131 alana kadar davalar\u0131ndan asla vazge\u00e7meyeceklerini  vurgulad\u0131.<br \/>Cumhurba\u015fkan\u0131 <a href=\"https:\/\/brtk.net\/\" target=\"_blank\" rel=\"noopener\"><a href=\"https:\/\/brtk.net\/\" target=\"_blank\" rel=\"noopener\">Ersin <\/a><a href=\"https:\/\/brtk.net\/\"\/><a href=\"https:\/\/brtk.net\/\"\/><a href=\"https:\/\/brtk.net\/\">Tatar<\/a> da, Antakya Medeniyetler Korosu\u2019nun  6 ay \u00f6nce Girne\u2019de sahne ald\u0131\u011f\u0131n\u0131 an\u0131msatarak,  6 \u015eubat depreminin ard\u0131ndan bu ak\u015fam ortak bir ac\u0131y\u0131 payla\u015fmak i\u00e7in sahnede oldu\u011funu ifade etti.<\/p>\n<div class=\"mariselle-image-container center\">\n                <img width=\"1600\" height=\"1066\" class=\"lazy-image\" alt=\"\" decoding=\"async\" loading=\"lazy\" sizes=\"auto, (max-width: 1600px) 100vw, 1600px\" src=\"https:\/\/brtk.net\/wp-content\/uploads\/2023\/05\/26\/349110312_745687377333500_8625664009822822326_n.jpg?ver=14a40fb7cb7a948732773e3d71451853\" srcset=\"https:\/\/brtk.net\/wp-content\/uploads\/2023\/05\/26\/349110312_745687377333500_8625664009822822326_n.jpg?ver=14a40fb7cb7a948732773e3d71451853 1600w, https:\/\/brtk.net\/wp-content\/uploads\/2023\/05\/26\/349110312_745687377333500_8625664009822822326_n-300x200.jpg?ver=14a40fb7cb7a948732773e3d71451853 300w, https:\/\/brtk.net\/wp-content\/uploads\/2023\/05\/26\/349110312_745687377333500_8625664009822822326_n-1024x682.jpg?ver=1e7d0df1fa056c203bdd08f175b6f6c1 1024w, https:\/\/brtk.net\/wp-content\/uploads\/2023\/05\/26\/349110312_745687377333500_8625664009822822326_n-768x512.jpg?ver=1e7d0df1fa056c203bdd08f175b6f6c1 768w, https:\/\/brtk.net\/wp-content\/uploads\/2023\/05\/26\/349110312_745687377333500_8625664009822822326_n-1536x1023.jpg?ver=1e7d0df1fa056c203bdd08f175b6f6c1 1536w\"\/>                            <\/div>\n<p>Deprem felaketinde, T\u00fcrkiye Cumhuriyeti\u2019nde  on binlerce ki\u015fiyle birlikte <a href=\"https:\/\/brtk.net\/\"\/><a href=\"https:\/\/brtk.net\/\"\/><a href=\"https:\/\/brtk.net\/\"\/><a href=\"https:\/\/brtk.net\/\">KKTC<\/a>\u2019den de kay\u0131plar verildi\u011fini  an\u0131msatan  Cumhurba\u015fkan\u0131 <a href=\"https:\/\/brtk.net\/\" target=\"_blank\" rel=\"noopener\"><a href=\"https:\/\/brtk.net\/\" target=\"_blank\" rel=\"noopener\">Ersin <\/a><a href=\"https:\/\/brtk.net\/\"\/><a href=\"https:\/\/brtk.net\/\"\/><a href=\"https:\/\/brtk.net\/\">Tatar<\/a>, \u201cAc\u0131lar\u0131m\u0131z\u0131 y\u00fcre\u011fimize g\u00f6m\u00fcp , yolumuza devam etmek zorunday\u0131z\u201d dedi.<\/p>\n<p>Y\u0131lmaz \u00d6zf\u0131rat ve Antakya Medeniyetler korosunun her konserlerinde , \u015eampiyon Melekleri anarak,  unutturmad\u0131\u011f\u0131n\u0131 dile getiren <a href=\"https:\/\/brtk.net\/\"\/><a href=\"https:\/\/brtk.net\/\"\/><a href=\"https:\/\/brtk.net\/\">Tatar<\/a>, bug\u00fcn Ba\u015fbakan \u00dcstel Ba\u015fkanl\u0131\u011f\u0131ndak, heyetin \u0130sias Davas\u0131 i\u00e7in Ad\u0131yaman\u2019da oldu\u011funu an\u0131msatt\u0131.<\/p>\n<p>Muhalefetiyle , \u0130ktidar\u0131yla t\u00fcm kesimlerin \u0130sias Davas\u0131 i\u00e7in tek y\u00fcrek oldu\u011funu kaydeden <a href=\"https:\/\/brtk.net\/\"\/><a href=\"https:\/\/brtk.net\/\"\/><a href=\"https:\/\/brtk.net\/\">Tatar<\/a>,  sorumlular\u0131n en a\u011f\u0131r cezay\u0131  almas\u0131 i\u00e7in , bu birliktelikle , daha g\u00fc\u00e7l\u00fc bir \u015fekilde m\u00fccadele verilece\u011fini vurgulad\u0131.<br \/>Gecenin sonunda, Ba\u015fbakan \u00dcnal \u00dcstel\u2019in E\u015fi Zerrin \u00dcstel taraf\u0131ndan  Antakya Medeniyetler Korosu Kurucu \u015eefi Y\u0131lmaz \u00d6zf\u0131rat\u2019a  an\u0131 plaketi ve gecenin ger\u00e7ekle\u015fmesine katk\u0131 koyanlara te\u015fekk\u00fcr plaketleri sunuldu.<a href=\"https:\/\/brtk.net\/\">BRT<\/a><\/p>\n<\/p><\/div>\n<p><script async\n                    defer\n                    crossorigin=\"anonymous\"\n                    src=\"https:\/\/connect.facebook.net\/tr_TR\/sdk.js#xfbml=1&#038;version=v3.3\"\n            ><\/script><\/p>\n","protected":false},"excerpt":{"rendered":"<p>Ba\u015fbakanl\u0131k himayelerinde, Antik Ma\u011fusa Vakf\u0131 ve Akademi Sanat Dernekleri ile i\u015fbirli\u011finde d\u00fczenlenen ve geliri \u015eampiyon Melekleri Ya\u015fatma Derne\u011fi\u2019ne b\u0131rak\u0131lacak olan Antakya Medeniyetler Korosu konserlerinin ikincisi d\u00fcn ak\u015fam Girne Amfitiyatro\u2019da ger\u00e7ekle\u015fti. Antakya Medeniyetler Korosu\u2019nun sahne ald\u0131\u011f\u0131 gecede , duygu dolu anlar ya\u015fand\u0131. Koronun seslendirdi\u011fi \u015fark\u0131lara e\u015flik eden izleyiciler, \u00f6zellikle konser ba\u015f\u0131nda Ma\u011fusa Liman\u0131 \u015fark\u0131s\u0131nda g\u00f6zya\u015flar\u0131na bo\u011fuldu.<\/p>\n","protected":false},"author":1,"featured_media":7610,"comment_status":"open","ping_status":"open","sticky":false,"template":"","format":"standard","meta":{"footnotes":""},"categories":[1],"tags":[],"class_list":["post-7609","post","type-post","status-publish","format-standard","has-post-thumbnail","hentry","category-gundem"],"yoast_head":"<!-- This site is optimized with the Yoast SEO plugin v27.4 - https:\/\/yoast.com\/product\/yoast-seo-wordpress\/ -->\n<title>Antakya Medeniyetler Korosu, Girne\u2019de \u201c\u015eampiyon Melekler\u201d i\u00e7in s\u00f6yledi -<\/title>\n<meta name=\"robots\" content=\"index, follow, max-snippet:-1, max-image-preview:large, max-video-preview:-1\" \/>\n<link rel=\"canonical\" href=\"https:\/\/kibrisdakik.com\/?p=7609\" \/>\n<meta property=\"og:locale\" content=\"tr_TR\" \/>\n<meta property=\"og:type\" content=\"article\" \/>\n<meta property=\"og:title\" content=\"Antakya Medeniyetler Korosu, Girne\u2019de \u201c\u015eampiyon Melekler\u201d i\u00e7in s\u00f6yledi -\" \/>\n<meta property=\"og:description\" content=\"Ba\u015fbakanl\u0131k himayelerinde, Antik Ma\u011fusa Vakf\u0131 ve Akademi Sanat Dernekleri ile i\u015fbirli\u011finde d\u00fczenlenen ve geliri \u015eampiyon Melekleri Ya\u015fatma Derne\u011fi\u2019ne b\u0131rak\u0131lacak olan Antakya Medeniyetler Korosu konserlerinin ikincisi d\u00fcn ak\u015fam Girne Amfitiyatro\u2019da ger\u00e7ekle\u015fti. Antakya Medeniyetler Korosu\u2019nun sahne ald\u0131\u011f\u0131 gecede , duygu dolu anlar ya\u015fand\u0131. Koronun seslendirdi\u011fi \u015fark\u0131lara e\u015flik eden izleyiciler, \u00f6zellikle konser ba\u015f\u0131nda Ma\u011fusa Liman\u0131 \u015fark\u0131s\u0131nda g\u00f6zya\u015flar\u0131na bo\u011fuldu.\" \/>\n<meta property=\"og:url\" content=\"https:\/\/kibrisdakik.com\/?p=7609\" \/>\n<meta property=\"article:published_time\" content=\"2023-05-26T03:52:54+00:00\" \/>\n<meta property=\"og:image\" content=\"https:\/\/kibrisdakik.com\/wp-content\/uploads\/2023\/05\/InShot_20230525_225826359-scaled-740x420.jpg\" \/>\n\t<meta property=\"og:image:width\" content=\"2560\" \/>\n\t<meta property=\"og:image:height\" content=\"1439\" \/>\n\t<meta property=\"og:image:type\" content=\"image\/jpeg\" \/>\n<meta name=\"author\" content=\"admin\" \/>\n<meta name=\"twitter:card\" content=\"summary_large_image\" \/>\n<meta name=\"twitter:label1\" content=\"Yazan:\" \/>\n\t<meta name=\"twitter:data1\" content=\"admin\" \/>\n\t<meta name=\"twitter:label2\" content=\"Tahmini okuma s\u00fcresi\" \/>\n\t<meta name=\"twitter:data2\" content=\"3 dakika\" \/>\n<script type=\"application\/ld+json\" class=\"yoast-schema-graph\">{\"@context\":\"https:\\\/\\\/schema.org\",\"@graph\":[{\"@type\":\"Article\",\"@id\":\"https:\\\/\\\/kibrisdakik.com\\\/?p=7609#article\",\"isPartOf\":{\"@id\":\"https:\\\/\\\/kibrisdakik.com\\\/?p=7609\"},\"author\":{\"name\":\"admin\",\"@id\":\"https:\\\/\\\/kibrisdakik.com\\\/#\\\/schema\\\/person\\\/9cd9d437bbb44f72b73ba127e06d8e79\"},\"headline\":\"Antakya Medeniyetler Korosu, Girne\u2019de \u201c\u015eampiyon Melekler\u201d i\u00e7in s\u00f6yledi\",\"datePublished\":\"2023-05-26T03:52:54+00:00\",\"mainEntityOfPage\":{\"@id\":\"https:\\\/\\\/kibrisdakik.com\\\/?p=7609\"},\"wordCount\":549,\"commentCount\":0,\"image\":{\"@id\":\"https:\\\/\\\/kibrisdakik.com\\\/?p=7609#primaryimage\"},\"thumbnailUrl\":\"https:\\\/\\\/kibrisdakik.com\\\/wp-content\\\/uploads\\\/2023\\\/05\\\/InShot_20230525_225826359-scaled-740x420.jpg\",\"articleSection\":[\"G\u00fcndem\"],\"inLanguage\":\"tr\",\"potentialAction\":[{\"@type\":\"CommentAction\",\"name\":\"Comment\",\"target\":[\"https:\\\/\\\/kibrisdakik.com\\\/?p=7609#respond\"]}]},{\"@type\":\"WebPage\",\"@id\":\"https:\\\/\\\/kibrisdakik.com\\\/?p=7609\",\"url\":\"https:\\\/\\\/kibrisdakik.com\\\/?p=7609\",\"name\":\"Antakya Medeniyetler Korosu, Girne\u2019de \u201c\u015eampiyon Melekler\u201d i\u00e7in s\u00f6yledi -\",\"isPartOf\":{\"@id\":\"https:\\\/\\\/kibrisdakik.com\\\/#website\"},\"primaryImageOfPage\":{\"@id\":\"https:\\\/\\\/kibrisdakik.com\\\/?p=7609#primaryimage\"},\"image\":{\"@id\":\"https:\\\/\\\/kibrisdakik.com\\\/?p=7609#primaryimage\"},\"thumbnailUrl\":\"https:\\\/\\\/kibrisdakik.com\\\/wp-content\\\/uploads\\\/2023\\\/05\\\/InShot_20230525_225826359-scaled-740x420.jpg\",\"datePublished\":\"2023-05-26T03:52:54+00:00\",\"author\":{\"@id\":\"https:\\\/\\\/kibrisdakik.com\\\/#\\\/schema\\\/person\\\/9cd9d437bbb44f72b73ba127e06d8e79\"},\"breadcrumb\":{\"@id\":\"https:\\\/\\\/kibrisdakik.com\\\/?p=7609#breadcrumb\"},\"inLanguage\":\"tr\",\"potentialAction\":[{\"@type\":\"ReadAction\",\"target\":[\"https:\\\/\\\/kibrisdakik.com\\\/?p=7609\"]}]},{\"@type\":\"ImageObject\",\"inLanguage\":\"tr\",\"@id\":\"https:\\\/\\\/kibrisdakik.com\\\/?p=7609#primaryimage\",\"url\":\"https:\\\/\\\/kibrisdakik.com\\\/wp-content\\\/uploads\\\/2023\\\/05\\\/InShot_20230525_225826359-scaled-740x420.jpg\",\"contentUrl\":\"https:\\\/\\\/kibrisdakik.com\\\/wp-content\\\/uploads\\\/2023\\\/05\\\/InShot_20230525_225826359-scaled-740x420.jpg\",\"width\":2560,\"height\":1439},{\"@type\":\"BreadcrumbList\",\"@id\":\"https:\\\/\\\/kibrisdakik.com\\\/?p=7609#breadcrumb\",\"itemListElement\":[{\"@type\":\"ListItem\",\"position\":1,\"name\":\"Home\",\"item\":\"https:\\\/\\\/kibrisdakik.com\\\/\"},{\"@type\":\"ListItem\",\"position\":2,\"name\":\"Antakya Medeniyetler Korosu, Girne\u2019de \u201c\u015eampiyon Melekler\u201d i\u00e7in s\u00f6yledi\"}]},{\"@type\":\"WebSite\",\"@id\":\"https:\\\/\\\/kibrisdakik.com\\\/#website\",\"url\":\"https:\\\/\\\/kibrisdakik.com\\\/\",\"name\":\"\",\"description\":\"Tam vaktinde haber\",\"potentialAction\":[{\"@type\":\"SearchAction\",\"target\":{\"@type\":\"EntryPoint\",\"urlTemplate\":\"https:\\\/\\\/kibrisdakik.com\\\/?s={search_term_string}\"},\"query-input\":{\"@type\":\"PropertyValueSpecification\",\"valueRequired\":true,\"valueName\":\"search_term_string\"}}],\"inLanguage\":\"tr\"},{\"@type\":\"Person\",\"@id\":\"https:\\\/\\\/kibrisdakik.com\\\/#\\\/schema\\\/person\\\/9cd9d437bbb44f72b73ba127e06d8e79\",\"name\":\"admin\",\"image\":{\"@type\":\"ImageObject\",\"inLanguage\":\"tr\",\"@id\":\"https:\\\/\\\/secure.gravatar.com\\\/avatar\\\/ccc17943b9d660506c869530f897617f7cb1c21a4bf30023f252596d83e1f007?s=96&d=mm&r=g\",\"url\":\"https:\\\/\\\/secure.gravatar.com\\\/avatar\\\/ccc17943b9d660506c869530f897617f7cb1c21a4bf30023f252596d83e1f007?s=96&d=mm&r=g\",\"contentUrl\":\"https:\\\/\\\/secure.gravatar.com\\\/avatar\\\/ccc17943b9d660506c869530f897617f7cb1c21a4bf30023f252596d83e1f007?s=96&d=mm&r=g\",\"caption\":\"admin\"},\"sameAs\":[\"https:\\\/\\\/kibrisdakik.com\"],\"url\":\"https:\\\/\\\/kibrisdakik.com\\\/?author=1\"}]}<\/script>\n<!-- \/ Yoast SEO plugin. -->","yoast_head_json":{"title":"Antakya Medeniyetler Korosu, Girne\u2019de \u201c\u015eampiyon Melekler\u201d i\u00e7in s\u00f6yledi -","robots":{"index":"index","follow":"follow","max-snippet":"max-snippet:-1","max-image-preview":"max-image-preview:large","max-video-preview":"max-video-preview:-1"},"canonical":"https:\/\/kibrisdakik.com\/?p=7609","og_locale":"tr_TR","og_type":"article","og_title":"Antakya Medeniyetler Korosu, Girne\u2019de \u201c\u015eampiyon Melekler\u201d i\u00e7in s\u00f6yledi -","og_description":"Ba\u015fbakanl\u0131k himayelerinde, Antik Ma\u011fusa Vakf\u0131 ve Akademi Sanat Dernekleri ile i\u015fbirli\u011finde d\u00fczenlenen ve geliri \u015eampiyon Melekleri Ya\u015fatma Derne\u011fi\u2019ne b\u0131rak\u0131lacak olan Antakya Medeniyetler Korosu konserlerinin ikincisi d\u00fcn ak\u015fam Girne Amfitiyatro\u2019da ger\u00e7ekle\u015fti. Antakya Medeniyetler Korosu\u2019nun sahne ald\u0131\u011f\u0131 gecede , duygu dolu anlar ya\u015fand\u0131. Koronun seslendirdi\u011fi \u015fark\u0131lara e\u015flik eden izleyiciler, \u00f6zellikle konser ba\u015f\u0131nda Ma\u011fusa Liman\u0131 \u015fark\u0131s\u0131nda g\u00f6zya\u015flar\u0131na bo\u011fuldu.","og_url":"https:\/\/kibrisdakik.com\/?p=7609","article_published_time":"2023-05-26T03:52:54+00:00","og_image":[{"width":2560,"height":1439,"url":"https:\/\/kibrisdakik.com\/wp-content\/uploads\/2023\/05\/InShot_20230525_225826359-scaled-740x420.jpg","type":"image\/jpeg"}],"author":"admin","twitter_card":"summary_large_image","twitter_misc":{"Yazan:":"admin","Tahmini okuma s\u00fcresi":"3 dakika"},"schema":{"@context":"https:\/\/schema.org","@graph":[{"@type":"Article","@id":"https:\/\/kibrisdakik.com\/?p=7609#article","isPartOf":{"@id":"https:\/\/kibrisdakik.com\/?p=7609"},"author":{"name":"admin","@id":"https:\/\/kibrisdakik.com\/#\/schema\/person\/9cd9d437bbb44f72b73ba127e06d8e79"},"headline":"Antakya Medeniyetler Korosu, Girne\u2019de \u201c\u015eampiyon Melekler\u201d i\u00e7in s\u00f6yledi","datePublished":"2023-05-26T03:52:54+00:00","mainEntityOfPage":{"@id":"https:\/\/kibrisdakik.com\/?p=7609"},"wordCount":549,"commentCount":0,"image":{"@id":"https:\/\/kibrisdakik.com\/?p=7609#primaryimage"},"thumbnailUrl":"https:\/\/kibrisdakik.com\/wp-content\/uploads\/2023\/05\/InShot_20230525_225826359-scaled-740x420.jpg","articleSection":["G\u00fcndem"],"inLanguage":"tr","potentialAction":[{"@type":"CommentAction","name":"Comment","target":["https:\/\/kibrisdakik.com\/?p=7609#respond"]}]},{"@type":"WebPage","@id":"https:\/\/kibrisdakik.com\/?p=7609","url":"https:\/\/kibrisdakik.com\/?p=7609","name":"Antakya Medeniyetler Korosu, Girne\u2019de \u201c\u015eampiyon Melekler\u201d i\u00e7in s\u00f6yledi -","isPartOf":{"@id":"https:\/\/kibrisdakik.com\/#website"},"primaryImageOfPage":{"@id":"https:\/\/kibrisdakik.com\/?p=7609#primaryimage"},"image":{"@id":"https:\/\/kibrisdakik.com\/?p=7609#primaryimage"},"thumbnailUrl":"https:\/\/kibrisdakik.com\/wp-content\/uploads\/2023\/05\/InShot_20230525_225826359-scaled-740x420.jpg","datePublished":"2023-05-26T03:52:54+00:00","author":{"@id":"https:\/\/kibrisdakik.com\/#\/schema\/person\/9cd9d437bbb44f72b73ba127e06d8e79"},"breadcrumb":{"@id":"https:\/\/kibrisdakik.com\/?p=7609#breadcrumb"},"inLanguage":"tr","potentialAction":[{"@type":"ReadAction","target":["https:\/\/kibrisdakik.com\/?p=7609"]}]},{"@type":"ImageObject","inLanguage":"tr","@id":"https:\/\/kibrisdakik.com\/?p=7609#primaryimage","url":"https:\/\/kibrisdakik.com\/wp-content\/uploads\/2023\/05\/InShot_20230525_225826359-scaled-740x420.jpg","contentUrl":"https:\/\/kibrisdakik.com\/wp-content\/uploads\/2023\/05\/InShot_20230525_225826359-scaled-740x420.jpg","width":2560,"height":1439},{"@type":"BreadcrumbList","@id":"https:\/\/kibrisdakik.com\/?p=7609#breadcrumb","itemListElement":[{"@type":"ListItem","position":1,"name":"Home","item":"https:\/\/kibrisdakik.com\/"},{"@type":"ListItem","position":2,"name":"Antakya Medeniyetler Korosu, Girne\u2019de \u201c\u015eampiyon Melekler\u201d i\u00e7in s\u00f6yledi"}]},{"@type":"WebSite","@id":"https:\/\/kibrisdakik.com\/#website","url":"https:\/\/kibrisdakik.com\/","name":"","description":"Tam vaktinde haber","potentialAction":[{"@type":"SearchAction","target":{"@type":"EntryPoint","urlTemplate":"https:\/\/kibrisdakik.com\/?s={search_term_string}"},"query-input":{"@type":"PropertyValueSpecification","valueRequired":true,"valueName":"search_term_string"}}],"inLanguage":"tr"},{"@type":"Person","@id":"https:\/\/kibrisdakik.com\/#\/schema\/person\/9cd9d437bbb44f72b73ba127e06d8e79","name":"admin","image":{"@type":"ImageObject","inLanguage":"tr","@id":"https:\/\/secure.gravatar.com\/avatar\/ccc17943b9d660506c869530f897617f7cb1c21a4bf30023f252596d83e1f007?s=96&d=mm&r=g","url":"https:\/\/secure.gravatar.com\/avatar\/ccc17943b9d660506c869530f897617f7cb1c21a4bf30023f252596d83e1f007?s=96&d=mm&r=g","contentUrl":"https:\/\/secure.gravatar.com\/avatar\/ccc17943b9d660506c869530f897617f7cb1c21a4bf30023f252596d83e1f007?s=96&d=mm&r=g","caption":"admin"},"sameAs":["https:\/\/kibrisdakik.com"],"url":"https:\/\/kibrisdakik.com\/?author=1"}]}},"_links":{"self":[{"href":"https:\/\/kibrisdakik.com\/index.php?rest_route=\/wp\/v2\/posts\/7609","targetHints":{"allow":["GET"]}}],"collection":[{"href":"https:\/\/kibrisdakik.com\/index.php?rest_route=\/wp\/v2\/posts"}],"about":[{"href":"https:\/\/kibrisdakik.com\/index.php?rest_route=\/wp\/v2\/types\/post"}],"author":[{"embeddable":true,"href":"https:\/\/kibrisdakik.com\/index.php?rest_route=\/wp\/v2\/users\/1"}],"replies":[{"embeddable":true,"href":"https:\/\/kibrisdakik.com\/index.php?rest_route=%2Fwp%2Fv2%2Fcomments&post=7609"}],"version-history":[{"count":0,"href":"https:\/\/kibrisdakik.com\/index.php?rest_route=\/wp\/v2\/posts\/7609\/revisions"}],"wp:featuredmedia":[{"embeddable":true,"href":"https:\/\/kibrisdakik.com\/index.php?rest_route=\/wp\/v2\/media\/7610"}],"wp:attachment":[{"href":"https:\/\/kibrisdakik.com\/index.php?rest_route=%2Fwp%2Fv2%2Fmedia&parent=7609"}],"wp:term":[{"taxonomy":"category","embeddable":true,"href":"https:\/\/kibrisdakik.com\/index.php?rest_route=%2Fwp%2Fv2%2Fcategories&post=7609"},{"taxonomy":"post_tag","embeddable":true,"href":"https:\/\/kibrisdakik.com\/index.php?rest_route=%2Fwp%2Fv2%2Ftags&post=7609"}],"curies":[{"name":"wp","href":"https:\/\/api.w.org\/{rel}","templated":true}]}}