{"id":76093,"date":"2025-02-21T12:02:18","date_gmt":"2025-02-21T09:02:18","guid":{"rendered":"https:\/\/kibrisdakik.com\/index.php\/2025\/02\/21\/gulbaharkktcnin-taninmasi-icin-ugrasilmali\/"},"modified":"2025-02-21T12:02:18","modified_gmt":"2025-02-21T09:02:18","slug":"gulbaharkktcnin-taninmasi-icin-ugrasilmali","status":"publish","type":"post","link":"https:\/\/kibrisdakik.com\/?p=76093","title":{"rendered":"G\u00fclbahar:KKTC\u2019nin tan\u0131nmas\u0131 i\u00e7in u\u011fra\u015f\u0131lmal\u0131"},"content":{"rendered":"<div>\n<div class=\"mariselle-image-container center\">\n                                            <\/div>\n<p>Milli M\u00fccadele Vakf\u0131 Ba\u015fkan\u0131 Aziz G\u00fclbahar, Rum lider Nikos Hristoduludis\u2019in \u201ciki devletli \u00e7\u00f6z\u00fcm yolunu dinamitlemek ve adan\u0131n t\u00fcm\u00fcyle Yunan egemenli\u011fine girmesini sa\u011flayacak federal \u00e7\u00f6z\u00fcm yolunu a\u00e7\u0131k tutmak i\u00e7in Cenevre\u2019ye gidece\u011fi\u201d g\u00f6r\u00fc\u015f\u00fcn\u00fc ifade ederek, KKTC\u2019nin tan\u0131nmas\u0131 i\u00e7in u\u011fra\u015f\u0131lmas\u0131 gerekti\u011fini belirtti.<\/p>\n<p>Yaz\u0131l\u0131 a\u00e7\u0131klama yapan G\u00fclbahar, 17-18 Mart tarihlerinde Cenevre\u2019de yap\u0131lmas\u0131 planlanan gayri resmi 4 art\u0131 1 K\u0131br\u0131s g\u00f6r\u00fc\u015fmeleri hakk\u0131nda de\u011ferlendirmede bulundu.<\/p>\n<p>Rum liderin, verdi\u011fi t\u00fcm deme\u00e7lerde, Cumhurba\u015fkan\u0131 Ersin Tatar\u2019\u0131n K\u0131br\u0131s T\u00fcrk\u00fc\u2019n\u00fcn egemen e\u015fitli\u011fi ile KKTC\u2019nin uluslararas\u0131 stat\u00fcs\u00fcn\u00fcn Rum devleti ile ayn\u0131 oldu\u011funun tescili i\u00e7in ortaya koydu\u011fu do\u011frudan ticaret, do\u011frudan temas, do\u011frudan u\u00e7u\u015f \u00f6nerilerini net bir \u015fekilde reddetti\u011fini an\u0131msatt\u0131.<\/p>\n<p>G\u00fclbahar, \u201cHristoduludis\u2019in ilk hedefi, iki devletli \u00e7\u00f6z\u00fcm form\u00fcl\u00fcn\u00fc havaya u\u00e7urmak, KKTC\u2019nin tan\u0131nmas\u0131n\u0131 durdurmak, engellemektir.  Rum liderin as\u0131l amac\u0131 ise g\u00fcn gele kendi istedikleri s\u00f6zde \u00e7\u00f6z\u00fcm\u00fc yapacaklar\u0131 KKTC ve T\u00fcrkiye y\u00f6neticileri olaca\u011f\u0131 hayali veya tahmini ile Rum-Yunan egemenli\u011finin adaya yay\u0131lmas\u0131n\u0131 sa\u011flayacak olan federal \u00e7\u00f6z\u00fcm i\u00e7in kap\u0131n\u0131n a\u00e7\u0131k kalmas\u0131n\u0131 sa\u011flamakt\u0131r\u201d ifadelerini kulland\u0131.<\/p>\n<p>G\u00fclbahar, a\u00e7\u0131klamas\u0131nda  \u015fu ifadelere de  yer verdi:<\/p>\n<p>\u201cRum-Yunan ikilisi kendilerine hi\u00e7bir zarar\u0131 s\u00f6z konusu olmayan egemenli\u011fimizi, devletimizin varl\u0131\u011f\u0131n\u0131 tescilden ka\u00e7arak, federasyon tezini ileri s\u00fcrmekle adan\u0131n t\u00fcm\u00fcn\u00fc Yunan egemenli\u011fine sokacak yolu a\u00e7an bir anla\u015fmaya do\u011fru ilerlemeyi planl\u0131yor. Bunu g\u00f6rmezden gelip hala federasyon pe\u015finde ko\u015fanlar B\u00fcy\u00fck \u00d6nder Mustafa Kemal Atat\u00fcrk\u2019\u00fcn Gen\u00e7li\u011fe Hitabesinde ifade etti\u011fi gibi gaflet i\u00e7indedirler. Cenevre\u2019ye gidilirken Rum taraf\u0131n\u0131n ne yapt\u0131\u011f\u0131n\u0131 halk\u0131m\u0131z iyice d\u00fc\u015f\u00fcnmeli, irdelemelidir. Ba\u015fta milli kurulu\u015flar\u0131m\u0131z Bayrak Radyo Televizyonu ile T\u00fcrk Ajans\u0131 olmak \u00fczere K\u0131br\u0131s T\u00fcrk Halk\u0131\u2019n\u0131n de\u011ferlerini, g\u00fcvenli\u011fini, \u00f6zg\u00fcrl\u00fc\u011f\u00fcn\u00fc, egemenli\u011fini \u00f6nemseyen medyam\u0131za bu konuda b\u00fcy\u00fck g\u00f6revler d\u00fc\u015fmektedir.\u201d<\/p>\n<p>Rum liderin, Ba\u015fpiskopos ve \u00fcst d\u00fczey Rum yetkililerin de kat\u0131l\u0131m\u0131 ile adan\u0131n Yunanistan\u2019a ba\u011flanmas\u0131 i\u00e7in yap\u0131lan plebisitin 75\u2019nci y\u0131l\u0131nda bir anma t\u00f6reni d\u00fczenledi\u011fini belirten G\u00fclbahar, gerginli\u011fe yol a\u00e7aca\u011f\u0131n\u0131 bile bile T\u00fcrk taraf\u0131n\u0131n hidrokarbon \u00f6nerilerini ve uyar\u0131lar\u0131n\u0131 hi\u00e7e sayarak tart\u0131\u015fmal\u0131 olan 6\u2019nc\u0131 parselde yeniden hidrokarbon aramalar\u0131n\u0131 ba\u015flatt\u0131\u011f\u0131n\u0131 kaydetti.<\/p>\n<p>Rumlar\u0131n, M\u0131s\u0131r ile yeni bir hidrokarbon anla\u015fmas\u0131 yapt\u0131klar\u0131n\u0131, T\u00fcrkiye ve K\u0131br\u0131s T\u00fcrk\u00fc\u2019n\u00fcn aleyhine olacak \u015fekilde Amerika Birle\u015fik Devletleri\u2019nden yeni silahlar, sald\u0131r\u0131 helikopterleri almak i\u00e7in g\u00f6r\u00fc\u015fmeler yapt\u0131\u011f\u0131n\u0131 ifade eden G\u00fclbahar, \u201cKim ne isterse yapmaya \u00e7al\u0131\u015fs\u0131n daha zor ko\u015fullarda, varolu\u015f ve \u00f6zg\u00fcrl\u00fck m\u00fccadelesini ba\u015far\u0131 ile sonu\u00e7land\u0131rarak devlet kuran K\u0131br\u0131s T\u00fcrk halk\u0131 ile kopmaz bir par\u00e7as\u0131 olmaktan gurur duydu\u011fumuz T\u00fcrk milleti oynanmak istenen oyunu bozacak gaflet i\u00e7inde olanlar derslerini alacaklard\u0131r\u201d dedi.<\/p>\n<\/p><\/div>\n<p><script async\n                    defer\n                    crossorigin=\"anonymous\"\n                    src=\"https:\/\/connect.facebook.net\/tr_TR\/sdk.js#xfbml=1&#038;version=v3.3\"\n            ><\/script><\/p>\n","protected":false},"excerpt":{"rendered":"<p>Milli M\u00fccadele Vakf\u0131 Ba\u015fkan\u0131 Aziz G\u00fclbahar, Rum lider Nikos Hristoduludis\u2019in \u201ciki devletli \u00e7\u00f6z\u00fcm yolunu dinamitlemek ve adan\u0131n t\u00fcm\u00fcyle Yunan egemenli\u011fine girmesini sa\u011flayacak federal \u00e7\u00f6z\u00fcm yolunu a\u00e7\u0131k tutmak i\u00e7in Cenevre\u2019ye gidece\u011fi\u201d g\u00f6r\u00fc\u015f\u00fcn\u00fc ifade ederek, KKTC\u2019nin tan\u0131nmas\u0131 i\u00e7in u\u011fra\u015f\u0131lmas\u0131 gerekti\u011fini belirtti. Yaz\u0131l\u0131 a\u00e7\u0131klama yapan G\u00fclbahar, 17-18 Mart tarihlerinde Cenevre\u2019de yap\u0131lmas\u0131 planlanan gayri resmi 4 art\u0131 1 K\u0131br\u0131s<\/p>\n","protected":false},"author":1,"featured_media":40435,"comment_status":"open","ping_status":"open","sticky":false,"template":"","format":"standard","meta":{"footnotes":""},"categories":[81,101],"tags":[],"class_list":["post-76093","post","type-post","status-publish","format-standard","has-post-thumbnail","hentry","category-kibris","category-manset"],"yoast_head":"<!-- This site is optimized with the Yoast SEO plugin v27.5 - https:\/\/yoast.com\/product\/yoast-seo-wordpress\/ -->\n<title>G\u00fclbahar:KKTC\u2019nin tan\u0131nmas\u0131 i\u00e7in u\u011fra\u015f\u0131lmal\u0131 -<\/title>\n<meta name=\"robots\" content=\"index, follow, max-snippet:-1, max-image-preview:large, max-video-preview:-1\" \/>\n<link rel=\"canonical\" href=\"https:\/\/kibrisdakik.com\/?p=76093\" \/>\n<meta property=\"og:locale\" content=\"tr_TR\" \/>\n<meta property=\"og:type\" content=\"article\" \/>\n<meta property=\"og:title\" content=\"G\u00fclbahar:KKTC\u2019nin tan\u0131nmas\u0131 i\u00e7in u\u011fra\u015f\u0131lmal\u0131 -\" \/>\n<meta property=\"og:description\" content=\"Milli M\u00fccadele Vakf\u0131 Ba\u015fkan\u0131 Aziz G\u00fclbahar, Rum lider Nikos Hristoduludis\u2019in \u201ciki devletli \u00e7\u00f6z\u00fcm yolunu dinamitlemek ve adan\u0131n t\u00fcm\u00fcyle Yunan egemenli\u011fine girmesini sa\u011flayacak federal \u00e7\u00f6z\u00fcm yolunu a\u00e7\u0131k tutmak i\u00e7in Cenevre\u2019ye gidece\u011fi\u201d g\u00f6r\u00fc\u015f\u00fcn\u00fc ifade ederek, KKTC\u2019nin tan\u0131nmas\u0131 i\u00e7in u\u011fra\u015f\u0131lmas\u0131 gerekti\u011fini belirtti. Yaz\u0131l\u0131 a\u00e7\u0131klama yapan G\u00fclbahar, 17-18 Mart tarihlerinde Cenevre\u2019de yap\u0131lmas\u0131 planlanan gayri resmi 4 art\u0131 1 K\u0131br\u0131s\" \/>\n<meta property=\"og:url\" content=\"https:\/\/kibrisdakik.com\/?p=76093\" \/>\n<meta property=\"article:published_time\" content=\"2025-02-21T09:02:18+00:00\" \/>\n<meta property=\"og:image\" content=\"https:\/\/kibrisdakik.com\/wp-content\/uploads\/2024\/05\/gulbahar.webp-740x420.webp\" \/>\n\t<meta property=\"og:image:width\" content=\"971\" \/>\n\t<meta property=\"og:image:height\" content=\"551\" \/>\n\t<meta property=\"og:image:type\" content=\"image\/webp\" \/>\n<meta name=\"author\" content=\"admin\" \/>\n<meta name=\"twitter:card\" content=\"summary_large_image\" \/>\n<meta name=\"twitter:label1\" content=\"Yazan:\" \/>\n\t<meta name=\"twitter:data1\" content=\"admin\" \/>\n\t<meta name=\"twitter:label2\" content=\"Tahmini okuma s\u00fcresi\" \/>\n\t<meta name=\"twitter:data2\" content=\"3 dakika\" \/>\n<script type=\"application\/ld+json\" class=\"yoast-schema-graph\">{\"@context\":\"https:\\\/\\\/schema.org\",\"@graph\":[{\"@type\":\"Article\",\"@id\":\"https:\\\/\\\/kibrisdakik.com\\\/?p=76093#article\",\"isPartOf\":{\"@id\":\"https:\\\/\\\/kibrisdakik.com\\\/?p=76093\"},\"author\":{\"name\":\"admin\",\"@id\":\"https:\\\/\\\/kibrisdakik.com\\\/#\\\/schema\\\/person\\\/9cd9d437bbb44f72b73ba127e06d8e79\"},\"headline\":\"G\u00fclbahar:KKTC\u2019nin tan\u0131nmas\u0131 i\u00e7in u\u011fra\u015f\u0131lmal\u0131\",\"datePublished\":\"2025-02-21T09:02:18+00:00\",\"mainEntityOfPage\":{\"@id\":\"https:\\\/\\\/kibrisdakik.com\\\/?p=76093\"},\"wordCount\":567,\"commentCount\":0,\"image\":{\"@id\":\"https:\\\/\\\/kibrisdakik.com\\\/?p=76093#primaryimage\"},\"thumbnailUrl\":\"https:\\\/\\\/kibrisdakik.com\\\/wp-content\\\/uploads\\\/2024\\\/05\\\/gulbahar.webp-740x420.webp\",\"articleSection\":[\"K\u0131br\u0131s\",\"Man\u015fet\"],\"inLanguage\":\"tr\",\"potentialAction\":[{\"@type\":\"CommentAction\",\"name\":\"Comment\",\"target\":[\"https:\\\/\\\/kibrisdakik.com\\\/?p=76093#respond\"]}]},{\"@type\":\"WebPage\",\"@id\":\"https:\\\/\\\/kibrisdakik.com\\\/?p=76093\",\"url\":\"https:\\\/\\\/kibrisdakik.com\\\/?p=76093\",\"name\":\"G\u00fclbahar:KKTC\u2019nin tan\u0131nmas\u0131 i\u00e7in u\u011fra\u015f\u0131lmal\u0131 -\",\"isPartOf\":{\"@id\":\"https:\\\/\\\/kibrisdakik.com\\\/#website\"},\"primaryImageOfPage\":{\"@id\":\"https:\\\/\\\/kibrisdakik.com\\\/?p=76093#primaryimage\"},\"image\":{\"@id\":\"https:\\\/\\\/kibrisdakik.com\\\/?p=76093#primaryimage\"},\"thumbnailUrl\":\"https:\\\/\\\/kibrisdakik.com\\\/wp-content\\\/uploads\\\/2024\\\/05\\\/gulbahar.webp-740x420.webp\",\"datePublished\":\"2025-02-21T09:02:18+00:00\",\"author\":{\"@id\":\"https:\\\/\\\/kibrisdakik.com\\\/#\\\/schema\\\/person\\\/9cd9d437bbb44f72b73ba127e06d8e79\"},\"breadcrumb\":{\"@id\":\"https:\\\/\\\/kibrisdakik.com\\\/?p=76093#breadcrumb\"},\"inLanguage\":\"tr\",\"potentialAction\":[{\"@type\":\"ReadAction\",\"target\":[\"https:\\\/\\\/kibrisdakik.com\\\/?p=76093\"]}]},{\"@type\":\"ImageObject\",\"inLanguage\":\"tr\",\"@id\":\"https:\\\/\\\/kibrisdakik.com\\\/?p=76093#primaryimage\",\"url\":\"https:\\\/\\\/kibrisdakik.com\\\/wp-content\\\/uploads\\\/2024\\\/05\\\/gulbahar.webp-740x420.webp\",\"contentUrl\":\"https:\\\/\\\/kibrisdakik.com\\\/wp-content\\\/uploads\\\/2024\\\/05\\\/gulbahar.webp-740x420.webp\",\"width\":971,\"height\":551},{\"@type\":\"BreadcrumbList\",\"@id\":\"https:\\\/\\\/kibrisdakik.com\\\/?p=76093#breadcrumb\",\"itemListElement\":[{\"@type\":\"ListItem\",\"position\":1,\"name\":\"Home\",\"item\":\"https:\\\/\\\/kibrisdakik.com\\\/\"},{\"@type\":\"ListItem\",\"position\":2,\"name\":\"G\u00fclbahar:KKTC\u2019nin tan\u0131nmas\u0131 i\u00e7in u\u011fra\u015f\u0131lmal\u0131\"}]},{\"@type\":\"WebSite\",\"@id\":\"https:\\\/\\\/kibrisdakik.com\\\/#website\",\"url\":\"https:\\\/\\\/kibrisdakik.com\\\/\",\"name\":\"\",\"description\":\"Tam vaktinde haber\",\"potentialAction\":[{\"@type\":\"SearchAction\",\"target\":{\"@type\":\"EntryPoint\",\"urlTemplate\":\"https:\\\/\\\/kibrisdakik.com\\\/?s={search_term_string}\"},\"query-input\":{\"@type\":\"PropertyValueSpecification\",\"valueRequired\":true,\"valueName\":\"search_term_string\"}}],\"inLanguage\":\"tr\"},{\"@type\":\"Person\",\"@id\":\"https:\\\/\\\/kibrisdakik.com\\\/#\\\/schema\\\/person\\\/9cd9d437bbb44f72b73ba127e06d8e79\",\"name\":\"admin\",\"image\":{\"@type\":\"ImageObject\",\"inLanguage\":\"tr\",\"@id\":\"https:\\\/\\\/secure.gravatar.com\\\/avatar\\\/ccc17943b9d660506c869530f897617f7cb1c21a4bf30023f252596d83e1f007?s=96&d=mm&r=g\",\"url\":\"https:\\\/\\\/secure.gravatar.com\\\/avatar\\\/ccc17943b9d660506c869530f897617f7cb1c21a4bf30023f252596d83e1f007?s=96&d=mm&r=g\",\"contentUrl\":\"https:\\\/\\\/secure.gravatar.com\\\/avatar\\\/ccc17943b9d660506c869530f897617f7cb1c21a4bf30023f252596d83e1f007?s=96&d=mm&r=g\",\"caption\":\"admin\"},\"sameAs\":[\"https:\\\/\\\/kibrisdakik.com\"],\"url\":\"https:\\\/\\\/kibrisdakik.com\\\/?author=1\"}]}<\/script>\n<!-- \/ Yoast SEO plugin. -->","yoast_head_json":{"title":"G\u00fclbahar:KKTC\u2019nin tan\u0131nmas\u0131 i\u00e7in u\u011fra\u015f\u0131lmal\u0131 -","robots":{"index":"index","follow":"follow","max-snippet":"max-snippet:-1","max-image-preview":"max-image-preview:large","max-video-preview":"max-video-preview:-1"},"canonical":"https:\/\/kibrisdakik.com\/?p=76093","og_locale":"tr_TR","og_type":"article","og_title":"G\u00fclbahar:KKTC\u2019nin tan\u0131nmas\u0131 i\u00e7in u\u011fra\u015f\u0131lmal\u0131 -","og_description":"Milli M\u00fccadele Vakf\u0131 Ba\u015fkan\u0131 Aziz G\u00fclbahar, Rum lider Nikos Hristoduludis\u2019in \u201ciki devletli \u00e7\u00f6z\u00fcm yolunu dinamitlemek ve adan\u0131n t\u00fcm\u00fcyle Yunan egemenli\u011fine girmesini sa\u011flayacak federal \u00e7\u00f6z\u00fcm yolunu a\u00e7\u0131k tutmak i\u00e7in Cenevre\u2019ye gidece\u011fi\u201d g\u00f6r\u00fc\u015f\u00fcn\u00fc ifade ederek, KKTC\u2019nin tan\u0131nmas\u0131 i\u00e7in u\u011fra\u015f\u0131lmas\u0131 gerekti\u011fini belirtti. Yaz\u0131l\u0131 a\u00e7\u0131klama yapan G\u00fclbahar, 17-18 Mart tarihlerinde Cenevre\u2019de yap\u0131lmas\u0131 planlanan gayri resmi 4 art\u0131 1 K\u0131br\u0131s","og_url":"https:\/\/kibrisdakik.com\/?p=76093","article_published_time":"2025-02-21T09:02:18+00:00","og_image":[{"width":971,"height":551,"url":"https:\/\/kibrisdakik.com\/wp-content\/uploads\/2024\/05\/gulbahar.webp-740x420.webp","type":"image\/webp"}],"author":"admin","twitter_card":"summary_large_image","twitter_misc":{"Yazan:":"admin","Tahmini okuma s\u00fcresi":"3 dakika"},"schema":{"@context":"https:\/\/schema.org","@graph":[{"@type":"Article","@id":"https:\/\/kibrisdakik.com\/?p=76093#article","isPartOf":{"@id":"https:\/\/kibrisdakik.com\/?p=76093"},"author":{"name":"admin","@id":"https:\/\/kibrisdakik.com\/#\/schema\/person\/9cd9d437bbb44f72b73ba127e06d8e79"},"headline":"G\u00fclbahar:KKTC\u2019nin tan\u0131nmas\u0131 i\u00e7in u\u011fra\u015f\u0131lmal\u0131","datePublished":"2025-02-21T09:02:18+00:00","mainEntityOfPage":{"@id":"https:\/\/kibrisdakik.com\/?p=76093"},"wordCount":567,"commentCount":0,"image":{"@id":"https:\/\/kibrisdakik.com\/?p=76093#primaryimage"},"thumbnailUrl":"https:\/\/kibrisdakik.com\/wp-content\/uploads\/2024\/05\/gulbahar.webp-740x420.webp","articleSection":["K\u0131br\u0131s","Man\u015fet"],"inLanguage":"tr","potentialAction":[{"@type":"CommentAction","name":"Comment","target":["https:\/\/kibrisdakik.com\/?p=76093#respond"]}]},{"@type":"WebPage","@id":"https:\/\/kibrisdakik.com\/?p=76093","url":"https:\/\/kibrisdakik.com\/?p=76093","name":"G\u00fclbahar:KKTC\u2019nin tan\u0131nmas\u0131 i\u00e7in u\u011fra\u015f\u0131lmal\u0131 -","isPartOf":{"@id":"https:\/\/kibrisdakik.com\/#website"},"primaryImageOfPage":{"@id":"https:\/\/kibrisdakik.com\/?p=76093#primaryimage"},"image":{"@id":"https:\/\/kibrisdakik.com\/?p=76093#primaryimage"},"thumbnailUrl":"https:\/\/kibrisdakik.com\/wp-content\/uploads\/2024\/05\/gulbahar.webp-740x420.webp","datePublished":"2025-02-21T09:02:18+00:00","author":{"@id":"https:\/\/kibrisdakik.com\/#\/schema\/person\/9cd9d437bbb44f72b73ba127e06d8e79"},"breadcrumb":{"@id":"https:\/\/kibrisdakik.com\/?p=76093#breadcrumb"},"inLanguage":"tr","potentialAction":[{"@type":"ReadAction","target":["https:\/\/kibrisdakik.com\/?p=76093"]}]},{"@type":"ImageObject","inLanguage":"tr","@id":"https:\/\/kibrisdakik.com\/?p=76093#primaryimage","url":"https:\/\/kibrisdakik.com\/wp-content\/uploads\/2024\/05\/gulbahar.webp-740x420.webp","contentUrl":"https:\/\/kibrisdakik.com\/wp-content\/uploads\/2024\/05\/gulbahar.webp-740x420.webp","width":971,"height":551},{"@type":"BreadcrumbList","@id":"https:\/\/kibrisdakik.com\/?p=76093#breadcrumb","itemListElement":[{"@type":"ListItem","position":1,"name":"Home","item":"https:\/\/kibrisdakik.com\/"},{"@type":"ListItem","position":2,"name":"G\u00fclbahar:KKTC\u2019nin tan\u0131nmas\u0131 i\u00e7in u\u011fra\u015f\u0131lmal\u0131"}]},{"@type":"WebSite","@id":"https:\/\/kibrisdakik.com\/#website","url":"https:\/\/kibrisdakik.com\/","name":"","description":"Tam vaktinde haber","potentialAction":[{"@type":"SearchAction","target":{"@type":"EntryPoint","urlTemplate":"https:\/\/kibrisdakik.com\/?s={search_term_string}"},"query-input":{"@type":"PropertyValueSpecification","valueRequired":true,"valueName":"search_term_string"}}],"inLanguage":"tr"},{"@type":"Person","@id":"https:\/\/kibrisdakik.com\/#\/schema\/person\/9cd9d437bbb44f72b73ba127e06d8e79","name":"admin","image":{"@type":"ImageObject","inLanguage":"tr","@id":"https:\/\/secure.gravatar.com\/avatar\/ccc17943b9d660506c869530f897617f7cb1c21a4bf30023f252596d83e1f007?s=96&d=mm&r=g","url":"https:\/\/secure.gravatar.com\/avatar\/ccc17943b9d660506c869530f897617f7cb1c21a4bf30023f252596d83e1f007?s=96&d=mm&r=g","contentUrl":"https:\/\/secure.gravatar.com\/avatar\/ccc17943b9d660506c869530f897617f7cb1c21a4bf30023f252596d83e1f007?s=96&d=mm&r=g","caption":"admin"},"sameAs":["https:\/\/kibrisdakik.com"],"url":"https:\/\/kibrisdakik.com\/?author=1"}]}},"_links":{"self":[{"href":"https:\/\/kibrisdakik.com\/index.php?rest_route=\/wp\/v2\/posts\/76093","targetHints":{"allow":["GET"]}}],"collection":[{"href":"https:\/\/kibrisdakik.com\/index.php?rest_route=\/wp\/v2\/posts"}],"about":[{"href":"https:\/\/kibrisdakik.com\/index.php?rest_route=\/wp\/v2\/types\/post"}],"author":[{"embeddable":true,"href":"https:\/\/kibrisdakik.com\/index.php?rest_route=\/wp\/v2\/users\/1"}],"replies":[{"embeddable":true,"href":"https:\/\/kibrisdakik.com\/index.php?rest_route=%2Fwp%2Fv2%2Fcomments&post=76093"}],"version-history":[{"count":0,"href":"https:\/\/kibrisdakik.com\/index.php?rest_route=\/wp\/v2\/posts\/76093\/revisions"}],"wp:featuredmedia":[{"embeddable":true,"href":"https:\/\/kibrisdakik.com\/index.php?rest_route=\/wp\/v2\/media\/40435"}],"wp:attachment":[{"href":"https:\/\/kibrisdakik.com\/index.php?rest_route=%2Fwp%2Fv2%2Fmedia&parent=76093"}],"wp:term":[{"taxonomy":"category","embeddable":true,"href":"https:\/\/kibrisdakik.com\/index.php?rest_route=%2Fwp%2Fv2%2Fcategories&post=76093"},{"taxonomy":"post_tag","embeddable":true,"href":"https:\/\/kibrisdakik.com\/index.php?rest_route=%2Fwp%2Fv2%2Ftags&post=76093"}],"curies":[{"name":"wp","href":"https:\/\/api.w.org\/{rel}","templated":true}]}}