{"id":76172,"date":"2025-02-22T11:27:28","date_gmt":"2025-02-22T08:27:28","guid":{"rendered":"https:\/\/kibrisdakik.com\/index.php\/2025\/02\/22\/ataoglu-altinay-icin-bassagligi-mesaji-yayimladi\/"},"modified":"2025-02-22T11:27:28","modified_gmt":"2025-02-22T08:27:28","slug":"ataoglu-altinay-icin-bassagligi-mesaji-yayimladi","status":"publish","type":"post","link":"https:\/\/kibrisdakik.com\/?p=76172","title":{"rendered":"Atao\u011flu, Alt\u0131nay i\u00e7in ba\u015fsa\u011fl\u0131\u011f\u0131 mesaj\u0131 yay\u0131mlad\u0131"},"content":{"rendered":"<div>\n<div class=\"mariselle-image-container none\">\n                                            <\/div>\n<p>Ba\u015fbakan Yard\u0131mc\u0131s\u0131, Turizm, K\u00fclt\u00fcr, Gen\u00e7lik ve \u00c7evre Bakan\u0131, DP Genel Ba\u015fkan\u0131 Fikri Atao\u011flu, Cumhuriyet Meclisi kurucu \u00fcyesi, eski bakan, milletvekili ve \u00f6\u011fretim \u00fcyesi Prof. Dr. Mehmet Alt\u0131nay\u2019\u0131n hayat\u0131n\u0131 kaybetmesinden dolay\u0131 mesaj yay\u0131mlad\u0131.<\/p>\n<p>DP\u2019den yap\u0131lan a\u00e7\u0131klamaya g\u00f6re, Atao\u011flu mesaj\u0131nda \u015fu ifadelere yer verdi;<\/p>\n<p>\u201cKuzey K\u0131br\u0131s T\u00fcrk Cumhuriyeti\u2019nin kalk\u0131nmas\u0131na ve e\u011fitimine b\u00fcy\u00fck katk\u0131lar sa\u011flayan, Cumhuriyet Meclisi kurucu \u00fcyesi, eski bakan, milletvekili ve de\u011ferli akademisyen Prof. Dr. Mehmet Alt\u0131nay\u2019\u0131n vefat\u0131n\u0131 derin bir \u00fcz\u00fcnt\u00fcyle \u00f6\u011frenmi\u015f bulunuyorum. Kendisine Allah\u2019tan rahmet, ailesine, sevenlerine ve KKTC halk\u0131na ba\u015fsa\u011fl\u0131\u011f\u0131 diliyorum. Onun bilgi ve eme\u011fi, \u00fclkemiz i\u00e7in her zaman k\u0131ymetli bir miras olarak kalacakt\u0131r.<\/p>\n<p>Prof. Dr. Mehmet Alt\u0131nay, gerek akademik \u00e7al\u0131\u015fmalar\u0131 gerekse devlet adaml\u0131\u011f\u0131 ile \u00fclkemize \u00f6nemli hizmetlerde bulunmu\u015f, bir\u00e7ok nesle ilham kayna\u011f\u0131 olmu\u015f de\u011ferli bir isimdi. E\u011fitime ve topluma olan katk\u0131lar\u0131, onu tan\u0131yan herkesin haf\u0131zas\u0131nda derin izler b\u0131rakm\u0131\u015ft\u0131r. Onun azmi ve fedakarl\u0131\u011f\u0131, gelecek ku\u015faklara da yol g\u00f6sterecek ve daima hat\u0131rlanacakt\u0131r. Mekan\u0131 cennet olsun.\u201d<\/p>\n<\/p><\/div>\n<p><script async\n                    defer\n                    crossorigin=\"anonymous\"\n                    src=\"https:\/\/connect.facebook.net\/tr_TR\/sdk.js#xfbml=1&#038;version=v3.3\"\n            ><\/script><\/p>\n","protected":false},"excerpt":{"rendered":"<p>Ba\u015fbakan Yard\u0131mc\u0131s\u0131, Turizm, K\u00fclt\u00fcr, Gen\u00e7lik ve \u00c7evre Bakan\u0131, DP Genel Ba\u015fkan\u0131 Fikri Atao\u011flu, Cumhuriyet Meclisi kurucu \u00fcyesi, eski bakan, milletvekili ve \u00f6\u011fretim \u00fcyesi Prof. Dr. Mehmet Alt\u0131nay\u2019\u0131n hayat\u0131n\u0131 kaybetmesinden dolay\u0131 mesaj yay\u0131mlad\u0131. DP\u2019den yap\u0131lan a\u00e7\u0131klamaya g\u00f6re, Atao\u011flu mesaj\u0131nda \u015fu ifadelere yer verdi; \u201cKuzey K\u0131br\u0131s T\u00fcrk Cumhuriyeti\u2019nin kalk\u0131nmas\u0131na ve e\u011fitimine b\u00fcy\u00fck katk\u0131lar sa\u011flayan, Cumhuriyet Meclisi kurucu<\/p>\n","protected":false},"author":1,"featured_media":76173,"comment_status":"open","ping_status":"open","sticky":false,"template":"","format":"standard","meta":{"footnotes":""},"categories":[81,101],"tags":[],"class_list":["post-76172","post","type-post","status-publish","format-standard","has-post-thumbnail","hentry","category-kibris","category-manset"],"yoast_head":"<!-- This site is optimized with the Yoast SEO plugin v27.5 - https:\/\/yoast.com\/product\/yoast-seo-wordpress\/ -->\n<title>Atao\u011flu, Alt\u0131nay i\u00e7in ba\u015fsa\u011fl\u0131\u011f\u0131 mesaj\u0131 yay\u0131mlad\u0131 -<\/title>\n<meta name=\"robots\" content=\"index, follow, max-snippet:-1, max-image-preview:large, max-video-preview:-1\" \/>\n<link rel=\"canonical\" href=\"https:\/\/kibrisdakik.com\/?p=76172\" \/>\n<meta property=\"og:locale\" content=\"tr_TR\" \/>\n<meta property=\"og:type\" content=\"article\" \/>\n<meta property=\"og:title\" content=\"Atao\u011flu, Alt\u0131nay i\u00e7in ba\u015fsa\u011fl\u0131\u011f\u0131 mesaj\u0131 yay\u0131mlad\u0131 -\" \/>\n<meta property=\"og:description\" content=\"Ba\u015fbakan Yard\u0131mc\u0131s\u0131, Turizm, K\u00fclt\u00fcr, Gen\u00e7lik ve \u00c7evre Bakan\u0131, DP Genel Ba\u015fkan\u0131 Fikri Atao\u011flu, Cumhuriyet Meclisi kurucu \u00fcyesi, eski bakan, milletvekili ve \u00f6\u011fretim \u00fcyesi Prof. Dr. Mehmet Alt\u0131nay\u2019\u0131n hayat\u0131n\u0131 kaybetmesinden dolay\u0131 mesaj yay\u0131mlad\u0131. DP\u2019den yap\u0131lan a\u00e7\u0131klamaya g\u00f6re, Atao\u011flu mesaj\u0131nda \u015fu ifadelere yer verdi; \u201cKuzey K\u0131br\u0131s T\u00fcrk Cumhuriyeti\u2019nin kalk\u0131nmas\u0131na ve e\u011fitimine b\u00fcy\u00fck katk\u0131lar sa\u011flayan, Cumhuriyet Meclisi kurucu\" \/>\n<meta property=\"og:url\" content=\"https:\/\/kibrisdakik.com\/?p=76172\" \/>\n<meta property=\"article:published_time\" content=\"2025-02-22T08:27:28+00:00\" \/>\n<meta property=\"og:image\" content=\"https:\/\/kibrisdakik.com\/wp-content\/uploads\/2025\/02\/FIKRI-ATAOGLU-BASSAGLIGI-740x420.jpg\" \/>\n\t<meta property=\"og:image:width\" content=\"1638\" \/>\n\t<meta property=\"og:image:height\" content=\"1140\" \/>\n\t<meta property=\"og:image:type\" content=\"image\/jpeg\" \/>\n<meta name=\"author\" content=\"admin\" \/>\n<meta name=\"twitter:card\" content=\"summary_large_image\" \/>\n<meta name=\"twitter:label1\" content=\"Yazan:\" \/>\n\t<meta name=\"twitter:data1\" content=\"admin\" \/>\n\t<meta name=\"twitter:label2\" content=\"Tahmini okuma s\u00fcresi\" \/>\n\t<meta name=\"twitter:data2\" content=\"1 dakika\" \/>\n<script type=\"application\/ld+json\" class=\"yoast-schema-graph\">{\"@context\":\"https:\\\/\\\/schema.org\",\"@graph\":[{\"@type\":\"Article\",\"@id\":\"https:\\\/\\\/kibrisdakik.com\\\/?p=76172#article\",\"isPartOf\":{\"@id\":\"https:\\\/\\\/kibrisdakik.com\\\/?p=76172\"},\"author\":{\"name\":\"admin\",\"@id\":\"https:\\\/\\\/kibrisdakik.com\\\/#\\\/schema\\\/person\\\/9cd9d437bbb44f72b73ba127e06d8e79\"},\"headline\":\"Atao\u011flu, Alt\u0131nay i\u00e7in ba\u015fsa\u011fl\u0131\u011f\u0131 mesaj\u0131 yay\u0131mlad\u0131\",\"datePublished\":\"2025-02-22T08:27:28+00:00\",\"mainEntityOfPage\":{\"@id\":\"https:\\\/\\\/kibrisdakik.com\\\/?p=76172\"},\"wordCount\":216,\"commentCount\":0,\"image\":{\"@id\":\"https:\\\/\\\/kibrisdakik.com\\\/?p=76172#primaryimage\"},\"thumbnailUrl\":\"https:\\\/\\\/kibrisdakik.com\\\/wp-content\\\/uploads\\\/2025\\\/02\\\/FIKRI-ATAOGLU-BASSAGLIGI-740x420.jpg\",\"articleSection\":[\"K\u0131br\u0131s\",\"Man\u015fet\"],\"inLanguage\":\"tr\",\"potentialAction\":[{\"@type\":\"CommentAction\",\"name\":\"Comment\",\"target\":[\"https:\\\/\\\/kibrisdakik.com\\\/?p=76172#respond\"]}]},{\"@type\":\"WebPage\",\"@id\":\"https:\\\/\\\/kibrisdakik.com\\\/?p=76172\",\"url\":\"https:\\\/\\\/kibrisdakik.com\\\/?p=76172\",\"name\":\"Atao\u011flu, Alt\u0131nay i\u00e7in ba\u015fsa\u011fl\u0131\u011f\u0131 mesaj\u0131 yay\u0131mlad\u0131 -\",\"isPartOf\":{\"@id\":\"https:\\\/\\\/kibrisdakik.com\\\/#website\"},\"primaryImageOfPage\":{\"@id\":\"https:\\\/\\\/kibrisdakik.com\\\/?p=76172#primaryimage\"},\"image\":{\"@id\":\"https:\\\/\\\/kibrisdakik.com\\\/?p=76172#primaryimage\"},\"thumbnailUrl\":\"https:\\\/\\\/kibrisdakik.com\\\/wp-content\\\/uploads\\\/2025\\\/02\\\/FIKRI-ATAOGLU-BASSAGLIGI-740x420.jpg\",\"datePublished\":\"2025-02-22T08:27:28+00:00\",\"author\":{\"@id\":\"https:\\\/\\\/kibrisdakik.com\\\/#\\\/schema\\\/person\\\/9cd9d437bbb44f72b73ba127e06d8e79\"},\"breadcrumb\":{\"@id\":\"https:\\\/\\\/kibrisdakik.com\\\/?p=76172#breadcrumb\"},\"inLanguage\":\"tr\",\"potentialAction\":[{\"@type\":\"ReadAction\",\"target\":[\"https:\\\/\\\/kibrisdakik.com\\\/?p=76172\"]}]},{\"@type\":\"ImageObject\",\"inLanguage\":\"tr\",\"@id\":\"https:\\\/\\\/kibrisdakik.com\\\/?p=76172#primaryimage\",\"url\":\"https:\\\/\\\/kibrisdakik.com\\\/wp-content\\\/uploads\\\/2025\\\/02\\\/FIKRI-ATAOGLU-BASSAGLIGI-740x420.jpg\",\"contentUrl\":\"https:\\\/\\\/kibrisdakik.com\\\/wp-content\\\/uploads\\\/2025\\\/02\\\/FIKRI-ATAOGLU-BASSAGLIGI-740x420.jpg\",\"width\":1638,\"height\":1140},{\"@type\":\"BreadcrumbList\",\"@id\":\"https:\\\/\\\/kibrisdakik.com\\\/?p=76172#breadcrumb\",\"itemListElement\":[{\"@type\":\"ListItem\",\"position\":1,\"name\":\"Home\",\"item\":\"https:\\\/\\\/kibrisdakik.com\\\/\"},{\"@type\":\"ListItem\",\"position\":2,\"name\":\"Atao\u011flu, Alt\u0131nay i\u00e7in ba\u015fsa\u011fl\u0131\u011f\u0131 mesaj\u0131 yay\u0131mlad\u0131\"}]},{\"@type\":\"WebSite\",\"@id\":\"https:\\\/\\\/kibrisdakik.com\\\/#website\",\"url\":\"https:\\\/\\\/kibrisdakik.com\\\/\",\"name\":\"\",\"description\":\"Tam vaktinde haber\",\"potentialAction\":[{\"@type\":\"SearchAction\",\"target\":{\"@type\":\"EntryPoint\",\"urlTemplate\":\"https:\\\/\\\/kibrisdakik.com\\\/?s={search_term_string}\"},\"query-input\":{\"@type\":\"PropertyValueSpecification\",\"valueRequired\":true,\"valueName\":\"search_term_string\"}}],\"inLanguage\":\"tr\"},{\"@type\":\"Person\",\"@id\":\"https:\\\/\\\/kibrisdakik.com\\\/#\\\/schema\\\/person\\\/9cd9d437bbb44f72b73ba127e06d8e79\",\"name\":\"admin\",\"image\":{\"@type\":\"ImageObject\",\"inLanguage\":\"tr\",\"@id\":\"https:\\\/\\\/secure.gravatar.com\\\/avatar\\\/ccc17943b9d660506c869530f897617f7cb1c21a4bf30023f252596d83e1f007?s=96&d=mm&r=g\",\"url\":\"https:\\\/\\\/secure.gravatar.com\\\/avatar\\\/ccc17943b9d660506c869530f897617f7cb1c21a4bf30023f252596d83e1f007?s=96&d=mm&r=g\",\"contentUrl\":\"https:\\\/\\\/secure.gravatar.com\\\/avatar\\\/ccc17943b9d660506c869530f897617f7cb1c21a4bf30023f252596d83e1f007?s=96&d=mm&r=g\",\"caption\":\"admin\"},\"sameAs\":[\"https:\\\/\\\/kibrisdakik.com\"],\"url\":\"https:\\\/\\\/kibrisdakik.com\\\/?author=1\"}]}<\/script>\n<!-- \/ Yoast SEO plugin. -->","yoast_head_json":{"title":"Atao\u011flu, Alt\u0131nay i\u00e7in ba\u015fsa\u011fl\u0131\u011f\u0131 mesaj\u0131 yay\u0131mlad\u0131 -","robots":{"index":"index","follow":"follow","max-snippet":"max-snippet:-1","max-image-preview":"max-image-preview:large","max-video-preview":"max-video-preview:-1"},"canonical":"https:\/\/kibrisdakik.com\/?p=76172","og_locale":"tr_TR","og_type":"article","og_title":"Atao\u011flu, Alt\u0131nay i\u00e7in ba\u015fsa\u011fl\u0131\u011f\u0131 mesaj\u0131 yay\u0131mlad\u0131 -","og_description":"Ba\u015fbakan Yard\u0131mc\u0131s\u0131, Turizm, K\u00fclt\u00fcr, Gen\u00e7lik ve \u00c7evre Bakan\u0131, DP Genel Ba\u015fkan\u0131 Fikri Atao\u011flu, Cumhuriyet Meclisi kurucu \u00fcyesi, eski bakan, milletvekili ve \u00f6\u011fretim \u00fcyesi Prof. Dr. Mehmet Alt\u0131nay\u2019\u0131n hayat\u0131n\u0131 kaybetmesinden dolay\u0131 mesaj yay\u0131mlad\u0131. DP\u2019den yap\u0131lan a\u00e7\u0131klamaya g\u00f6re, Atao\u011flu mesaj\u0131nda \u015fu ifadelere yer verdi; \u201cKuzey K\u0131br\u0131s T\u00fcrk Cumhuriyeti\u2019nin kalk\u0131nmas\u0131na ve e\u011fitimine b\u00fcy\u00fck katk\u0131lar sa\u011flayan, Cumhuriyet Meclisi kurucu","og_url":"https:\/\/kibrisdakik.com\/?p=76172","article_published_time":"2025-02-22T08:27:28+00:00","og_image":[{"width":1638,"height":1140,"url":"https:\/\/kibrisdakik.com\/wp-content\/uploads\/2025\/02\/FIKRI-ATAOGLU-BASSAGLIGI-740x420.jpg","type":"image\/jpeg"}],"author":"admin","twitter_card":"summary_large_image","twitter_misc":{"Yazan:":"admin","Tahmini okuma s\u00fcresi":"1 dakika"},"schema":{"@context":"https:\/\/schema.org","@graph":[{"@type":"Article","@id":"https:\/\/kibrisdakik.com\/?p=76172#article","isPartOf":{"@id":"https:\/\/kibrisdakik.com\/?p=76172"},"author":{"name":"admin","@id":"https:\/\/kibrisdakik.com\/#\/schema\/person\/9cd9d437bbb44f72b73ba127e06d8e79"},"headline":"Atao\u011flu, Alt\u0131nay i\u00e7in ba\u015fsa\u011fl\u0131\u011f\u0131 mesaj\u0131 yay\u0131mlad\u0131","datePublished":"2025-02-22T08:27:28+00:00","mainEntityOfPage":{"@id":"https:\/\/kibrisdakik.com\/?p=76172"},"wordCount":216,"commentCount":0,"image":{"@id":"https:\/\/kibrisdakik.com\/?p=76172#primaryimage"},"thumbnailUrl":"https:\/\/kibrisdakik.com\/wp-content\/uploads\/2025\/02\/FIKRI-ATAOGLU-BASSAGLIGI-740x420.jpg","articleSection":["K\u0131br\u0131s","Man\u015fet"],"inLanguage":"tr","potentialAction":[{"@type":"CommentAction","name":"Comment","target":["https:\/\/kibrisdakik.com\/?p=76172#respond"]}]},{"@type":"WebPage","@id":"https:\/\/kibrisdakik.com\/?p=76172","url":"https:\/\/kibrisdakik.com\/?p=76172","name":"Atao\u011flu, Alt\u0131nay i\u00e7in ba\u015fsa\u011fl\u0131\u011f\u0131 mesaj\u0131 yay\u0131mlad\u0131 -","isPartOf":{"@id":"https:\/\/kibrisdakik.com\/#website"},"primaryImageOfPage":{"@id":"https:\/\/kibrisdakik.com\/?p=76172#primaryimage"},"image":{"@id":"https:\/\/kibrisdakik.com\/?p=76172#primaryimage"},"thumbnailUrl":"https:\/\/kibrisdakik.com\/wp-content\/uploads\/2025\/02\/FIKRI-ATAOGLU-BASSAGLIGI-740x420.jpg","datePublished":"2025-02-22T08:27:28+00:00","author":{"@id":"https:\/\/kibrisdakik.com\/#\/schema\/person\/9cd9d437bbb44f72b73ba127e06d8e79"},"breadcrumb":{"@id":"https:\/\/kibrisdakik.com\/?p=76172#breadcrumb"},"inLanguage":"tr","potentialAction":[{"@type":"ReadAction","target":["https:\/\/kibrisdakik.com\/?p=76172"]}]},{"@type":"ImageObject","inLanguage":"tr","@id":"https:\/\/kibrisdakik.com\/?p=76172#primaryimage","url":"https:\/\/kibrisdakik.com\/wp-content\/uploads\/2025\/02\/FIKRI-ATAOGLU-BASSAGLIGI-740x420.jpg","contentUrl":"https:\/\/kibrisdakik.com\/wp-content\/uploads\/2025\/02\/FIKRI-ATAOGLU-BASSAGLIGI-740x420.jpg","width":1638,"height":1140},{"@type":"BreadcrumbList","@id":"https:\/\/kibrisdakik.com\/?p=76172#breadcrumb","itemListElement":[{"@type":"ListItem","position":1,"name":"Home","item":"https:\/\/kibrisdakik.com\/"},{"@type":"ListItem","position":2,"name":"Atao\u011flu, Alt\u0131nay i\u00e7in ba\u015fsa\u011fl\u0131\u011f\u0131 mesaj\u0131 yay\u0131mlad\u0131"}]},{"@type":"WebSite","@id":"https:\/\/kibrisdakik.com\/#website","url":"https:\/\/kibrisdakik.com\/","name":"","description":"Tam vaktinde haber","potentialAction":[{"@type":"SearchAction","target":{"@type":"EntryPoint","urlTemplate":"https:\/\/kibrisdakik.com\/?s={search_term_string}"},"query-input":{"@type":"PropertyValueSpecification","valueRequired":true,"valueName":"search_term_string"}}],"inLanguage":"tr"},{"@type":"Person","@id":"https:\/\/kibrisdakik.com\/#\/schema\/person\/9cd9d437bbb44f72b73ba127e06d8e79","name":"admin","image":{"@type":"ImageObject","inLanguage":"tr","@id":"https:\/\/secure.gravatar.com\/avatar\/ccc17943b9d660506c869530f897617f7cb1c21a4bf30023f252596d83e1f007?s=96&d=mm&r=g","url":"https:\/\/secure.gravatar.com\/avatar\/ccc17943b9d660506c869530f897617f7cb1c21a4bf30023f252596d83e1f007?s=96&d=mm&r=g","contentUrl":"https:\/\/secure.gravatar.com\/avatar\/ccc17943b9d660506c869530f897617f7cb1c21a4bf30023f252596d83e1f007?s=96&d=mm&r=g","caption":"admin"},"sameAs":["https:\/\/kibrisdakik.com"],"url":"https:\/\/kibrisdakik.com\/?author=1"}]}},"_links":{"self":[{"href":"https:\/\/kibrisdakik.com\/index.php?rest_route=\/wp\/v2\/posts\/76172","targetHints":{"allow":["GET"]}}],"collection":[{"href":"https:\/\/kibrisdakik.com\/index.php?rest_route=\/wp\/v2\/posts"}],"about":[{"href":"https:\/\/kibrisdakik.com\/index.php?rest_route=\/wp\/v2\/types\/post"}],"author":[{"embeddable":true,"href":"https:\/\/kibrisdakik.com\/index.php?rest_route=\/wp\/v2\/users\/1"}],"replies":[{"embeddable":true,"href":"https:\/\/kibrisdakik.com\/index.php?rest_route=%2Fwp%2Fv2%2Fcomments&post=76172"}],"version-history":[{"count":0,"href":"https:\/\/kibrisdakik.com\/index.php?rest_route=\/wp\/v2\/posts\/76172\/revisions"}],"wp:featuredmedia":[{"embeddable":true,"href":"https:\/\/kibrisdakik.com\/index.php?rest_route=\/wp\/v2\/media\/76173"}],"wp:attachment":[{"href":"https:\/\/kibrisdakik.com\/index.php?rest_route=%2Fwp%2Fv2%2Fmedia&parent=76172"}],"wp:term":[{"taxonomy":"category","embeddable":true,"href":"https:\/\/kibrisdakik.com\/index.php?rest_route=%2Fwp%2Fv2%2Fcategories&post=76172"},{"taxonomy":"post_tag","embeddable":true,"href":"https:\/\/kibrisdakik.com\/index.php?rest_route=%2Fwp%2Fv2%2Ftags&post=76172"}],"curies":[{"name":"wp","href":"https:\/\/api.w.org\/{rel}","templated":true}]}}