{"id":76207,"date":"2025-02-22T16:21:38","date_gmt":"2025-02-22T13:21:38","guid":{"rendered":"https:\/\/kibrisdakik.com\/index.php\/2025\/02\/22\/thy-olumsuz-hava-kosullari-nedeniyle-yarin-bazi-ucuslarini-da-iptal-etti\/"},"modified":"2025-02-22T16:21:38","modified_gmt":"2025-02-22T13:21:38","slug":"thy-olumsuz-hava-kosullari-nedeniyle-yarin-bazi-ucuslarini-da-iptal-etti","status":"publish","type":"post","link":"https:\/\/kibrisdakik.com\/?p=76207","title":{"rendered":"THY olumsuz hava ko\u015fullar\u0131 nedeniyle yar\u0131n baz\u0131 u\u00e7u\u015flar\u0131n\u0131 da iptal etti"},"content":{"rendered":"<p><\/p>\n<div>\n<div class=\"mariselle-image-container none\">\n                <img loading=\"lazy\" decoding=\"async\" width=\"1135\" height=\"618\" class=\"lazy-image\" alt=\"\" sizes=\"auto, (max-width: 1135px) 100vw, 1135px\" src=\"https:\/\/brtk.net\/wp-content\/uploads\/2025\/02\/22\/1740221543105Ekran-goruntusu-2025-02-22-125213.png?ver=63015292aa1f2a9d852daa6da4710f89\" srcset=\"https:\/\/brtk.net\/wp-content\/uploads\/2025\/02\/22\/1740221543105Ekran-goruntusu-2025-02-22-125213.png?ver=63015292aa1f2a9d852daa6da4710f89 1135w, https:\/\/brtk.net\/wp-content\/uploads\/2025\/02\/22\/1740221543105Ekran-goruntusu-2025-02-22-125213-300x163.png?ver=b1e1b49460ff6f3849b1a54c6c85fbe8 300w, https:\/\/brtk.net\/wp-content\/uploads\/2025\/02\/22\/1740221543105Ekran-goruntusu-2025-02-22-125213-1024x558.png?ver=24db5506329cef6b9760225cc230752c 1024w, https:\/\/brtk.net\/wp-content\/uploads\/2025\/02\/22\/1740221543105Ekran-goruntusu-2025-02-22-125213-768x418.png?ver=bae66ae77315285f8f454e941353ced9 768w\"\/>                            <\/div>\n<p>T\u00fcrk Hava Yollar\u0131 (THY), \u0130stanbul\u2019da s\u00fcren kar ya\u011f\u0131\u015f\u0131 nedeniyle yar\u0131n yap\u0131lmas\u0131 planlanan \u0130stanbul Havaliman\u0131 var\u0131\u015fl\u0131 ve kalk\u0131\u015fl\u0131 baz\u0131 seferlerin iptal edildi\u011fini duyurdu.<\/p>\n<p>THY\u2019nin sosyal medya hesab\u0131ndan yap\u0131lan duyuruda, \u201cDe\u011ferli yolcular\u0131m\u0131z, \u0130stanbul\u2019da 23 \u015eubat 2025 tarihinde beklenen hava muhalefeti nedeniyle \u0130stanbul Havaliman\u0131 kalk\u0131\u015fl\u0131 ve var\u0131\u015fl\u0131 baz\u0131 u\u00e7u\u015flar\u0131m\u0131z iptal edilmi\u015ftir. Bu kapsamda u\u00e7u\u015fu iptal edilen yolcular\u0131m\u0131z i\u00e7in ilave haklar tan\u0131nm\u0131\u015ft\u0131r. U\u00e7u\u015flar\u0131n\u0131zla ilgili g\u00fcncel u\u00e7u\u015f durumuna sayfam\u0131z \u00fczerinden ula\u015fabilir veya WhatsApp \u00fczerinden TK Asistan ile sorgulama yapabilirsiniz. Ayr\u0131ca, bilet de\u011fi\u015fikli\u011fi ve iade talepleriniz hakk\u0131nda detayl\u0131 bilgi edinebilirsiniz.\u201d ifadelerine yer verildi.<\/p>\n<\/p><\/div>\n<p><script async\n                    defer\n                    crossorigin=\"anonymous\"\n                    src=\"https:\/\/connect.facebook.net\/tr_TR\/sdk.js#xfbml=1&#038;version=v3.3\"\n            ><\/script><\/p>\n","protected":false},"excerpt":{"rendered":"<p>T\u00fcrk Hava Yollar\u0131 (THY), \u0130stanbul\u2019da s\u00fcren kar ya\u011f\u0131\u015f\u0131 nedeniyle yar\u0131n yap\u0131lmas\u0131 planlanan \u0130stanbul Havaliman\u0131 var\u0131\u015fl\u0131 ve kalk\u0131\u015fl\u0131 baz\u0131 seferlerin iptal edildi\u011fini duyurdu. THY\u2019nin sosyal medya hesab\u0131ndan yap\u0131lan duyuruda, \u201cDe\u011ferli yolcular\u0131m\u0131z, \u0130stanbul\u2019da 23 \u015eubat 2025 tarihinde beklenen hava muhalefeti nedeniyle \u0130stanbul Havaliman\u0131 kalk\u0131\u015fl\u0131 ve var\u0131\u015fl\u0131 baz\u0131 u\u00e7u\u015flar\u0131m\u0131z iptal edilmi\u015ftir. Bu kapsamda u\u00e7u\u015fu iptal edilen yolcular\u0131m\u0131z i\u00e7in<\/p>\n","protected":false},"author":1,"featured_media":76208,"comment_status":"open","ping_status":"open","sticky":false,"template":"","format":"standard","meta":{"footnotes":""},"categories":[86],"tags":[],"class_list":["post-76207","post","type-post","status-publish","format-standard","has-post-thumbnail","hentry","category-turkiye"],"yoast_head":"<!-- This site is optimized with the Yoast SEO plugin v27.5 - https:\/\/yoast.com\/product\/yoast-seo-wordpress\/ -->\n<title>THY olumsuz hava ko\u015fullar\u0131 nedeniyle yar\u0131n baz\u0131 u\u00e7u\u015flar\u0131n\u0131 da iptal etti -<\/title>\n<meta name=\"robots\" content=\"index, follow, max-snippet:-1, max-image-preview:large, max-video-preview:-1\" \/>\n<link rel=\"canonical\" href=\"https:\/\/kibrisdakik.com\/?p=76207\" \/>\n<meta property=\"og:locale\" content=\"tr_TR\" \/>\n<meta property=\"og:type\" content=\"article\" \/>\n<meta property=\"og:title\" content=\"THY olumsuz hava ko\u015fullar\u0131 nedeniyle yar\u0131n baz\u0131 u\u00e7u\u015flar\u0131n\u0131 da iptal etti -\" \/>\n<meta property=\"og:description\" content=\"T\u00fcrk Hava Yollar\u0131 (THY), \u0130stanbul\u2019da s\u00fcren kar ya\u011f\u0131\u015f\u0131 nedeniyle yar\u0131n yap\u0131lmas\u0131 planlanan \u0130stanbul Havaliman\u0131 var\u0131\u015fl\u0131 ve kalk\u0131\u015fl\u0131 baz\u0131 seferlerin iptal edildi\u011fini duyurdu. THY\u2019nin sosyal medya hesab\u0131ndan yap\u0131lan duyuruda, \u201cDe\u011ferli yolcular\u0131m\u0131z, \u0130stanbul\u2019da 23 \u015eubat 2025 tarihinde beklenen hava muhalefeti nedeniyle \u0130stanbul Havaliman\u0131 kalk\u0131\u015fl\u0131 ve var\u0131\u015fl\u0131 baz\u0131 u\u00e7u\u015flar\u0131m\u0131z iptal edilmi\u015ftir. Bu kapsamda u\u00e7u\u015fu iptal edilen yolcular\u0131m\u0131z i\u00e7in\" \/>\n<meta property=\"og:url\" content=\"https:\/\/kibrisdakik.com\/?p=76207\" \/>\n<meta property=\"article:published_time\" content=\"2025-02-22T13:21:38+00:00\" \/>\n<meta property=\"og:image\" content=\"https:\/\/kibrisdakik.com\/wp-content\/uploads\/2025\/02\/1740221543105Ekran-goruntusu-2025-02-22-125213-740x420.png\" \/>\n\t<meta property=\"og:image:width\" content=\"1135\" \/>\n\t<meta property=\"og:image:height\" content=\"618\" \/>\n\t<meta property=\"og:image:type\" content=\"image\/png\" \/>\n<meta name=\"author\" content=\"admin\" \/>\n<meta name=\"twitter:card\" content=\"summary_large_image\" \/>\n<meta name=\"twitter:label1\" content=\"Yazan:\" \/>\n\t<meta name=\"twitter:data1\" content=\"admin\" \/>\n\t<meta name=\"twitter:label2\" content=\"Tahmini okuma s\u00fcresi\" \/>\n\t<meta name=\"twitter:data2\" content=\"1 dakika\" \/>\n<script type=\"application\/ld+json\" class=\"yoast-schema-graph\">{\"@context\":\"https:\\\/\\\/schema.org\",\"@graph\":[{\"@type\":\"Article\",\"@id\":\"https:\\\/\\\/kibrisdakik.com\\\/?p=76207#article\",\"isPartOf\":{\"@id\":\"https:\\\/\\\/kibrisdakik.com\\\/?p=76207\"},\"author\":{\"name\":\"admin\",\"@id\":\"https:\\\/\\\/kibrisdakik.com\\\/#\\\/schema\\\/person\\\/9cd9d437bbb44f72b73ba127e06d8e79\"},\"headline\":\"THY olumsuz hava ko\u015fullar\u0131 nedeniyle yar\u0131n baz\u0131 u\u00e7u\u015flar\u0131n\u0131 da iptal etti\",\"datePublished\":\"2025-02-22T13:21:38+00:00\",\"mainEntityOfPage\":{\"@id\":\"https:\\\/\\\/kibrisdakik.com\\\/?p=76207\"},\"wordCount\":144,\"commentCount\":0,\"image\":{\"@id\":\"https:\\\/\\\/kibrisdakik.com\\\/?p=76207#primaryimage\"},\"thumbnailUrl\":\"https:\\\/\\\/kibrisdakik.com\\\/wp-content\\\/uploads\\\/2025\\\/02\\\/1740221543105Ekran-goruntusu-2025-02-22-125213-740x420.png\",\"articleSection\":[\"T\u00fcrkiye\"],\"inLanguage\":\"tr\",\"potentialAction\":[{\"@type\":\"CommentAction\",\"name\":\"Comment\",\"target\":[\"https:\\\/\\\/kibrisdakik.com\\\/?p=76207#respond\"]}]},{\"@type\":\"WebPage\",\"@id\":\"https:\\\/\\\/kibrisdakik.com\\\/?p=76207\",\"url\":\"https:\\\/\\\/kibrisdakik.com\\\/?p=76207\",\"name\":\"THY olumsuz hava ko\u015fullar\u0131 nedeniyle yar\u0131n baz\u0131 u\u00e7u\u015flar\u0131n\u0131 da iptal etti -\",\"isPartOf\":{\"@id\":\"https:\\\/\\\/kibrisdakik.com\\\/#website\"},\"primaryImageOfPage\":{\"@id\":\"https:\\\/\\\/kibrisdakik.com\\\/?p=76207#primaryimage\"},\"image\":{\"@id\":\"https:\\\/\\\/kibrisdakik.com\\\/?p=76207#primaryimage\"},\"thumbnailUrl\":\"https:\\\/\\\/kibrisdakik.com\\\/wp-content\\\/uploads\\\/2025\\\/02\\\/1740221543105Ekran-goruntusu-2025-02-22-125213-740x420.png\",\"datePublished\":\"2025-02-22T13:21:38+00:00\",\"author\":{\"@id\":\"https:\\\/\\\/kibrisdakik.com\\\/#\\\/schema\\\/person\\\/9cd9d437bbb44f72b73ba127e06d8e79\"},\"breadcrumb\":{\"@id\":\"https:\\\/\\\/kibrisdakik.com\\\/?p=76207#breadcrumb\"},\"inLanguage\":\"tr\",\"potentialAction\":[{\"@type\":\"ReadAction\",\"target\":[\"https:\\\/\\\/kibrisdakik.com\\\/?p=76207\"]}]},{\"@type\":\"ImageObject\",\"inLanguage\":\"tr\",\"@id\":\"https:\\\/\\\/kibrisdakik.com\\\/?p=76207#primaryimage\",\"url\":\"https:\\\/\\\/kibrisdakik.com\\\/wp-content\\\/uploads\\\/2025\\\/02\\\/1740221543105Ekran-goruntusu-2025-02-22-125213-740x420.png\",\"contentUrl\":\"https:\\\/\\\/kibrisdakik.com\\\/wp-content\\\/uploads\\\/2025\\\/02\\\/1740221543105Ekran-goruntusu-2025-02-22-125213-740x420.png\",\"width\":1135,\"height\":618},{\"@type\":\"BreadcrumbList\",\"@id\":\"https:\\\/\\\/kibrisdakik.com\\\/?p=76207#breadcrumb\",\"itemListElement\":[{\"@type\":\"ListItem\",\"position\":1,\"name\":\"Home\",\"item\":\"https:\\\/\\\/kibrisdakik.com\\\/\"},{\"@type\":\"ListItem\",\"position\":2,\"name\":\"THY olumsuz hava ko\u015fullar\u0131 nedeniyle yar\u0131n baz\u0131 u\u00e7u\u015flar\u0131n\u0131 da iptal etti\"}]},{\"@type\":\"WebSite\",\"@id\":\"https:\\\/\\\/kibrisdakik.com\\\/#website\",\"url\":\"https:\\\/\\\/kibrisdakik.com\\\/\",\"name\":\"\",\"description\":\"Tam vaktinde haber\",\"potentialAction\":[{\"@type\":\"SearchAction\",\"target\":{\"@type\":\"EntryPoint\",\"urlTemplate\":\"https:\\\/\\\/kibrisdakik.com\\\/?s={search_term_string}\"},\"query-input\":{\"@type\":\"PropertyValueSpecification\",\"valueRequired\":true,\"valueName\":\"search_term_string\"}}],\"inLanguage\":\"tr\"},{\"@type\":\"Person\",\"@id\":\"https:\\\/\\\/kibrisdakik.com\\\/#\\\/schema\\\/person\\\/9cd9d437bbb44f72b73ba127e06d8e79\",\"name\":\"admin\",\"image\":{\"@type\":\"ImageObject\",\"inLanguage\":\"tr\",\"@id\":\"https:\\\/\\\/secure.gravatar.com\\\/avatar\\\/ccc17943b9d660506c869530f897617f7cb1c21a4bf30023f252596d83e1f007?s=96&d=mm&r=g\",\"url\":\"https:\\\/\\\/secure.gravatar.com\\\/avatar\\\/ccc17943b9d660506c869530f897617f7cb1c21a4bf30023f252596d83e1f007?s=96&d=mm&r=g\",\"contentUrl\":\"https:\\\/\\\/secure.gravatar.com\\\/avatar\\\/ccc17943b9d660506c869530f897617f7cb1c21a4bf30023f252596d83e1f007?s=96&d=mm&r=g\",\"caption\":\"admin\"},\"sameAs\":[\"https:\\\/\\\/kibrisdakik.com\"],\"url\":\"https:\\\/\\\/kibrisdakik.com\\\/?author=1\"}]}<\/script>\n<!-- \/ Yoast SEO plugin. -->","yoast_head_json":{"title":"THY olumsuz hava ko\u015fullar\u0131 nedeniyle yar\u0131n baz\u0131 u\u00e7u\u015flar\u0131n\u0131 da iptal etti -","robots":{"index":"index","follow":"follow","max-snippet":"max-snippet:-1","max-image-preview":"max-image-preview:large","max-video-preview":"max-video-preview:-1"},"canonical":"https:\/\/kibrisdakik.com\/?p=76207","og_locale":"tr_TR","og_type":"article","og_title":"THY olumsuz hava ko\u015fullar\u0131 nedeniyle yar\u0131n baz\u0131 u\u00e7u\u015flar\u0131n\u0131 da iptal etti -","og_description":"T\u00fcrk Hava Yollar\u0131 (THY), \u0130stanbul\u2019da s\u00fcren kar ya\u011f\u0131\u015f\u0131 nedeniyle yar\u0131n yap\u0131lmas\u0131 planlanan \u0130stanbul Havaliman\u0131 var\u0131\u015fl\u0131 ve kalk\u0131\u015fl\u0131 baz\u0131 seferlerin iptal edildi\u011fini duyurdu. THY\u2019nin sosyal medya hesab\u0131ndan yap\u0131lan duyuruda, \u201cDe\u011ferli yolcular\u0131m\u0131z, \u0130stanbul\u2019da 23 \u015eubat 2025 tarihinde beklenen hava muhalefeti nedeniyle \u0130stanbul Havaliman\u0131 kalk\u0131\u015fl\u0131 ve var\u0131\u015fl\u0131 baz\u0131 u\u00e7u\u015flar\u0131m\u0131z iptal edilmi\u015ftir. Bu kapsamda u\u00e7u\u015fu iptal edilen yolcular\u0131m\u0131z i\u00e7in","og_url":"https:\/\/kibrisdakik.com\/?p=76207","article_published_time":"2025-02-22T13:21:38+00:00","og_image":[{"width":1135,"height":618,"url":"https:\/\/kibrisdakik.com\/wp-content\/uploads\/2025\/02\/1740221543105Ekran-goruntusu-2025-02-22-125213-740x420.png","type":"image\/png"}],"author":"admin","twitter_card":"summary_large_image","twitter_misc":{"Yazan:":"admin","Tahmini okuma s\u00fcresi":"1 dakika"},"schema":{"@context":"https:\/\/schema.org","@graph":[{"@type":"Article","@id":"https:\/\/kibrisdakik.com\/?p=76207#article","isPartOf":{"@id":"https:\/\/kibrisdakik.com\/?p=76207"},"author":{"name":"admin","@id":"https:\/\/kibrisdakik.com\/#\/schema\/person\/9cd9d437bbb44f72b73ba127e06d8e79"},"headline":"THY olumsuz hava ko\u015fullar\u0131 nedeniyle yar\u0131n baz\u0131 u\u00e7u\u015flar\u0131n\u0131 da iptal etti","datePublished":"2025-02-22T13:21:38+00:00","mainEntityOfPage":{"@id":"https:\/\/kibrisdakik.com\/?p=76207"},"wordCount":144,"commentCount":0,"image":{"@id":"https:\/\/kibrisdakik.com\/?p=76207#primaryimage"},"thumbnailUrl":"https:\/\/kibrisdakik.com\/wp-content\/uploads\/2025\/02\/1740221543105Ekran-goruntusu-2025-02-22-125213-740x420.png","articleSection":["T\u00fcrkiye"],"inLanguage":"tr","potentialAction":[{"@type":"CommentAction","name":"Comment","target":["https:\/\/kibrisdakik.com\/?p=76207#respond"]}]},{"@type":"WebPage","@id":"https:\/\/kibrisdakik.com\/?p=76207","url":"https:\/\/kibrisdakik.com\/?p=76207","name":"THY olumsuz hava ko\u015fullar\u0131 nedeniyle yar\u0131n baz\u0131 u\u00e7u\u015flar\u0131n\u0131 da iptal etti -","isPartOf":{"@id":"https:\/\/kibrisdakik.com\/#website"},"primaryImageOfPage":{"@id":"https:\/\/kibrisdakik.com\/?p=76207#primaryimage"},"image":{"@id":"https:\/\/kibrisdakik.com\/?p=76207#primaryimage"},"thumbnailUrl":"https:\/\/kibrisdakik.com\/wp-content\/uploads\/2025\/02\/1740221543105Ekran-goruntusu-2025-02-22-125213-740x420.png","datePublished":"2025-02-22T13:21:38+00:00","author":{"@id":"https:\/\/kibrisdakik.com\/#\/schema\/person\/9cd9d437bbb44f72b73ba127e06d8e79"},"breadcrumb":{"@id":"https:\/\/kibrisdakik.com\/?p=76207#breadcrumb"},"inLanguage":"tr","potentialAction":[{"@type":"ReadAction","target":["https:\/\/kibrisdakik.com\/?p=76207"]}]},{"@type":"ImageObject","inLanguage":"tr","@id":"https:\/\/kibrisdakik.com\/?p=76207#primaryimage","url":"https:\/\/kibrisdakik.com\/wp-content\/uploads\/2025\/02\/1740221543105Ekran-goruntusu-2025-02-22-125213-740x420.png","contentUrl":"https:\/\/kibrisdakik.com\/wp-content\/uploads\/2025\/02\/1740221543105Ekran-goruntusu-2025-02-22-125213-740x420.png","width":1135,"height":618},{"@type":"BreadcrumbList","@id":"https:\/\/kibrisdakik.com\/?p=76207#breadcrumb","itemListElement":[{"@type":"ListItem","position":1,"name":"Home","item":"https:\/\/kibrisdakik.com\/"},{"@type":"ListItem","position":2,"name":"THY olumsuz hava ko\u015fullar\u0131 nedeniyle yar\u0131n baz\u0131 u\u00e7u\u015flar\u0131n\u0131 da iptal etti"}]},{"@type":"WebSite","@id":"https:\/\/kibrisdakik.com\/#website","url":"https:\/\/kibrisdakik.com\/","name":"","description":"Tam vaktinde haber","potentialAction":[{"@type":"SearchAction","target":{"@type":"EntryPoint","urlTemplate":"https:\/\/kibrisdakik.com\/?s={search_term_string}"},"query-input":{"@type":"PropertyValueSpecification","valueRequired":true,"valueName":"search_term_string"}}],"inLanguage":"tr"},{"@type":"Person","@id":"https:\/\/kibrisdakik.com\/#\/schema\/person\/9cd9d437bbb44f72b73ba127e06d8e79","name":"admin","image":{"@type":"ImageObject","inLanguage":"tr","@id":"https:\/\/secure.gravatar.com\/avatar\/ccc17943b9d660506c869530f897617f7cb1c21a4bf30023f252596d83e1f007?s=96&d=mm&r=g","url":"https:\/\/secure.gravatar.com\/avatar\/ccc17943b9d660506c869530f897617f7cb1c21a4bf30023f252596d83e1f007?s=96&d=mm&r=g","contentUrl":"https:\/\/secure.gravatar.com\/avatar\/ccc17943b9d660506c869530f897617f7cb1c21a4bf30023f252596d83e1f007?s=96&d=mm&r=g","caption":"admin"},"sameAs":["https:\/\/kibrisdakik.com"],"url":"https:\/\/kibrisdakik.com\/?author=1"}]}},"_links":{"self":[{"href":"https:\/\/kibrisdakik.com\/index.php?rest_route=\/wp\/v2\/posts\/76207","targetHints":{"allow":["GET"]}}],"collection":[{"href":"https:\/\/kibrisdakik.com\/index.php?rest_route=\/wp\/v2\/posts"}],"about":[{"href":"https:\/\/kibrisdakik.com\/index.php?rest_route=\/wp\/v2\/types\/post"}],"author":[{"embeddable":true,"href":"https:\/\/kibrisdakik.com\/index.php?rest_route=\/wp\/v2\/users\/1"}],"replies":[{"embeddable":true,"href":"https:\/\/kibrisdakik.com\/index.php?rest_route=%2Fwp%2Fv2%2Fcomments&post=76207"}],"version-history":[{"count":0,"href":"https:\/\/kibrisdakik.com\/index.php?rest_route=\/wp\/v2\/posts\/76207\/revisions"}],"wp:featuredmedia":[{"embeddable":true,"href":"https:\/\/kibrisdakik.com\/index.php?rest_route=\/wp\/v2\/media\/76208"}],"wp:attachment":[{"href":"https:\/\/kibrisdakik.com\/index.php?rest_route=%2Fwp%2Fv2%2Fmedia&parent=76207"}],"wp:term":[{"taxonomy":"category","embeddable":true,"href":"https:\/\/kibrisdakik.com\/index.php?rest_route=%2Fwp%2Fv2%2Fcategories&post=76207"},{"taxonomy":"post_tag","embeddable":true,"href":"https:\/\/kibrisdakik.com\/index.php?rest_route=%2Fwp%2Fv2%2Ftags&post=76207"}],"curies":[{"name":"wp","href":"https:\/\/api.w.org\/{rel}","templated":true}]}}