{"id":76219,"date":"2025-02-22T17:02:24","date_gmt":"2025-02-22T14:02:24","guid":{"rendered":"https:\/\/kibrisdakik.com\/index.php\/2025\/02\/22\/yesil-ve-planli-girne-icin-baslatilan-calisma-kapsaminda-ikinci-oturum-yapildi\/"},"modified":"2025-02-22T17:02:24","modified_gmt":"2025-02-22T14:02:24","slug":"yesil-ve-planli-girne-icin-baslatilan-calisma-kapsaminda-ikinci-oturum-yapildi","status":"publish","type":"post","link":"https:\/\/kibrisdakik.com\/?p=76219","title":{"rendered":"Ye\u015fil ve planl\u0131 Girne i\u00e7in ba\u015flat\u0131lan \u00e7al\u0131\u015fma kapsam\u0131nda ikinci oturum yap\u0131ld\u0131"},"content":{"rendered":"<div>\n<div class=\"mariselle-image-container center\">\n                                            <\/div>\n<p>Ye\u015fil ve planl\u0131 Girne i\u00e7in ba\u015flat\u0131lan \u00e7al\u0131\u015fma kapsam\u0131nda ikinci oturum yap\u0131ld\u0131.<\/p>\n<p> Girne Belediyesi\u2019nden verilen bilgiye g\u00f6re, proje kapsam\u0131nda, Girne 20 Temmuz Stadyumu\u2019nun bulundu\u011fu b\u00f6lge pilot b\u00f6lge olarak belirlendi. \u00c7al\u0131\u015fmada, Girne\u2019nin ye\u015fil alanlarla bulu\u015fturulmas\u0131 hedefleniyor. Programa, T\u00fcrkiye\u2019deki d\u00f6rt \u00fcniversitesin \u015fehir ve b\u00f6lge planlama ile orman m\u00fchendisli\u011fi b\u00f6l\u00fcmlerinden 8 \u00f6\u011frenci ve KKTC \u00fcniversitelerinden 8 \u00f6\u011frenci olmak \u00fczere 16 \u00f6\u011frenci dahil edildi.<\/p>\n<p> \u201cKent Orman Ya\u015fam At\u00f6lyesi, Multidisipliner Mekansal Planlama E\u011fitimi\u2019nin ikinci oturumu\u201d Girne Belediyesi yeni hizmet binas\u0131nda ger\u00e7ekle\u015ftirildi.<\/p>\n<p> Proje, Girne Belediyesi ve Do\u011fu Akdeniz \u00dcniversitesi Kentsel Ara\u015ft\u0131rmalar ve Geli\u015ftirme Merkezi\u2019nin i\u015f birli\u011fiyle y\u00fcr\u00fct\u00fcl\u00fcyor.<\/p>\n<p> Projenin ikinci oturumuna kat\u0131lan \u00f6\u011frenciler, haz\u0131rlad\u0131klar\u0131 projeleri, Girne Belediyesi Projeler B\u00f6l\u00fcm\u00fc Sorumlusu Y\u00fcksek Mimar An\u0131l \u00c7a\u011fdan, DA\u00dc Kent \u2013 AG Merkez Ba\u015fkan\u0131 Prof. Dr. \u015eebnem Ho\u015fkara, Mimarlar Odas\u0131 Ba\u015fkan\u0131 Onur Olguner ve \u015eehir Planc\u0131lar\u0131 Odas\u0131 Ba\u015fkan\u0131 Berkay Ramiz\u2019den olu\u015fan j\u00fcriye sundu.<\/p>\n<\/p><\/div>\n<p><script async\n                    defer\n                    crossorigin=\"anonymous\"\n                    src=\"https:\/\/connect.facebook.net\/tr_TR\/sdk.js#xfbml=1&#038;version=v3.3\"\n            ><\/script><\/p>\n","protected":false},"excerpt":{"rendered":"<p>Ye\u015fil ve planl\u0131 Girne i\u00e7in ba\u015flat\u0131lan \u00e7al\u0131\u015fma kapsam\u0131nda ikinci oturum yap\u0131ld\u0131. Girne Belediyesi\u2019nden verilen bilgiye g\u00f6re, proje kapsam\u0131nda, Girne 20 Temmuz Stadyumu\u2019nun bulundu\u011fu b\u00f6lge pilot b\u00f6lge olarak belirlendi. \u00c7al\u0131\u015fmada, Girne\u2019nin ye\u015fil alanlarla bulu\u015fturulmas\u0131 hedefleniyor. Programa, T\u00fcrkiye\u2019deki d\u00f6rt \u00fcniversitesin \u015fehir ve b\u00f6lge planlama ile orman m\u00fchendisli\u011fi b\u00f6l\u00fcmlerinden 8 \u00f6\u011frenci ve KKTC \u00fcniversitelerinden 8 \u00f6\u011frenci olmak \u00fczere<\/p>\n","protected":false},"author":1,"featured_media":76220,"comment_status":"open","ping_status":"open","sticky":false,"template":"","format":"standard","meta":{"footnotes":""},"categories":[81,101],"tags":[],"class_list":["post-76219","post","type-post","status-publish","format-standard","has-post-thumbnail","hentry","category-kibris","category-manset"],"yoast_head":"<!-- This site is optimized with the Yoast SEO plugin v27.5 - https:\/\/yoast.com\/product\/yoast-seo-wordpress\/ -->\n<title>Ye\u015fil ve planl\u0131 Girne i\u00e7in ba\u015flat\u0131lan \u00e7al\u0131\u015fma kapsam\u0131nda ikinci oturum yap\u0131ld\u0131 -<\/title>\n<meta name=\"robots\" content=\"index, follow, max-snippet:-1, max-image-preview:large, max-video-preview:-1\" \/>\n<link rel=\"canonical\" href=\"https:\/\/kibrisdakik.com\/?p=76219\" \/>\n<meta property=\"og:locale\" content=\"tr_TR\" \/>\n<meta property=\"og:type\" content=\"article\" \/>\n<meta property=\"og:title\" content=\"Ye\u015fil ve planl\u0131 Girne i\u00e7in ba\u015flat\u0131lan \u00e7al\u0131\u015fma kapsam\u0131nda ikinci oturum yap\u0131ld\u0131 -\" \/>\n<meta property=\"og:description\" content=\"Ye\u015fil ve planl\u0131 Girne i\u00e7in ba\u015flat\u0131lan \u00e7al\u0131\u015fma kapsam\u0131nda ikinci oturum yap\u0131ld\u0131. Girne Belediyesi\u2019nden verilen bilgiye g\u00f6re, proje kapsam\u0131nda, Girne 20 Temmuz Stadyumu\u2019nun bulundu\u011fu b\u00f6lge pilot b\u00f6lge olarak belirlendi. \u00c7al\u0131\u015fmada, Girne\u2019nin ye\u015fil alanlarla bulu\u015fturulmas\u0131 hedefleniyor. Programa, T\u00fcrkiye\u2019deki d\u00f6rt \u00fcniversitesin \u015fehir ve b\u00f6lge planlama ile orman m\u00fchendisli\u011fi b\u00f6l\u00fcmlerinden 8 \u00f6\u011frenci ve KKTC \u00fcniversitelerinden 8 \u00f6\u011frenci olmak \u00fczere\" \/>\n<meta property=\"og:url\" content=\"https:\/\/kibrisdakik.com\/?p=76219\" \/>\n<meta property=\"article:published_time\" content=\"2025-02-22T14:02:24+00:00\" \/>\n<meta property=\"og:image\" content=\"https:\/\/kibrisdakik.com\/wp-content\/uploads\/2025\/02\/198401-scaled-740x420.jpg\" \/>\n\t<meta property=\"og:image:width\" content=\"2560\" \/>\n\t<meta property=\"og:image:height\" content=\"1193\" \/>\n\t<meta property=\"og:image:type\" content=\"image\/jpeg\" \/>\n<meta name=\"author\" content=\"admin\" \/>\n<meta name=\"twitter:card\" content=\"summary_large_image\" \/>\n<meta name=\"twitter:label1\" content=\"Yazan:\" \/>\n\t<meta name=\"twitter:data1\" content=\"admin\" \/>\n\t<meta name=\"twitter:label2\" content=\"Tahmini okuma s\u00fcresi\" \/>\n\t<meta name=\"twitter:data2\" content=\"1 dakika\" \/>\n<script type=\"application\/ld+json\" class=\"yoast-schema-graph\">{\"@context\":\"https:\\\/\\\/schema.org\",\"@graph\":[{\"@type\":\"Article\",\"@id\":\"https:\\\/\\\/kibrisdakik.com\\\/?p=76219#article\",\"isPartOf\":{\"@id\":\"https:\\\/\\\/kibrisdakik.com\\\/?p=76219\"},\"author\":{\"name\":\"admin\",\"@id\":\"https:\\\/\\\/kibrisdakik.com\\\/#\\\/schema\\\/person\\\/9cd9d437bbb44f72b73ba127e06d8e79\"},\"headline\":\"Ye\u015fil ve planl\u0131 Girne i\u00e7in ba\u015flat\u0131lan \u00e7al\u0131\u015fma kapsam\u0131nda ikinci oturum yap\u0131ld\u0131\",\"datePublished\":\"2025-02-22T14:02:24+00:00\",\"mainEntityOfPage\":{\"@id\":\"https:\\\/\\\/kibrisdakik.com\\\/?p=76219\"},\"wordCount\":203,\"commentCount\":0,\"image\":{\"@id\":\"https:\\\/\\\/kibrisdakik.com\\\/?p=76219#primaryimage\"},\"thumbnailUrl\":\"https:\\\/\\\/kibrisdakik.com\\\/wp-content\\\/uploads\\\/2025\\\/02\\\/198401-scaled-740x420.jpg\",\"articleSection\":[\"K\u0131br\u0131s\",\"Man\u015fet\"],\"inLanguage\":\"tr\",\"potentialAction\":[{\"@type\":\"CommentAction\",\"name\":\"Comment\",\"target\":[\"https:\\\/\\\/kibrisdakik.com\\\/?p=76219#respond\"]}]},{\"@type\":\"WebPage\",\"@id\":\"https:\\\/\\\/kibrisdakik.com\\\/?p=76219\",\"url\":\"https:\\\/\\\/kibrisdakik.com\\\/?p=76219\",\"name\":\"Ye\u015fil ve planl\u0131 Girne i\u00e7in ba\u015flat\u0131lan \u00e7al\u0131\u015fma kapsam\u0131nda ikinci oturum yap\u0131ld\u0131 -\",\"isPartOf\":{\"@id\":\"https:\\\/\\\/kibrisdakik.com\\\/#website\"},\"primaryImageOfPage\":{\"@id\":\"https:\\\/\\\/kibrisdakik.com\\\/?p=76219#primaryimage\"},\"image\":{\"@id\":\"https:\\\/\\\/kibrisdakik.com\\\/?p=76219#primaryimage\"},\"thumbnailUrl\":\"https:\\\/\\\/kibrisdakik.com\\\/wp-content\\\/uploads\\\/2025\\\/02\\\/198401-scaled-740x420.jpg\",\"datePublished\":\"2025-02-22T14:02:24+00:00\",\"author\":{\"@id\":\"https:\\\/\\\/kibrisdakik.com\\\/#\\\/schema\\\/person\\\/9cd9d437bbb44f72b73ba127e06d8e79\"},\"breadcrumb\":{\"@id\":\"https:\\\/\\\/kibrisdakik.com\\\/?p=76219#breadcrumb\"},\"inLanguage\":\"tr\",\"potentialAction\":[{\"@type\":\"ReadAction\",\"target\":[\"https:\\\/\\\/kibrisdakik.com\\\/?p=76219\"]}]},{\"@type\":\"ImageObject\",\"inLanguage\":\"tr\",\"@id\":\"https:\\\/\\\/kibrisdakik.com\\\/?p=76219#primaryimage\",\"url\":\"https:\\\/\\\/kibrisdakik.com\\\/wp-content\\\/uploads\\\/2025\\\/02\\\/198401-scaled-740x420.jpg\",\"contentUrl\":\"https:\\\/\\\/kibrisdakik.com\\\/wp-content\\\/uploads\\\/2025\\\/02\\\/198401-scaled-740x420.jpg\",\"width\":2560,\"height\":1193},{\"@type\":\"BreadcrumbList\",\"@id\":\"https:\\\/\\\/kibrisdakik.com\\\/?p=76219#breadcrumb\",\"itemListElement\":[{\"@type\":\"ListItem\",\"position\":1,\"name\":\"Home\",\"item\":\"https:\\\/\\\/kibrisdakik.com\\\/\"},{\"@type\":\"ListItem\",\"position\":2,\"name\":\"Ye\u015fil ve planl\u0131 Girne i\u00e7in ba\u015flat\u0131lan \u00e7al\u0131\u015fma kapsam\u0131nda ikinci oturum yap\u0131ld\u0131\"}]},{\"@type\":\"WebSite\",\"@id\":\"https:\\\/\\\/kibrisdakik.com\\\/#website\",\"url\":\"https:\\\/\\\/kibrisdakik.com\\\/\",\"name\":\"\",\"description\":\"Tam vaktinde haber\",\"potentialAction\":[{\"@type\":\"SearchAction\",\"target\":{\"@type\":\"EntryPoint\",\"urlTemplate\":\"https:\\\/\\\/kibrisdakik.com\\\/?s={search_term_string}\"},\"query-input\":{\"@type\":\"PropertyValueSpecification\",\"valueRequired\":true,\"valueName\":\"search_term_string\"}}],\"inLanguage\":\"tr\"},{\"@type\":\"Person\",\"@id\":\"https:\\\/\\\/kibrisdakik.com\\\/#\\\/schema\\\/person\\\/9cd9d437bbb44f72b73ba127e06d8e79\",\"name\":\"admin\",\"image\":{\"@type\":\"ImageObject\",\"inLanguage\":\"tr\",\"@id\":\"https:\\\/\\\/secure.gravatar.com\\\/avatar\\\/ccc17943b9d660506c869530f897617f7cb1c21a4bf30023f252596d83e1f007?s=96&d=mm&r=g\",\"url\":\"https:\\\/\\\/secure.gravatar.com\\\/avatar\\\/ccc17943b9d660506c869530f897617f7cb1c21a4bf30023f252596d83e1f007?s=96&d=mm&r=g\",\"contentUrl\":\"https:\\\/\\\/secure.gravatar.com\\\/avatar\\\/ccc17943b9d660506c869530f897617f7cb1c21a4bf30023f252596d83e1f007?s=96&d=mm&r=g\",\"caption\":\"admin\"},\"sameAs\":[\"https:\\\/\\\/kibrisdakik.com\"],\"url\":\"https:\\\/\\\/kibrisdakik.com\\\/?author=1\"}]}<\/script>\n<!-- \/ Yoast SEO plugin. -->","yoast_head_json":{"title":"Ye\u015fil ve planl\u0131 Girne i\u00e7in ba\u015flat\u0131lan \u00e7al\u0131\u015fma kapsam\u0131nda ikinci oturum yap\u0131ld\u0131 -","robots":{"index":"index","follow":"follow","max-snippet":"max-snippet:-1","max-image-preview":"max-image-preview:large","max-video-preview":"max-video-preview:-1"},"canonical":"https:\/\/kibrisdakik.com\/?p=76219","og_locale":"tr_TR","og_type":"article","og_title":"Ye\u015fil ve planl\u0131 Girne i\u00e7in ba\u015flat\u0131lan \u00e7al\u0131\u015fma kapsam\u0131nda ikinci oturum yap\u0131ld\u0131 -","og_description":"Ye\u015fil ve planl\u0131 Girne i\u00e7in ba\u015flat\u0131lan \u00e7al\u0131\u015fma kapsam\u0131nda ikinci oturum yap\u0131ld\u0131. Girne Belediyesi\u2019nden verilen bilgiye g\u00f6re, proje kapsam\u0131nda, Girne 20 Temmuz Stadyumu\u2019nun bulundu\u011fu b\u00f6lge pilot b\u00f6lge olarak belirlendi. \u00c7al\u0131\u015fmada, Girne\u2019nin ye\u015fil alanlarla bulu\u015fturulmas\u0131 hedefleniyor. Programa, T\u00fcrkiye\u2019deki d\u00f6rt \u00fcniversitesin \u015fehir ve b\u00f6lge planlama ile orman m\u00fchendisli\u011fi b\u00f6l\u00fcmlerinden 8 \u00f6\u011frenci ve KKTC \u00fcniversitelerinden 8 \u00f6\u011frenci olmak \u00fczere","og_url":"https:\/\/kibrisdakik.com\/?p=76219","article_published_time":"2025-02-22T14:02:24+00:00","og_image":[{"width":2560,"height":1193,"url":"https:\/\/kibrisdakik.com\/wp-content\/uploads\/2025\/02\/198401-scaled-740x420.jpg","type":"image\/jpeg"}],"author":"admin","twitter_card":"summary_large_image","twitter_misc":{"Yazan:":"admin","Tahmini okuma s\u00fcresi":"1 dakika"},"schema":{"@context":"https:\/\/schema.org","@graph":[{"@type":"Article","@id":"https:\/\/kibrisdakik.com\/?p=76219#article","isPartOf":{"@id":"https:\/\/kibrisdakik.com\/?p=76219"},"author":{"name":"admin","@id":"https:\/\/kibrisdakik.com\/#\/schema\/person\/9cd9d437bbb44f72b73ba127e06d8e79"},"headline":"Ye\u015fil ve planl\u0131 Girne i\u00e7in ba\u015flat\u0131lan \u00e7al\u0131\u015fma kapsam\u0131nda ikinci oturum yap\u0131ld\u0131","datePublished":"2025-02-22T14:02:24+00:00","mainEntityOfPage":{"@id":"https:\/\/kibrisdakik.com\/?p=76219"},"wordCount":203,"commentCount":0,"image":{"@id":"https:\/\/kibrisdakik.com\/?p=76219#primaryimage"},"thumbnailUrl":"https:\/\/kibrisdakik.com\/wp-content\/uploads\/2025\/02\/198401-scaled-740x420.jpg","articleSection":["K\u0131br\u0131s","Man\u015fet"],"inLanguage":"tr","potentialAction":[{"@type":"CommentAction","name":"Comment","target":["https:\/\/kibrisdakik.com\/?p=76219#respond"]}]},{"@type":"WebPage","@id":"https:\/\/kibrisdakik.com\/?p=76219","url":"https:\/\/kibrisdakik.com\/?p=76219","name":"Ye\u015fil ve planl\u0131 Girne i\u00e7in ba\u015flat\u0131lan \u00e7al\u0131\u015fma kapsam\u0131nda ikinci oturum yap\u0131ld\u0131 -","isPartOf":{"@id":"https:\/\/kibrisdakik.com\/#website"},"primaryImageOfPage":{"@id":"https:\/\/kibrisdakik.com\/?p=76219#primaryimage"},"image":{"@id":"https:\/\/kibrisdakik.com\/?p=76219#primaryimage"},"thumbnailUrl":"https:\/\/kibrisdakik.com\/wp-content\/uploads\/2025\/02\/198401-scaled-740x420.jpg","datePublished":"2025-02-22T14:02:24+00:00","author":{"@id":"https:\/\/kibrisdakik.com\/#\/schema\/person\/9cd9d437bbb44f72b73ba127e06d8e79"},"breadcrumb":{"@id":"https:\/\/kibrisdakik.com\/?p=76219#breadcrumb"},"inLanguage":"tr","potentialAction":[{"@type":"ReadAction","target":["https:\/\/kibrisdakik.com\/?p=76219"]}]},{"@type":"ImageObject","inLanguage":"tr","@id":"https:\/\/kibrisdakik.com\/?p=76219#primaryimage","url":"https:\/\/kibrisdakik.com\/wp-content\/uploads\/2025\/02\/198401-scaled-740x420.jpg","contentUrl":"https:\/\/kibrisdakik.com\/wp-content\/uploads\/2025\/02\/198401-scaled-740x420.jpg","width":2560,"height":1193},{"@type":"BreadcrumbList","@id":"https:\/\/kibrisdakik.com\/?p=76219#breadcrumb","itemListElement":[{"@type":"ListItem","position":1,"name":"Home","item":"https:\/\/kibrisdakik.com\/"},{"@type":"ListItem","position":2,"name":"Ye\u015fil ve planl\u0131 Girne i\u00e7in ba\u015flat\u0131lan \u00e7al\u0131\u015fma kapsam\u0131nda ikinci oturum yap\u0131ld\u0131"}]},{"@type":"WebSite","@id":"https:\/\/kibrisdakik.com\/#website","url":"https:\/\/kibrisdakik.com\/","name":"","description":"Tam vaktinde haber","potentialAction":[{"@type":"SearchAction","target":{"@type":"EntryPoint","urlTemplate":"https:\/\/kibrisdakik.com\/?s={search_term_string}"},"query-input":{"@type":"PropertyValueSpecification","valueRequired":true,"valueName":"search_term_string"}}],"inLanguage":"tr"},{"@type":"Person","@id":"https:\/\/kibrisdakik.com\/#\/schema\/person\/9cd9d437bbb44f72b73ba127e06d8e79","name":"admin","image":{"@type":"ImageObject","inLanguage":"tr","@id":"https:\/\/secure.gravatar.com\/avatar\/ccc17943b9d660506c869530f897617f7cb1c21a4bf30023f252596d83e1f007?s=96&d=mm&r=g","url":"https:\/\/secure.gravatar.com\/avatar\/ccc17943b9d660506c869530f897617f7cb1c21a4bf30023f252596d83e1f007?s=96&d=mm&r=g","contentUrl":"https:\/\/secure.gravatar.com\/avatar\/ccc17943b9d660506c869530f897617f7cb1c21a4bf30023f252596d83e1f007?s=96&d=mm&r=g","caption":"admin"},"sameAs":["https:\/\/kibrisdakik.com"],"url":"https:\/\/kibrisdakik.com\/?author=1"}]}},"_links":{"self":[{"href":"https:\/\/kibrisdakik.com\/index.php?rest_route=\/wp\/v2\/posts\/76219","targetHints":{"allow":["GET"]}}],"collection":[{"href":"https:\/\/kibrisdakik.com\/index.php?rest_route=\/wp\/v2\/posts"}],"about":[{"href":"https:\/\/kibrisdakik.com\/index.php?rest_route=\/wp\/v2\/types\/post"}],"author":[{"embeddable":true,"href":"https:\/\/kibrisdakik.com\/index.php?rest_route=\/wp\/v2\/users\/1"}],"replies":[{"embeddable":true,"href":"https:\/\/kibrisdakik.com\/index.php?rest_route=%2Fwp%2Fv2%2Fcomments&post=76219"}],"version-history":[{"count":0,"href":"https:\/\/kibrisdakik.com\/index.php?rest_route=\/wp\/v2\/posts\/76219\/revisions"}],"wp:featuredmedia":[{"embeddable":true,"href":"https:\/\/kibrisdakik.com\/index.php?rest_route=\/wp\/v2\/media\/76220"}],"wp:attachment":[{"href":"https:\/\/kibrisdakik.com\/index.php?rest_route=%2Fwp%2Fv2%2Fmedia&parent=76219"}],"wp:term":[{"taxonomy":"category","embeddable":true,"href":"https:\/\/kibrisdakik.com\/index.php?rest_route=%2Fwp%2Fv2%2Fcategories&post=76219"},{"taxonomy":"post_tag","embeddable":true,"href":"https:\/\/kibrisdakik.com\/index.php?rest_route=%2Fwp%2Fv2%2Ftags&post=76219"}],"curies":[{"name":"wp","href":"https:\/\/api.w.org\/{rel}","templated":true}]}}