{"id":76229,"date":"2025-02-22T18:54:10","date_gmt":"2025-02-22T15:54:10","guid":{"rendered":"https:\/\/kibrisdakik.com\/index.php\/2025\/02\/22\/soguk-hava-elektrik-tuketiminde-artisa-neden-oldu-kib-tek-genel-muduru-dalman-aydin-onlem-amacli-bazi-bolgelerde-yuk-aktarimi-yapiliyor\/"},"modified":"2025-02-22T18:54:10","modified_gmt":"2025-02-22T15:54:10","slug":"soguk-hava-elektrik-tuketiminde-artisa-neden-oldu-kib-tek-genel-muduru-dalman-aydin-onlem-amacli-bazi-bolgelerde-yuk-aktarimi-yapiliyor","status":"publish","type":"post","link":"https:\/\/kibrisdakik.com\/?p=76229","title":{"rendered":"So\u011fuk hava elektrik t\u00fcketiminde art\u0131\u015fa neden oldu\u2026 KIB-TEK Genel M\u00fcd\u00fcr\u00fc Dalman Ayd\u0131n: \u00d6nlem ama\u00e7l\u0131 baz\u0131 b\u00f6lgelerde y\u00fck aktar\u0131m\u0131 yap\u0131l\u0131yor"},"content":{"rendered":"<div>\n<div class=\"mariselle-image-container center\">\n                                            <\/div>\n<p>\tHavalar\u0131n so\u011fumas\u0131yla birlikte elektrik t\u00fcketiminde de art\u0131\u015f ya\u015fan\u0131yor.<\/p>\n<p>\tKIB-TEK Genel M\u00fcd\u00fcr\u00fc Dalman Ayd\u0131n, BRT\u2019ye yapt\u0131\u011f\u0131 a\u00e7\u0131klamada, baz\u0131 b\u00f6lgelerde olu\u015fan a\u015f\u0131r\u0131 y\u00fcklenmenin \u00f6n\u00fcne ge\u00e7mek i\u00e7in y\u00fck aktar\u0131m\u0131 yap\u0131ld\u0131\u011f\u0131n\u0131 bu nedenle k\u0131sa s\u00fcreli elektrik kesintileri ya\u015fand\u0131\u011f\u0131n\u0131 s\u00f6yledi.<\/p>\n<p>\tG\u00fcn i\u00e7inde Dikmen b\u00f6lgesinde bir trafonun a\u015f\u0131r\u0131 y\u00fcklenme nedeniyle patlad\u0131\u011f\u0131n\u0131 ve ekiplerin olaya m\u00fcdahale etti\u011fini belirten Ayd\u0131n, elektrik \u00fcretiminde bir s\u0131k\u0131nt\u0131 ya\u015fanmad\u0131\u011f\u0131n\u0131 vurgulad\u0131.<\/p>\n<p>\tKIB-TEK Genel M\u00fcd\u00fcr\u00fc Dalman Ayd\u0131n, kurumun depolar\u0131nda \u015fu an i\u00e7in yeterli yak\u0131t\u0131n bulundu\u011funu da kaydederek, \u201c\u00d6nlem ama\u00e7l\u0131 tedbirler al\u0131nd\u0131 s\u0131k\u0131nt\u0131 yok\u201d dedi.<\/p>\n<\/p><\/div>\n<p><script async\n                    defer\n                    crossorigin=\"anonymous\"\n                    src=\"https:\/\/connect.facebook.net\/tr_TR\/sdk.js#xfbml=1&#038;version=v3.3\"\n            ><\/script><\/p>\n","protected":false},"excerpt":{"rendered":"<p>Havalar\u0131n so\u011fumas\u0131yla birlikte elektrik t\u00fcketiminde de art\u0131\u015f ya\u015fan\u0131yor. KIB-TEK Genel M\u00fcd\u00fcr\u00fc Dalman Ayd\u0131n, BRT\u2019ye yapt\u0131\u011f\u0131 a\u00e7\u0131klamada, baz\u0131 b\u00f6lgelerde olu\u015fan a\u015f\u0131r\u0131 y\u00fcklenmenin \u00f6n\u00fcne ge\u00e7mek i\u00e7in y\u00fck aktar\u0131m\u0131 yap\u0131ld\u0131\u011f\u0131n\u0131 bu nedenle k\u0131sa s\u00fcreli elektrik kesintileri ya\u015fand\u0131\u011f\u0131n\u0131 s\u00f6yledi. G\u00fcn i\u00e7inde Dikmen b\u00f6lgesinde bir trafonun a\u015f\u0131r\u0131 y\u00fcklenme nedeniyle patlad\u0131\u011f\u0131n\u0131 ve ekiplerin olaya m\u00fcdahale etti\u011fini belirten Ayd\u0131n, elektrik \u00fcretiminde bir<\/p>\n","protected":false},"author":1,"featured_media":70344,"comment_status":"open","ping_status":"open","sticky":false,"template":"","format":"standard","meta":{"footnotes":""},"categories":[81,101],"tags":[],"class_list":["post-76229","post","type-post","status-publish","format-standard","has-post-thumbnail","hentry","category-kibris","category-manset"],"yoast_head":"<!-- This site is optimized with the Yoast SEO plugin v27.4 - https:\/\/yoast.com\/product\/yoast-seo-wordpress\/ -->\n<title>So\u011fuk hava elektrik t\u00fcketiminde art\u0131\u015fa neden oldu\u2026 KIB-TEK Genel M\u00fcd\u00fcr\u00fc Dalman Ayd\u0131n: \u00d6nlem ama\u00e7l\u0131 baz\u0131 b\u00f6lgelerde y\u00fck aktar\u0131m\u0131 yap\u0131l\u0131yor -<\/title>\n<meta name=\"robots\" content=\"index, follow, max-snippet:-1, max-image-preview:large, max-video-preview:-1\" \/>\n<link rel=\"canonical\" href=\"https:\/\/kibrisdakik.com\/?p=76229\" \/>\n<meta property=\"og:locale\" content=\"tr_TR\" \/>\n<meta property=\"og:type\" content=\"article\" \/>\n<meta property=\"og:title\" content=\"So\u011fuk hava elektrik t\u00fcketiminde art\u0131\u015fa neden oldu\u2026 KIB-TEK Genel M\u00fcd\u00fcr\u00fc Dalman Ayd\u0131n: \u00d6nlem ama\u00e7l\u0131 baz\u0131 b\u00f6lgelerde y\u00fck aktar\u0131m\u0131 yap\u0131l\u0131yor -\" \/>\n<meta property=\"og:description\" content=\"Havalar\u0131n so\u011fumas\u0131yla birlikte elektrik t\u00fcketiminde de art\u0131\u015f ya\u015fan\u0131yor. KIB-TEK Genel M\u00fcd\u00fcr\u00fc Dalman Ayd\u0131n, BRT\u2019ye yapt\u0131\u011f\u0131 a\u00e7\u0131klamada, baz\u0131 b\u00f6lgelerde olu\u015fan a\u015f\u0131r\u0131 y\u00fcklenmenin \u00f6n\u00fcne ge\u00e7mek i\u00e7in y\u00fck aktar\u0131m\u0131 yap\u0131ld\u0131\u011f\u0131n\u0131 bu nedenle k\u0131sa s\u00fcreli elektrik kesintileri ya\u015fand\u0131\u011f\u0131n\u0131 s\u00f6yledi. G\u00fcn i\u00e7inde Dikmen b\u00f6lgesinde bir trafonun a\u015f\u0131r\u0131 y\u00fcklenme nedeniyle patlad\u0131\u011f\u0131n\u0131 ve ekiplerin olaya m\u00fcdahale etti\u011fini belirten Ayd\u0131n, elektrik \u00fcretiminde bir\" \/>\n<meta property=\"og:url\" content=\"https:\/\/kibrisdakik.com\/?p=76229\" \/>\n<meta property=\"article:published_time\" content=\"2025-02-22T15:54:10+00:00\" \/>\n<meta property=\"og:image\" content=\"https:\/\/kibrisdakik.com\/wp-content\/uploads\/2024\/11\/dalman-aydin-34-740x420.jpg\" \/>\n\t<meta property=\"og:image:width\" content=\"1600\" \/>\n\t<meta property=\"og:image:height\" content=\"1066\" \/>\n\t<meta property=\"og:image:type\" content=\"image\/jpeg\" \/>\n<meta name=\"author\" content=\"admin\" \/>\n<meta name=\"twitter:card\" content=\"summary_large_image\" \/>\n<meta name=\"twitter:label1\" content=\"Yazan:\" \/>\n\t<meta name=\"twitter:data1\" content=\"admin\" \/>\n\t<meta name=\"twitter:label2\" content=\"Tahmini okuma s\u00fcresi\" \/>\n\t<meta name=\"twitter:data2\" content=\"1 dakika\" \/>\n<script type=\"application\/ld+json\" class=\"yoast-schema-graph\">{\"@context\":\"https:\\\/\\\/schema.org\",\"@graph\":[{\"@type\":\"Article\",\"@id\":\"https:\\\/\\\/kibrisdakik.com\\\/?p=76229#article\",\"isPartOf\":{\"@id\":\"https:\\\/\\\/kibrisdakik.com\\\/?p=76229\"},\"author\":{\"name\":\"admin\",\"@id\":\"https:\\\/\\\/kibrisdakik.com\\\/#\\\/schema\\\/person\\\/9cd9d437bbb44f72b73ba127e06d8e79\"},\"headline\":\"So\u011fuk hava elektrik t\u00fcketiminde art\u0131\u015fa neden oldu\u2026 KIB-TEK Genel M\u00fcd\u00fcr\u00fc Dalman Ayd\u0131n: \u00d6nlem ama\u00e7l\u0131 baz\u0131 b\u00f6lgelerde y\u00fck aktar\u0131m\u0131 yap\u0131l\u0131yor\",\"datePublished\":\"2025-02-22T15:54:10+00:00\",\"mainEntityOfPage\":{\"@id\":\"https:\\\/\\\/kibrisdakik.com\\\/?p=76229\"},\"wordCount\":163,\"commentCount\":0,\"image\":{\"@id\":\"https:\\\/\\\/kibrisdakik.com\\\/?p=76229#primaryimage\"},\"thumbnailUrl\":\"https:\\\/\\\/kibrisdakik.com\\\/wp-content\\\/uploads\\\/2024\\\/11\\\/dalman-aydin-34-740x420.jpg\",\"articleSection\":[\"K\u0131br\u0131s\",\"Man\u015fet\"],\"inLanguage\":\"tr\",\"potentialAction\":[{\"@type\":\"CommentAction\",\"name\":\"Comment\",\"target\":[\"https:\\\/\\\/kibrisdakik.com\\\/?p=76229#respond\"]}]},{\"@type\":\"WebPage\",\"@id\":\"https:\\\/\\\/kibrisdakik.com\\\/?p=76229\",\"url\":\"https:\\\/\\\/kibrisdakik.com\\\/?p=76229\",\"name\":\"So\u011fuk hava elektrik t\u00fcketiminde art\u0131\u015fa neden oldu\u2026 KIB-TEK Genel M\u00fcd\u00fcr\u00fc Dalman Ayd\u0131n: \u00d6nlem ama\u00e7l\u0131 baz\u0131 b\u00f6lgelerde y\u00fck aktar\u0131m\u0131 yap\u0131l\u0131yor -\",\"isPartOf\":{\"@id\":\"https:\\\/\\\/kibrisdakik.com\\\/#website\"},\"primaryImageOfPage\":{\"@id\":\"https:\\\/\\\/kibrisdakik.com\\\/?p=76229#primaryimage\"},\"image\":{\"@id\":\"https:\\\/\\\/kibrisdakik.com\\\/?p=76229#primaryimage\"},\"thumbnailUrl\":\"https:\\\/\\\/kibrisdakik.com\\\/wp-content\\\/uploads\\\/2024\\\/11\\\/dalman-aydin-34-740x420.jpg\",\"datePublished\":\"2025-02-22T15:54:10+00:00\",\"author\":{\"@id\":\"https:\\\/\\\/kibrisdakik.com\\\/#\\\/schema\\\/person\\\/9cd9d437bbb44f72b73ba127e06d8e79\"},\"breadcrumb\":{\"@id\":\"https:\\\/\\\/kibrisdakik.com\\\/?p=76229#breadcrumb\"},\"inLanguage\":\"tr\",\"potentialAction\":[{\"@type\":\"ReadAction\",\"target\":[\"https:\\\/\\\/kibrisdakik.com\\\/?p=76229\"]}]},{\"@type\":\"ImageObject\",\"inLanguage\":\"tr\",\"@id\":\"https:\\\/\\\/kibrisdakik.com\\\/?p=76229#primaryimage\",\"url\":\"https:\\\/\\\/kibrisdakik.com\\\/wp-content\\\/uploads\\\/2024\\\/11\\\/dalman-aydin-34-740x420.jpg\",\"contentUrl\":\"https:\\\/\\\/kibrisdakik.com\\\/wp-content\\\/uploads\\\/2024\\\/11\\\/dalman-aydin-34-740x420.jpg\",\"width\":1600,\"height\":1066},{\"@type\":\"BreadcrumbList\",\"@id\":\"https:\\\/\\\/kibrisdakik.com\\\/?p=76229#breadcrumb\",\"itemListElement\":[{\"@type\":\"ListItem\",\"position\":1,\"name\":\"Home\",\"item\":\"https:\\\/\\\/kibrisdakik.com\\\/\"},{\"@type\":\"ListItem\",\"position\":2,\"name\":\"So\u011fuk hava elektrik t\u00fcketiminde art\u0131\u015fa neden oldu\u2026 KIB-TEK Genel M\u00fcd\u00fcr\u00fc Dalman Ayd\u0131n: \u00d6nlem ama\u00e7l\u0131 baz\u0131 b\u00f6lgelerde y\u00fck aktar\u0131m\u0131 yap\u0131l\u0131yor\"}]},{\"@type\":\"WebSite\",\"@id\":\"https:\\\/\\\/kibrisdakik.com\\\/#website\",\"url\":\"https:\\\/\\\/kibrisdakik.com\\\/\",\"name\":\"\",\"description\":\"Tam vaktinde haber\",\"potentialAction\":[{\"@type\":\"SearchAction\",\"target\":{\"@type\":\"EntryPoint\",\"urlTemplate\":\"https:\\\/\\\/kibrisdakik.com\\\/?s={search_term_string}\"},\"query-input\":{\"@type\":\"PropertyValueSpecification\",\"valueRequired\":true,\"valueName\":\"search_term_string\"}}],\"inLanguage\":\"tr\"},{\"@type\":\"Person\",\"@id\":\"https:\\\/\\\/kibrisdakik.com\\\/#\\\/schema\\\/person\\\/9cd9d437bbb44f72b73ba127e06d8e79\",\"name\":\"admin\",\"image\":{\"@type\":\"ImageObject\",\"inLanguage\":\"tr\",\"@id\":\"https:\\\/\\\/secure.gravatar.com\\\/avatar\\\/ccc17943b9d660506c869530f897617f7cb1c21a4bf30023f252596d83e1f007?s=96&d=mm&r=g\",\"url\":\"https:\\\/\\\/secure.gravatar.com\\\/avatar\\\/ccc17943b9d660506c869530f897617f7cb1c21a4bf30023f252596d83e1f007?s=96&d=mm&r=g\",\"contentUrl\":\"https:\\\/\\\/secure.gravatar.com\\\/avatar\\\/ccc17943b9d660506c869530f897617f7cb1c21a4bf30023f252596d83e1f007?s=96&d=mm&r=g\",\"caption\":\"admin\"},\"sameAs\":[\"https:\\\/\\\/kibrisdakik.com\"],\"url\":\"https:\\\/\\\/kibrisdakik.com\\\/?author=1\"}]}<\/script>\n<!-- \/ Yoast SEO plugin. -->","yoast_head_json":{"title":"So\u011fuk hava elektrik t\u00fcketiminde art\u0131\u015fa neden oldu\u2026 KIB-TEK Genel M\u00fcd\u00fcr\u00fc Dalman Ayd\u0131n: \u00d6nlem ama\u00e7l\u0131 baz\u0131 b\u00f6lgelerde y\u00fck aktar\u0131m\u0131 yap\u0131l\u0131yor -","robots":{"index":"index","follow":"follow","max-snippet":"max-snippet:-1","max-image-preview":"max-image-preview:large","max-video-preview":"max-video-preview:-1"},"canonical":"https:\/\/kibrisdakik.com\/?p=76229","og_locale":"tr_TR","og_type":"article","og_title":"So\u011fuk hava elektrik t\u00fcketiminde art\u0131\u015fa neden oldu\u2026 KIB-TEK Genel M\u00fcd\u00fcr\u00fc Dalman Ayd\u0131n: \u00d6nlem ama\u00e7l\u0131 baz\u0131 b\u00f6lgelerde y\u00fck aktar\u0131m\u0131 yap\u0131l\u0131yor -","og_description":"Havalar\u0131n so\u011fumas\u0131yla birlikte elektrik t\u00fcketiminde de art\u0131\u015f ya\u015fan\u0131yor. KIB-TEK Genel M\u00fcd\u00fcr\u00fc Dalman Ayd\u0131n, BRT\u2019ye yapt\u0131\u011f\u0131 a\u00e7\u0131klamada, baz\u0131 b\u00f6lgelerde olu\u015fan a\u015f\u0131r\u0131 y\u00fcklenmenin \u00f6n\u00fcne ge\u00e7mek i\u00e7in y\u00fck aktar\u0131m\u0131 yap\u0131ld\u0131\u011f\u0131n\u0131 bu nedenle k\u0131sa s\u00fcreli elektrik kesintileri ya\u015fand\u0131\u011f\u0131n\u0131 s\u00f6yledi. G\u00fcn i\u00e7inde Dikmen b\u00f6lgesinde bir trafonun a\u015f\u0131r\u0131 y\u00fcklenme nedeniyle patlad\u0131\u011f\u0131n\u0131 ve ekiplerin olaya m\u00fcdahale etti\u011fini belirten Ayd\u0131n, elektrik \u00fcretiminde bir","og_url":"https:\/\/kibrisdakik.com\/?p=76229","article_published_time":"2025-02-22T15:54:10+00:00","og_image":[{"width":1600,"height":1066,"url":"https:\/\/kibrisdakik.com\/wp-content\/uploads\/2024\/11\/dalman-aydin-34-740x420.jpg","type":"image\/jpeg"}],"author":"admin","twitter_card":"summary_large_image","twitter_misc":{"Yazan:":"admin","Tahmini okuma s\u00fcresi":"1 dakika"},"schema":{"@context":"https:\/\/schema.org","@graph":[{"@type":"Article","@id":"https:\/\/kibrisdakik.com\/?p=76229#article","isPartOf":{"@id":"https:\/\/kibrisdakik.com\/?p=76229"},"author":{"name":"admin","@id":"https:\/\/kibrisdakik.com\/#\/schema\/person\/9cd9d437bbb44f72b73ba127e06d8e79"},"headline":"So\u011fuk hava elektrik t\u00fcketiminde art\u0131\u015fa neden oldu\u2026 KIB-TEK Genel M\u00fcd\u00fcr\u00fc Dalman Ayd\u0131n: \u00d6nlem ama\u00e7l\u0131 baz\u0131 b\u00f6lgelerde y\u00fck aktar\u0131m\u0131 yap\u0131l\u0131yor","datePublished":"2025-02-22T15:54:10+00:00","mainEntityOfPage":{"@id":"https:\/\/kibrisdakik.com\/?p=76229"},"wordCount":163,"commentCount":0,"image":{"@id":"https:\/\/kibrisdakik.com\/?p=76229#primaryimage"},"thumbnailUrl":"https:\/\/kibrisdakik.com\/wp-content\/uploads\/2024\/11\/dalman-aydin-34-740x420.jpg","articleSection":["K\u0131br\u0131s","Man\u015fet"],"inLanguage":"tr","potentialAction":[{"@type":"CommentAction","name":"Comment","target":["https:\/\/kibrisdakik.com\/?p=76229#respond"]}]},{"@type":"WebPage","@id":"https:\/\/kibrisdakik.com\/?p=76229","url":"https:\/\/kibrisdakik.com\/?p=76229","name":"So\u011fuk hava elektrik t\u00fcketiminde art\u0131\u015fa neden oldu\u2026 KIB-TEK Genel M\u00fcd\u00fcr\u00fc Dalman Ayd\u0131n: \u00d6nlem ama\u00e7l\u0131 baz\u0131 b\u00f6lgelerde y\u00fck aktar\u0131m\u0131 yap\u0131l\u0131yor -","isPartOf":{"@id":"https:\/\/kibrisdakik.com\/#website"},"primaryImageOfPage":{"@id":"https:\/\/kibrisdakik.com\/?p=76229#primaryimage"},"image":{"@id":"https:\/\/kibrisdakik.com\/?p=76229#primaryimage"},"thumbnailUrl":"https:\/\/kibrisdakik.com\/wp-content\/uploads\/2024\/11\/dalman-aydin-34-740x420.jpg","datePublished":"2025-02-22T15:54:10+00:00","author":{"@id":"https:\/\/kibrisdakik.com\/#\/schema\/person\/9cd9d437bbb44f72b73ba127e06d8e79"},"breadcrumb":{"@id":"https:\/\/kibrisdakik.com\/?p=76229#breadcrumb"},"inLanguage":"tr","potentialAction":[{"@type":"ReadAction","target":["https:\/\/kibrisdakik.com\/?p=76229"]}]},{"@type":"ImageObject","inLanguage":"tr","@id":"https:\/\/kibrisdakik.com\/?p=76229#primaryimage","url":"https:\/\/kibrisdakik.com\/wp-content\/uploads\/2024\/11\/dalman-aydin-34-740x420.jpg","contentUrl":"https:\/\/kibrisdakik.com\/wp-content\/uploads\/2024\/11\/dalman-aydin-34-740x420.jpg","width":1600,"height":1066},{"@type":"BreadcrumbList","@id":"https:\/\/kibrisdakik.com\/?p=76229#breadcrumb","itemListElement":[{"@type":"ListItem","position":1,"name":"Home","item":"https:\/\/kibrisdakik.com\/"},{"@type":"ListItem","position":2,"name":"So\u011fuk hava elektrik t\u00fcketiminde art\u0131\u015fa neden oldu\u2026 KIB-TEK Genel M\u00fcd\u00fcr\u00fc Dalman Ayd\u0131n: \u00d6nlem ama\u00e7l\u0131 baz\u0131 b\u00f6lgelerde y\u00fck aktar\u0131m\u0131 yap\u0131l\u0131yor"}]},{"@type":"WebSite","@id":"https:\/\/kibrisdakik.com\/#website","url":"https:\/\/kibrisdakik.com\/","name":"","description":"Tam vaktinde haber","potentialAction":[{"@type":"SearchAction","target":{"@type":"EntryPoint","urlTemplate":"https:\/\/kibrisdakik.com\/?s={search_term_string}"},"query-input":{"@type":"PropertyValueSpecification","valueRequired":true,"valueName":"search_term_string"}}],"inLanguage":"tr"},{"@type":"Person","@id":"https:\/\/kibrisdakik.com\/#\/schema\/person\/9cd9d437bbb44f72b73ba127e06d8e79","name":"admin","image":{"@type":"ImageObject","inLanguage":"tr","@id":"https:\/\/secure.gravatar.com\/avatar\/ccc17943b9d660506c869530f897617f7cb1c21a4bf30023f252596d83e1f007?s=96&d=mm&r=g","url":"https:\/\/secure.gravatar.com\/avatar\/ccc17943b9d660506c869530f897617f7cb1c21a4bf30023f252596d83e1f007?s=96&d=mm&r=g","contentUrl":"https:\/\/secure.gravatar.com\/avatar\/ccc17943b9d660506c869530f897617f7cb1c21a4bf30023f252596d83e1f007?s=96&d=mm&r=g","caption":"admin"},"sameAs":["https:\/\/kibrisdakik.com"],"url":"https:\/\/kibrisdakik.com\/?author=1"}]}},"_links":{"self":[{"href":"https:\/\/kibrisdakik.com\/index.php?rest_route=\/wp\/v2\/posts\/76229","targetHints":{"allow":["GET"]}}],"collection":[{"href":"https:\/\/kibrisdakik.com\/index.php?rest_route=\/wp\/v2\/posts"}],"about":[{"href":"https:\/\/kibrisdakik.com\/index.php?rest_route=\/wp\/v2\/types\/post"}],"author":[{"embeddable":true,"href":"https:\/\/kibrisdakik.com\/index.php?rest_route=\/wp\/v2\/users\/1"}],"replies":[{"embeddable":true,"href":"https:\/\/kibrisdakik.com\/index.php?rest_route=%2Fwp%2Fv2%2Fcomments&post=76229"}],"version-history":[{"count":0,"href":"https:\/\/kibrisdakik.com\/index.php?rest_route=\/wp\/v2\/posts\/76229\/revisions"}],"wp:featuredmedia":[{"embeddable":true,"href":"https:\/\/kibrisdakik.com\/index.php?rest_route=\/wp\/v2\/media\/70344"}],"wp:attachment":[{"href":"https:\/\/kibrisdakik.com\/index.php?rest_route=%2Fwp%2Fv2%2Fmedia&parent=76229"}],"wp:term":[{"taxonomy":"category","embeddable":true,"href":"https:\/\/kibrisdakik.com\/index.php?rest_route=%2Fwp%2Fv2%2Fcategories&post=76229"},{"taxonomy":"post_tag","embeddable":true,"href":"https:\/\/kibrisdakik.com\/index.php?rest_route=%2Fwp%2Fv2%2Ftags&post=76229"}],"curies":[{"name":"wp","href":"https:\/\/api.w.org\/{rel}","templated":true}]}}