{"id":76230,"date":"2025-02-22T19:02:51","date_gmt":"2025-02-22T16:02:51","guid":{"rendered":"https:\/\/kibrisdakik.com\/index.php\/2025\/02\/22\/ak-partinin-8-olagan-buyuk-kongresi-yarin-yapilacak\/"},"modified":"2025-02-22T19:02:51","modified_gmt":"2025-02-22T16:02:51","slug":"ak-partinin-8-olagan-buyuk-kongresi-yarin-yapilacak","status":"publish","type":"post","link":"https:\/\/kibrisdakik.com\/?p=76230","title":{"rendered":"AK Parti\u2019nin 8. Ola\u011fan B\u00fcy\u00fck Kongresi yar\u0131n yap\u0131lacak"},"content":{"rendered":"<p><\/p>\n<div>\n<div class=\"mariselle-image-container center\">\n                <img loading=\"lazy\" decoding=\"async\" width=\"1280\" height=\"720\" class=\"lazy-image\" alt=\"\" sizes=\"auto, (max-width: 1280px) 100vw, 1280px\" src=\"https:\/\/brtk.net\/wp-content\/uploads\/2025\/02\/22\/qrfqfq2q.jpg?ver=47845a30439c0069978ec5e0286c6576\" srcset=\"https:\/\/brtk.net\/wp-content\/uploads\/2025\/02\/22\/qrfqfq2q.jpg?ver=47845a30439c0069978ec5e0286c6576 1280w, https:\/\/brtk.net\/wp-content\/uploads\/2025\/02\/22\/qrfqfq2q-300x169.jpg?ver=c31450b746a78e2a180c5616edda4810 300w, https:\/\/brtk.net\/wp-content\/uploads\/2025\/02\/22\/qrfqfq2q-1024x576.jpg?ver=c31450b746a78e2a180c5616edda4810 1024w, https:\/\/brtk.net\/wp-content\/uploads\/2025\/02\/22\/qrfqfq2q-768x432.jpg?ver=c31450b746a78e2a180c5616edda4810 768w\"\/>                            <\/div>\n<p>\nKurulduktan 15 ay sonra 3 Kas\u0131m 2002\u2019de girdi\u011fi ilk genel se\u00e7imle iktidara gelen ve 23 y\u0131ld\u0131r \u00fclkeyi y\u00f6neten AK Parti, 8. Ola\u011fan B\u00fcy\u00fck Kongresi\u2019ni yar\u0131n ger\u00e7ekle\u015ftirecek.<\/p>\n<p>AK Parti\u2019nin yar\u0131n yapaca\u011f\u0131 8. Ola\u011fan B\u00fcy\u00fck Kongre s\u00fcrecinde 12 Ekim\u2019de il\u00e7e, 30 Kas\u0131m\u2019da ise il kongreleri ba\u015flad\u0131.<\/p>\n<p>7 \u015eubat\u2019ta yap\u0131lan \u0130stanbul 8. Ola\u011fan \u0130l Kongresiyle 81 ilde kongre s\u00fcrecini tamamlayan AK Parti\u2019de, yar\u0131n Ankara Spor Salonu\u2019nda d\u00fczenlenecek kongreye ili\u015fkin haz\u0131rl\u0131klar tamamland\u0131.<\/p>\n<p>Ana slogan\u0131 \u201cAd\u0131nda AK, I\u015f\u0131\u011f\u0131nda \u0130stikbal\u201d olarak kararla\u015ft\u0131r\u0131lan kongrede, 1607 delegenin oy kullanmas\u0131 bekleniyor. Kongrede ayr\u0131ca AK Parti\u2019nin yeni \u015fark\u0131s\u0131n\u0131n da tan\u0131t\u0131lmas\u0131 ve k\u0131sa film g\u00f6steriminin yap\u0131lmas\u0131 planlan\u0131yor.<\/p>\n<p>TC Cumhurba\u015fkan\u0131 Recep Tayyip Erdo\u011fan, Kongre\u2019ye ili\u015fkin sosyal medyada payla\u015f\u0131mda bulundu.<\/p>\n<p>Erdo\u011fan, payla\u015f\u0131m\u0131nda, \u201cAziz milletimizin kaderini de\u011fi\u015ftiren, T\u00fcrkiye Y\u00fczy\u0131l\u0131na emin ad\u0131mlarla ilerleyen kutlu yolculu\u011fumuzda, Allah\u2019\u0131n izniyle yar\u0131m kalan hi\u00e7bir hikaye olmayacak\u2026 AK Parti\u2019mizin 8\u2019inci Ola\u011fan B\u00fcy\u00fck Kongresi\u2019ni in\u015fallah 23 \u015eubat Pazar g\u00fcn\u00fc partimize yak\u0131\u015f\u0131r bir atmosferde icra edecek, hep beraber yeni bir d\u00f6nemin kap\u0131lar\u0131n\u0131 a\u00e7aca\u011f\u0131z. Ad\u0131nda AK I\u015f\u0131\u011f\u0131nda \u0130stikbal.\u201d ifadesini kulland\u0131.<\/p>\n<p>Payla\u015f\u0131m\u0131nda yer verdi\u011fi videoda ise Erdo\u011fan, \u015funlar\u0131 kaydetti:<\/p>\n<p>\u201cNeferlerimizle \u00e7\u0131kt\u0131\u011f\u0131m\u0131z bu yolculuk, bir milletin kaderini de\u011fi\u015ftiren yolculuktur. Her ba\u015far\u0131n\u0131n ard\u0131nda milletimiz var, neferlerimiz, g\u00f6n\u00fclda\u015flar\u0131m\u0131z ve te\u015fkilatlar\u0131m\u0131z var. Her ad\u0131mda AK Parti te\u015fkilatlar\u0131m\u0131z\u0131n al\u0131n teri var. Birlikte \u00e7\u0131kt\u0131\u011f\u0131m\u0131z bu yolda milletimizle omuz omuza yeni hedeflere y\u00fcr\u00fcyoruz. AK Parti te\u015fkilatlar\u0131m\u0131zla birlikte milletimize hizmet ettik, her ad\u0131mda birlik olduk, her a\u015famada daha g\u00fc\u00e7l\u00fc bir T\u00fcrkiye in\u015fa ettik. Bu yolculuk, bir milletin kaderini de\u011fi\u015ftiren yolculuktur. Bu yolculuk, AK Parti\u2019nin te\u015fkilatlar\u0131 ve liderli\u011finde, milletimizle birlikte T\u00fcrkiye Y\u00fczy\u0131l\u0131na yolculu\u011fumuzdur. Bu yolculukta yar\u0131m kalan hi\u00e7bir hikaye olmayacak.\u201d<\/p>\n<p>Erdo\u011fan\u2019\u0131n, ge\u00e7en y\u0131l Birle\u015fmi\u015f Milletler (BM) 79. Genel Kurulu\u2019nda yapt\u0131\u011f\u0131 konu\u015fmadan \u201cGazze soyk\u0131r\u0131m\u0131n\u0131n \u00f6n\u00fcne ge\u00e7mek, \u2018Dur\u2019 demek i\u00e7in daha neyi bekliyorsunuz?\u201d s\u00f6zlerinin yer ald\u0131\u011f\u0131 kesit de videoda yer ald\u0131.<\/p>\n<p>Recep Tayyip Erdo\u011fan\u2019\u0131n liderli\u011finde 14 A\u011fustos 2001\u2019de kurulan AK Parti, 3 Kas\u0131m 2002 se\u00e7imlerinde ge\u00e7erli oylar\u0131n y\u00fczde 34,28\u2019ini alarak tek ba\u015f\u0131na iktidara geldi. Erdo\u011fan\u2019\u0131n siyasi yasa\u011f\u0131 sebebiyle Abdullah G\u00fcl ba\u015fbakanl\u0131\u011f\u0131nda kurulan ilk AK Parti h\u00fck\u00fcmeti, T\u00fcrkiye\u2019nin 58. H\u00fck\u00fcmeti oldu.<\/p>\n<p>Siyaset yasa\u011f\u0131 sebebiyle 3 Kas\u0131m se\u00e7imlerine giremeyen Erdo\u011fan, 8 Mart 2003 tarihinde Siirt\u2019te yap\u0131lan yenileme se\u00e7imlerinde milletvekili se\u00e7ildi. G\u00fcl ba\u015fkanl\u0131\u011f\u0131ndaki 58. H\u00fck\u00fcmetin 11 Mart 2003 tarihindeki istifas\u0131n\u0131n ard\u0131ndan Erdo\u011fan, 14 Mart 2003\u2019te 59. T\u00fcrkiye Cumhuriyet H\u00fck\u00fcmeti\u2019ni kurdu.<\/p>\n<p>\u0130ktidar partisi olan AK Parti, ilk yerel se\u00e7im s\u0131nav\u0131n\u0131 28 Mart 2004\u2019te verdi. \u0130l Genel Meclisi se\u00e7im sonu\u00e7lar\u0131na g\u00f6re, y\u00fczde 41,7\u2019lik oyla birinci oldu.<\/p>\n<p><em>\u0130lk kongre Ekim 2003\u2019te<\/em><br \/>AK Parti, 1. Ola\u011fan B\u00fcy\u00fck Kongresi\u2019ni 59. H\u00fck\u00fcmetin kurulmas\u0131ndan yakla\u015f\u0131k 7 ay sonra 12 Ekim 2003\u2019te yapt\u0131 ve genel ba\u015fkanl\u0131\u011fa, ge\u00e7erli oylar\u0131n tamam\u0131n\u0131 alan Erdo\u011fan se\u00e7ildi. \u0130ktidar partisi konumundaki AK Parti\u2019de 2. Ola\u011fan B\u00fcy\u00fck Kongre, 11 Kas\u0131m 2006\u2019da yap\u0131ld\u0131. Bu kongrede de Erdo\u011fan, ge\u00e7erli oylar\u0131n tamam\u0131n\u0131 alarak yeniden genel ba\u015fkan oldu.<\/p>\n<p>TBMM\u2019nin 23. D\u00f6nem milletvekillerini belirlemek i\u00e7in 22 Temmuz 2007\u2019de yap\u0131lan se\u00e7imlerde AK Parti yine tek ba\u015f\u0131na iktidara geldi ve Erdo\u011fan ba\u015fkanl\u0131\u011f\u0131nda partinin \u00fc\u00e7\u00fcnc\u00fc, T\u00fcrkiye\u2019nin 60. H\u00fck\u00fcmeti kuruldu.<\/p>\n<p>AK Parti, 3. Ola\u011fan B\u00fcy\u00fck Kongresi\u2019ni 3 Ekim 2009\u2019da yapt\u0131. Erdo\u011fan, bu kongrede bir kez daha genel ba\u015fkan se\u00e7ildi.<\/p>\n<p>12 Haziran 2011 genel se\u00e7imlerinde AK Parti y\u00fczde 49,83 oran\u0131nda oy alarak d\u00f6rd\u00fcnc\u00fc kez tek ba\u015f\u0131na iktidara gelirken, T\u00fcrkiye\u2019nin 61. H\u00fck\u00fcmeti Erdo\u011fan\u2019\u0131n ba\u015fbakanl\u0131\u011f\u0131nda kuruldu.<\/p>\n<p><em>AK Parti\u2019nin ilk ola\u011fan\u00fcst\u00fc kongresi<\/em><br \/>AK Parti, 30 Eyl\u00fcl 2012\u2019de 4. Ola\u011fan B\u00fcy\u00fck Kongresi\u2019ni yapt\u0131. D\u00f6rt kongreye de ba\u015fbakan olarak giren Erdo\u011fan, yeniden genel ba\u015fkanl\u0131\u011fa se\u00e7ildi.<\/p>\n<p>10 A\u011fustos 2014\u2019te yap\u0131lan Cumhurba\u015fkan\u0131 se\u00e7iminde Erdo\u011fan\u2019\u0131n do\u011frudan halk iradesiyle se\u00e7ilen ilk Cumhurba\u015fkan\u0131 olmas\u0131n\u0131n ard\u0131ndan 27 A\u011fustos 2014\u2019te yap\u0131lan 1. Ola\u011fan\u00fcst\u00fc B\u00fcy\u00fck Kongre\u2019de Ahmet Davuto\u011flu genel ba\u015fkan se\u00e7ildi ve ard\u0131ndan 62. H\u00fck\u00fcmeti kurdu.<\/p>\n<p>AK Parti, 7 Haziran 2015\u2019teki genel se\u00e7imlerde y\u00fczde 40,87 oy almas\u0131na ra\u011fmen tek ba\u015f\u0131na iktidar olamad\u0131. 12 Eyl\u00fcl 2015\u2019te ger\u00e7ekle\u015ftirilen ve Davuto\u011flu\u2019nun yeniden genel ba\u015fkan se\u00e7ildi\u011fi 5. Ola\u011fan B\u00fcy\u00fck Kongre\u2019nin ard\u0131ndan 1 Kas\u0131m 2015\u2019teki erken se\u00e7imlerde ise AK Parti tek ba\u015f\u0131na iktidar\u0131 kazand\u0131 ve se\u00e7imin ard\u0131ndan 64. H\u00fck\u00fcmet kuruldu.<\/p>\n<p><em>AK Parti\u2019nin 2. Ola\u011fan\u00fcst\u00fc B\u00fcy\u00fck Kongresi<\/em><br \/>Partide, 22 May\u0131s 2016\u2019da yap\u0131lan 2. Ola\u011fan\u00fcst\u00fc Kongre ile bir bayrak de\u011fi\u015fimi daha ya\u015fand\u0131. Partinin kurucular\u0131ndan olan ve Erdo\u011fan\u2019a belediye ba\u015fkanl\u0131\u011f\u0131 d\u00f6neminden itibaren yol arkada\u015fl\u0131\u011f\u0131 yapan Binali Y\u0131ld\u0131r\u0131m, AK Parti Genel Ba\u015fkanl\u0131\u011f\u0131na se\u00e7ildi ve 65. H\u00fck\u00fcmeti kurarak Ba\u015fbakan oldu.<\/p>\n<p>16 Nisan\u2019daki tarihi oylama<br \/>T\u00fcrkiye, 16 Nisan\u2019da yap\u0131lan ve \u201ctarihi\u201d olarak nitelendirilen halk oylamas\u0131yla yeni bir d\u00f6neme girdi. 16 Nisan 2017\u2019deki halk oylamas\u0131ndan y\u00fczde 51,41 oran\u0131nda \u201cevet\u201d, y\u00fczde 48,59 oran\u0131nda \u201chay\u0131r\u201d oyu \u00e7\u0131kmas\u0131yla Anayasa\u2019daki \u201cCumhurba\u015fkan\u0131 se\u00e7ilenin partisi ile ili\u015fi\u011fi kesilir\u201d h\u00fckm\u00fc kald\u0131r\u0131ld\u0131 ve Cumhurba\u015fkan\u0131 Erdo\u011fan\u2019a parti \u00fcyeli\u011finin yolu a\u00e7\u0131ld\u0131. Ayr\u0131ca halk Cumhurba\u015fkanl\u0131\u011f\u0131 H\u00fck\u00fcmet Sistemi\u2019ne ge\u00e7ilmesine karar verdi.<\/p>\n<p>Cumhurba\u015fkan\u0131 Erdo\u011fan, 2 May\u0131s 2017\u2019de AK Parti Genel Merkezi\u2019ne 979 g\u00fcn aradan sonra gelerek \u00fcyelik beyannamesini imzalad\u0131 ve AK Parti\u2019ye \u00fcye oldu.<\/p>\n<p><em>Erdo\u011fan yeniden genel ba\u015fkan<\/em><br \/>Cumhurba\u015fkan\u0131 Erdo\u011fan\u2019\u0131n partiye d\u00f6nmesinin ard\u0131ndan 21 May\u0131s 2017\u2019de ola\u011fan\u00fcst\u00fc kongre yapma karar\u0131 al\u0131nd\u0131. AK Parti\u2019nin 3. Ola\u011fan\u00fcst\u00fc B\u00fcy\u00fck Kongresi\u2019nde ge\u00e7erli 1414 oyun tamam\u0131n\u0131 alan Erdo\u011fan, kurucusu oldu\u011fu partiye yeniden Genel Ba\u015fkan se\u00e7ildi.<\/p>\n<p>AK Parti\u2019de 6. Ola\u011fan B\u00fcy\u00fck Kongre ise 18 A\u011fustos 2018\u2019de yap\u0131ld\u0131. Erdo\u011fan, 6. Ola\u011fan B\u00fcy\u00fck Kongre\u2019de ge\u00e7erli 1380 oyun tamam\u0131n\u0131 ald\u0131.<br \/><em><br \/>COVID-19 salg\u0131n\u0131, 7. Ola\u011fan B\u00fcy\u00fck Kongre s\u00fcrecinin uzamas\u0131na neden oldu<\/em><\/p>\n<p>AK Parti\u2019de 7. Ola\u011fan B\u00fcy\u00fck Kongre s\u00fcreci \u201c\u0130nand\u0131\u011f\u0131n yolda y\u00fcr\u00fc\u201d slogan\u0131yla Aral\u0131k 2019\u2019da ba\u015flad\u0131. 2020 y\u0131l\u0131nda il ve il\u00e7e kongrelerini tamamlamay\u0131 ve b\u00fcy\u00fck kongre s\u00fcrecini ba\u015flatmay\u0131 hedefleyen AK Parti\u2019nin planlar\u0131n\u0131, 2020 Ocak ay\u0131nda t\u00fcm d\u00fcnyada, Mart ay\u0131nda ise T\u00fcrkiye\u2019de etkili olmaya ba\u015flayan COVID-19 salg\u0131n\u0131 olumsuz etkiledi.<\/p>\n<p>Bilim Kurulu kararlar\u0131 ve vaka say\u0131lar\u0131ndaki seyir dikkate al\u0131narak kongreler bir s\u00fcre ertelendi. Vaka say\u0131lar\u0131n\u0131n azalmas\u0131n\u0131n ard\u0131ndan a\u011fustos ay\u0131nda maske ve mesafe kurallar\u0131na uyularak kongrelere yeniden ba\u015fland\u0131.<\/p>\n<p>Cumhurba\u015fkan\u0131 ve AK Parti Genel Ba\u015fkan\u0131 Erdo\u011fan, 12 il kongresine y\u00fcz y\u00fcze, di\u011fer il kongrelerine ise canl\u0131 ba\u011flant\u0131yla kat\u0131ld\u0131. AK Parti\u2019de il kongrelerinin tamamlanmas\u0131n\u0131n ard\u0131ndan, 24 Mart 2021\u2019de 7. Ola\u011fan B\u00fcy\u00fck Kongre ger\u00e7ekle\u015ftirildi.<\/p>\n<p>Erdo\u011fan, ge\u00e7erli 1428 oyun tamam\u0131n\u0131 alarak yeniden 7. kez AK Parti Genel Ba\u015fkan\u0131 se\u00e7ildi.<\/p>\n<p><em>2023 Genel Se\u00e7imleri\u2019nin ard\u0131ndan 4. Ola\u011fan\u00fcst\u00fc B\u00fcy\u00fck Kongre yap\u0131ld\u0131<\/em><br \/>14 May\u0131s 2023 tarihinde yap\u0131lan Cumhurba\u015fkan\u0131 ve 28. D\u00f6nem Milletvekili Genel Se\u00e7imleri\u2019nde sand\u0131ktan birinci parti olarak \u00e7\u0131kan AK Parti, 7 Ekim 2023\u2019te 4. Ola\u011fan\u00fcst\u00fc B\u00fcy\u00fck Kongresi\u2019ni ger\u00e7ekle\u015ftirdi.<\/p>\n<p>Kongrede, Cumhurba\u015fkan\u0131 Erdo\u011fan yeniden genel ba\u015fkan se\u00e7ildi. Ola\u011fan\u00fcst\u00fc B\u00fcy\u00fck Kongre\u2019de, mevcut Merkez Karar ve Y\u00f6netim Kurulu (MKYK) \u00fcyelerinden 49\u2019u yeni MKYK\u2019de yer almazken, 26 isim yerini korudu. MKYK listelerine 18 kad\u0131n, 57 erkek girdi.<\/p>\n<p>trt<\/p>\n<\/p><\/div>\n<p><script async\n                    defer\n                    crossorigin=\"anonymous\"\n                    src=\"https:\/\/connect.facebook.net\/tr_TR\/sdk.js#xfbml=1&#038;version=v3.3\"\n            ><\/script><\/p>\n","protected":false},"excerpt":{"rendered":"<p>Kurulduktan 15 ay sonra 3 Kas\u0131m 2002\u2019de girdi\u011fi ilk genel se\u00e7imle iktidara gelen ve 23 y\u0131ld\u0131r \u00fclkeyi y\u00f6neten AK Parti, 8. Ola\u011fan B\u00fcy\u00fck Kongresi\u2019ni yar\u0131n ger\u00e7ekle\u015ftirecek. AK Parti\u2019nin yar\u0131n yapaca\u011f\u0131 8. Ola\u011fan B\u00fcy\u00fck Kongre s\u00fcrecinde 12 Ekim\u2019de il\u00e7e, 30 Kas\u0131m\u2019da ise il kongreleri ba\u015flad\u0131. 7 \u015eubat\u2019ta yap\u0131lan \u0130stanbul 8. Ola\u011fan \u0130l Kongresiyle 81 ilde kongre<\/p>\n","protected":false},"author":1,"featured_media":76231,"comment_status":"open","ping_status":"open","sticky":false,"template":"","format":"standard","meta":{"footnotes":""},"categories":[86],"tags":[],"class_list":["post-76230","post","type-post","status-publish","format-standard","has-post-thumbnail","hentry","category-turkiye"],"yoast_head":"<!-- This site is optimized with the Yoast SEO plugin v27.4 - https:\/\/yoast.com\/product\/yoast-seo-wordpress\/ -->\n<title>AK Parti\u2019nin 8. Ola\u011fan B\u00fcy\u00fck Kongresi yar\u0131n yap\u0131lacak -<\/title>\n<meta name=\"robots\" content=\"index, follow, max-snippet:-1, max-image-preview:large, max-video-preview:-1\" \/>\n<link rel=\"canonical\" href=\"https:\/\/kibrisdakik.com\/?p=76230\" \/>\n<meta property=\"og:locale\" content=\"tr_TR\" \/>\n<meta property=\"og:type\" content=\"article\" \/>\n<meta property=\"og:title\" content=\"AK Parti\u2019nin 8. Ola\u011fan B\u00fcy\u00fck Kongresi yar\u0131n yap\u0131lacak -\" \/>\n<meta property=\"og:description\" content=\"Kurulduktan 15 ay sonra 3 Kas\u0131m 2002\u2019de girdi\u011fi ilk genel se\u00e7imle iktidara gelen ve 23 y\u0131ld\u0131r \u00fclkeyi y\u00f6neten AK Parti, 8. Ola\u011fan B\u00fcy\u00fck Kongresi\u2019ni yar\u0131n ger\u00e7ekle\u015ftirecek. AK Parti\u2019nin yar\u0131n yapaca\u011f\u0131 8. Ola\u011fan B\u00fcy\u00fck Kongre s\u00fcrecinde 12 Ekim\u2019de il\u00e7e, 30 Kas\u0131m\u2019da ise il kongreleri ba\u015flad\u0131. 7 \u015eubat\u2019ta yap\u0131lan \u0130stanbul 8. Ola\u011fan \u0130l Kongresiyle 81 ilde kongre\" \/>\n<meta property=\"og:url\" content=\"https:\/\/kibrisdakik.com\/?p=76230\" \/>\n<meta property=\"article:published_time\" content=\"2025-02-22T16:02:51+00:00\" \/>\n<meta property=\"og:image\" content=\"https:\/\/kibrisdakik.com\/wp-content\/uploads\/2025\/02\/qrfqfq2q-740x420.jpg\" \/>\n\t<meta property=\"og:image:width\" content=\"1280\" \/>\n\t<meta property=\"og:image:height\" content=\"720\" \/>\n\t<meta property=\"og:image:type\" content=\"image\/jpeg\" \/>\n<meta name=\"author\" content=\"admin\" \/>\n<meta name=\"twitter:card\" content=\"summary_large_image\" \/>\n<meta name=\"twitter:label1\" content=\"Yazan:\" \/>\n\t<meta name=\"twitter:data1\" content=\"admin\" \/>\n\t<meta name=\"twitter:label2\" content=\"Tahmini okuma s\u00fcresi\" \/>\n\t<meta name=\"twitter:data2\" content=\"7 dakika\" \/>\n<script type=\"application\/ld+json\" class=\"yoast-schema-graph\">{\"@context\":\"https:\\\/\\\/schema.org\",\"@graph\":[{\"@type\":\"Article\",\"@id\":\"https:\\\/\\\/kibrisdakik.com\\\/?p=76230#article\",\"isPartOf\":{\"@id\":\"https:\\\/\\\/kibrisdakik.com\\\/?p=76230\"},\"author\":{\"name\":\"admin\",\"@id\":\"https:\\\/\\\/kibrisdakik.com\\\/#\\\/schema\\\/person\\\/9cd9d437bbb44f72b73ba127e06d8e79\"},\"headline\":\"AK Parti\u2019nin 8. Ola\u011fan B\u00fcy\u00fck Kongresi yar\u0131n yap\u0131lacak\",\"datePublished\":\"2025-02-22T16:02:51+00:00\",\"mainEntityOfPage\":{\"@id\":\"https:\\\/\\\/kibrisdakik.com\\\/?p=76230\"},\"wordCount\":1441,\"commentCount\":0,\"image\":{\"@id\":\"https:\\\/\\\/kibrisdakik.com\\\/?p=76230#primaryimage\"},\"thumbnailUrl\":\"https:\\\/\\\/kibrisdakik.com\\\/wp-content\\\/uploads\\\/2025\\\/02\\\/qrfqfq2q-740x420.jpg\",\"articleSection\":[\"T\u00fcrkiye\"],\"inLanguage\":\"tr\",\"potentialAction\":[{\"@type\":\"CommentAction\",\"name\":\"Comment\",\"target\":[\"https:\\\/\\\/kibrisdakik.com\\\/?p=76230#respond\"]}]},{\"@type\":\"WebPage\",\"@id\":\"https:\\\/\\\/kibrisdakik.com\\\/?p=76230\",\"url\":\"https:\\\/\\\/kibrisdakik.com\\\/?p=76230\",\"name\":\"AK Parti\u2019nin 8. Ola\u011fan B\u00fcy\u00fck Kongresi yar\u0131n yap\u0131lacak -\",\"isPartOf\":{\"@id\":\"https:\\\/\\\/kibrisdakik.com\\\/#website\"},\"primaryImageOfPage\":{\"@id\":\"https:\\\/\\\/kibrisdakik.com\\\/?p=76230#primaryimage\"},\"image\":{\"@id\":\"https:\\\/\\\/kibrisdakik.com\\\/?p=76230#primaryimage\"},\"thumbnailUrl\":\"https:\\\/\\\/kibrisdakik.com\\\/wp-content\\\/uploads\\\/2025\\\/02\\\/qrfqfq2q-740x420.jpg\",\"datePublished\":\"2025-02-22T16:02:51+00:00\",\"author\":{\"@id\":\"https:\\\/\\\/kibrisdakik.com\\\/#\\\/schema\\\/person\\\/9cd9d437bbb44f72b73ba127e06d8e79\"},\"breadcrumb\":{\"@id\":\"https:\\\/\\\/kibrisdakik.com\\\/?p=76230#breadcrumb\"},\"inLanguage\":\"tr\",\"potentialAction\":[{\"@type\":\"ReadAction\",\"target\":[\"https:\\\/\\\/kibrisdakik.com\\\/?p=76230\"]}]},{\"@type\":\"ImageObject\",\"inLanguage\":\"tr\",\"@id\":\"https:\\\/\\\/kibrisdakik.com\\\/?p=76230#primaryimage\",\"url\":\"https:\\\/\\\/kibrisdakik.com\\\/wp-content\\\/uploads\\\/2025\\\/02\\\/qrfqfq2q-740x420.jpg\",\"contentUrl\":\"https:\\\/\\\/kibrisdakik.com\\\/wp-content\\\/uploads\\\/2025\\\/02\\\/qrfqfq2q-740x420.jpg\",\"width\":1280,\"height\":720},{\"@type\":\"BreadcrumbList\",\"@id\":\"https:\\\/\\\/kibrisdakik.com\\\/?p=76230#breadcrumb\",\"itemListElement\":[{\"@type\":\"ListItem\",\"position\":1,\"name\":\"Home\",\"item\":\"https:\\\/\\\/kibrisdakik.com\\\/\"},{\"@type\":\"ListItem\",\"position\":2,\"name\":\"AK Parti\u2019nin 8. Ola\u011fan B\u00fcy\u00fck Kongresi yar\u0131n yap\u0131lacak\"}]},{\"@type\":\"WebSite\",\"@id\":\"https:\\\/\\\/kibrisdakik.com\\\/#website\",\"url\":\"https:\\\/\\\/kibrisdakik.com\\\/\",\"name\":\"\",\"description\":\"Tam vaktinde haber\",\"potentialAction\":[{\"@type\":\"SearchAction\",\"target\":{\"@type\":\"EntryPoint\",\"urlTemplate\":\"https:\\\/\\\/kibrisdakik.com\\\/?s={search_term_string}\"},\"query-input\":{\"@type\":\"PropertyValueSpecification\",\"valueRequired\":true,\"valueName\":\"search_term_string\"}}],\"inLanguage\":\"tr\"},{\"@type\":\"Person\",\"@id\":\"https:\\\/\\\/kibrisdakik.com\\\/#\\\/schema\\\/person\\\/9cd9d437bbb44f72b73ba127e06d8e79\",\"name\":\"admin\",\"image\":{\"@type\":\"ImageObject\",\"inLanguage\":\"tr\",\"@id\":\"https:\\\/\\\/secure.gravatar.com\\\/avatar\\\/ccc17943b9d660506c869530f897617f7cb1c21a4bf30023f252596d83e1f007?s=96&d=mm&r=g\",\"url\":\"https:\\\/\\\/secure.gravatar.com\\\/avatar\\\/ccc17943b9d660506c869530f897617f7cb1c21a4bf30023f252596d83e1f007?s=96&d=mm&r=g\",\"contentUrl\":\"https:\\\/\\\/secure.gravatar.com\\\/avatar\\\/ccc17943b9d660506c869530f897617f7cb1c21a4bf30023f252596d83e1f007?s=96&d=mm&r=g\",\"caption\":\"admin\"},\"sameAs\":[\"https:\\\/\\\/kibrisdakik.com\"],\"url\":\"https:\\\/\\\/kibrisdakik.com\\\/?author=1\"}]}<\/script>\n<!-- \/ Yoast SEO plugin. -->","yoast_head_json":{"title":"AK Parti\u2019nin 8. Ola\u011fan B\u00fcy\u00fck Kongresi yar\u0131n yap\u0131lacak -","robots":{"index":"index","follow":"follow","max-snippet":"max-snippet:-1","max-image-preview":"max-image-preview:large","max-video-preview":"max-video-preview:-1"},"canonical":"https:\/\/kibrisdakik.com\/?p=76230","og_locale":"tr_TR","og_type":"article","og_title":"AK Parti\u2019nin 8. Ola\u011fan B\u00fcy\u00fck Kongresi yar\u0131n yap\u0131lacak -","og_description":"Kurulduktan 15 ay sonra 3 Kas\u0131m 2002\u2019de girdi\u011fi ilk genel se\u00e7imle iktidara gelen ve 23 y\u0131ld\u0131r \u00fclkeyi y\u00f6neten AK Parti, 8. Ola\u011fan B\u00fcy\u00fck Kongresi\u2019ni yar\u0131n ger\u00e7ekle\u015ftirecek. AK Parti\u2019nin yar\u0131n yapaca\u011f\u0131 8. Ola\u011fan B\u00fcy\u00fck Kongre s\u00fcrecinde 12 Ekim\u2019de il\u00e7e, 30 Kas\u0131m\u2019da ise il kongreleri ba\u015flad\u0131. 7 \u015eubat\u2019ta yap\u0131lan \u0130stanbul 8. Ola\u011fan \u0130l Kongresiyle 81 ilde kongre","og_url":"https:\/\/kibrisdakik.com\/?p=76230","article_published_time":"2025-02-22T16:02:51+00:00","og_image":[{"width":1280,"height":720,"url":"https:\/\/kibrisdakik.com\/wp-content\/uploads\/2025\/02\/qrfqfq2q-740x420.jpg","type":"image\/jpeg"}],"author":"admin","twitter_card":"summary_large_image","twitter_misc":{"Yazan:":"admin","Tahmini okuma s\u00fcresi":"7 dakika"},"schema":{"@context":"https:\/\/schema.org","@graph":[{"@type":"Article","@id":"https:\/\/kibrisdakik.com\/?p=76230#article","isPartOf":{"@id":"https:\/\/kibrisdakik.com\/?p=76230"},"author":{"name":"admin","@id":"https:\/\/kibrisdakik.com\/#\/schema\/person\/9cd9d437bbb44f72b73ba127e06d8e79"},"headline":"AK Parti\u2019nin 8. Ola\u011fan B\u00fcy\u00fck Kongresi yar\u0131n yap\u0131lacak","datePublished":"2025-02-22T16:02:51+00:00","mainEntityOfPage":{"@id":"https:\/\/kibrisdakik.com\/?p=76230"},"wordCount":1441,"commentCount":0,"image":{"@id":"https:\/\/kibrisdakik.com\/?p=76230#primaryimage"},"thumbnailUrl":"https:\/\/kibrisdakik.com\/wp-content\/uploads\/2025\/02\/qrfqfq2q-740x420.jpg","articleSection":["T\u00fcrkiye"],"inLanguage":"tr","potentialAction":[{"@type":"CommentAction","name":"Comment","target":["https:\/\/kibrisdakik.com\/?p=76230#respond"]}]},{"@type":"WebPage","@id":"https:\/\/kibrisdakik.com\/?p=76230","url":"https:\/\/kibrisdakik.com\/?p=76230","name":"AK Parti\u2019nin 8. Ola\u011fan B\u00fcy\u00fck Kongresi yar\u0131n yap\u0131lacak -","isPartOf":{"@id":"https:\/\/kibrisdakik.com\/#website"},"primaryImageOfPage":{"@id":"https:\/\/kibrisdakik.com\/?p=76230#primaryimage"},"image":{"@id":"https:\/\/kibrisdakik.com\/?p=76230#primaryimage"},"thumbnailUrl":"https:\/\/kibrisdakik.com\/wp-content\/uploads\/2025\/02\/qrfqfq2q-740x420.jpg","datePublished":"2025-02-22T16:02:51+00:00","author":{"@id":"https:\/\/kibrisdakik.com\/#\/schema\/person\/9cd9d437bbb44f72b73ba127e06d8e79"},"breadcrumb":{"@id":"https:\/\/kibrisdakik.com\/?p=76230#breadcrumb"},"inLanguage":"tr","potentialAction":[{"@type":"ReadAction","target":["https:\/\/kibrisdakik.com\/?p=76230"]}]},{"@type":"ImageObject","inLanguage":"tr","@id":"https:\/\/kibrisdakik.com\/?p=76230#primaryimage","url":"https:\/\/kibrisdakik.com\/wp-content\/uploads\/2025\/02\/qrfqfq2q-740x420.jpg","contentUrl":"https:\/\/kibrisdakik.com\/wp-content\/uploads\/2025\/02\/qrfqfq2q-740x420.jpg","width":1280,"height":720},{"@type":"BreadcrumbList","@id":"https:\/\/kibrisdakik.com\/?p=76230#breadcrumb","itemListElement":[{"@type":"ListItem","position":1,"name":"Home","item":"https:\/\/kibrisdakik.com\/"},{"@type":"ListItem","position":2,"name":"AK Parti\u2019nin 8. Ola\u011fan B\u00fcy\u00fck Kongresi yar\u0131n yap\u0131lacak"}]},{"@type":"WebSite","@id":"https:\/\/kibrisdakik.com\/#website","url":"https:\/\/kibrisdakik.com\/","name":"","description":"Tam vaktinde haber","potentialAction":[{"@type":"SearchAction","target":{"@type":"EntryPoint","urlTemplate":"https:\/\/kibrisdakik.com\/?s={search_term_string}"},"query-input":{"@type":"PropertyValueSpecification","valueRequired":true,"valueName":"search_term_string"}}],"inLanguage":"tr"},{"@type":"Person","@id":"https:\/\/kibrisdakik.com\/#\/schema\/person\/9cd9d437bbb44f72b73ba127e06d8e79","name":"admin","image":{"@type":"ImageObject","inLanguage":"tr","@id":"https:\/\/secure.gravatar.com\/avatar\/ccc17943b9d660506c869530f897617f7cb1c21a4bf30023f252596d83e1f007?s=96&d=mm&r=g","url":"https:\/\/secure.gravatar.com\/avatar\/ccc17943b9d660506c869530f897617f7cb1c21a4bf30023f252596d83e1f007?s=96&d=mm&r=g","contentUrl":"https:\/\/secure.gravatar.com\/avatar\/ccc17943b9d660506c869530f897617f7cb1c21a4bf30023f252596d83e1f007?s=96&d=mm&r=g","caption":"admin"},"sameAs":["https:\/\/kibrisdakik.com"],"url":"https:\/\/kibrisdakik.com\/?author=1"}]}},"_links":{"self":[{"href":"https:\/\/kibrisdakik.com\/index.php?rest_route=\/wp\/v2\/posts\/76230","targetHints":{"allow":["GET"]}}],"collection":[{"href":"https:\/\/kibrisdakik.com\/index.php?rest_route=\/wp\/v2\/posts"}],"about":[{"href":"https:\/\/kibrisdakik.com\/index.php?rest_route=\/wp\/v2\/types\/post"}],"author":[{"embeddable":true,"href":"https:\/\/kibrisdakik.com\/index.php?rest_route=\/wp\/v2\/users\/1"}],"replies":[{"embeddable":true,"href":"https:\/\/kibrisdakik.com\/index.php?rest_route=%2Fwp%2Fv2%2Fcomments&post=76230"}],"version-history":[{"count":0,"href":"https:\/\/kibrisdakik.com\/index.php?rest_route=\/wp\/v2\/posts\/76230\/revisions"}],"wp:featuredmedia":[{"embeddable":true,"href":"https:\/\/kibrisdakik.com\/index.php?rest_route=\/wp\/v2\/media\/76231"}],"wp:attachment":[{"href":"https:\/\/kibrisdakik.com\/index.php?rest_route=%2Fwp%2Fv2%2Fmedia&parent=76230"}],"wp:term":[{"taxonomy":"category","embeddable":true,"href":"https:\/\/kibrisdakik.com\/index.php?rest_route=%2Fwp%2Fv2%2Fcategories&post=76230"},{"taxonomy":"post_tag","embeddable":true,"href":"https:\/\/kibrisdakik.com\/index.php?rest_route=%2Fwp%2Fv2%2Ftags&post=76230"}],"curies":[{"name":"wp","href":"https:\/\/api.w.org\/{rel}","templated":true}]}}