{"id":76232,"date":"2025-02-22T22:04:03","date_gmt":"2025-02-22T19:04:03","guid":{"rendered":"https:\/\/kibrisdakik.com\/?p=76232"},"modified":"2025-02-22T22:04:03","modified_gmt":"2025-02-22T19:04:03","slug":"hamas-ile-israil-arasindaki-esir-takasinin-yedinci-turunda-620-filistinli-serbest-birakilacak","status":"publish","type":"post","link":"https:\/\/kibrisdakik.com\/?p=76232","title":{"rendered":"Hamas ile \u0130srail aras\u0131ndaki esir takas\u0131n\u0131n yedinci turunda 620 Filistinli serbest b\u0131rak\u0131lacak"},"content":{"rendered":"<p><\/p>\n<div>\n<div class=\"mariselle-image-container center\">\n                <img loading=\"lazy\" decoding=\"async\" width=\"800\" height=\"450\" class=\"lazy-image\" alt=\"\" sizes=\"auto, (max-width: 800px) 100vw, 800px\" src=\"https:\/\/brtk.net\/wp-content\/uploads\/2025\/02\/22\/01841.jpg?ver=98f96c808c67a6c68d3f666587d11305\" srcset=\"https:\/\/brtk.net\/wp-content\/uploads\/2025\/02\/22\/01841.jpg?ver=98f96c808c67a6c68d3f666587d11305 800w, https:\/\/brtk.net\/wp-content\/uploads\/2025\/02\/22\/01841-300x169.jpg?ver=465117ee3af15662a5696e92db81d2ac 300w, https:\/\/brtk.net\/wp-content\/uploads\/2025\/02\/22\/01841-768x432.jpg?ver=b4bc9c88417025942b7514d3856b5bc5 768w\"\/>                            <\/div>\n<p>Gazze\u2019de ate\u015fkes ve esir takas\u0131 anla\u015fmas\u0131 kapsam\u0131nda Hamas\u2019\u0131n bug\u00fcn serbest b\u0131rakt\u0131\u011f\u0131 6 \u0130srailli esire kar\u015f\u0131l\u0131k \u0130srail\u2019in de hapishanelerdeki 620 Filistinli esiri serbest b\u0131rakaca\u011f\u0131 bildirildi.<\/p>\n<p>Hamas\u2019a ba\u011fl\u0131 Esirler Medya Ofisinden yap\u0131lan a\u00e7\u0131klamada, esir takas\u0131n\u0131n yedinci turunda daha \u00f6nce 602 olarak belirtilen serbest b\u0131rak\u0131lacak Filistinli esir say\u0131s\u0131 620 olarak g\u00fcncellendi.<\/p>\n<p>Bu turda serbest b\u0131rak\u0131lacaklar aras\u0131nda m\u00fcebbet ve a\u011f\u0131r hapis cezas\u0131na \u00e7arpt\u0131r\u0131lm\u0131\u015f 151 Filistinli esir bulunuyor.<\/p>\n<p>Bu esirlerin 95\u2019inin Hamas, 40\u2019n\u0131n Fetih, 12\u2019sinin \u0130slami Cihad ve 4\u2019\u00fcn\u00fcn Filistin Halk Kurtulu\u015f Cephesi \u00fcyesi oldu\u011fu belirtildi.<\/p>\n<p>S\u00f6z konusu 151 esirin 43\u2019\u00fcn\u00fcn i\u015fgal alt\u0131ndaki Bat\u0131 \u015eeria ve Do\u011fu Kud\u00fcs\u2019e, 11\u2019inin Gazze\u2019ye gidece\u011fi belirtilirken 97 Filistinli esirin ise yurt d\u0131\u015f\u0131na g\u00f6nderilece\u011fi kaydedildi.<\/p>\n<p>\u0130srail kaynaklar\u0131ndan yap\u0131lan a\u00e7\u0131klamada \u015fu ifadelere yer verildi:<\/p>\n<p>\u201cG\u00fcvenlik toplant\u0131s\u0131 tamamland\u0131ktan sonra, s\u00fcrecin devam\u0131 ve anla\u015fmas\u0131n\u0131n birinci a\u015famas\u0131 kapsam\u0131nda \u00f6l\u00fc rehinelerin iadesinin tamamlanmas\u0131 konusunda bir karar verilecek\u201d. <\/p>\n<p>Ayr\u0131ca Gazze \u015eeridi\u2019nden 7 Ekim 2023 sonras\u0131nda al\u0131nan Filistinli esirlerden, 24\u2019\u00fc kad\u0131n ve \u00e7ocuklardan olu\u015fan 469 ki\u015finin daha Gazze\u2019de \u00f6zg\u00fcrl\u00fc\u011f\u00fcne kavu\u015faca\u011f\u0131 aktar\u0131ld\u0131.<\/p>\n<p>\u00d6te yandan Filistin Esirler Cemiyetinden yap\u0131lan a\u00e7\u0131klamada, \u015ealit anla\u015fmas\u0131yla serbest kal\u0131p sonra \u0130srail taraf\u0131ndan yeniden tutuklanan 41 Filistinlinin de esir takas\u0131n\u0131n yedinci turunda serbest kalaca\u011f\u0131 ifade edildi.<\/p>\n<p>Esir takas\u0131n\u0131n yedinci turu kapsam\u0131nda bug\u00fcn Gazze \u015eeridi\u2019nde tutulan 6 \u0130srailli esir serbest b\u0131rak\u0131larak Uluslararas\u0131 K\u0131z\u0131lha\u00e7 ekiplerine teslim edilmi\u015fti.<\/p>\n<\/p><\/div>\n<p><script async\n                    defer\n                    crossorigin=\"anonymous\"\n                    src=\"https:\/\/connect.facebook.net\/tr_TR\/sdk.js#xfbml=1&#038;version=v3.3\"\n            ><\/script><\/p>\n","protected":false},"excerpt":{"rendered":"<p>Gazze\u2019de ate\u015fkes ve esir takas\u0131 anla\u015fmas\u0131 kapsam\u0131nda Hamas\u2019\u0131n bug\u00fcn serbest b\u0131rakt\u0131\u011f\u0131 6 \u0130srailli esire kar\u015f\u0131l\u0131k \u0130srail\u2019in de hapishanelerdeki 620 Filistinli esiri serbest b\u0131rakaca\u011f\u0131 bildirildi. Hamas\u2019a ba\u011fl\u0131 Esirler Medya Ofisinden yap\u0131lan a\u00e7\u0131klamada, esir takas\u0131n\u0131n yedinci turunda daha \u00f6nce 602 olarak belirtilen serbest b\u0131rak\u0131lacak Filistinli esir say\u0131s\u0131 620 olarak g\u00fcncellendi. Bu turda serbest b\u0131rak\u0131lacaklar aras\u0131nda m\u00fcebbet ve<\/p>\n","protected":false},"author":1,"featured_media":76233,"comment_status":"open","ping_status":"open","sticky":false,"template":"","format":"standard","meta":{"footnotes":""},"categories":[1],"tags":[],"class_list":["post-76232","post","type-post","status-publish","format-standard","has-post-thumbnail","hentry","category-gundem"],"yoast_head":"<!-- This site is optimized with the Yoast SEO plugin v28.3 - https:\/\/yoast.com\/product\/yoast-seo-wordpress\/ -->\n<title>Hamas ile \u0130srail aras\u0131ndaki esir takas\u0131n\u0131n yedinci turunda 620 Filistinli serbest b\u0131rak\u0131lacak -<\/title>\n<meta name=\"robots\" content=\"index, follow, max-snippet:-1, max-image-preview:large, max-video-preview:-1\" \/>\n<link rel=\"canonical\" href=\"https:\/\/kibrisdakik.com\/?p=76232\" \/>\n<meta property=\"og:locale\" content=\"tr_TR\" \/>\n<meta property=\"og:type\" content=\"article\" \/>\n<meta property=\"og:title\" content=\"Hamas ile \u0130srail aras\u0131ndaki esir takas\u0131n\u0131n yedinci turunda 620 Filistinli serbest b\u0131rak\u0131lacak -\" \/>\n<meta property=\"og:description\" content=\"Gazze\u2019de ate\u015fkes ve esir takas\u0131 anla\u015fmas\u0131 kapsam\u0131nda Hamas\u2019\u0131n bug\u00fcn serbest b\u0131rakt\u0131\u011f\u0131 6 \u0130srailli esire kar\u015f\u0131l\u0131k \u0130srail\u2019in de hapishanelerdeki 620 Filistinli esiri serbest b\u0131rakaca\u011f\u0131 bildirildi. Hamas\u2019a ba\u011fl\u0131 Esirler Medya Ofisinden yap\u0131lan a\u00e7\u0131klamada, esir takas\u0131n\u0131n yedinci turunda daha \u00f6nce 602 olarak belirtilen serbest b\u0131rak\u0131lacak Filistinli esir say\u0131s\u0131 620 olarak g\u00fcncellendi. Bu turda serbest b\u0131rak\u0131lacaklar aras\u0131nda m\u00fcebbet ve\" \/>\n<meta property=\"og:url\" content=\"https:\/\/kibrisdakik.com\/?p=76232\" \/>\n<meta property=\"article:published_time\" content=\"2025-02-22T19:04:03+00:00\" \/>\n<meta property=\"og:image\" content=\"https:\/\/kibrisdakik.com\/wp-content\/uploads\/2025\/02\/01841-740x420.jpg\" \/>\n\t<meta property=\"og:image:width\" content=\"800\" \/>\n\t<meta property=\"og:image:height\" content=\"450\" \/>\n\t<meta property=\"og:image:type\" content=\"image\/jpeg\" \/>\n<meta name=\"author\" content=\"admin\" \/>\n<meta name=\"twitter:card\" content=\"summary_large_image\" \/>\n<meta name=\"twitter:label1\" content=\"Yazan:\" \/>\n\t<meta name=\"twitter:data1\" content=\"admin\" \/>\n\t<meta name=\"twitter:label2\" content=\"Tahmini okuma s\u00fcresi\" \/>\n\t<meta name=\"twitter:data2\" content=\"1 dakika\" \/>\n<script type=\"application\/ld+json\" class=\"yoast-schema-graph\">{\"@context\":\"https:\\\/\\\/schema.org\",\"@graph\":[{\"@type\":\"Article\",\"@id\":\"https:\\\/\\\/kibrisdakik.com\\\/?p=76232#article\",\"isPartOf\":{\"@id\":\"https:\\\/\\\/kibrisdakik.com\\\/?p=76232\"},\"author\":{\"name\":\"admin\",\"@id\":\"https:\\\/\\\/kibrisdakik.com\\\/#\\\/schema\\\/person\\\/9cd9d437bbb44f72b73ba127e06d8e79\"},\"headline\":\"Hamas ile \u0130srail aras\u0131ndaki esir takas\u0131n\u0131n yedinci turunda 620 Filistinli serbest b\u0131rak\u0131lacak\",\"datePublished\":\"2025-02-22T19:04:03+00:00\",\"mainEntityOfPage\":{\"@id\":\"https:\\\/\\\/kibrisdakik.com\\\/?p=76232\"},\"wordCount\":289,\"commentCount\":0,\"publisher\":{\"@id\":\"https:\\\/\\\/kibrisdakik.com\\\/#organization\"},\"image\":{\"@id\":\"https:\\\/\\\/kibrisdakik.com\\\/?p=76232#primaryimage\"},\"thumbnailUrl\":\"https:\\\/\\\/kibrisdakik.com\\\/wp-content\\\/uploads\\\/2025\\\/02\\\/01841-740x420.jpg\",\"articleSection\":[\"G\u00fcndem\"],\"inLanguage\":\"tr\",\"potentialAction\":[{\"@type\":\"CommentAction\",\"name\":\"Comment\",\"target\":[\"https:\\\/\\\/kibrisdakik.com\\\/?p=76232#respond\"]}]},{\"@type\":\"WebPage\",\"@id\":\"https:\\\/\\\/kibrisdakik.com\\\/?p=76232\",\"url\":\"https:\\\/\\\/kibrisdakik.com\\\/?p=76232\",\"name\":\"Hamas ile \u0130srail aras\u0131ndaki esir takas\u0131n\u0131n yedinci turunda 620 Filistinli serbest b\u0131rak\u0131lacak -\",\"isPartOf\":{\"@id\":\"https:\\\/\\\/kibrisdakik.com\\\/#website\"},\"primaryImageOfPage\":{\"@id\":\"https:\\\/\\\/kibrisdakik.com\\\/?p=76232#primaryimage\"},\"image\":{\"@id\":\"https:\\\/\\\/kibrisdakik.com\\\/?p=76232#primaryimage\"},\"thumbnailUrl\":\"https:\\\/\\\/kibrisdakik.com\\\/wp-content\\\/uploads\\\/2025\\\/02\\\/01841-740x420.jpg\",\"datePublished\":\"2025-02-22T19:04:03+00:00\",\"breadcrumb\":{\"@id\":\"https:\\\/\\\/kibrisdakik.com\\\/?p=76232#breadcrumb\"},\"inLanguage\":\"tr\",\"potentialAction\":[{\"@type\":\"ReadAction\",\"target\":[\"https:\\\/\\\/kibrisdakik.com\\\/?p=76232\"]}]},{\"@type\":\"ImageObject\",\"inLanguage\":\"tr\",\"@id\":\"https:\\\/\\\/kibrisdakik.com\\\/?p=76232#primaryimage\",\"url\":\"https:\\\/\\\/kibrisdakik.com\\\/wp-content\\\/uploads\\\/2025\\\/02\\\/01841-740x420.jpg\",\"contentUrl\":\"https:\\\/\\\/kibrisdakik.com\\\/wp-content\\\/uploads\\\/2025\\\/02\\\/01841-740x420.jpg\",\"width\":800,\"height\":450},{\"@type\":\"BreadcrumbList\",\"@id\":\"https:\\\/\\\/kibrisdakik.com\\\/?p=76232#breadcrumb\",\"itemListElement\":[{\"@type\":\"ListItem\",\"position\":1,\"name\":\"Home\",\"item\":\"https:\\\/\\\/kibrisdakik.com\\\/\"},{\"@type\":\"ListItem\",\"position\":2,\"name\":\"Hamas ile \u0130srail aras\u0131ndaki esir takas\u0131n\u0131n yedinci turunda 620 Filistinli serbest b\u0131rak\u0131lacak\"}]},{\"@type\":\"WebSite\",\"@id\":\"https:\\\/\\\/kibrisdakik.com\\\/#website\",\"url\":\"https:\\\/\\\/kibrisdakik.com\\\/\",\"name\":\"K\u0131br\u0131s Dakik\",\"description\":\"Tam vaktinde haber\",\"publisher\":{\"@id\":\"https:\\\/\\\/kibrisdakik.com\\\/#organization\"},\"potentialAction\":[{\"@type\":\"SearchAction\",\"target\":{\"@type\":\"EntryPoint\",\"urlTemplate\":\"https:\\\/\\\/kibrisdakik.com\\\/?s={search_term_string}\"},\"query-input\":{\"@type\":\"PropertyValueSpecification\",\"valueRequired\":true,\"valueName\":\"search_term_string\"}}],\"inLanguage\":\"tr\"},{\"@type\":\"Organization\",\"@id\":\"https:\\\/\\\/kibrisdakik.com\\\/#organization\",\"name\":\"K\u0131br\u0131s Dakik\",\"url\":\"https:\\\/\\\/kibrisdakik.com\\\/\",\"logo\":{\"@type\":\"ImageObject\",\"inLanguage\":\"tr\",\"@id\":\"https:\\\/\\\/kibrisdakik.com\\\/#\\\/schema\\\/logo\\\/image\\\/\",\"url\":\"https:\\\/\\\/kibrisdakik.com\\\/wp-content\\\/uploads\\\/2025\\\/10\\\/cropped-WhatsApp-Image-2025-10-02-at-12.58.31.jpeg\",\"contentUrl\":\"https:\\\/\\\/kibrisdakik.com\\\/wp-content\\\/uploads\\\/2025\\\/10\\\/cropped-WhatsApp-Image-2025-10-02-at-12.58.31.jpeg\",\"width\":1237,\"height\":190,\"caption\":\"K\u0131br\u0131s Dakik\"},\"image\":{\"@id\":\"https:\\\/\\\/kibrisdakik.com\\\/#\\\/schema\\\/logo\\\/image\\\/\"}},{\"@type\":\"Person\",\"@id\":\"https:\\\/\\\/kibrisdakik.com\\\/#\\\/schema\\\/person\\\/9cd9d437bbb44f72b73ba127e06d8e79\",\"name\":\"admin\",\"image\":{\"@type\":\"ImageObject\",\"inLanguage\":\"tr\",\"@id\":\"https:\\\/\\\/secure.gravatar.com\\\/avatar\\\/ccc17943b9d660506c869530f897617f7cb1c21a4bf30023f252596d83e1f007?s=96&d=mm&r=g\",\"url\":\"https:\\\/\\\/secure.gravatar.com\\\/avatar\\\/ccc17943b9d660506c869530f897617f7cb1c21a4bf30023f252596d83e1f007?s=96&d=mm&r=g\",\"contentUrl\":\"https:\\\/\\\/secure.gravatar.com\\\/avatar\\\/ccc17943b9d660506c869530f897617f7cb1c21a4bf30023f252596d83e1f007?s=96&d=mm&r=g\",\"caption\":\"admin\"},\"sameAs\":[\"https:\\\/\\\/kibrisdakik.com\"],\"url\":\"https:\\\/\\\/kibrisdakik.com\\\/?author=1\"}]}<\/script>\n<!-- \/ Yoast SEO plugin. -->","yoast_head_json":{"title":"Hamas ile \u0130srail aras\u0131ndaki esir takas\u0131n\u0131n yedinci turunda 620 Filistinli serbest b\u0131rak\u0131lacak -","robots":{"index":"index","follow":"follow","max-snippet":"max-snippet:-1","max-image-preview":"max-image-preview:large","max-video-preview":"max-video-preview:-1"},"canonical":"https:\/\/kibrisdakik.com\/?p=76232","og_locale":"tr_TR","og_type":"article","og_title":"Hamas ile \u0130srail aras\u0131ndaki esir takas\u0131n\u0131n yedinci turunda 620 Filistinli serbest b\u0131rak\u0131lacak -","og_description":"Gazze\u2019de ate\u015fkes ve esir takas\u0131 anla\u015fmas\u0131 kapsam\u0131nda Hamas\u2019\u0131n bug\u00fcn serbest b\u0131rakt\u0131\u011f\u0131 6 \u0130srailli esire kar\u015f\u0131l\u0131k \u0130srail\u2019in de hapishanelerdeki 620 Filistinli esiri serbest b\u0131rakaca\u011f\u0131 bildirildi. Hamas\u2019a ba\u011fl\u0131 Esirler Medya Ofisinden yap\u0131lan a\u00e7\u0131klamada, esir takas\u0131n\u0131n yedinci turunda daha \u00f6nce 602 olarak belirtilen serbest b\u0131rak\u0131lacak Filistinli esir say\u0131s\u0131 620 olarak g\u00fcncellendi. Bu turda serbest b\u0131rak\u0131lacaklar aras\u0131nda m\u00fcebbet ve","og_url":"https:\/\/kibrisdakik.com\/?p=76232","article_published_time":"2025-02-22T19:04:03+00:00","og_image":[{"width":800,"height":450,"url":"https:\/\/kibrisdakik.com\/wp-content\/uploads\/2025\/02\/01841-740x420.jpg","type":"image\/jpeg"}],"author":"admin","twitter_card":"summary_large_image","twitter_misc":{"Yazan:":"admin","Tahmini okuma s\u00fcresi":"1 dakika"},"schema":{"@context":"https:\/\/schema.org","@graph":[{"@type":"Article","@id":"https:\/\/kibrisdakik.com\/?p=76232#article","isPartOf":{"@id":"https:\/\/kibrisdakik.com\/?p=76232"},"author":{"name":"admin","@id":"https:\/\/kibrisdakik.com\/#\/schema\/person\/9cd9d437bbb44f72b73ba127e06d8e79"},"headline":"Hamas ile \u0130srail aras\u0131ndaki esir takas\u0131n\u0131n yedinci turunda 620 Filistinli serbest b\u0131rak\u0131lacak","datePublished":"2025-02-22T19:04:03+00:00","mainEntityOfPage":{"@id":"https:\/\/kibrisdakik.com\/?p=76232"},"wordCount":289,"commentCount":0,"publisher":{"@id":"https:\/\/kibrisdakik.com\/#organization"},"image":{"@id":"https:\/\/kibrisdakik.com\/?p=76232#primaryimage"},"thumbnailUrl":"https:\/\/kibrisdakik.com\/wp-content\/uploads\/2025\/02\/01841-740x420.jpg","articleSection":["G\u00fcndem"],"inLanguage":"tr","potentialAction":[{"@type":"CommentAction","name":"Comment","target":["https:\/\/kibrisdakik.com\/?p=76232#respond"]}]},{"@type":"WebPage","@id":"https:\/\/kibrisdakik.com\/?p=76232","url":"https:\/\/kibrisdakik.com\/?p=76232","name":"Hamas ile \u0130srail aras\u0131ndaki esir takas\u0131n\u0131n yedinci turunda 620 Filistinli serbest b\u0131rak\u0131lacak -","isPartOf":{"@id":"https:\/\/kibrisdakik.com\/#website"},"primaryImageOfPage":{"@id":"https:\/\/kibrisdakik.com\/?p=76232#primaryimage"},"image":{"@id":"https:\/\/kibrisdakik.com\/?p=76232#primaryimage"},"thumbnailUrl":"https:\/\/kibrisdakik.com\/wp-content\/uploads\/2025\/02\/01841-740x420.jpg","datePublished":"2025-02-22T19:04:03+00:00","breadcrumb":{"@id":"https:\/\/kibrisdakik.com\/?p=76232#breadcrumb"},"inLanguage":"tr","potentialAction":[{"@type":"ReadAction","target":["https:\/\/kibrisdakik.com\/?p=76232"]}]},{"@type":"ImageObject","inLanguage":"tr","@id":"https:\/\/kibrisdakik.com\/?p=76232#primaryimage","url":"https:\/\/kibrisdakik.com\/wp-content\/uploads\/2025\/02\/01841-740x420.jpg","contentUrl":"https:\/\/kibrisdakik.com\/wp-content\/uploads\/2025\/02\/01841-740x420.jpg","width":800,"height":450},{"@type":"BreadcrumbList","@id":"https:\/\/kibrisdakik.com\/?p=76232#breadcrumb","itemListElement":[{"@type":"ListItem","position":1,"name":"Home","item":"https:\/\/kibrisdakik.com\/"},{"@type":"ListItem","position":2,"name":"Hamas ile \u0130srail aras\u0131ndaki esir takas\u0131n\u0131n yedinci turunda 620 Filistinli serbest b\u0131rak\u0131lacak"}]},{"@type":"WebSite","@id":"https:\/\/kibrisdakik.com\/#website","url":"https:\/\/kibrisdakik.com\/","name":"K\u0131br\u0131s Dakik","description":"Tam vaktinde haber","publisher":{"@id":"https:\/\/kibrisdakik.com\/#organization"},"potentialAction":[{"@type":"SearchAction","target":{"@type":"EntryPoint","urlTemplate":"https:\/\/kibrisdakik.com\/?s={search_term_string}"},"query-input":{"@type":"PropertyValueSpecification","valueRequired":true,"valueName":"search_term_string"}}],"inLanguage":"tr"},{"@type":"Organization","@id":"https:\/\/kibrisdakik.com\/#organization","name":"K\u0131br\u0131s Dakik","url":"https:\/\/kibrisdakik.com\/","logo":{"@type":"ImageObject","inLanguage":"tr","@id":"https:\/\/kibrisdakik.com\/#\/schema\/logo\/image\/","url":"https:\/\/kibrisdakik.com\/wp-content\/uploads\/2025\/10\/cropped-WhatsApp-Image-2025-10-02-at-12.58.31.jpeg","contentUrl":"https:\/\/kibrisdakik.com\/wp-content\/uploads\/2025\/10\/cropped-WhatsApp-Image-2025-10-02-at-12.58.31.jpeg","width":1237,"height":190,"caption":"K\u0131br\u0131s Dakik"},"image":{"@id":"https:\/\/kibrisdakik.com\/#\/schema\/logo\/image\/"}},{"@type":"Person","@id":"https:\/\/kibrisdakik.com\/#\/schema\/person\/9cd9d437bbb44f72b73ba127e06d8e79","name":"admin","image":{"@type":"ImageObject","inLanguage":"tr","@id":"https:\/\/secure.gravatar.com\/avatar\/ccc17943b9d660506c869530f897617f7cb1c21a4bf30023f252596d83e1f007?s=96&d=mm&r=g","url":"https:\/\/secure.gravatar.com\/avatar\/ccc17943b9d660506c869530f897617f7cb1c21a4bf30023f252596d83e1f007?s=96&d=mm&r=g","contentUrl":"https:\/\/secure.gravatar.com\/avatar\/ccc17943b9d660506c869530f897617f7cb1c21a4bf30023f252596d83e1f007?s=96&d=mm&r=g","caption":"admin"},"sameAs":["https:\/\/kibrisdakik.com"],"url":"https:\/\/kibrisdakik.com\/?author=1"}]}},"_links":{"self":[{"href":"https:\/\/kibrisdakik.com\/index.php?rest_route=\/wp\/v2\/posts\/76232","targetHints":{"allow":["GET"]}}],"collection":[{"href":"https:\/\/kibrisdakik.com\/index.php?rest_route=\/wp\/v2\/posts"}],"about":[{"href":"https:\/\/kibrisdakik.com\/index.php?rest_route=\/wp\/v2\/types\/post"}],"author":[{"embeddable":true,"href":"https:\/\/kibrisdakik.com\/index.php?rest_route=\/wp\/v2\/users\/1"}],"replies":[{"embeddable":true,"href":"https:\/\/kibrisdakik.com\/index.php?rest_route=%2Fwp%2Fv2%2Fcomments&post=76232"}],"version-history":[{"count":1,"href":"https:\/\/kibrisdakik.com\/index.php?rest_route=\/wp\/v2\/posts\/76232\/revisions"}],"predecessor-version":[{"id":76242,"href":"https:\/\/kibrisdakik.com\/index.php?rest_route=\/wp\/v2\/posts\/76232\/revisions\/76242"}],"wp:featuredmedia":[{"embeddable":true,"href":"https:\/\/kibrisdakik.com\/index.php?rest_route=\/wp\/v2\/media\/76233"}],"wp:attachment":[{"href":"https:\/\/kibrisdakik.com\/index.php?rest_route=%2Fwp%2Fv2%2Fmedia&parent=76232"}],"wp:term":[{"taxonomy":"category","embeddable":true,"href":"https:\/\/kibrisdakik.com\/index.php?rest_route=%2Fwp%2Fv2%2Fcategories&post=76232"},{"taxonomy":"post_tag","embeddable":true,"href":"https:\/\/kibrisdakik.com\/index.php?rest_route=%2Fwp%2Fv2%2Ftags&post=76232"}],"curies":[{"name":"wp","href":"https:\/\/api.w.org\/{rel}","templated":true}]}}