{"id":76272,"date":"2025-02-23T15:18:07","date_gmt":"2025-02-23T12:18:07","guid":{"rendered":"https:\/\/kibrisdakik.com\/index.php\/2025\/02\/23\/kttb-kibrisin-kuzeyinde-artan-cocuk-anne-baba-olma-sorunu-konulu-panel-duzenledi\/"},"modified":"2025-02-23T15:18:07","modified_gmt":"2025-02-23T12:18:07","slug":"kttb-kibrisin-kuzeyinde-artan-cocuk-anne-baba-olma-sorunu-konulu-panel-duzenledi","status":"publish","type":"post","link":"https:\/\/kibrisdakik.com\/?p=76272","title":{"rendered":"KTTB, \u201cK\u0131br\u0131s\u2019\u0131n Kuzeyinde Artan \u00c7ocuk Anne-Baba Olma Sorunu\u201d konulu panel d\u00fczenledi"},"content":{"rendered":"<div>\n<div class=\"mariselle-image-container center\">\n                                            <\/div>\n<p>K\u0131br\u0131s T\u00fcrk Tabipleri Birli\u011fi (KTTB), K\u0131br\u0131s\u2019\u0131n Kuzeyinde Artan \u00c7ocuk Anne-Baba Olma Sorunu: Toplumsal Sorumlulu\u011fumuz konulu panel d\u00fczenledi.<\/p>\n<p>KTTB taraf\u0131ndan yap\u0131lan a\u00e7\u0131klamaya g\u00f6re,  Dr. Mustafa Hami Salonu\u2019nda  yap\u0131lan panelde, \u201cergen gebeliklerin art\u0131\u015f\u0131, \u00e7ocuk istismar\u0131 ve bu konularla ilgili yasal d\u00fczenlemelerin yetersizli\u011fi\u201d ele al\u0131nd\u0131.<\/p>\n<p>Polis Te\u015fkilat\u0131, yarg\u0131, hekim, avukat, sosyal hizmetler uzmanlar\u0131, psikologlar ve bir\u00e7ok kat\u0131l\u0131mc\u0131n\u0131n yer ald\u0131\u011f\u0131 panelde, KTTB Ba\u015fkan\u0131 Prof. Dr. Ceyhun Dalkan ve Sosyal Hizmetler Dairesi M\u00fcd\u00fcr\u00fc Alev Ecevit a\u00e7\u0131l\u0131\u015f konu\u015fmas\u0131 yapt\u0131lar.<\/p>\n<p>-Dalkan: \u201c\u00c7ocuk ya\u015fta ebeveynlik yaln\u0131zca bireysel de\u011fil, toplumsal bir sorundur\u201d<\/p>\n<p>KTTB Ba\u015fkan\u0131 Dalkan, \u00e7ocuk ya\u015fta ebeveynli\u011fin yaln\u0131zca bireysel de\u011fil, toplumsal bir sorun oldu\u011funu belirterek, \u201c2023\u2019te 68, 2022\u2019de ise 34 ergen do\u011fumu\u201d ger\u00e7ekle\u015fti\u011fini s\u00f6yledi. Bu durumun \u00e7o\u011fu zaman istismar, dini nikah veya ekonomik bask\u0131lar nedeniyle ya\u015fand\u0131\u011f\u0131n\u0131 ifade eden Dalkan, \u00e7ocuklar\u0131n hen\u00fcz kendi geleceklerini in\u015fa edemeden ebeveyn olmaya zorlanmas\u0131n\u0131n fiziksel, ruhsal ve sosyal geli\u015fimlerini olumsuz etkiledi\u011fini, dolay\u0131s\u0131yla gerekli koruma mekanizmalar\u0131n\u0131n olu\u015fturulmas\u0131 ve psikososyal destek sa\u011flanmas\u0131n\u0131n \u00f6nemli oldu\u011funa dikkat \u00e7ekti.<\/p>\n<p>KTTB\u2019nin \u00e7\u00f6z\u00fcm odakl\u0131 \u00e7al\u0131\u015fmalar y\u00fcr\u00fctt\u00fc\u011f\u00fcn\u00fc ve bu konuda sa\u011fl\u0131k, hukuk, e\u011fitim ve sosyal hizmet alanlar\u0131nda i\u015f birli\u011finin \u015fart oldu\u011funu s\u00f6yleyen Dalkan, panelin amac\u0131n\u0131n yaln\u0131zca fark\u0131ndal\u0131k yaratmak de\u011fil, \u00f6nleyici politikalar geli\u015ftirmek oldu\u011funu belirterek, toplumu bu konuda sorumluluk almaya davet etti.<\/p>\n<p>Sosyal Hizmetler Dairesi M\u00fcd\u00fcr\u00fc Alev Ecevit ise a\u00e7\u0131l\u0131\u015fta, \u00fclke genelinde bu t\u00fcr vakalar\u0131n sosyal hizmetlere bildirilmesinin zorunlu oldu\u011funu belirterek, ihbarlar\u0131 de\u011ferlendirirken \u00e7ok hassas olduklar\u0131n\u0131 s\u00f6yledi. \u00d6nleyici tedbirlerin \u00f6nemli oldu\u011funu da aktaran Ecevit, t\u00fcm kurumlar\u0131n i\u015f birli\u011fi i\u00e7inde \u00e7al\u0131\u015fmas\u0131 gerekti\u011fini ifade etti.<\/p>\n<p>Panel konu\u015fmac\u0131s\u0131 hukuk\u00e7u, akademisyen Ali Ye\u011fen, KKTC mahkemelerinin bu t\u00fcr su\u00e7lar i\u00e7in etkin cezalar verdi\u011fini ancak \u00f6nleyici tedbirler ve rehabilitasyon s\u00fcre\u00e7lerini yetersiz  buldu\u011funu belirtti. \u00c7ocuk Haklar\u0131 S\u00f6zle\u015fmesi\u2019nin KKTC Meclisi\u2019nde 1996\u2019da i\u00e7 hukuk olarak kabul edildi\u011fini hat\u0131rlatan Ye\u011fen, \u201cs\u00f6zle\u015fmeye ra\u011fmen 16-18 ya\u015f aras\u0131ndaki bireylerin yeterince korunmad\u0131\u011f\u0131n\u0131\u201d iddia etti.  <\/p>\n<p>Evrensel \u00c7ocuk Haklar\u0131 Derne\u011fi Ba\u015fkan\u0131 Laden Asilzade de, yerelde, \u201cBelediyeler b\u00fcnyesinde sosyal hizmetler biriminin g\u00fc\u00e7lendirilmesi ve \u00e7ocuk adalet sisteminin olu\u015fturulmas\u0131\u201d gerekti\u011fini dile getirerek, \u00c7ocuk Yasas\u0131\u2019n\u0131n ge\u00e7irilmesi ve t\u00fcz\u00fcklerle desteklenmesinin \u00f6nemine i\u015faret etti.<\/p>\n<p>Sosyal Hizmetler Dairesi\u2019nde sosyal hizmetler uzman\u0131 Sezgin \u00d6zk\u0131ra\u00e7 ise, Sosyal Hizmetler Dairesi\u2019nin g\u00f6revinin \u201cba\u015fta koruyucu ve \u00f6nleyici hizmetleri sa\u011flamak, sorunun varl\u0131\u011f\u0131n\u0131n tespitiyle bireylerin refah\u0131n\u0131 art\u0131rarak toplumsal entegrasyonu olu\u015fturmak ve makro d\u00fczeyde sorunu ortadan kald\u0131rmak\u201d oldu\u011funu kaydetti.<\/p>\n<p>\u00c7ocuk ve Psikiyatrisi uzman\u0131 Dr. Pelin Var\u0131\u015f, MD, ergen gebeliklerin sosyolojik, psikososyal ve ekonomik olumsuz sonu\u00e7lar do\u011furdu\u011funu belirterek, \u201cBebeklerde \u00f6l\u00fc do\u011fum riskinin artt\u0131\u011f\u0131n\u0131, annenin meslek edinme \u015fans\u0131n\u0131n azald\u0131\u011f\u0131n\u0131 ve yoksullu\u011fa mahk\u00fbm oldu\u011funu\u201d dile getirdi.<\/p>\n<p>Kad\u0131n Sa\u011fl\u0131\u011f\u0131 ve Hastal\u0131klar\u0131 uzman\u0131 Dr. Burcu \u00d6zbak\u0131r, MS, \u201c2022-23 y\u0131llar\u0131 aras\u0131nda ergen gebelik oranlar\u0131n\u0131n, bin do\u011fumda 7\u2019den bin do\u011fumda 17\u2019ye \u00e7\u0131kt\u0131\u011f\u0131n\u0131 ve bu art\u0131\u015f\u0131n gelecek i\u00e7in korkutucu\u201d oldu\u011funu belirterek, \u00e7\u00f6z\u00fcm \u00f6nerisi olarak \u201cuygun zamanda iste\u011fe ba\u011fl\u0131 kamusal sa\u011fl\u0131k i\u00e7inde k\u00fcrtaj hizmetlerine eri\u015fim sa\u011flanmas\u0131\u201d gerekti\u011fini s\u00f6yledi.<\/p>\n<p>Panelde, bir\u00e7ok taraf\u0131n a\u00e7\u0131k\u00e7a g\u00f6r\u00fc\u015flerini, \u00e7\u00f6z\u00fcm \u00f6nerilerini belirtti\u011fi ifade edilen KTTB a\u00e7\u0131klamas\u0131nda,  panel sonucunda, \u201cergen gebeliklerin \u00f6nlenmesi i\u00e7in kapsaml\u0131 bilin\u00e7lendirici, cinsel konular\u0131n\u0131n e\u011fitim m\u00fcfredat\u0131na mutlaka girmesi gerekti\u011fi \u201d belirtildi.<\/p>\n<p>A\u00e7\u0131klamada, \u201c\u00c7ocuk ebeveynlik konusunda ciddi sosyal politikalar\u0131n geli\u015ftirilmesi gerekti\u011fi, e\u011fitim ve bilin\u00e7lendirme \u00e7al\u0131\u015fmalar\u0131n\u0131n art\u0131r\u0131lmas\u0131n\u0131n \u015fart oldu\u011fu konusunda uzla\u015f\u0131ld\u0131. Ayr\u0131ca sosyal hizmetler dairesi yan\u0131nda yerel y\u00f6netimlerin, belediyelerinde sosyal hizmetler birimleri kurup yerelde sosyal sorunlara etkin m\u00fcdahale etmesinin gerekti\u011fi belirtildi.  \u00c7ocuklar\u0131n korunmas\u0131 i\u00e7in devletin, sivil toplum \u00f6rg\u00fctlerinin, toplumun sorumluluk almas\u0131 gerekti\u011fi vurguland\u0131\u201d ifadelerine de yer verildi.<\/p>\n<\/p><\/div>\n<p><script async\n                    defer\n                    crossorigin=\"anonymous\"\n                    src=\"https:\/\/connect.facebook.net\/tr_TR\/sdk.js#xfbml=1&#038;version=v3.3\"\n            ><\/script><\/p>\n","protected":false},"excerpt":{"rendered":"<p>K\u0131br\u0131s T\u00fcrk Tabipleri Birli\u011fi (KTTB), K\u0131br\u0131s\u2019\u0131n Kuzeyinde Artan \u00c7ocuk Anne-Baba Olma Sorunu: Toplumsal Sorumlulu\u011fumuz konulu panel d\u00fczenledi. KTTB taraf\u0131ndan yap\u0131lan a\u00e7\u0131klamaya g\u00f6re, Dr. Mustafa Hami Salonu\u2019nda yap\u0131lan panelde, \u201cergen gebeliklerin art\u0131\u015f\u0131, \u00e7ocuk istismar\u0131 ve bu konularla ilgili yasal d\u00fczenlemelerin yetersizli\u011fi\u201d ele al\u0131nd\u0131. Polis Te\u015fkilat\u0131, yarg\u0131, hekim, avukat, sosyal hizmetler uzmanlar\u0131, psikologlar ve bir\u00e7ok kat\u0131l\u0131mc\u0131n\u0131n yer<\/p>\n","protected":false},"author":1,"featured_media":76273,"comment_status":"open","ping_status":"open","sticky":false,"template":"","format":"standard","meta":{"footnotes":""},"categories":[81,101],"tags":[],"class_list":["post-76272","post","type-post","status-publish","format-standard","has-post-thumbnail","hentry","category-kibris","category-manset"],"yoast_head":"<!-- This site is optimized with the Yoast SEO plugin v27.5 - https:\/\/yoast.com\/product\/yoast-seo-wordpress\/ -->\n<title>KTTB, \u201cK\u0131br\u0131s\u2019\u0131n Kuzeyinde Artan \u00c7ocuk Anne-Baba Olma Sorunu\u201d konulu panel d\u00fczenledi -<\/title>\n<meta name=\"robots\" content=\"index, follow, max-snippet:-1, max-image-preview:large, max-video-preview:-1\" \/>\n<link rel=\"canonical\" href=\"https:\/\/kibrisdakik.com\/?p=76272\" \/>\n<meta property=\"og:locale\" content=\"tr_TR\" \/>\n<meta property=\"og:type\" content=\"article\" \/>\n<meta property=\"og:title\" content=\"KTTB, \u201cK\u0131br\u0131s\u2019\u0131n Kuzeyinde Artan \u00c7ocuk Anne-Baba Olma Sorunu\u201d konulu panel d\u00fczenledi -\" \/>\n<meta property=\"og:description\" content=\"K\u0131br\u0131s T\u00fcrk Tabipleri Birli\u011fi (KTTB), K\u0131br\u0131s\u2019\u0131n Kuzeyinde Artan \u00c7ocuk Anne-Baba Olma Sorunu: Toplumsal Sorumlulu\u011fumuz konulu panel d\u00fczenledi. KTTB taraf\u0131ndan yap\u0131lan a\u00e7\u0131klamaya g\u00f6re, Dr. Mustafa Hami Salonu\u2019nda yap\u0131lan panelde, \u201cergen gebeliklerin art\u0131\u015f\u0131, \u00e7ocuk istismar\u0131 ve bu konularla ilgili yasal d\u00fczenlemelerin yetersizli\u011fi\u201d ele al\u0131nd\u0131. Polis Te\u015fkilat\u0131, yarg\u0131, hekim, avukat, sosyal hizmetler uzmanlar\u0131, psikologlar ve bir\u00e7ok kat\u0131l\u0131mc\u0131n\u0131n yer\" \/>\n<meta property=\"og:url\" content=\"https:\/\/kibrisdakik.com\/?p=76272\" \/>\n<meta property=\"article:published_time\" content=\"2025-02-23T12:18:07+00:00\" \/>\n<meta property=\"og:image\" content=\"https:\/\/kibrisdakik.com\/wp-content\/uploads\/2025\/02\/1740308627623e-KTTB-Basin-Aciklamasi-Cocuk-Anne-Baba-Olma-Sorunu-Toplumsal-Sorumlulugumuz-Panel-Duze-740x420.jpeg\" \/>\n\t<meta property=\"og:image:width\" content=\"2048\" \/>\n\t<meta property=\"og:image:height\" content=\"1536\" \/>\n\t<meta property=\"og:image:type\" content=\"image\/jpeg\" \/>\n<meta name=\"author\" content=\"admin\" \/>\n<meta name=\"twitter:card\" content=\"summary_large_image\" \/>\n<meta name=\"twitter:label1\" content=\"Yazan:\" \/>\n\t<meta name=\"twitter:data1\" content=\"admin\" \/>\n\t<meta name=\"twitter:label2\" content=\"Tahmini okuma s\u00fcresi\" \/>\n\t<meta name=\"twitter:data2\" content=\"4 dakika\" \/>\n<script type=\"application\/ld+json\" class=\"yoast-schema-graph\">{\"@context\":\"https:\\\/\\\/schema.org\",\"@graph\":[{\"@type\":\"Article\",\"@id\":\"https:\\\/\\\/kibrisdakik.com\\\/?p=76272#article\",\"isPartOf\":{\"@id\":\"https:\\\/\\\/kibrisdakik.com\\\/?p=76272\"},\"author\":{\"name\":\"admin\",\"@id\":\"https:\\\/\\\/kibrisdakik.com\\\/#\\\/schema\\\/person\\\/9cd9d437bbb44f72b73ba127e06d8e79\"},\"headline\":\"KTTB, \u201cK\u0131br\u0131s\u2019\u0131n Kuzeyinde Artan \u00c7ocuk Anne-Baba Olma Sorunu\u201d konulu panel d\u00fczenledi\",\"datePublished\":\"2025-02-23T12:18:07+00:00\",\"mainEntityOfPage\":{\"@id\":\"https:\\\/\\\/kibrisdakik.com\\\/?p=76272\"},\"wordCount\":749,\"commentCount\":0,\"image\":{\"@id\":\"https:\\\/\\\/kibrisdakik.com\\\/?p=76272#primaryimage\"},\"thumbnailUrl\":\"https:\\\/\\\/kibrisdakik.com\\\/wp-content\\\/uploads\\\/2025\\\/02\\\/1740308627623e-KTTB-Basin-Aciklamasi-Cocuk-Anne-Baba-Olma-Sorunu-Toplumsal-Sorumlulugumuz-Panel-Duze-740x420.jpeg\",\"articleSection\":[\"K\u0131br\u0131s\",\"Man\u015fet\"],\"inLanguage\":\"tr\",\"potentialAction\":[{\"@type\":\"CommentAction\",\"name\":\"Comment\",\"target\":[\"https:\\\/\\\/kibrisdakik.com\\\/?p=76272#respond\"]}]},{\"@type\":\"WebPage\",\"@id\":\"https:\\\/\\\/kibrisdakik.com\\\/?p=76272\",\"url\":\"https:\\\/\\\/kibrisdakik.com\\\/?p=76272\",\"name\":\"KTTB, \u201cK\u0131br\u0131s\u2019\u0131n Kuzeyinde Artan \u00c7ocuk Anne-Baba Olma Sorunu\u201d konulu panel d\u00fczenledi -\",\"isPartOf\":{\"@id\":\"https:\\\/\\\/kibrisdakik.com\\\/#website\"},\"primaryImageOfPage\":{\"@id\":\"https:\\\/\\\/kibrisdakik.com\\\/?p=76272#primaryimage\"},\"image\":{\"@id\":\"https:\\\/\\\/kibrisdakik.com\\\/?p=76272#primaryimage\"},\"thumbnailUrl\":\"https:\\\/\\\/kibrisdakik.com\\\/wp-content\\\/uploads\\\/2025\\\/02\\\/1740308627623e-KTTB-Basin-Aciklamasi-Cocuk-Anne-Baba-Olma-Sorunu-Toplumsal-Sorumlulugumuz-Panel-Duze-740x420.jpeg\",\"datePublished\":\"2025-02-23T12:18:07+00:00\",\"author\":{\"@id\":\"https:\\\/\\\/kibrisdakik.com\\\/#\\\/schema\\\/person\\\/9cd9d437bbb44f72b73ba127e06d8e79\"},\"breadcrumb\":{\"@id\":\"https:\\\/\\\/kibrisdakik.com\\\/?p=76272#breadcrumb\"},\"inLanguage\":\"tr\",\"potentialAction\":[{\"@type\":\"ReadAction\",\"target\":[\"https:\\\/\\\/kibrisdakik.com\\\/?p=76272\"]}]},{\"@type\":\"ImageObject\",\"inLanguage\":\"tr\",\"@id\":\"https:\\\/\\\/kibrisdakik.com\\\/?p=76272#primaryimage\",\"url\":\"https:\\\/\\\/kibrisdakik.com\\\/wp-content\\\/uploads\\\/2025\\\/02\\\/1740308627623e-KTTB-Basin-Aciklamasi-Cocuk-Anne-Baba-Olma-Sorunu-Toplumsal-Sorumlulugumuz-Panel-Duze-740x420.jpeg\",\"contentUrl\":\"https:\\\/\\\/kibrisdakik.com\\\/wp-content\\\/uploads\\\/2025\\\/02\\\/1740308627623e-KTTB-Basin-Aciklamasi-Cocuk-Anne-Baba-Olma-Sorunu-Toplumsal-Sorumlulugumuz-Panel-Duze-740x420.jpeg\",\"width\":2048,\"height\":1536},{\"@type\":\"BreadcrumbList\",\"@id\":\"https:\\\/\\\/kibrisdakik.com\\\/?p=76272#breadcrumb\",\"itemListElement\":[{\"@type\":\"ListItem\",\"position\":1,\"name\":\"Home\",\"item\":\"https:\\\/\\\/kibrisdakik.com\\\/\"},{\"@type\":\"ListItem\",\"position\":2,\"name\":\"KTTB, \u201cK\u0131br\u0131s\u2019\u0131n Kuzeyinde Artan \u00c7ocuk Anne-Baba Olma Sorunu\u201d konulu panel d\u00fczenledi\"}]},{\"@type\":\"WebSite\",\"@id\":\"https:\\\/\\\/kibrisdakik.com\\\/#website\",\"url\":\"https:\\\/\\\/kibrisdakik.com\\\/\",\"name\":\"\",\"description\":\"Tam vaktinde haber\",\"potentialAction\":[{\"@type\":\"SearchAction\",\"target\":{\"@type\":\"EntryPoint\",\"urlTemplate\":\"https:\\\/\\\/kibrisdakik.com\\\/?s={search_term_string}\"},\"query-input\":{\"@type\":\"PropertyValueSpecification\",\"valueRequired\":true,\"valueName\":\"search_term_string\"}}],\"inLanguage\":\"tr\"},{\"@type\":\"Person\",\"@id\":\"https:\\\/\\\/kibrisdakik.com\\\/#\\\/schema\\\/person\\\/9cd9d437bbb44f72b73ba127e06d8e79\",\"name\":\"admin\",\"image\":{\"@type\":\"ImageObject\",\"inLanguage\":\"tr\",\"@id\":\"https:\\\/\\\/secure.gravatar.com\\\/avatar\\\/ccc17943b9d660506c869530f897617f7cb1c21a4bf30023f252596d83e1f007?s=96&d=mm&r=g\",\"url\":\"https:\\\/\\\/secure.gravatar.com\\\/avatar\\\/ccc17943b9d660506c869530f897617f7cb1c21a4bf30023f252596d83e1f007?s=96&d=mm&r=g\",\"contentUrl\":\"https:\\\/\\\/secure.gravatar.com\\\/avatar\\\/ccc17943b9d660506c869530f897617f7cb1c21a4bf30023f252596d83e1f007?s=96&d=mm&r=g\",\"caption\":\"admin\"},\"sameAs\":[\"https:\\\/\\\/kibrisdakik.com\"],\"url\":\"https:\\\/\\\/kibrisdakik.com\\\/?author=1\"}]}<\/script>\n<!-- \/ Yoast SEO plugin. -->","yoast_head_json":{"title":"KTTB, \u201cK\u0131br\u0131s\u2019\u0131n Kuzeyinde Artan \u00c7ocuk Anne-Baba Olma Sorunu\u201d konulu panel d\u00fczenledi -","robots":{"index":"index","follow":"follow","max-snippet":"max-snippet:-1","max-image-preview":"max-image-preview:large","max-video-preview":"max-video-preview:-1"},"canonical":"https:\/\/kibrisdakik.com\/?p=76272","og_locale":"tr_TR","og_type":"article","og_title":"KTTB, \u201cK\u0131br\u0131s\u2019\u0131n Kuzeyinde Artan \u00c7ocuk Anne-Baba Olma Sorunu\u201d konulu panel d\u00fczenledi -","og_description":"K\u0131br\u0131s T\u00fcrk Tabipleri Birli\u011fi (KTTB), K\u0131br\u0131s\u2019\u0131n Kuzeyinde Artan \u00c7ocuk Anne-Baba Olma Sorunu: Toplumsal Sorumlulu\u011fumuz konulu panel d\u00fczenledi. KTTB taraf\u0131ndan yap\u0131lan a\u00e7\u0131klamaya g\u00f6re, Dr. Mustafa Hami Salonu\u2019nda yap\u0131lan panelde, \u201cergen gebeliklerin art\u0131\u015f\u0131, \u00e7ocuk istismar\u0131 ve bu konularla ilgili yasal d\u00fczenlemelerin yetersizli\u011fi\u201d ele al\u0131nd\u0131. Polis Te\u015fkilat\u0131, yarg\u0131, hekim, avukat, sosyal hizmetler uzmanlar\u0131, psikologlar ve bir\u00e7ok kat\u0131l\u0131mc\u0131n\u0131n yer","og_url":"https:\/\/kibrisdakik.com\/?p=76272","article_published_time":"2025-02-23T12:18:07+00:00","og_image":[{"width":2048,"height":1536,"url":"https:\/\/kibrisdakik.com\/wp-content\/uploads\/2025\/02\/1740308627623e-KTTB-Basin-Aciklamasi-Cocuk-Anne-Baba-Olma-Sorunu-Toplumsal-Sorumlulugumuz-Panel-Duze-740x420.jpeg","type":"image\/jpeg"}],"author":"admin","twitter_card":"summary_large_image","twitter_misc":{"Yazan:":"admin","Tahmini okuma s\u00fcresi":"4 dakika"},"schema":{"@context":"https:\/\/schema.org","@graph":[{"@type":"Article","@id":"https:\/\/kibrisdakik.com\/?p=76272#article","isPartOf":{"@id":"https:\/\/kibrisdakik.com\/?p=76272"},"author":{"name":"admin","@id":"https:\/\/kibrisdakik.com\/#\/schema\/person\/9cd9d437bbb44f72b73ba127e06d8e79"},"headline":"KTTB, \u201cK\u0131br\u0131s\u2019\u0131n Kuzeyinde Artan \u00c7ocuk Anne-Baba Olma Sorunu\u201d konulu panel d\u00fczenledi","datePublished":"2025-02-23T12:18:07+00:00","mainEntityOfPage":{"@id":"https:\/\/kibrisdakik.com\/?p=76272"},"wordCount":749,"commentCount":0,"image":{"@id":"https:\/\/kibrisdakik.com\/?p=76272#primaryimage"},"thumbnailUrl":"https:\/\/kibrisdakik.com\/wp-content\/uploads\/2025\/02\/1740308627623e-KTTB-Basin-Aciklamasi-Cocuk-Anne-Baba-Olma-Sorunu-Toplumsal-Sorumlulugumuz-Panel-Duze-740x420.jpeg","articleSection":["K\u0131br\u0131s","Man\u015fet"],"inLanguage":"tr","potentialAction":[{"@type":"CommentAction","name":"Comment","target":["https:\/\/kibrisdakik.com\/?p=76272#respond"]}]},{"@type":"WebPage","@id":"https:\/\/kibrisdakik.com\/?p=76272","url":"https:\/\/kibrisdakik.com\/?p=76272","name":"KTTB, \u201cK\u0131br\u0131s\u2019\u0131n Kuzeyinde Artan \u00c7ocuk Anne-Baba Olma Sorunu\u201d konulu panel d\u00fczenledi -","isPartOf":{"@id":"https:\/\/kibrisdakik.com\/#website"},"primaryImageOfPage":{"@id":"https:\/\/kibrisdakik.com\/?p=76272#primaryimage"},"image":{"@id":"https:\/\/kibrisdakik.com\/?p=76272#primaryimage"},"thumbnailUrl":"https:\/\/kibrisdakik.com\/wp-content\/uploads\/2025\/02\/1740308627623e-KTTB-Basin-Aciklamasi-Cocuk-Anne-Baba-Olma-Sorunu-Toplumsal-Sorumlulugumuz-Panel-Duze-740x420.jpeg","datePublished":"2025-02-23T12:18:07+00:00","author":{"@id":"https:\/\/kibrisdakik.com\/#\/schema\/person\/9cd9d437bbb44f72b73ba127e06d8e79"},"breadcrumb":{"@id":"https:\/\/kibrisdakik.com\/?p=76272#breadcrumb"},"inLanguage":"tr","potentialAction":[{"@type":"ReadAction","target":["https:\/\/kibrisdakik.com\/?p=76272"]}]},{"@type":"ImageObject","inLanguage":"tr","@id":"https:\/\/kibrisdakik.com\/?p=76272#primaryimage","url":"https:\/\/kibrisdakik.com\/wp-content\/uploads\/2025\/02\/1740308627623e-KTTB-Basin-Aciklamasi-Cocuk-Anne-Baba-Olma-Sorunu-Toplumsal-Sorumlulugumuz-Panel-Duze-740x420.jpeg","contentUrl":"https:\/\/kibrisdakik.com\/wp-content\/uploads\/2025\/02\/1740308627623e-KTTB-Basin-Aciklamasi-Cocuk-Anne-Baba-Olma-Sorunu-Toplumsal-Sorumlulugumuz-Panel-Duze-740x420.jpeg","width":2048,"height":1536},{"@type":"BreadcrumbList","@id":"https:\/\/kibrisdakik.com\/?p=76272#breadcrumb","itemListElement":[{"@type":"ListItem","position":1,"name":"Home","item":"https:\/\/kibrisdakik.com\/"},{"@type":"ListItem","position":2,"name":"KTTB, \u201cK\u0131br\u0131s\u2019\u0131n Kuzeyinde Artan \u00c7ocuk Anne-Baba Olma Sorunu\u201d konulu panel d\u00fczenledi"}]},{"@type":"WebSite","@id":"https:\/\/kibrisdakik.com\/#website","url":"https:\/\/kibrisdakik.com\/","name":"","description":"Tam vaktinde haber","potentialAction":[{"@type":"SearchAction","target":{"@type":"EntryPoint","urlTemplate":"https:\/\/kibrisdakik.com\/?s={search_term_string}"},"query-input":{"@type":"PropertyValueSpecification","valueRequired":true,"valueName":"search_term_string"}}],"inLanguage":"tr"},{"@type":"Person","@id":"https:\/\/kibrisdakik.com\/#\/schema\/person\/9cd9d437bbb44f72b73ba127e06d8e79","name":"admin","image":{"@type":"ImageObject","inLanguage":"tr","@id":"https:\/\/secure.gravatar.com\/avatar\/ccc17943b9d660506c869530f897617f7cb1c21a4bf30023f252596d83e1f007?s=96&d=mm&r=g","url":"https:\/\/secure.gravatar.com\/avatar\/ccc17943b9d660506c869530f897617f7cb1c21a4bf30023f252596d83e1f007?s=96&d=mm&r=g","contentUrl":"https:\/\/secure.gravatar.com\/avatar\/ccc17943b9d660506c869530f897617f7cb1c21a4bf30023f252596d83e1f007?s=96&d=mm&r=g","caption":"admin"},"sameAs":["https:\/\/kibrisdakik.com"],"url":"https:\/\/kibrisdakik.com\/?author=1"}]}},"_links":{"self":[{"href":"https:\/\/kibrisdakik.com\/index.php?rest_route=\/wp\/v2\/posts\/76272","targetHints":{"allow":["GET"]}}],"collection":[{"href":"https:\/\/kibrisdakik.com\/index.php?rest_route=\/wp\/v2\/posts"}],"about":[{"href":"https:\/\/kibrisdakik.com\/index.php?rest_route=\/wp\/v2\/types\/post"}],"author":[{"embeddable":true,"href":"https:\/\/kibrisdakik.com\/index.php?rest_route=\/wp\/v2\/users\/1"}],"replies":[{"embeddable":true,"href":"https:\/\/kibrisdakik.com\/index.php?rest_route=%2Fwp%2Fv2%2Fcomments&post=76272"}],"version-history":[{"count":0,"href":"https:\/\/kibrisdakik.com\/index.php?rest_route=\/wp\/v2\/posts\/76272\/revisions"}],"wp:featuredmedia":[{"embeddable":true,"href":"https:\/\/kibrisdakik.com\/index.php?rest_route=\/wp\/v2\/media\/76273"}],"wp:attachment":[{"href":"https:\/\/kibrisdakik.com\/index.php?rest_route=%2Fwp%2Fv2%2Fmedia&parent=76272"}],"wp:term":[{"taxonomy":"category","embeddable":true,"href":"https:\/\/kibrisdakik.com\/index.php?rest_route=%2Fwp%2Fv2%2Fcategories&post=76272"},{"taxonomy":"post_tag","embeddable":true,"href":"https:\/\/kibrisdakik.com\/index.php?rest_route=%2Fwp%2Fv2%2Ftags&post=76272"}],"curies":[{"name":"wp","href":"https:\/\/api.w.org\/{rel}","templated":true}]}}