{"id":76298,"date":"2025-02-23T18:30:49","date_gmt":"2025-02-23T15:30:49","guid":{"rendered":"https:\/\/kibrisdakik.com\/index.php\/2025\/02\/23\/meteoroloji-dairesi-muduru-gunes-oldukca-soguk-hava-kutlesinin-etkisi-bugun-ve-yarin-da-devam-edecek\/"},"modified":"2025-02-23T18:30:49","modified_gmt":"2025-02-23T15:30:49","slug":"meteoroloji-dairesi-muduru-gunes-oldukca-soguk-hava-kutlesinin-etkisi-bugun-ve-yarin-da-devam-edecek","status":"publish","type":"post","link":"https:\/\/kibrisdakik.com\/?p=76298","title":{"rendered":"Meteoroloji Dairesi M\u00fcd\u00fcr\u00fc G\u00fcne\u015f: \u201cOlduk\u00e7a so\u011fuk hava k\u00fctlesinin etkisi bug\u00fcn ve yar\u0131n da devam edecek\u201d"},"content":{"rendered":"<div>\n<div class=\"mariselle-image-container center\">\n                                            <\/div>\n<p>Meteoroloji Dairesi M\u00fcd\u00fcr\u00fc Sinan G\u00fcne\u015f, \u00fclkeyi etkisi alt\u0131na alan \u201colduk\u00e7a so\u011fuk\u201d hava k\u00fctlesinin etkisinin bug\u00fcn ve yar\u0131n devam edece\u011fini kaydetti.<\/p>\n<p>G\u00fcne\u015f, yar\u0131ndan itibaren per\u015fembe g\u00fcn\u00fcne kadar sabah saatlerinde don hadisesi beklendi\u011fi uyar\u0131s\u0131nda da bulundu. <\/p>\n<p>T\u00fcrk Haber Ajans\u0131 (TAK) muhabirine hava s\u0131cakl\u0131klar\u0131na ili\u015fkin de\u011ferlendirme yapan G\u00fcne\u015f, d\u00fcn baz\u0131 b\u00f6lgelerde hafif de olsa yer yer karla kar\u0131\u015f\u0131k ya\u011fmurlar\u0131n g\u00f6r\u00fcld\u00fc\u011f\u00fcn\u00fc, ancak bug\u00fcn itibar\u0131yla herhangi bir ya\u011f\u0131\u015f\u0131n beklenmedi\u011fini kaydetti.<\/p>\n<p>Yar\u0131n itibar\u0131yla b\u00f6lgenin y\u00fcksek bas\u0131n\u00e7 sistemine girece\u011fini, sal\u0131 g\u00fcn\u00fc itibar\u0131yla da s\u0131cakl\u0131klarda y\u00fckseli\u015flerin meydana gelece\u011fini belirten G\u00fcne\u015f, yar\u0131n 10-13 derece civarlar\u0131nda olacak en y\u00fcksek s\u0131cakl\u0131klar\u0131n, sal\u0131 g\u00fcn\u00fcyle beraber ise 15-18 derece dolaylar\u0131na \u00e7\u0131kaca\u011f\u0131n\u0131 s\u00f6yledi.<\/p>\n<p>G\u00fcne\u015f, en d\u00fc\u015f\u00fck s\u0131cakl\u0131klar\u0131n ise periyodun ilk g\u00fcnleri i\u00e7 kesimlerde eksi-art\u0131 1; sahillerde 2 ile 5 derece dolaylar\u0131nda seyretmesini beklediklerini, di\u011fer g\u00fcnlerde en d\u00fc\u015f\u00fck s\u0131cakl\u0131klar\u0131n 5 ile 8 derece civarlar\u0131nda olaca\u011f\u0131n\u0131 ifade etti.<\/p>\n<p>Havan\u0131n, pazartesi par\u00e7al\u0131 bulutlu, zamanla az bulutlu, sal\u0131 ve \u00e7ar\u015famba g\u00fcn\u00fc az bulutlu, zamanla par\u00e7al\u0131 bulutlu, per\u015fembe par\u00e7al\u0131 bulutlu ve cuma g\u00fcn\u00fc par\u00e7al\u0131 bulutlu olaca\u011f\u0131na i\u015faret eden G\u00fcne\u015f, periyot boyunca r\u00fczgar\u0131n ise genellikle kuzey do\u011fu y\u00f6nlerden orta kuvvette, zaman zaman kuvvetli esece\u011fini kaydetti.<\/p>\n<\/p><\/div>\n<p><script async\n                    defer\n                    crossorigin=\"anonymous\"\n                    src=\"https:\/\/connect.facebook.net\/tr_TR\/sdk.js#xfbml=1&#038;version=v3.3\"\n            ><\/script><\/p>\n","protected":false},"excerpt":{"rendered":"<p>Meteoroloji Dairesi M\u00fcd\u00fcr\u00fc Sinan G\u00fcne\u015f, \u00fclkeyi etkisi alt\u0131na alan \u201colduk\u00e7a so\u011fuk\u201d hava k\u00fctlesinin etkisinin bug\u00fcn ve yar\u0131n devam edece\u011fini kaydetti. G\u00fcne\u015f, yar\u0131ndan itibaren per\u015fembe g\u00fcn\u00fcne kadar sabah saatlerinde don hadisesi beklendi\u011fi uyar\u0131s\u0131nda da bulundu. T\u00fcrk Haber Ajans\u0131 (TAK) muhabirine hava s\u0131cakl\u0131klar\u0131na ili\u015fkin de\u011ferlendirme yapan G\u00fcne\u015f, d\u00fcn baz\u0131 b\u00f6lgelerde hafif de olsa yer yer karla kar\u0131\u015f\u0131k<\/p>\n","protected":false},"author":1,"featured_media":76299,"comment_status":"open","ping_status":"open","sticky":false,"template":"","format":"standard","meta":{"footnotes":""},"categories":[81,101],"tags":[],"class_list":["post-76298","post","type-post","status-publish","format-standard","has-post-thumbnail","hentry","category-kibris","category-manset"],"yoast_head":"<!-- This site is optimized with the Yoast SEO plugin v27.4 - https:\/\/yoast.com\/product\/yoast-seo-wordpress\/ -->\n<title>Meteoroloji Dairesi M\u00fcd\u00fcr\u00fc G\u00fcne\u015f: \u201cOlduk\u00e7a so\u011fuk hava k\u00fctlesinin etkisi bug\u00fcn ve yar\u0131n da devam edecek\u201d -<\/title>\n<meta name=\"robots\" content=\"index, follow, max-snippet:-1, max-image-preview:large, max-video-preview:-1\" \/>\n<link rel=\"canonical\" href=\"https:\/\/kibrisdakik.com\/?p=76298\" \/>\n<meta property=\"og:locale\" content=\"tr_TR\" \/>\n<meta property=\"og:type\" content=\"article\" \/>\n<meta property=\"og:title\" content=\"Meteoroloji Dairesi M\u00fcd\u00fcr\u00fc G\u00fcne\u015f: \u201cOlduk\u00e7a so\u011fuk hava k\u00fctlesinin etkisi bug\u00fcn ve yar\u0131n da devam edecek\u201d -\" \/>\n<meta property=\"og:description\" content=\"Meteoroloji Dairesi M\u00fcd\u00fcr\u00fc Sinan G\u00fcne\u015f, \u00fclkeyi etkisi alt\u0131na alan \u201colduk\u00e7a so\u011fuk\u201d hava k\u00fctlesinin etkisinin bug\u00fcn ve yar\u0131n devam edece\u011fini kaydetti. G\u00fcne\u015f, yar\u0131ndan itibaren per\u015fembe g\u00fcn\u00fcne kadar sabah saatlerinde don hadisesi beklendi\u011fi uyar\u0131s\u0131nda da bulundu. T\u00fcrk Haber Ajans\u0131 (TAK) muhabirine hava s\u0131cakl\u0131klar\u0131na ili\u015fkin de\u011ferlendirme yapan G\u00fcne\u015f, d\u00fcn baz\u0131 b\u00f6lgelerde hafif de olsa yer yer karla kar\u0131\u015f\u0131k\" \/>\n<meta property=\"og:url\" content=\"https:\/\/kibrisdakik.com\/?p=76298\" \/>\n<meta property=\"article:published_time\" content=\"2025-02-23T15:30:49+00:00\" \/>\n<meta property=\"og:image\" content=\"https:\/\/kibrisdakik.com\/wp-content\/uploads\/2025\/02\/17403163970281739454963484gunes4-740x420.jpg\" \/>\n\t<meta property=\"og:image:width\" content=\"880\" \/>\n\t<meta property=\"og:image:height\" content=\"440\" \/>\n\t<meta property=\"og:image:type\" content=\"image\/jpeg\" \/>\n<meta name=\"author\" content=\"admin\" \/>\n<meta name=\"twitter:card\" content=\"summary_large_image\" \/>\n<meta name=\"twitter:label1\" content=\"Yazan:\" \/>\n\t<meta name=\"twitter:data1\" content=\"admin\" \/>\n\t<meta name=\"twitter:label2\" content=\"Tahmini okuma s\u00fcresi\" \/>\n\t<meta name=\"twitter:data2\" content=\"1 dakika\" \/>\n<script type=\"application\/ld+json\" class=\"yoast-schema-graph\">{\"@context\":\"https:\\\/\\\/schema.org\",\"@graph\":[{\"@type\":\"Article\",\"@id\":\"https:\\\/\\\/kibrisdakik.com\\\/?p=76298#article\",\"isPartOf\":{\"@id\":\"https:\\\/\\\/kibrisdakik.com\\\/?p=76298\"},\"author\":{\"name\":\"admin\",\"@id\":\"https:\\\/\\\/kibrisdakik.com\\\/#\\\/schema\\\/person\\\/9cd9d437bbb44f72b73ba127e06d8e79\"},\"headline\":\"Meteoroloji Dairesi M\u00fcd\u00fcr\u00fc G\u00fcne\u015f: \u201cOlduk\u00e7a so\u011fuk hava k\u00fctlesinin etkisi bug\u00fcn ve yar\u0131n da devam edecek\u201d\",\"datePublished\":\"2025-02-23T15:30:49+00:00\",\"mainEntityOfPage\":{\"@id\":\"https:\\\/\\\/kibrisdakik.com\\\/?p=76298\"},\"wordCount\":287,\"commentCount\":0,\"image\":{\"@id\":\"https:\\\/\\\/kibrisdakik.com\\\/?p=76298#primaryimage\"},\"thumbnailUrl\":\"https:\\\/\\\/kibrisdakik.com\\\/wp-content\\\/uploads\\\/2025\\\/02\\\/17403163970281739454963484gunes4-740x420.jpg\",\"articleSection\":[\"K\u0131br\u0131s\",\"Man\u015fet\"],\"inLanguage\":\"tr\",\"potentialAction\":[{\"@type\":\"CommentAction\",\"name\":\"Comment\",\"target\":[\"https:\\\/\\\/kibrisdakik.com\\\/?p=76298#respond\"]}]},{\"@type\":\"WebPage\",\"@id\":\"https:\\\/\\\/kibrisdakik.com\\\/?p=76298\",\"url\":\"https:\\\/\\\/kibrisdakik.com\\\/?p=76298\",\"name\":\"Meteoroloji Dairesi M\u00fcd\u00fcr\u00fc G\u00fcne\u015f: \u201cOlduk\u00e7a so\u011fuk hava k\u00fctlesinin etkisi bug\u00fcn ve yar\u0131n da devam edecek\u201d -\",\"isPartOf\":{\"@id\":\"https:\\\/\\\/kibrisdakik.com\\\/#website\"},\"primaryImageOfPage\":{\"@id\":\"https:\\\/\\\/kibrisdakik.com\\\/?p=76298#primaryimage\"},\"image\":{\"@id\":\"https:\\\/\\\/kibrisdakik.com\\\/?p=76298#primaryimage\"},\"thumbnailUrl\":\"https:\\\/\\\/kibrisdakik.com\\\/wp-content\\\/uploads\\\/2025\\\/02\\\/17403163970281739454963484gunes4-740x420.jpg\",\"datePublished\":\"2025-02-23T15:30:49+00:00\",\"author\":{\"@id\":\"https:\\\/\\\/kibrisdakik.com\\\/#\\\/schema\\\/person\\\/9cd9d437bbb44f72b73ba127e06d8e79\"},\"breadcrumb\":{\"@id\":\"https:\\\/\\\/kibrisdakik.com\\\/?p=76298#breadcrumb\"},\"inLanguage\":\"tr\",\"potentialAction\":[{\"@type\":\"ReadAction\",\"target\":[\"https:\\\/\\\/kibrisdakik.com\\\/?p=76298\"]}]},{\"@type\":\"ImageObject\",\"inLanguage\":\"tr\",\"@id\":\"https:\\\/\\\/kibrisdakik.com\\\/?p=76298#primaryimage\",\"url\":\"https:\\\/\\\/kibrisdakik.com\\\/wp-content\\\/uploads\\\/2025\\\/02\\\/17403163970281739454963484gunes4-740x420.jpg\",\"contentUrl\":\"https:\\\/\\\/kibrisdakik.com\\\/wp-content\\\/uploads\\\/2025\\\/02\\\/17403163970281739454963484gunes4-740x420.jpg\",\"width\":880,\"height\":440},{\"@type\":\"BreadcrumbList\",\"@id\":\"https:\\\/\\\/kibrisdakik.com\\\/?p=76298#breadcrumb\",\"itemListElement\":[{\"@type\":\"ListItem\",\"position\":1,\"name\":\"Home\",\"item\":\"https:\\\/\\\/kibrisdakik.com\\\/\"},{\"@type\":\"ListItem\",\"position\":2,\"name\":\"Meteoroloji Dairesi M\u00fcd\u00fcr\u00fc G\u00fcne\u015f: \u201cOlduk\u00e7a so\u011fuk hava k\u00fctlesinin etkisi bug\u00fcn ve yar\u0131n da devam edecek\u201d\"}]},{\"@type\":\"WebSite\",\"@id\":\"https:\\\/\\\/kibrisdakik.com\\\/#website\",\"url\":\"https:\\\/\\\/kibrisdakik.com\\\/\",\"name\":\"\",\"description\":\"Tam vaktinde haber\",\"potentialAction\":[{\"@type\":\"SearchAction\",\"target\":{\"@type\":\"EntryPoint\",\"urlTemplate\":\"https:\\\/\\\/kibrisdakik.com\\\/?s={search_term_string}\"},\"query-input\":{\"@type\":\"PropertyValueSpecification\",\"valueRequired\":true,\"valueName\":\"search_term_string\"}}],\"inLanguage\":\"tr\"},{\"@type\":\"Person\",\"@id\":\"https:\\\/\\\/kibrisdakik.com\\\/#\\\/schema\\\/person\\\/9cd9d437bbb44f72b73ba127e06d8e79\",\"name\":\"admin\",\"image\":{\"@type\":\"ImageObject\",\"inLanguage\":\"tr\",\"@id\":\"https:\\\/\\\/secure.gravatar.com\\\/avatar\\\/ccc17943b9d660506c869530f897617f7cb1c21a4bf30023f252596d83e1f007?s=96&d=mm&r=g\",\"url\":\"https:\\\/\\\/secure.gravatar.com\\\/avatar\\\/ccc17943b9d660506c869530f897617f7cb1c21a4bf30023f252596d83e1f007?s=96&d=mm&r=g\",\"contentUrl\":\"https:\\\/\\\/secure.gravatar.com\\\/avatar\\\/ccc17943b9d660506c869530f897617f7cb1c21a4bf30023f252596d83e1f007?s=96&d=mm&r=g\",\"caption\":\"admin\"},\"sameAs\":[\"https:\\\/\\\/kibrisdakik.com\"],\"url\":\"https:\\\/\\\/kibrisdakik.com\\\/?author=1\"}]}<\/script>\n<!-- \/ Yoast SEO plugin. -->","yoast_head_json":{"title":"Meteoroloji Dairesi M\u00fcd\u00fcr\u00fc G\u00fcne\u015f: \u201cOlduk\u00e7a so\u011fuk hava k\u00fctlesinin etkisi bug\u00fcn ve yar\u0131n da devam edecek\u201d -","robots":{"index":"index","follow":"follow","max-snippet":"max-snippet:-1","max-image-preview":"max-image-preview:large","max-video-preview":"max-video-preview:-1"},"canonical":"https:\/\/kibrisdakik.com\/?p=76298","og_locale":"tr_TR","og_type":"article","og_title":"Meteoroloji Dairesi M\u00fcd\u00fcr\u00fc G\u00fcne\u015f: \u201cOlduk\u00e7a so\u011fuk hava k\u00fctlesinin etkisi bug\u00fcn ve yar\u0131n da devam edecek\u201d -","og_description":"Meteoroloji Dairesi M\u00fcd\u00fcr\u00fc Sinan G\u00fcne\u015f, \u00fclkeyi etkisi alt\u0131na alan \u201colduk\u00e7a so\u011fuk\u201d hava k\u00fctlesinin etkisinin bug\u00fcn ve yar\u0131n devam edece\u011fini kaydetti. G\u00fcne\u015f, yar\u0131ndan itibaren per\u015fembe g\u00fcn\u00fcne kadar sabah saatlerinde don hadisesi beklendi\u011fi uyar\u0131s\u0131nda da bulundu. T\u00fcrk Haber Ajans\u0131 (TAK) muhabirine hava s\u0131cakl\u0131klar\u0131na ili\u015fkin de\u011ferlendirme yapan G\u00fcne\u015f, d\u00fcn baz\u0131 b\u00f6lgelerde hafif de olsa yer yer karla kar\u0131\u015f\u0131k","og_url":"https:\/\/kibrisdakik.com\/?p=76298","article_published_time":"2025-02-23T15:30:49+00:00","og_image":[{"width":880,"height":440,"url":"https:\/\/kibrisdakik.com\/wp-content\/uploads\/2025\/02\/17403163970281739454963484gunes4-740x420.jpg","type":"image\/jpeg"}],"author":"admin","twitter_card":"summary_large_image","twitter_misc":{"Yazan:":"admin","Tahmini okuma s\u00fcresi":"1 dakika"},"schema":{"@context":"https:\/\/schema.org","@graph":[{"@type":"Article","@id":"https:\/\/kibrisdakik.com\/?p=76298#article","isPartOf":{"@id":"https:\/\/kibrisdakik.com\/?p=76298"},"author":{"name":"admin","@id":"https:\/\/kibrisdakik.com\/#\/schema\/person\/9cd9d437bbb44f72b73ba127e06d8e79"},"headline":"Meteoroloji Dairesi M\u00fcd\u00fcr\u00fc G\u00fcne\u015f: \u201cOlduk\u00e7a so\u011fuk hava k\u00fctlesinin etkisi bug\u00fcn ve yar\u0131n da devam edecek\u201d","datePublished":"2025-02-23T15:30:49+00:00","mainEntityOfPage":{"@id":"https:\/\/kibrisdakik.com\/?p=76298"},"wordCount":287,"commentCount":0,"image":{"@id":"https:\/\/kibrisdakik.com\/?p=76298#primaryimage"},"thumbnailUrl":"https:\/\/kibrisdakik.com\/wp-content\/uploads\/2025\/02\/17403163970281739454963484gunes4-740x420.jpg","articleSection":["K\u0131br\u0131s","Man\u015fet"],"inLanguage":"tr","potentialAction":[{"@type":"CommentAction","name":"Comment","target":["https:\/\/kibrisdakik.com\/?p=76298#respond"]}]},{"@type":"WebPage","@id":"https:\/\/kibrisdakik.com\/?p=76298","url":"https:\/\/kibrisdakik.com\/?p=76298","name":"Meteoroloji Dairesi M\u00fcd\u00fcr\u00fc G\u00fcne\u015f: \u201cOlduk\u00e7a so\u011fuk hava k\u00fctlesinin etkisi bug\u00fcn ve yar\u0131n da devam edecek\u201d -","isPartOf":{"@id":"https:\/\/kibrisdakik.com\/#website"},"primaryImageOfPage":{"@id":"https:\/\/kibrisdakik.com\/?p=76298#primaryimage"},"image":{"@id":"https:\/\/kibrisdakik.com\/?p=76298#primaryimage"},"thumbnailUrl":"https:\/\/kibrisdakik.com\/wp-content\/uploads\/2025\/02\/17403163970281739454963484gunes4-740x420.jpg","datePublished":"2025-02-23T15:30:49+00:00","author":{"@id":"https:\/\/kibrisdakik.com\/#\/schema\/person\/9cd9d437bbb44f72b73ba127e06d8e79"},"breadcrumb":{"@id":"https:\/\/kibrisdakik.com\/?p=76298#breadcrumb"},"inLanguage":"tr","potentialAction":[{"@type":"ReadAction","target":["https:\/\/kibrisdakik.com\/?p=76298"]}]},{"@type":"ImageObject","inLanguage":"tr","@id":"https:\/\/kibrisdakik.com\/?p=76298#primaryimage","url":"https:\/\/kibrisdakik.com\/wp-content\/uploads\/2025\/02\/17403163970281739454963484gunes4-740x420.jpg","contentUrl":"https:\/\/kibrisdakik.com\/wp-content\/uploads\/2025\/02\/17403163970281739454963484gunes4-740x420.jpg","width":880,"height":440},{"@type":"BreadcrumbList","@id":"https:\/\/kibrisdakik.com\/?p=76298#breadcrumb","itemListElement":[{"@type":"ListItem","position":1,"name":"Home","item":"https:\/\/kibrisdakik.com\/"},{"@type":"ListItem","position":2,"name":"Meteoroloji Dairesi M\u00fcd\u00fcr\u00fc G\u00fcne\u015f: \u201cOlduk\u00e7a so\u011fuk hava k\u00fctlesinin etkisi bug\u00fcn ve yar\u0131n da devam edecek\u201d"}]},{"@type":"WebSite","@id":"https:\/\/kibrisdakik.com\/#website","url":"https:\/\/kibrisdakik.com\/","name":"","description":"Tam vaktinde haber","potentialAction":[{"@type":"SearchAction","target":{"@type":"EntryPoint","urlTemplate":"https:\/\/kibrisdakik.com\/?s={search_term_string}"},"query-input":{"@type":"PropertyValueSpecification","valueRequired":true,"valueName":"search_term_string"}}],"inLanguage":"tr"},{"@type":"Person","@id":"https:\/\/kibrisdakik.com\/#\/schema\/person\/9cd9d437bbb44f72b73ba127e06d8e79","name":"admin","image":{"@type":"ImageObject","inLanguage":"tr","@id":"https:\/\/secure.gravatar.com\/avatar\/ccc17943b9d660506c869530f897617f7cb1c21a4bf30023f252596d83e1f007?s=96&d=mm&r=g","url":"https:\/\/secure.gravatar.com\/avatar\/ccc17943b9d660506c869530f897617f7cb1c21a4bf30023f252596d83e1f007?s=96&d=mm&r=g","contentUrl":"https:\/\/secure.gravatar.com\/avatar\/ccc17943b9d660506c869530f897617f7cb1c21a4bf30023f252596d83e1f007?s=96&d=mm&r=g","caption":"admin"},"sameAs":["https:\/\/kibrisdakik.com"],"url":"https:\/\/kibrisdakik.com\/?author=1"}]}},"_links":{"self":[{"href":"https:\/\/kibrisdakik.com\/index.php?rest_route=\/wp\/v2\/posts\/76298","targetHints":{"allow":["GET"]}}],"collection":[{"href":"https:\/\/kibrisdakik.com\/index.php?rest_route=\/wp\/v2\/posts"}],"about":[{"href":"https:\/\/kibrisdakik.com\/index.php?rest_route=\/wp\/v2\/types\/post"}],"author":[{"embeddable":true,"href":"https:\/\/kibrisdakik.com\/index.php?rest_route=\/wp\/v2\/users\/1"}],"replies":[{"embeddable":true,"href":"https:\/\/kibrisdakik.com\/index.php?rest_route=%2Fwp%2Fv2%2Fcomments&post=76298"}],"version-history":[{"count":0,"href":"https:\/\/kibrisdakik.com\/index.php?rest_route=\/wp\/v2\/posts\/76298\/revisions"}],"wp:featuredmedia":[{"embeddable":true,"href":"https:\/\/kibrisdakik.com\/index.php?rest_route=\/wp\/v2\/media\/76299"}],"wp:attachment":[{"href":"https:\/\/kibrisdakik.com\/index.php?rest_route=%2Fwp%2Fv2%2Fmedia&parent=76298"}],"wp:term":[{"taxonomy":"category","embeddable":true,"href":"https:\/\/kibrisdakik.com\/index.php?rest_route=%2Fwp%2Fv2%2Fcategories&post=76298"},{"taxonomy":"post_tag","embeddable":true,"href":"https:\/\/kibrisdakik.com\/index.php?rest_route=%2Fwp%2Fv2%2Ftags&post=76298"}],"curies":[{"name":"wp","href":"https:\/\/api.w.org\/{rel}","templated":true}]}}