{"id":76321,"date":"2025-02-24T11:21:35","date_gmt":"2025-02-24T08:21:35","guid":{"rendered":"https:\/\/kibrisdakik.com\/index.php\/2025\/02\/24\/milli-olimpiyat-komitesi-genel-kurulu-yapildi\/"},"modified":"2025-02-24T11:21:35","modified_gmt":"2025-02-24T08:21:35","slug":"milli-olimpiyat-komitesi-genel-kurulu-yapildi","status":"publish","type":"post","link":"https:\/\/kibrisdakik.com\/?p=76321","title":{"rendered":"Milli Olimpiyat Komitesi Genel Kurulu yap\u0131ld\u0131"},"content":{"rendered":"<div>\n<div class=\"mariselle-image-container center\">\n                                            <\/div>\n<p>KKTC Milli Olimpiyat Komitesi (KKTC MOK) se\u00e7imli genel kurulu yap\u0131ld\u0131. Ba\u015fkan aday\u0131 \u00e7\u0131kmayan genel kurulda, se\u00e7im 15 g\u00fcn sonraya ertelendi.<\/p>\n<p>MOK\u2019tan verilen bilgiye g\u00f6re, Girne \u00d6\u011fretmen Evi\u2019nde ger\u00e7ekle\u015fen genel kurulun divan ba\u015fkanl\u0131\u011f\u0131n\u0131 Tenis Federasyonu Ba\u015fkan\u0131 Hasan Gazio\u011flu, sekreterliklerini de Masa Tenisi Federasyonu Ba\u015fkan\u0131 Mustafa Bekiro\u011fullar\u0131 ile  \u015eahap Tokatl\u0131 yapt\u0131.<\/p>\n<p>Genel kurulda a\u00e7\u0131l\u0131\u015f konu\u015fmas\u0131 yapan Ba\u015fkan Dursun Ko\u00e7, ba\u015fkanl\u0131\u011f\u0131 d\u00f6neminde ya\u015fanan s\u00fcre\u00e7lere de\u011findi. Y\u0131ll\u0131k faaliyetlerini devlet b\u00fct\u00e7esi olmadan yapt\u0131klar\u0131n\u0131 aktaran Ko\u00e7, ger\u00e7ekle\u015ftirdikleri \u00f6d\u00fcl t\u00f6renlerini de sponsor destekleriyle hayata ge\u00e7irdiklerini vurgulad\u0131. Ko\u00e7,  Komiteye destek veren herkese te\u015fekk\u00fcr etti.<\/p>\n<p>\u00d6te yandan yapm\u0131\u015f oldu\u011fu hizmetlerden \u00f6t\u00fcr\u00fc Dursun Ko\u00e7\u2019a, y\u00f6netim kurulu ad\u0131na Ba\u015fkan Yard\u0131mc\u0131s\u0131 Voleybol Federasyonu Ba\u015fkan\u0131 Enver Kaya taraf\u0131ndan te\u015fekk\u00fcr plaketi takdim edildi.<\/p>\n<div class=\"mariselle-image-container center\">\n                <img loading=\"lazy\" decoding=\"async\" width=\"1256\" height=\"620\" class=\"lazy-image\" alt=\"\" sizes=\"auto, (max-width: 1256px) 100vw, 1256px\" src=\"https:\/\/brtk.net\/wp-content\/uploads\/2025\/02\/24\/2348023842.jpeg?ver=f4af586a6e4ebbc44a12b52f64d15f65\" srcset=\"https:\/\/brtk.net\/wp-content\/uploads\/2025\/02\/24\/2348023842.jpeg?ver=f4af586a6e4ebbc44a12b52f64d15f65 1256w, https:\/\/brtk.net\/wp-content\/uploads\/2025\/02\/24\/2348023842-300x148.jpeg?ver=0cd5ca53c3eff523305a428116514674 300w, https:\/\/brtk.net\/wp-content\/uploads\/2025\/02\/24\/2348023842-1024x505.jpeg?ver=0cd5ca53c3eff523305a428116514674 1024w, https:\/\/brtk.net\/wp-content\/uploads\/2025\/02\/24\/2348023842-768x379.jpeg?ver=0cd5ca53c3eff523305a428116514674 768w\"\/>                            <\/div>\n<p><em>-Faaliyet ve mali rapor onayland\u0131<\/em><\/p>\n<p>10 y\u0131ld\u0131r ba\u015fkanl\u0131k g\u00f6revini y\u00fcr\u00fcten Dursun Ko\u00e7 ve y\u00f6netim kurulunun faaliyet ve mali raporu \u00fcyeler taraf\u0131ndan onayland\u0131.<\/p>\n<p>-Ba\u015fkan aday\u0131 \u00e7\u0131kmad\u0131, se\u00e7im 15 g\u00fcn sonraya ertelendi<\/p>\n<p>Genel kurulda, ba\u015fkan adayl\u0131\u011f\u0131 i\u00e7in herhangi bir m\u00fcracaat olmad\u0131\u011f\u0131ndan dolay\u0131 se\u00e7im yap\u0131lmad\u0131 ve yeni ba\u015fkan se\u00e7ilemedi.<\/p>\n<p>Divan Ba\u015fkan\u0131 Hasan Gazio\u011flu, t\u00fcz\u00fck gere\u011fi genel kurulu 15 g\u00fcn sonraya erteledi.<\/p>\n<\/p><\/div>\n<p><script async\n                    defer\n                    crossorigin=\"anonymous\"\n                    src=\"https:\/\/connect.facebook.net\/tr_TR\/sdk.js#xfbml=1&#038;version=v3.3\"\n            ><\/script><\/p>\n","protected":false},"excerpt":{"rendered":"<p>KKTC Milli Olimpiyat Komitesi (KKTC MOK) se\u00e7imli genel kurulu yap\u0131ld\u0131. Ba\u015fkan aday\u0131 \u00e7\u0131kmayan genel kurulda, se\u00e7im 15 g\u00fcn sonraya ertelendi. MOK\u2019tan verilen bilgiye g\u00f6re, Girne \u00d6\u011fretmen Evi\u2019nde ger\u00e7ekle\u015fen genel kurulun divan ba\u015fkanl\u0131\u011f\u0131n\u0131 Tenis Federasyonu Ba\u015fkan\u0131 Hasan Gazio\u011flu, sekreterliklerini de Masa Tenisi Federasyonu Ba\u015fkan\u0131 Mustafa Bekiro\u011fullar\u0131 ile \u015eahap Tokatl\u0131 yapt\u0131. Genel kurulda a\u00e7\u0131l\u0131\u015f konu\u015fmas\u0131 yapan Ba\u015fkan<\/p>\n","protected":false},"author":1,"featured_media":76322,"comment_status":"open","ping_status":"open","sticky":false,"template":"","format":"standard","meta":{"footnotes":""},"categories":[81,101],"tags":[],"class_list":["post-76321","post","type-post","status-publish","format-standard","has-post-thumbnail","hentry","category-kibris","category-manset"],"yoast_head":"<!-- This site is optimized with the Yoast SEO plugin v27.4 - https:\/\/yoast.com\/product\/yoast-seo-wordpress\/ -->\n<title>Milli Olimpiyat Komitesi Genel Kurulu yap\u0131ld\u0131 -<\/title>\n<meta name=\"robots\" content=\"index, follow, max-snippet:-1, max-image-preview:large, max-video-preview:-1\" \/>\n<link rel=\"canonical\" href=\"https:\/\/kibrisdakik.com\/?p=76321\" \/>\n<meta property=\"og:locale\" content=\"tr_TR\" \/>\n<meta property=\"og:type\" content=\"article\" \/>\n<meta property=\"og:title\" content=\"Milli Olimpiyat Komitesi Genel Kurulu yap\u0131ld\u0131 -\" \/>\n<meta property=\"og:description\" content=\"KKTC Milli Olimpiyat Komitesi (KKTC MOK) se\u00e7imli genel kurulu yap\u0131ld\u0131. Ba\u015fkan aday\u0131 \u00e7\u0131kmayan genel kurulda, se\u00e7im 15 g\u00fcn sonraya ertelendi. MOK\u2019tan verilen bilgiye g\u00f6re, Girne \u00d6\u011fretmen Evi\u2019nde ger\u00e7ekle\u015fen genel kurulun divan ba\u015fkanl\u0131\u011f\u0131n\u0131 Tenis Federasyonu Ba\u015fkan\u0131 Hasan Gazio\u011flu, sekreterliklerini de Masa Tenisi Federasyonu Ba\u015fkan\u0131 Mustafa Bekiro\u011fullar\u0131 ile \u015eahap Tokatl\u0131 yapt\u0131. Genel kurulda a\u00e7\u0131l\u0131\u015f konu\u015fmas\u0131 yapan Ba\u015fkan\" \/>\n<meta property=\"og:url\" content=\"https:\/\/kibrisdakik.com\/?p=76321\" \/>\n<meta property=\"article:published_time\" content=\"2025-02-24T08:21:35+00:00\" \/>\n<meta property=\"og:image\" content=\"https:\/\/kibrisdakik.com\/wp-content\/uploads\/2025\/02\/2348023842-740x420.jpeg\" \/>\n\t<meta property=\"og:image:width\" content=\"1256\" \/>\n\t<meta property=\"og:image:height\" content=\"620\" \/>\n\t<meta property=\"og:image:type\" content=\"image\/jpeg\" \/>\n<meta name=\"author\" content=\"admin\" \/>\n<meta name=\"twitter:card\" content=\"summary_large_image\" \/>\n<meta name=\"twitter:label1\" content=\"Yazan:\" \/>\n\t<meta name=\"twitter:data1\" content=\"admin\" \/>\n\t<meta name=\"twitter:label2\" content=\"Tahmini okuma s\u00fcresi\" \/>\n\t<meta name=\"twitter:data2\" content=\"1 dakika\" \/>\n<script type=\"application\/ld+json\" class=\"yoast-schema-graph\">{\"@context\":\"https:\\\/\\\/schema.org\",\"@graph\":[{\"@type\":\"Article\",\"@id\":\"https:\\\/\\\/kibrisdakik.com\\\/?p=76321#article\",\"isPartOf\":{\"@id\":\"https:\\\/\\\/kibrisdakik.com\\\/?p=76321\"},\"author\":{\"name\":\"admin\",\"@id\":\"https:\\\/\\\/kibrisdakik.com\\\/#\\\/schema\\\/person\\\/9cd9d437bbb44f72b73ba127e06d8e79\"},\"headline\":\"Milli Olimpiyat Komitesi Genel Kurulu yap\u0131ld\u0131\",\"datePublished\":\"2025-02-24T08:21:35+00:00\",\"mainEntityOfPage\":{\"@id\":\"https:\\\/\\\/kibrisdakik.com\\\/?p=76321\"},\"wordCount\":246,\"commentCount\":0,\"image\":{\"@id\":\"https:\\\/\\\/kibrisdakik.com\\\/?p=76321#primaryimage\"},\"thumbnailUrl\":\"https:\\\/\\\/kibrisdakik.com\\\/wp-content\\\/uploads\\\/2025\\\/02\\\/2348023842-740x420.jpeg\",\"articleSection\":[\"K\u0131br\u0131s\",\"Man\u015fet\"],\"inLanguage\":\"tr\",\"potentialAction\":[{\"@type\":\"CommentAction\",\"name\":\"Comment\",\"target\":[\"https:\\\/\\\/kibrisdakik.com\\\/?p=76321#respond\"]}]},{\"@type\":\"WebPage\",\"@id\":\"https:\\\/\\\/kibrisdakik.com\\\/?p=76321\",\"url\":\"https:\\\/\\\/kibrisdakik.com\\\/?p=76321\",\"name\":\"Milli Olimpiyat Komitesi Genel Kurulu yap\u0131ld\u0131 -\",\"isPartOf\":{\"@id\":\"https:\\\/\\\/kibrisdakik.com\\\/#website\"},\"primaryImageOfPage\":{\"@id\":\"https:\\\/\\\/kibrisdakik.com\\\/?p=76321#primaryimage\"},\"image\":{\"@id\":\"https:\\\/\\\/kibrisdakik.com\\\/?p=76321#primaryimage\"},\"thumbnailUrl\":\"https:\\\/\\\/kibrisdakik.com\\\/wp-content\\\/uploads\\\/2025\\\/02\\\/2348023842-740x420.jpeg\",\"datePublished\":\"2025-02-24T08:21:35+00:00\",\"author\":{\"@id\":\"https:\\\/\\\/kibrisdakik.com\\\/#\\\/schema\\\/person\\\/9cd9d437bbb44f72b73ba127e06d8e79\"},\"breadcrumb\":{\"@id\":\"https:\\\/\\\/kibrisdakik.com\\\/?p=76321#breadcrumb\"},\"inLanguage\":\"tr\",\"potentialAction\":[{\"@type\":\"ReadAction\",\"target\":[\"https:\\\/\\\/kibrisdakik.com\\\/?p=76321\"]}]},{\"@type\":\"ImageObject\",\"inLanguage\":\"tr\",\"@id\":\"https:\\\/\\\/kibrisdakik.com\\\/?p=76321#primaryimage\",\"url\":\"https:\\\/\\\/kibrisdakik.com\\\/wp-content\\\/uploads\\\/2025\\\/02\\\/2348023842-740x420.jpeg\",\"contentUrl\":\"https:\\\/\\\/kibrisdakik.com\\\/wp-content\\\/uploads\\\/2025\\\/02\\\/2348023842-740x420.jpeg\",\"width\":1256,\"height\":620},{\"@type\":\"BreadcrumbList\",\"@id\":\"https:\\\/\\\/kibrisdakik.com\\\/?p=76321#breadcrumb\",\"itemListElement\":[{\"@type\":\"ListItem\",\"position\":1,\"name\":\"Home\",\"item\":\"https:\\\/\\\/kibrisdakik.com\\\/\"},{\"@type\":\"ListItem\",\"position\":2,\"name\":\"Milli Olimpiyat Komitesi Genel Kurulu yap\u0131ld\u0131\"}]},{\"@type\":\"WebSite\",\"@id\":\"https:\\\/\\\/kibrisdakik.com\\\/#website\",\"url\":\"https:\\\/\\\/kibrisdakik.com\\\/\",\"name\":\"\",\"description\":\"Tam vaktinde haber\",\"potentialAction\":[{\"@type\":\"SearchAction\",\"target\":{\"@type\":\"EntryPoint\",\"urlTemplate\":\"https:\\\/\\\/kibrisdakik.com\\\/?s={search_term_string}\"},\"query-input\":{\"@type\":\"PropertyValueSpecification\",\"valueRequired\":true,\"valueName\":\"search_term_string\"}}],\"inLanguage\":\"tr\"},{\"@type\":\"Person\",\"@id\":\"https:\\\/\\\/kibrisdakik.com\\\/#\\\/schema\\\/person\\\/9cd9d437bbb44f72b73ba127e06d8e79\",\"name\":\"admin\",\"image\":{\"@type\":\"ImageObject\",\"inLanguage\":\"tr\",\"@id\":\"https:\\\/\\\/secure.gravatar.com\\\/avatar\\\/ccc17943b9d660506c869530f897617f7cb1c21a4bf30023f252596d83e1f007?s=96&d=mm&r=g\",\"url\":\"https:\\\/\\\/secure.gravatar.com\\\/avatar\\\/ccc17943b9d660506c869530f897617f7cb1c21a4bf30023f252596d83e1f007?s=96&d=mm&r=g\",\"contentUrl\":\"https:\\\/\\\/secure.gravatar.com\\\/avatar\\\/ccc17943b9d660506c869530f897617f7cb1c21a4bf30023f252596d83e1f007?s=96&d=mm&r=g\",\"caption\":\"admin\"},\"sameAs\":[\"https:\\\/\\\/kibrisdakik.com\"],\"url\":\"https:\\\/\\\/kibrisdakik.com\\\/?author=1\"}]}<\/script>\n<!-- \/ Yoast SEO plugin. -->","yoast_head_json":{"title":"Milli Olimpiyat Komitesi Genel Kurulu yap\u0131ld\u0131 -","robots":{"index":"index","follow":"follow","max-snippet":"max-snippet:-1","max-image-preview":"max-image-preview:large","max-video-preview":"max-video-preview:-1"},"canonical":"https:\/\/kibrisdakik.com\/?p=76321","og_locale":"tr_TR","og_type":"article","og_title":"Milli Olimpiyat Komitesi Genel Kurulu yap\u0131ld\u0131 -","og_description":"KKTC Milli Olimpiyat Komitesi (KKTC MOK) se\u00e7imli genel kurulu yap\u0131ld\u0131. Ba\u015fkan aday\u0131 \u00e7\u0131kmayan genel kurulda, se\u00e7im 15 g\u00fcn sonraya ertelendi. MOK\u2019tan verilen bilgiye g\u00f6re, Girne \u00d6\u011fretmen Evi\u2019nde ger\u00e7ekle\u015fen genel kurulun divan ba\u015fkanl\u0131\u011f\u0131n\u0131 Tenis Federasyonu Ba\u015fkan\u0131 Hasan Gazio\u011flu, sekreterliklerini de Masa Tenisi Federasyonu Ba\u015fkan\u0131 Mustafa Bekiro\u011fullar\u0131 ile \u015eahap Tokatl\u0131 yapt\u0131. Genel kurulda a\u00e7\u0131l\u0131\u015f konu\u015fmas\u0131 yapan Ba\u015fkan","og_url":"https:\/\/kibrisdakik.com\/?p=76321","article_published_time":"2025-02-24T08:21:35+00:00","og_image":[{"width":1256,"height":620,"url":"https:\/\/kibrisdakik.com\/wp-content\/uploads\/2025\/02\/2348023842-740x420.jpeg","type":"image\/jpeg"}],"author":"admin","twitter_card":"summary_large_image","twitter_misc":{"Yazan:":"admin","Tahmini okuma s\u00fcresi":"1 dakika"},"schema":{"@context":"https:\/\/schema.org","@graph":[{"@type":"Article","@id":"https:\/\/kibrisdakik.com\/?p=76321#article","isPartOf":{"@id":"https:\/\/kibrisdakik.com\/?p=76321"},"author":{"name":"admin","@id":"https:\/\/kibrisdakik.com\/#\/schema\/person\/9cd9d437bbb44f72b73ba127e06d8e79"},"headline":"Milli Olimpiyat Komitesi Genel Kurulu yap\u0131ld\u0131","datePublished":"2025-02-24T08:21:35+00:00","mainEntityOfPage":{"@id":"https:\/\/kibrisdakik.com\/?p=76321"},"wordCount":246,"commentCount":0,"image":{"@id":"https:\/\/kibrisdakik.com\/?p=76321#primaryimage"},"thumbnailUrl":"https:\/\/kibrisdakik.com\/wp-content\/uploads\/2025\/02\/2348023842-740x420.jpeg","articleSection":["K\u0131br\u0131s","Man\u015fet"],"inLanguage":"tr","potentialAction":[{"@type":"CommentAction","name":"Comment","target":["https:\/\/kibrisdakik.com\/?p=76321#respond"]}]},{"@type":"WebPage","@id":"https:\/\/kibrisdakik.com\/?p=76321","url":"https:\/\/kibrisdakik.com\/?p=76321","name":"Milli Olimpiyat Komitesi Genel Kurulu yap\u0131ld\u0131 -","isPartOf":{"@id":"https:\/\/kibrisdakik.com\/#website"},"primaryImageOfPage":{"@id":"https:\/\/kibrisdakik.com\/?p=76321#primaryimage"},"image":{"@id":"https:\/\/kibrisdakik.com\/?p=76321#primaryimage"},"thumbnailUrl":"https:\/\/kibrisdakik.com\/wp-content\/uploads\/2025\/02\/2348023842-740x420.jpeg","datePublished":"2025-02-24T08:21:35+00:00","author":{"@id":"https:\/\/kibrisdakik.com\/#\/schema\/person\/9cd9d437bbb44f72b73ba127e06d8e79"},"breadcrumb":{"@id":"https:\/\/kibrisdakik.com\/?p=76321#breadcrumb"},"inLanguage":"tr","potentialAction":[{"@type":"ReadAction","target":["https:\/\/kibrisdakik.com\/?p=76321"]}]},{"@type":"ImageObject","inLanguage":"tr","@id":"https:\/\/kibrisdakik.com\/?p=76321#primaryimage","url":"https:\/\/kibrisdakik.com\/wp-content\/uploads\/2025\/02\/2348023842-740x420.jpeg","contentUrl":"https:\/\/kibrisdakik.com\/wp-content\/uploads\/2025\/02\/2348023842-740x420.jpeg","width":1256,"height":620},{"@type":"BreadcrumbList","@id":"https:\/\/kibrisdakik.com\/?p=76321#breadcrumb","itemListElement":[{"@type":"ListItem","position":1,"name":"Home","item":"https:\/\/kibrisdakik.com\/"},{"@type":"ListItem","position":2,"name":"Milli Olimpiyat Komitesi Genel Kurulu yap\u0131ld\u0131"}]},{"@type":"WebSite","@id":"https:\/\/kibrisdakik.com\/#website","url":"https:\/\/kibrisdakik.com\/","name":"","description":"Tam vaktinde haber","potentialAction":[{"@type":"SearchAction","target":{"@type":"EntryPoint","urlTemplate":"https:\/\/kibrisdakik.com\/?s={search_term_string}"},"query-input":{"@type":"PropertyValueSpecification","valueRequired":true,"valueName":"search_term_string"}}],"inLanguage":"tr"},{"@type":"Person","@id":"https:\/\/kibrisdakik.com\/#\/schema\/person\/9cd9d437bbb44f72b73ba127e06d8e79","name":"admin","image":{"@type":"ImageObject","inLanguage":"tr","@id":"https:\/\/secure.gravatar.com\/avatar\/ccc17943b9d660506c869530f897617f7cb1c21a4bf30023f252596d83e1f007?s=96&d=mm&r=g","url":"https:\/\/secure.gravatar.com\/avatar\/ccc17943b9d660506c869530f897617f7cb1c21a4bf30023f252596d83e1f007?s=96&d=mm&r=g","contentUrl":"https:\/\/secure.gravatar.com\/avatar\/ccc17943b9d660506c869530f897617f7cb1c21a4bf30023f252596d83e1f007?s=96&d=mm&r=g","caption":"admin"},"sameAs":["https:\/\/kibrisdakik.com"],"url":"https:\/\/kibrisdakik.com\/?author=1"}]}},"_links":{"self":[{"href":"https:\/\/kibrisdakik.com\/index.php?rest_route=\/wp\/v2\/posts\/76321","targetHints":{"allow":["GET"]}}],"collection":[{"href":"https:\/\/kibrisdakik.com\/index.php?rest_route=\/wp\/v2\/posts"}],"about":[{"href":"https:\/\/kibrisdakik.com\/index.php?rest_route=\/wp\/v2\/types\/post"}],"author":[{"embeddable":true,"href":"https:\/\/kibrisdakik.com\/index.php?rest_route=\/wp\/v2\/users\/1"}],"replies":[{"embeddable":true,"href":"https:\/\/kibrisdakik.com\/index.php?rest_route=%2Fwp%2Fv2%2Fcomments&post=76321"}],"version-history":[{"count":0,"href":"https:\/\/kibrisdakik.com\/index.php?rest_route=\/wp\/v2\/posts\/76321\/revisions"}],"wp:featuredmedia":[{"embeddable":true,"href":"https:\/\/kibrisdakik.com\/index.php?rest_route=\/wp\/v2\/media\/76322"}],"wp:attachment":[{"href":"https:\/\/kibrisdakik.com\/index.php?rest_route=%2Fwp%2Fv2%2Fmedia&parent=76321"}],"wp:term":[{"taxonomy":"category","embeddable":true,"href":"https:\/\/kibrisdakik.com\/index.php?rest_route=%2Fwp%2Fv2%2Fcategories&post=76321"},{"taxonomy":"post_tag","embeddable":true,"href":"https:\/\/kibrisdakik.com\/index.php?rest_route=%2Fwp%2Fv2%2Ftags&post=76321"}],"curies":[{"name":"wp","href":"https:\/\/api.w.org\/{rel}","templated":true}]}}