{"id":76323,"date":"2025-02-24T12:26:07","date_gmt":"2025-02-24T09:26:07","guid":{"rendered":"https:\/\/kibrisdakik.com\/index.php\/2025\/02\/24\/ulkemiz-soguk-havanin-etkisi-altinda-fehmi-oktaysoguk-havanin-bu-aksam-ve-yarin-da-etkisini-surdurmesi-bekleniyor\/"},"modified":"2025-02-24T12:26:07","modified_gmt":"2025-02-24T09:26:07","slug":"ulkemiz-soguk-havanin-etkisi-altinda-fehmi-oktaysoguk-havanin-bu-aksam-ve-yarin-da-etkisini-surdurmesi-bekleniyor","status":"publish","type":"post","link":"https:\/\/kibrisdakik.com\/?p=76323","title":{"rendered":"\u00dclkemiz so\u011fuk havan\u0131n etkisi alt\u0131nda..Fehmi Oktay:So\u011fuk havan\u0131n bu ak\u015fam ve yar\u0131n da etkisini s\u00fcrd\u00fcrmesi bekleniyor"},"content":{"rendered":"<div>\n<p>\u00dclkemiz olduk\u00e7a so\u011fuk hava k\u00fctlesinin etkisi alt\u0131nda\u2026<\/p>\n<p>Baz\u0131 b\u00f6lgelerde s\u0131cakl\u0131klar eksi de\u011ferlere kadar d\u00fc\u015ferken, so\u011fuk havan\u0131n bu ak\u015fam ve yar\u0131n da etkisini s\u00fcrd\u00fcrmesi bekleniyor\u2026 Ya\u011f\u0131\u015f beklentisi ise yok\u2026<\/p>\n<p>BRT Meteoroloji Edit\u00f6r\u00fc Fehmi Oktay, \u00fclkeyi etkisi alt\u0131na alan so\u011fuk havayla ilgili de\u011ferlendirmede bulundu\u2026<\/p>\n<\/p><\/div>\n<p><script async\n                    defer\n                    crossorigin=\"anonymous\"\n                    src=\"https:\/\/connect.facebook.net\/tr_TR\/sdk.js#xfbml=1&#038;version=v3.3\"\n            ><\/script><\/p>\n","protected":false},"excerpt":{"rendered":"<p>\u00dclkemiz olduk\u00e7a so\u011fuk hava k\u00fctlesinin etkisi alt\u0131nda\u2026 Baz\u0131 b\u00f6lgelerde s\u0131cakl\u0131klar eksi de\u011ferlere kadar d\u00fc\u015ferken, so\u011fuk havan\u0131n bu ak\u015fam ve yar\u0131n da etkisini s\u00fcrd\u00fcrmesi bekleniyor\u2026 Ya\u011f\u0131\u015f beklentisi ise yok\u2026 BRT Meteoroloji Edit\u00f6r\u00fc Fehmi Oktay, \u00fclkeyi etkisi alt\u0131na alan so\u011fuk havayla ilgili de\u011ferlendirmede bulundu\u2026<\/p>\n","protected":false},"author":1,"featured_media":76324,"comment_status":"open","ping_status":"open","sticky":false,"template":"","format":"standard","meta":{"footnotes":""},"categories":[81,101],"tags":[],"class_list":["post-76323","post","type-post","status-publish","format-standard","has-post-thumbnail","hentry","category-kibris","category-manset"],"yoast_head":"<!-- This site is optimized with the Yoast SEO plugin v27.4 - https:\/\/yoast.com\/product\/yoast-seo-wordpress\/ -->\n<title>\u00dclkemiz so\u011fuk havan\u0131n etkisi alt\u0131nda..Fehmi Oktay:So\u011fuk havan\u0131n bu ak\u015fam ve yar\u0131n da etkisini s\u00fcrd\u00fcrmesi bekleniyor -<\/title>\n<meta name=\"robots\" content=\"index, follow, max-snippet:-1, max-image-preview:large, max-video-preview:-1\" \/>\n<link rel=\"canonical\" href=\"https:\/\/kibrisdakik.com\/?p=76323\" \/>\n<meta property=\"og:locale\" content=\"tr_TR\" \/>\n<meta property=\"og:type\" content=\"article\" \/>\n<meta property=\"og:title\" content=\"\u00dclkemiz so\u011fuk havan\u0131n etkisi alt\u0131nda..Fehmi Oktay:So\u011fuk havan\u0131n bu ak\u015fam ve yar\u0131n da etkisini s\u00fcrd\u00fcrmesi bekleniyor -\" \/>\n<meta property=\"og:description\" content=\"\u00dclkemiz olduk\u00e7a so\u011fuk hava k\u00fctlesinin etkisi alt\u0131nda\u2026 Baz\u0131 b\u00f6lgelerde s\u0131cakl\u0131klar eksi de\u011ferlere kadar d\u00fc\u015ferken, so\u011fuk havan\u0131n bu ak\u015fam ve yar\u0131n da etkisini s\u00fcrd\u00fcrmesi bekleniyor\u2026 Ya\u011f\u0131\u015f beklentisi ise yok\u2026 BRT Meteoroloji Edit\u00f6r\u00fc Fehmi Oktay, \u00fclkeyi etkisi alt\u0131na alan so\u011fuk havayla ilgili de\u011ferlendirmede bulundu\u2026\" \/>\n<meta property=\"og:url\" content=\"https:\/\/kibrisdakik.com\/?p=76323\" \/>\n<meta property=\"article:published_time\" content=\"2025-02-24T09:26:07+00:00\" \/>\n<meta property=\"og:image\" content=\"https:\/\/kibrisdakik.com\/wp-content\/uploads\/2025\/02\/fehmi-oktay-1024x580.png\" \/>\n\t<meta property=\"og:image:width\" content=\"1024\" \/>\n\t<meta property=\"og:image:height\" content=\"580\" \/>\n\t<meta property=\"og:image:type\" content=\"image\/png\" \/>\n<meta name=\"author\" content=\"admin\" \/>\n<meta name=\"twitter:card\" content=\"summary_large_image\" \/>\n<meta name=\"twitter:label1\" content=\"Yazan:\" \/>\n\t<meta name=\"twitter:data1\" content=\"admin\" \/>\n<script type=\"application\/ld+json\" class=\"yoast-schema-graph\">{\"@context\":\"https:\\\/\\\/schema.org\",\"@graph\":[{\"@type\":\"Article\",\"@id\":\"https:\\\/\\\/kibrisdakik.com\\\/?p=76323#article\",\"isPartOf\":{\"@id\":\"https:\\\/\\\/kibrisdakik.com\\\/?p=76323\"},\"author\":{\"name\":\"admin\",\"@id\":\"https:\\\/\\\/kibrisdakik.com\\\/#\\\/schema\\\/person\\\/9cd9d437bbb44f72b73ba127e06d8e79\"},\"headline\":\"\u00dclkemiz so\u011fuk havan\u0131n etkisi alt\u0131nda..Fehmi Oktay:So\u011fuk havan\u0131n bu ak\u015fam ve yar\u0131n da etkisini s\u00fcrd\u00fcrmesi bekleniyor\",\"datePublished\":\"2025-02-24T09:26:07+00:00\",\"mainEntityOfPage\":{\"@id\":\"https:\\\/\\\/kibrisdakik.com\\\/?p=76323\"},\"wordCount\":87,\"commentCount\":0,\"image\":{\"@id\":\"https:\\\/\\\/kibrisdakik.com\\\/?p=76323#primaryimage\"},\"thumbnailUrl\":\"https:\\\/\\\/kibrisdakik.com\\\/wp-content\\\/uploads\\\/2025\\\/02\\\/fehmi-oktay-740x420.png\",\"articleSection\":[\"K\u0131br\u0131s\",\"Man\u015fet\"],\"inLanguage\":\"tr\",\"potentialAction\":[{\"@type\":\"CommentAction\",\"name\":\"Comment\",\"target\":[\"https:\\\/\\\/kibrisdakik.com\\\/?p=76323#respond\"]}]},{\"@type\":\"WebPage\",\"@id\":\"https:\\\/\\\/kibrisdakik.com\\\/?p=76323\",\"url\":\"https:\\\/\\\/kibrisdakik.com\\\/?p=76323\",\"name\":\"\u00dclkemiz so\u011fuk havan\u0131n etkisi alt\u0131nda..Fehmi Oktay:So\u011fuk havan\u0131n bu ak\u015fam ve yar\u0131n da etkisini s\u00fcrd\u00fcrmesi bekleniyor -\",\"isPartOf\":{\"@id\":\"https:\\\/\\\/kibrisdakik.com\\\/#website\"},\"primaryImageOfPage\":{\"@id\":\"https:\\\/\\\/kibrisdakik.com\\\/?p=76323#primaryimage\"},\"image\":{\"@id\":\"https:\\\/\\\/kibrisdakik.com\\\/?p=76323#primaryimage\"},\"thumbnailUrl\":\"https:\\\/\\\/kibrisdakik.com\\\/wp-content\\\/uploads\\\/2025\\\/02\\\/fehmi-oktay-740x420.png\",\"datePublished\":\"2025-02-24T09:26:07+00:00\",\"author\":{\"@id\":\"https:\\\/\\\/kibrisdakik.com\\\/#\\\/schema\\\/person\\\/9cd9d437bbb44f72b73ba127e06d8e79\"},\"breadcrumb\":{\"@id\":\"https:\\\/\\\/kibrisdakik.com\\\/?p=76323#breadcrumb\"},\"inLanguage\":\"tr\",\"potentialAction\":[{\"@type\":\"ReadAction\",\"target\":[\"https:\\\/\\\/kibrisdakik.com\\\/?p=76323\"]}]},{\"@type\":\"ImageObject\",\"inLanguage\":\"tr\",\"@id\":\"https:\\\/\\\/kibrisdakik.com\\\/?p=76323#primaryimage\",\"url\":\"https:\\\/\\\/kibrisdakik.com\\\/wp-content\\\/uploads\\\/2025\\\/02\\\/fehmi-oktay-740x420.png\",\"contentUrl\":\"https:\\\/\\\/kibrisdakik.com\\\/wp-content\\\/uploads\\\/2025\\\/02\\\/fehmi-oktay-740x420.png\",\"width\":1920,\"height\":1088},{\"@type\":\"BreadcrumbList\",\"@id\":\"https:\\\/\\\/kibrisdakik.com\\\/?p=76323#breadcrumb\",\"itemListElement\":[{\"@type\":\"ListItem\",\"position\":1,\"name\":\"Home\",\"item\":\"https:\\\/\\\/kibrisdakik.com\\\/\"},{\"@type\":\"ListItem\",\"position\":2,\"name\":\"\u00dclkemiz so\u011fuk havan\u0131n etkisi alt\u0131nda..Fehmi Oktay:So\u011fuk havan\u0131n bu ak\u015fam ve yar\u0131n da etkisini s\u00fcrd\u00fcrmesi bekleniyor\"}]},{\"@type\":\"WebSite\",\"@id\":\"https:\\\/\\\/kibrisdakik.com\\\/#website\",\"url\":\"https:\\\/\\\/kibrisdakik.com\\\/\",\"name\":\"\",\"description\":\"Tam vaktinde haber\",\"potentialAction\":[{\"@type\":\"SearchAction\",\"target\":{\"@type\":\"EntryPoint\",\"urlTemplate\":\"https:\\\/\\\/kibrisdakik.com\\\/?s={search_term_string}\"},\"query-input\":{\"@type\":\"PropertyValueSpecification\",\"valueRequired\":true,\"valueName\":\"search_term_string\"}}],\"inLanguage\":\"tr\"},{\"@type\":\"Person\",\"@id\":\"https:\\\/\\\/kibrisdakik.com\\\/#\\\/schema\\\/person\\\/9cd9d437bbb44f72b73ba127e06d8e79\",\"name\":\"admin\",\"image\":{\"@type\":\"ImageObject\",\"inLanguage\":\"tr\",\"@id\":\"https:\\\/\\\/secure.gravatar.com\\\/avatar\\\/ccc17943b9d660506c869530f897617f7cb1c21a4bf30023f252596d83e1f007?s=96&d=mm&r=g\",\"url\":\"https:\\\/\\\/secure.gravatar.com\\\/avatar\\\/ccc17943b9d660506c869530f897617f7cb1c21a4bf30023f252596d83e1f007?s=96&d=mm&r=g\",\"contentUrl\":\"https:\\\/\\\/secure.gravatar.com\\\/avatar\\\/ccc17943b9d660506c869530f897617f7cb1c21a4bf30023f252596d83e1f007?s=96&d=mm&r=g\",\"caption\":\"admin\"},\"sameAs\":[\"https:\\\/\\\/kibrisdakik.com\"],\"url\":\"https:\\\/\\\/kibrisdakik.com\\\/?author=1\"}]}<\/script>\n<!-- \/ Yoast SEO plugin. -->","yoast_head_json":{"title":"\u00dclkemiz so\u011fuk havan\u0131n etkisi alt\u0131nda..Fehmi Oktay:So\u011fuk havan\u0131n bu ak\u015fam ve yar\u0131n da etkisini s\u00fcrd\u00fcrmesi bekleniyor -","robots":{"index":"index","follow":"follow","max-snippet":"max-snippet:-1","max-image-preview":"max-image-preview:large","max-video-preview":"max-video-preview:-1"},"canonical":"https:\/\/kibrisdakik.com\/?p=76323","og_locale":"tr_TR","og_type":"article","og_title":"\u00dclkemiz so\u011fuk havan\u0131n etkisi alt\u0131nda..Fehmi Oktay:So\u011fuk havan\u0131n bu ak\u015fam ve yar\u0131n da etkisini s\u00fcrd\u00fcrmesi bekleniyor -","og_description":"\u00dclkemiz olduk\u00e7a so\u011fuk hava k\u00fctlesinin etkisi alt\u0131nda\u2026 Baz\u0131 b\u00f6lgelerde s\u0131cakl\u0131klar eksi de\u011ferlere kadar d\u00fc\u015ferken, so\u011fuk havan\u0131n bu ak\u015fam ve yar\u0131n da etkisini s\u00fcrd\u00fcrmesi bekleniyor\u2026 Ya\u011f\u0131\u015f beklentisi ise yok\u2026 BRT Meteoroloji Edit\u00f6r\u00fc Fehmi Oktay, \u00fclkeyi etkisi alt\u0131na alan so\u011fuk havayla ilgili de\u011ferlendirmede bulundu\u2026","og_url":"https:\/\/kibrisdakik.com\/?p=76323","article_published_time":"2025-02-24T09:26:07+00:00","og_image":[{"width":1024,"height":580,"url":"https:\/\/kibrisdakik.com\/wp-content\/uploads\/2025\/02\/fehmi-oktay-1024x580.png","type":"image\/png"}],"author":"admin","twitter_card":"summary_large_image","twitter_misc":{"Yazan:":"admin"},"schema":{"@context":"https:\/\/schema.org","@graph":[{"@type":"Article","@id":"https:\/\/kibrisdakik.com\/?p=76323#article","isPartOf":{"@id":"https:\/\/kibrisdakik.com\/?p=76323"},"author":{"name":"admin","@id":"https:\/\/kibrisdakik.com\/#\/schema\/person\/9cd9d437bbb44f72b73ba127e06d8e79"},"headline":"\u00dclkemiz so\u011fuk havan\u0131n etkisi alt\u0131nda..Fehmi Oktay:So\u011fuk havan\u0131n bu ak\u015fam ve yar\u0131n da etkisini s\u00fcrd\u00fcrmesi bekleniyor","datePublished":"2025-02-24T09:26:07+00:00","mainEntityOfPage":{"@id":"https:\/\/kibrisdakik.com\/?p=76323"},"wordCount":87,"commentCount":0,"image":{"@id":"https:\/\/kibrisdakik.com\/?p=76323#primaryimage"},"thumbnailUrl":"https:\/\/kibrisdakik.com\/wp-content\/uploads\/2025\/02\/fehmi-oktay-740x420.png","articleSection":["K\u0131br\u0131s","Man\u015fet"],"inLanguage":"tr","potentialAction":[{"@type":"CommentAction","name":"Comment","target":["https:\/\/kibrisdakik.com\/?p=76323#respond"]}]},{"@type":"WebPage","@id":"https:\/\/kibrisdakik.com\/?p=76323","url":"https:\/\/kibrisdakik.com\/?p=76323","name":"\u00dclkemiz so\u011fuk havan\u0131n etkisi alt\u0131nda..Fehmi Oktay:So\u011fuk havan\u0131n bu ak\u015fam ve yar\u0131n da etkisini s\u00fcrd\u00fcrmesi bekleniyor -","isPartOf":{"@id":"https:\/\/kibrisdakik.com\/#website"},"primaryImageOfPage":{"@id":"https:\/\/kibrisdakik.com\/?p=76323#primaryimage"},"image":{"@id":"https:\/\/kibrisdakik.com\/?p=76323#primaryimage"},"thumbnailUrl":"https:\/\/kibrisdakik.com\/wp-content\/uploads\/2025\/02\/fehmi-oktay-740x420.png","datePublished":"2025-02-24T09:26:07+00:00","author":{"@id":"https:\/\/kibrisdakik.com\/#\/schema\/person\/9cd9d437bbb44f72b73ba127e06d8e79"},"breadcrumb":{"@id":"https:\/\/kibrisdakik.com\/?p=76323#breadcrumb"},"inLanguage":"tr","potentialAction":[{"@type":"ReadAction","target":["https:\/\/kibrisdakik.com\/?p=76323"]}]},{"@type":"ImageObject","inLanguage":"tr","@id":"https:\/\/kibrisdakik.com\/?p=76323#primaryimage","url":"https:\/\/kibrisdakik.com\/wp-content\/uploads\/2025\/02\/fehmi-oktay-740x420.png","contentUrl":"https:\/\/kibrisdakik.com\/wp-content\/uploads\/2025\/02\/fehmi-oktay-740x420.png","width":1920,"height":1088},{"@type":"BreadcrumbList","@id":"https:\/\/kibrisdakik.com\/?p=76323#breadcrumb","itemListElement":[{"@type":"ListItem","position":1,"name":"Home","item":"https:\/\/kibrisdakik.com\/"},{"@type":"ListItem","position":2,"name":"\u00dclkemiz so\u011fuk havan\u0131n etkisi alt\u0131nda..Fehmi Oktay:So\u011fuk havan\u0131n bu ak\u015fam ve yar\u0131n da etkisini s\u00fcrd\u00fcrmesi bekleniyor"}]},{"@type":"WebSite","@id":"https:\/\/kibrisdakik.com\/#website","url":"https:\/\/kibrisdakik.com\/","name":"","description":"Tam vaktinde haber","potentialAction":[{"@type":"SearchAction","target":{"@type":"EntryPoint","urlTemplate":"https:\/\/kibrisdakik.com\/?s={search_term_string}"},"query-input":{"@type":"PropertyValueSpecification","valueRequired":true,"valueName":"search_term_string"}}],"inLanguage":"tr"},{"@type":"Person","@id":"https:\/\/kibrisdakik.com\/#\/schema\/person\/9cd9d437bbb44f72b73ba127e06d8e79","name":"admin","image":{"@type":"ImageObject","inLanguage":"tr","@id":"https:\/\/secure.gravatar.com\/avatar\/ccc17943b9d660506c869530f897617f7cb1c21a4bf30023f252596d83e1f007?s=96&d=mm&r=g","url":"https:\/\/secure.gravatar.com\/avatar\/ccc17943b9d660506c869530f897617f7cb1c21a4bf30023f252596d83e1f007?s=96&d=mm&r=g","contentUrl":"https:\/\/secure.gravatar.com\/avatar\/ccc17943b9d660506c869530f897617f7cb1c21a4bf30023f252596d83e1f007?s=96&d=mm&r=g","caption":"admin"},"sameAs":["https:\/\/kibrisdakik.com"],"url":"https:\/\/kibrisdakik.com\/?author=1"}]}},"_links":{"self":[{"href":"https:\/\/kibrisdakik.com\/index.php?rest_route=\/wp\/v2\/posts\/76323","targetHints":{"allow":["GET"]}}],"collection":[{"href":"https:\/\/kibrisdakik.com\/index.php?rest_route=\/wp\/v2\/posts"}],"about":[{"href":"https:\/\/kibrisdakik.com\/index.php?rest_route=\/wp\/v2\/types\/post"}],"author":[{"embeddable":true,"href":"https:\/\/kibrisdakik.com\/index.php?rest_route=\/wp\/v2\/users\/1"}],"replies":[{"embeddable":true,"href":"https:\/\/kibrisdakik.com\/index.php?rest_route=%2Fwp%2Fv2%2Fcomments&post=76323"}],"version-history":[{"count":0,"href":"https:\/\/kibrisdakik.com\/index.php?rest_route=\/wp\/v2\/posts\/76323\/revisions"}],"wp:featuredmedia":[{"embeddable":true,"href":"https:\/\/kibrisdakik.com\/index.php?rest_route=\/wp\/v2\/media\/76324"}],"wp:attachment":[{"href":"https:\/\/kibrisdakik.com\/index.php?rest_route=%2Fwp%2Fv2%2Fmedia&parent=76323"}],"wp:term":[{"taxonomy":"category","embeddable":true,"href":"https:\/\/kibrisdakik.com\/index.php?rest_route=%2Fwp%2Fv2%2Fcategories&post=76323"},{"taxonomy":"post_tag","embeddable":true,"href":"https:\/\/kibrisdakik.com\/index.php?rest_route=%2Fwp%2Fv2%2Ftags&post=76323"}],"curies":[{"name":"wp","href":"https:\/\/api.w.org\/{rel}","templated":true}]}}