{"id":76356,"date":"2025-02-24T17:57:04","date_gmt":"2025-02-24T14:57:04","guid":{"rendered":"https:\/\/kibrisdakik.com\/index.php\/2025\/02\/24\/kadinlara-ve-topluma-guclu-destek-icin-protokol-imzalandi\/"},"modified":"2025-02-24T17:57:04","modified_gmt":"2025-02-24T14:57:04","slug":"kadinlara-ve-topluma-guclu-destek-icin-protokol-imzalandi","status":"publish","type":"post","link":"https:\/\/kibrisdakik.com\/?p=76356","title":{"rendered":"Kad\u0131nlara ve topluma g\u00fc\u00e7l\u00fc destek \u0130\u00e7in protokol imzaland\u0131"},"content":{"rendered":"<div>\n<div class=\"mariselle-image-container center\">\n                                            <\/div>\n<p>\u00a0<\/p>\n<p>Uluslararas\u0131 Final \u00dcniversitesi Aile ve Kad\u0131n Ara\u015ft\u0131rmalar\u0131 ve Uygulama Merkezi (AKAUM), Mehmet\u00e7ik-B\u00fcy\u00fckkonuk Belediyesi ve K\u0131br\u0131s T\u00fcrk Giri\u015fimci Kad\u0131nlar Derne\u011fi (G\u0130KAD) i\u015f birli\u011fiyle \u00f6nemli bir protokole imza att\u0131.<\/p>\n<p>\u00a0<\/p>\n<p>Bu ortakl\u0131k kapsam\u0131nda kad\u0131nlar\u0131n g\u00fc\u00e7lenmesi, e\u011fitim ve sa\u011fl\u0131k hizmetlerinin yayg\u0131nla\u015ft\u0131r\u0131lmas\u0131 ve toplumsal fark\u0131ndal\u0131\u011f\u0131n art\u0131r\u0131lmas\u0131 hedefleniyor. Akademisyenler ve \u00f6\u011frenciler, \u00e7e\u015fitli b\u00f6lgelerde d\u00fczenlenecek e\u011fitim programlar\u0131, sa\u011fl\u0131k taramalar\u0131 ve giri\u015fimcilik destekleriyle topluma do\u011frudan katk\u0131 sa\u011flayacak.<\/p>\n<p>\u00a0<\/p>\n<p>Protokole, Uluslararas\u0131 Final \u00dcniversitesi ad\u0131na Rekt\u00f6r Orhan Gemikonakl\u0131, Mehmet\u00e7ik-B\u00fcy\u00fckkonuk Belediyesi Ba\u015fkan\u0131 Fatma \u00c7imen Tu\u011flu ve K\u0131br\u0131s T\u00fcrk Giri\u015fimci Kad\u0131nlar Derne\u011fi Ba\u015fkan\u0131 \u0130\u00e7im \u00c7a\u011f\u0131ner Kavuklu imza att\u0131.<\/p>\n<p>\u00a0<\/p>\n<p>E\u011fitimden sa\u011fl\u0131\u011fa, kad\u0131n haklar\u0131ndan sosyal fark\u0131ndal\u0131\u011fa kadar geni\u015f kapsaml\u0131 projelerle her kesime dokunmay\u0131 ama\u00e7layan bu i\u015f birli\u011fi, g\u00fc\u00e7l\u00fc kad\u0131nlar\u0131n g\u00fc\u00e7l\u00fc bir toplum olu\u015fturmas\u0131nda \u00f6nemli bir ad\u0131m olacak.<\/p>\n<\/p><\/div>\n<p><script async\n                    defer\n                    crossorigin=\"anonymous\"\n                    src=\"https:\/\/connect.facebook.net\/tr_TR\/sdk.js#xfbml=1&#038;version=v3.3\"\n            ><\/script><\/p>\n","protected":false},"excerpt":{"rendered":"<p>\u00a0 Uluslararas\u0131 Final \u00dcniversitesi Aile ve Kad\u0131n Ara\u015ft\u0131rmalar\u0131 ve Uygulama Merkezi (AKAUM), Mehmet\u00e7ik-B\u00fcy\u00fckkonuk Belediyesi ve K\u0131br\u0131s T\u00fcrk Giri\u015fimci Kad\u0131nlar Derne\u011fi (G\u0130KAD) i\u015f birli\u011fiyle \u00f6nemli bir protokole imza att\u0131. \u00a0 Bu ortakl\u0131k kapsam\u0131nda kad\u0131nlar\u0131n g\u00fc\u00e7lenmesi, e\u011fitim ve sa\u011fl\u0131k hizmetlerinin yayg\u0131nla\u015ft\u0131r\u0131lmas\u0131 ve toplumsal fark\u0131ndal\u0131\u011f\u0131n art\u0131r\u0131lmas\u0131 hedefleniyor. Akademisyenler ve \u00f6\u011frenciler, \u00e7e\u015fitli b\u00f6lgelerde d\u00fczenlenecek e\u011fitim programlar\u0131, sa\u011fl\u0131k taramalar\u0131 ve<\/p>\n","protected":false},"author":1,"featured_media":76357,"comment_status":"open","ping_status":"open","sticky":false,"template":"","format":"standard","meta":{"footnotes":""},"categories":[81,101],"tags":[],"class_list":["post-76356","post","type-post","status-publish","format-standard","has-post-thumbnail","hentry","category-kibris","category-manset"],"yoast_head":"<!-- This site is optimized with the Yoast SEO plugin v27.4 - https:\/\/yoast.com\/product\/yoast-seo-wordpress\/ -->\n<title>Kad\u0131nlara ve topluma g\u00fc\u00e7l\u00fc destek \u0130\u00e7in protokol imzaland\u0131 -<\/title>\n<meta name=\"robots\" content=\"index, follow, max-snippet:-1, max-image-preview:large, max-video-preview:-1\" \/>\n<link rel=\"canonical\" href=\"https:\/\/kibrisdakik.com\/?p=76356\" \/>\n<meta property=\"og:locale\" content=\"tr_TR\" \/>\n<meta property=\"og:type\" content=\"article\" \/>\n<meta property=\"og:title\" content=\"Kad\u0131nlara ve topluma g\u00fc\u00e7l\u00fc destek \u0130\u00e7in protokol imzaland\u0131 -\" \/>\n<meta property=\"og:description\" content=\"\u00a0 Uluslararas\u0131 Final \u00dcniversitesi Aile ve Kad\u0131n Ara\u015ft\u0131rmalar\u0131 ve Uygulama Merkezi (AKAUM), Mehmet\u00e7ik-B\u00fcy\u00fckkonuk Belediyesi ve K\u0131br\u0131s T\u00fcrk Giri\u015fimci Kad\u0131nlar Derne\u011fi (G\u0130KAD) i\u015f birli\u011fiyle \u00f6nemli bir protokole imza att\u0131. \u00a0 Bu ortakl\u0131k kapsam\u0131nda kad\u0131nlar\u0131n g\u00fc\u00e7lenmesi, e\u011fitim ve sa\u011fl\u0131k hizmetlerinin yayg\u0131nla\u015ft\u0131r\u0131lmas\u0131 ve toplumsal fark\u0131ndal\u0131\u011f\u0131n art\u0131r\u0131lmas\u0131 hedefleniyor. Akademisyenler ve \u00f6\u011frenciler, \u00e7e\u015fitli b\u00f6lgelerde d\u00fczenlenecek e\u011fitim programlar\u0131, sa\u011fl\u0131k taramalar\u0131 ve\" \/>\n<meta property=\"og:url\" content=\"https:\/\/kibrisdakik.com\/?p=76356\" \/>\n<meta property=\"article:published_time\" content=\"2025-02-24T14:57:04+00:00\" \/>\n<meta property=\"og:image\" content=\"https:\/\/kibrisdakik.com\/wp-content\/uploads\/2025\/02\/IMG-20250224-WA0022-740x420.jpg\" \/>\n\t<meta property=\"og:image:width\" content=\"1440\" \/>\n\t<meta property=\"og:image:height\" content=\"897\" \/>\n\t<meta property=\"og:image:type\" content=\"image\/jpeg\" \/>\n<meta name=\"author\" content=\"admin\" \/>\n<meta name=\"twitter:card\" content=\"summary_large_image\" \/>\n<meta name=\"twitter:label1\" content=\"Yazan:\" \/>\n\t<meta name=\"twitter:data1\" content=\"admin\" \/>\n\t<meta name=\"twitter:label2\" content=\"Tahmini okuma s\u00fcresi\" \/>\n\t<meta name=\"twitter:data2\" content=\"1 dakika\" \/>\n<script type=\"application\/ld+json\" class=\"yoast-schema-graph\">{\"@context\":\"https:\\\/\\\/schema.org\",\"@graph\":[{\"@type\":\"Article\",\"@id\":\"https:\\\/\\\/kibrisdakik.com\\\/?p=76356#article\",\"isPartOf\":{\"@id\":\"https:\\\/\\\/kibrisdakik.com\\\/?p=76356\"},\"author\":{\"name\":\"admin\",\"@id\":\"https:\\\/\\\/kibrisdakik.com\\\/#\\\/schema\\\/person\\\/9cd9d437bbb44f72b73ba127e06d8e79\"},\"headline\":\"Kad\u0131nlara ve topluma g\u00fc\u00e7l\u00fc destek \u0130\u00e7in protokol imzaland\u0131\",\"datePublished\":\"2025-02-24T14:57:04+00:00\",\"mainEntityOfPage\":{\"@id\":\"https:\\\/\\\/kibrisdakik.com\\\/?p=76356\"},\"wordCount\":192,\"commentCount\":0,\"image\":{\"@id\":\"https:\\\/\\\/kibrisdakik.com\\\/?p=76356#primaryimage\"},\"thumbnailUrl\":\"https:\\\/\\\/kibrisdakik.com\\\/wp-content\\\/uploads\\\/2025\\\/02\\\/IMG-20250224-WA0022-740x420.jpg\",\"articleSection\":[\"K\u0131br\u0131s\",\"Man\u015fet\"],\"inLanguage\":\"tr\",\"potentialAction\":[{\"@type\":\"CommentAction\",\"name\":\"Comment\",\"target\":[\"https:\\\/\\\/kibrisdakik.com\\\/?p=76356#respond\"]}]},{\"@type\":\"WebPage\",\"@id\":\"https:\\\/\\\/kibrisdakik.com\\\/?p=76356\",\"url\":\"https:\\\/\\\/kibrisdakik.com\\\/?p=76356\",\"name\":\"Kad\u0131nlara ve topluma g\u00fc\u00e7l\u00fc destek \u0130\u00e7in protokol imzaland\u0131 -\",\"isPartOf\":{\"@id\":\"https:\\\/\\\/kibrisdakik.com\\\/#website\"},\"primaryImageOfPage\":{\"@id\":\"https:\\\/\\\/kibrisdakik.com\\\/?p=76356#primaryimage\"},\"image\":{\"@id\":\"https:\\\/\\\/kibrisdakik.com\\\/?p=76356#primaryimage\"},\"thumbnailUrl\":\"https:\\\/\\\/kibrisdakik.com\\\/wp-content\\\/uploads\\\/2025\\\/02\\\/IMG-20250224-WA0022-740x420.jpg\",\"datePublished\":\"2025-02-24T14:57:04+00:00\",\"author\":{\"@id\":\"https:\\\/\\\/kibrisdakik.com\\\/#\\\/schema\\\/person\\\/9cd9d437bbb44f72b73ba127e06d8e79\"},\"breadcrumb\":{\"@id\":\"https:\\\/\\\/kibrisdakik.com\\\/?p=76356#breadcrumb\"},\"inLanguage\":\"tr\",\"potentialAction\":[{\"@type\":\"ReadAction\",\"target\":[\"https:\\\/\\\/kibrisdakik.com\\\/?p=76356\"]}]},{\"@type\":\"ImageObject\",\"inLanguage\":\"tr\",\"@id\":\"https:\\\/\\\/kibrisdakik.com\\\/?p=76356#primaryimage\",\"url\":\"https:\\\/\\\/kibrisdakik.com\\\/wp-content\\\/uploads\\\/2025\\\/02\\\/IMG-20250224-WA0022-740x420.jpg\",\"contentUrl\":\"https:\\\/\\\/kibrisdakik.com\\\/wp-content\\\/uploads\\\/2025\\\/02\\\/IMG-20250224-WA0022-740x420.jpg\",\"width\":1440,\"height\":897},{\"@type\":\"BreadcrumbList\",\"@id\":\"https:\\\/\\\/kibrisdakik.com\\\/?p=76356#breadcrumb\",\"itemListElement\":[{\"@type\":\"ListItem\",\"position\":1,\"name\":\"Home\",\"item\":\"https:\\\/\\\/kibrisdakik.com\\\/\"},{\"@type\":\"ListItem\",\"position\":2,\"name\":\"Kad\u0131nlara ve topluma g\u00fc\u00e7l\u00fc destek \u0130\u00e7in protokol imzaland\u0131\"}]},{\"@type\":\"WebSite\",\"@id\":\"https:\\\/\\\/kibrisdakik.com\\\/#website\",\"url\":\"https:\\\/\\\/kibrisdakik.com\\\/\",\"name\":\"\",\"description\":\"Tam vaktinde haber\",\"potentialAction\":[{\"@type\":\"SearchAction\",\"target\":{\"@type\":\"EntryPoint\",\"urlTemplate\":\"https:\\\/\\\/kibrisdakik.com\\\/?s={search_term_string}\"},\"query-input\":{\"@type\":\"PropertyValueSpecification\",\"valueRequired\":true,\"valueName\":\"search_term_string\"}}],\"inLanguage\":\"tr\"},{\"@type\":\"Person\",\"@id\":\"https:\\\/\\\/kibrisdakik.com\\\/#\\\/schema\\\/person\\\/9cd9d437bbb44f72b73ba127e06d8e79\",\"name\":\"admin\",\"image\":{\"@type\":\"ImageObject\",\"inLanguage\":\"tr\",\"@id\":\"https:\\\/\\\/secure.gravatar.com\\\/avatar\\\/ccc17943b9d660506c869530f897617f7cb1c21a4bf30023f252596d83e1f007?s=96&d=mm&r=g\",\"url\":\"https:\\\/\\\/secure.gravatar.com\\\/avatar\\\/ccc17943b9d660506c869530f897617f7cb1c21a4bf30023f252596d83e1f007?s=96&d=mm&r=g\",\"contentUrl\":\"https:\\\/\\\/secure.gravatar.com\\\/avatar\\\/ccc17943b9d660506c869530f897617f7cb1c21a4bf30023f252596d83e1f007?s=96&d=mm&r=g\",\"caption\":\"admin\"},\"sameAs\":[\"https:\\\/\\\/kibrisdakik.com\"],\"url\":\"https:\\\/\\\/kibrisdakik.com\\\/?author=1\"}]}<\/script>\n<!-- \/ Yoast SEO plugin. -->","yoast_head_json":{"title":"Kad\u0131nlara ve topluma g\u00fc\u00e7l\u00fc destek \u0130\u00e7in protokol imzaland\u0131 -","robots":{"index":"index","follow":"follow","max-snippet":"max-snippet:-1","max-image-preview":"max-image-preview:large","max-video-preview":"max-video-preview:-1"},"canonical":"https:\/\/kibrisdakik.com\/?p=76356","og_locale":"tr_TR","og_type":"article","og_title":"Kad\u0131nlara ve topluma g\u00fc\u00e7l\u00fc destek \u0130\u00e7in protokol imzaland\u0131 -","og_description":"\u00a0 Uluslararas\u0131 Final \u00dcniversitesi Aile ve Kad\u0131n Ara\u015ft\u0131rmalar\u0131 ve Uygulama Merkezi (AKAUM), Mehmet\u00e7ik-B\u00fcy\u00fckkonuk Belediyesi ve K\u0131br\u0131s T\u00fcrk Giri\u015fimci Kad\u0131nlar Derne\u011fi (G\u0130KAD) i\u015f birli\u011fiyle \u00f6nemli bir protokole imza att\u0131. \u00a0 Bu ortakl\u0131k kapsam\u0131nda kad\u0131nlar\u0131n g\u00fc\u00e7lenmesi, e\u011fitim ve sa\u011fl\u0131k hizmetlerinin yayg\u0131nla\u015ft\u0131r\u0131lmas\u0131 ve toplumsal fark\u0131ndal\u0131\u011f\u0131n art\u0131r\u0131lmas\u0131 hedefleniyor. Akademisyenler ve \u00f6\u011frenciler, \u00e7e\u015fitli b\u00f6lgelerde d\u00fczenlenecek e\u011fitim programlar\u0131, sa\u011fl\u0131k taramalar\u0131 ve","og_url":"https:\/\/kibrisdakik.com\/?p=76356","article_published_time":"2025-02-24T14:57:04+00:00","og_image":[{"width":1440,"height":897,"url":"https:\/\/kibrisdakik.com\/wp-content\/uploads\/2025\/02\/IMG-20250224-WA0022-740x420.jpg","type":"image\/jpeg"}],"author":"admin","twitter_card":"summary_large_image","twitter_misc":{"Yazan:":"admin","Tahmini okuma s\u00fcresi":"1 dakika"},"schema":{"@context":"https:\/\/schema.org","@graph":[{"@type":"Article","@id":"https:\/\/kibrisdakik.com\/?p=76356#article","isPartOf":{"@id":"https:\/\/kibrisdakik.com\/?p=76356"},"author":{"name":"admin","@id":"https:\/\/kibrisdakik.com\/#\/schema\/person\/9cd9d437bbb44f72b73ba127e06d8e79"},"headline":"Kad\u0131nlara ve topluma g\u00fc\u00e7l\u00fc destek \u0130\u00e7in protokol imzaland\u0131","datePublished":"2025-02-24T14:57:04+00:00","mainEntityOfPage":{"@id":"https:\/\/kibrisdakik.com\/?p=76356"},"wordCount":192,"commentCount":0,"image":{"@id":"https:\/\/kibrisdakik.com\/?p=76356#primaryimage"},"thumbnailUrl":"https:\/\/kibrisdakik.com\/wp-content\/uploads\/2025\/02\/IMG-20250224-WA0022-740x420.jpg","articleSection":["K\u0131br\u0131s","Man\u015fet"],"inLanguage":"tr","potentialAction":[{"@type":"CommentAction","name":"Comment","target":["https:\/\/kibrisdakik.com\/?p=76356#respond"]}]},{"@type":"WebPage","@id":"https:\/\/kibrisdakik.com\/?p=76356","url":"https:\/\/kibrisdakik.com\/?p=76356","name":"Kad\u0131nlara ve topluma g\u00fc\u00e7l\u00fc destek \u0130\u00e7in protokol imzaland\u0131 -","isPartOf":{"@id":"https:\/\/kibrisdakik.com\/#website"},"primaryImageOfPage":{"@id":"https:\/\/kibrisdakik.com\/?p=76356#primaryimage"},"image":{"@id":"https:\/\/kibrisdakik.com\/?p=76356#primaryimage"},"thumbnailUrl":"https:\/\/kibrisdakik.com\/wp-content\/uploads\/2025\/02\/IMG-20250224-WA0022-740x420.jpg","datePublished":"2025-02-24T14:57:04+00:00","author":{"@id":"https:\/\/kibrisdakik.com\/#\/schema\/person\/9cd9d437bbb44f72b73ba127e06d8e79"},"breadcrumb":{"@id":"https:\/\/kibrisdakik.com\/?p=76356#breadcrumb"},"inLanguage":"tr","potentialAction":[{"@type":"ReadAction","target":["https:\/\/kibrisdakik.com\/?p=76356"]}]},{"@type":"ImageObject","inLanguage":"tr","@id":"https:\/\/kibrisdakik.com\/?p=76356#primaryimage","url":"https:\/\/kibrisdakik.com\/wp-content\/uploads\/2025\/02\/IMG-20250224-WA0022-740x420.jpg","contentUrl":"https:\/\/kibrisdakik.com\/wp-content\/uploads\/2025\/02\/IMG-20250224-WA0022-740x420.jpg","width":1440,"height":897},{"@type":"BreadcrumbList","@id":"https:\/\/kibrisdakik.com\/?p=76356#breadcrumb","itemListElement":[{"@type":"ListItem","position":1,"name":"Home","item":"https:\/\/kibrisdakik.com\/"},{"@type":"ListItem","position":2,"name":"Kad\u0131nlara ve topluma g\u00fc\u00e7l\u00fc destek \u0130\u00e7in protokol imzaland\u0131"}]},{"@type":"WebSite","@id":"https:\/\/kibrisdakik.com\/#website","url":"https:\/\/kibrisdakik.com\/","name":"","description":"Tam vaktinde haber","potentialAction":[{"@type":"SearchAction","target":{"@type":"EntryPoint","urlTemplate":"https:\/\/kibrisdakik.com\/?s={search_term_string}"},"query-input":{"@type":"PropertyValueSpecification","valueRequired":true,"valueName":"search_term_string"}}],"inLanguage":"tr"},{"@type":"Person","@id":"https:\/\/kibrisdakik.com\/#\/schema\/person\/9cd9d437bbb44f72b73ba127e06d8e79","name":"admin","image":{"@type":"ImageObject","inLanguage":"tr","@id":"https:\/\/secure.gravatar.com\/avatar\/ccc17943b9d660506c869530f897617f7cb1c21a4bf30023f252596d83e1f007?s=96&d=mm&r=g","url":"https:\/\/secure.gravatar.com\/avatar\/ccc17943b9d660506c869530f897617f7cb1c21a4bf30023f252596d83e1f007?s=96&d=mm&r=g","contentUrl":"https:\/\/secure.gravatar.com\/avatar\/ccc17943b9d660506c869530f897617f7cb1c21a4bf30023f252596d83e1f007?s=96&d=mm&r=g","caption":"admin"},"sameAs":["https:\/\/kibrisdakik.com"],"url":"https:\/\/kibrisdakik.com\/?author=1"}]}},"_links":{"self":[{"href":"https:\/\/kibrisdakik.com\/index.php?rest_route=\/wp\/v2\/posts\/76356","targetHints":{"allow":["GET"]}}],"collection":[{"href":"https:\/\/kibrisdakik.com\/index.php?rest_route=\/wp\/v2\/posts"}],"about":[{"href":"https:\/\/kibrisdakik.com\/index.php?rest_route=\/wp\/v2\/types\/post"}],"author":[{"embeddable":true,"href":"https:\/\/kibrisdakik.com\/index.php?rest_route=\/wp\/v2\/users\/1"}],"replies":[{"embeddable":true,"href":"https:\/\/kibrisdakik.com\/index.php?rest_route=%2Fwp%2Fv2%2Fcomments&post=76356"}],"version-history":[{"count":0,"href":"https:\/\/kibrisdakik.com\/index.php?rest_route=\/wp\/v2\/posts\/76356\/revisions"}],"wp:featuredmedia":[{"embeddable":true,"href":"https:\/\/kibrisdakik.com\/index.php?rest_route=\/wp\/v2\/media\/76357"}],"wp:attachment":[{"href":"https:\/\/kibrisdakik.com\/index.php?rest_route=%2Fwp%2Fv2%2Fmedia&parent=76356"}],"wp:term":[{"taxonomy":"category","embeddable":true,"href":"https:\/\/kibrisdakik.com\/index.php?rest_route=%2Fwp%2Fv2%2Fcategories&post=76356"},{"taxonomy":"post_tag","embeddable":true,"href":"https:\/\/kibrisdakik.com\/index.php?rest_route=%2Fwp%2Fv2%2Ftags&post=76356"}],"curies":[{"name":"wp","href":"https:\/\/api.w.org\/{rel}","templated":true}]}}