{"id":76358,"date":"2025-02-24T19:51:39","date_gmt":"2025-02-24T16:51:39","guid":{"rendered":"https:\/\/kibrisdakik.com\/index.php\/2025\/02\/24\/gencay-eroglundan-uskupte-diplomatik-ziyaret\/"},"modified":"2025-02-24T19:51:39","modified_gmt":"2025-02-24T16:51:39","slug":"gencay-eroglundan-uskupte-diplomatik-ziyaret","status":"publish","type":"post","link":"https:\/\/kibrisdakik.com\/?p=76358","title":{"rendered":"Gencay Ero\u011flu\u2019ndan \u00dcsk\u00fcp\u2019te diplomatik ziyaret"},"content":{"rendered":"<p> <br \/>\n<\/p>\n<div>\n<div class=\"mariselle-image-container center\">\n                <img loading=\"lazy\" decoding=\"async\" width=\"1536\" height=\"852\" class=\"lazy-image\" alt=\"\" sizes=\"auto, (max-width: 1536px) 100vw, 1536px\" src=\"https:\/\/brtk.net\/wp-content\/uploads\/2025\/02\/24\/84028.jpg?ver=2f30ac14aa10122d088db11462ae43a6\" srcset=\"https:\/\/brtk.net\/wp-content\/uploads\/2025\/02\/24\/84028.jpg?ver=2f30ac14aa10122d088db11462ae43a6 1536w, https:\/\/brtk.net\/wp-content\/uploads\/2025\/02\/24\/84028-300x166.jpg?ver=4a5afcd3101bfde799064aa91a5beaba 300w, https:\/\/brtk.net\/wp-content\/uploads\/2025\/02\/24\/84028-1024x568.jpg?ver=fbc9d625486f13dc3358cf186db80cea 1024w, https:\/\/brtk.net\/wp-content\/uploads\/2025\/02\/24\/84028-768x426.jpg?ver=fbc9d625486f13dc3358cf186db80cea 768w\"\/>                            <\/div>\n<p>Akademi Sanat Derne\u011fi Ba\u015fkan\u0131 Gencay Ero\u011flu, Osmangazi Belediye Ba\u015fkan\u0131 Erkan Ayd\u0131n\u2019\u0131n davetlisi olarak \u00dcsk\u00fcp\u2019te d\u00fczenlenen \u201cKarde\u015fler Bulu\u015fmas\u0131\u201d etkinli\u011fine kat\u0131ld\u0131.<\/p>\n<p>Etkinlik \u00f6ncesinde Osmangazi Belediye Ba\u015fkan\u0131 ve beraberindeki heyetle birlikte T\u00fcrkiye\u2019nin \u00dcsk\u00fcp B\u00fcy\u00fckel\u00e7isi Fatih Ulusoy\u2019u ziyaret eden Ero\u011flu, ger\u00e7ekle\u015ftirilen samimi g\u00f6r\u00fc\u015fme i\u00e7in B\u00fcy\u00fckel\u00e7i Ulusoy\u2019a te\u015fekk\u00fcr etti.<\/p>\n<p>Ziyarette, T\u00fcrkiye, Kuzey K\u0131br\u0131s T\u00fcrk Cumhuriyeti ve Balkan \u00fclkeleri aras\u0131ndaki k\u00fclt\u00fcrel ve sosyal ili\u015fkilerin g\u00fc\u00e7lendirilmesi konusunda fikir al\u0131\u015fveri\u015finde bulunuldu.<\/p>\n<p>Gencay Ero\u011flu, KKTC\u2019yi temsilen kat\u0131ld\u0131\u011f\u0131 \u201cKarde\u015fler Bulu\u015fmas\u0131\u201d etkinli\u011finde sanat, k\u00fclt\u00fcr ve karde\u015flik ba\u011flar\u0131 \u00fczerine \u00f6nemli temaslarda bulundu.<\/p>\n<\/p><\/div>\n<p><script async\n                    defer\n                    crossorigin=\"anonymous\"\n                    src=\"https:\/\/connect.facebook.net\/tr_TR\/sdk.js#xfbml=1&#038;version=v3.3\"\n            ><\/script><br \/>\n<br \/><br \/>\n<br \/><a href=\"https:\/\/brtk.net\/gencay-eroglundan-uskupte-diplomatik-ziyaret\/\">kpostasi <\/a><\/p>\n","protected":false},"excerpt":{"rendered":"<p>Akademi Sanat Derne\u011fi Ba\u015fkan\u0131 Gencay Ero\u011flu, Osmangazi Belediye Ba\u015fkan\u0131 Erkan Ayd\u0131n\u2019\u0131n davetlisi olarak \u00dcsk\u00fcp\u2019te d\u00fczenlenen \u201cKarde\u015fler Bulu\u015fmas\u0131\u201d etkinli\u011fine kat\u0131ld\u0131. Etkinlik \u00f6ncesinde Osmangazi Belediye Ba\u015fkan\u0131 ve beraberindeki heyetle birlikte T\u00fcrkiye\u2019nin \u00dcsk\u00fcp B\u00fcy\u00fckel\u00e7isi Fatih Ulusoy\u2019u ziyaret eden Ero\u011flu, ger\u00e7ekle\u015ftirilen samimi g\u00f6r\u00fc\u015fme i\u00e7in B\u00fcy\u00fckel\u00e7i Ulusoy\u2019a te\u015fekk\u00fcr etti. Ziyarette, T\u00fcrkiye, Kuzey K\u0131br\u0131s T\u00fcrk Cumhuriyeti ve Balkan \u00fclkeleri aras\u0131ndaki k\u00fclt\u00fcrel<\/p>\n","protected":false},"author":1,"featured_media":76359,"comment_status":"open","ping_status":"open","sticky":false,"template":"","format":"standard","meta":{"footnotes":""},"categories":[1,81,101],"tags":[],"class_list":["post-76358","post","type-post","status-publish","format-standard","has-post-thumbnail","hentry","category-gundem","category-kibris","category-manset"],"yoast_head":"<!-- This site is optimized with the Yoast SEO plugin v27.4 - https:\/\/yoast.com\/product\/yoast-seo-wordpress\/ -->\n<title>Gencay Ero\u011flu\u2019ndan \u00dcsk\u00fcp\u2019te diplomatik ziyaret -<\/title>\n<meta name=\"robots\" content=\"index, follow, max-snippet:-1, max-image-preview:large, max-video-preview:-1\" \/>\n<link rel=\"canonical\" href=\"https:\/\/kibrisdakik.com\/?p=76358\" \/>\n<meta property=\"og:locale\" content=\"tr_TR\" \/>\n<meta property=\"og:type\" content=\"article\" \/>\n<meta property=\"og:title\" content=\"Gencay Ero\u011flu\u2019ndan \u00dcsk\u00fcp\u2019te diplomatik ziyaret -\" \/>\n<meta property=\"og:description\" content=\"Akademi Sanat Derne\u011fi Ba\u015fkan\u0131 Gencay Ero\u011flu, Osmangazi Belediye Ba\u015fkan\u0131 Erkan Ayd\u0131n\u2019\u0131n davetlisi olarak \u00dcsk\u00fcp\u2019te d\u00fczenlenen \u201cKarde\u015fler Bulu\u015fmas\u0131\u201d etkinli\u011fine kat\u0131ld\u0131. Etkinlik \u00f6ncesinde Osmangazi Belediye Ba\u015fkan\u0131 ve beraberindeki heyetle birlikte T\u00fcrkiye\u2019nin \u00dcsk\u00fcp B\u00fcy\u00fckel\u00e7isi Fatih Ulusoy\u2019u ziyaret eden Ero\u011flu, ger\u00e7ekle\u015ftirilen samimi g\u00f6r\u00fc\u015fme i\u00e7in B\u00fcy\u00fckel\u00e7i Ulusoy\u2019a te\u015fekk\u00fcr etti. Ziyarette, T\u00fcrkiye, Kuzey K\u0131br\u0131s T\u00fcrk Cumhuriyeti ve Balkan \u00fclkeleri aras\u0131ndaki k\u00fclt\u00fcrel\" \/>\n<meta property=\"og:url\" content=\"https:\/\/kibrisdakik.com\/?p=76358\" \/>\n<meta property=\"article:published_time\" content=\"2025-02-24T16:51:39+00:00\" \/>\n<meta property=\"og:image\" content=\"https:\/\/kibrisdakik.com\/wp-content\/uploads\/2025\/02\/84028-740x420.jpg\" \/>\n\t<meta property=\"og:image:width\" content=\"1536\" \/>\n\t<meta property=\"og:image:height\" content=\"852\" \/>\n\t<meta property=\"og:image:type\" content=\"image\/jpeg\" \/>\n<meta name=\"author\" content=\"admin\" \/>\n<meta name=\"twitter:card\" content=\"summary_large_image\" \/>\n<meta name=\"twitter:label1\" content=\"Yazan:\" \/>\n\t<meta name=\"twitter:data1\" content=\"admin\" \/>\n\t<meta name=\"twitter:label2\" content=\"Tahmini okuma s\u00fcresi\" \/>\n\t<meta name=\"twitter:data2\" content=\"1 dakika\" \/>\n<script type=\"application\/ld+json\" class=\"yoast-schema-graph\">{\"@context\":\"https:\\\/\\\/schema.org\",\"@graph\":[{\"@type\":\"Article\",\"@id\":\"https:\\\/\\\/kibrisdakik.com\\\/?p=76358#article\",\"isPartOf\":{\"@id\":\"https:\\\/\\\/kibrisdakik.com\\\/?p=76358\"},\"author\":{\"name\":\"admin\",\"@id\":\"https:\\\/\\\/kibrisdakik.com\\\/#\\\/schema\\\/person\\\/9cd9d437bbb44f72b73ba127e06d8e79\"},\"headline\":\"Gencay Ero\u011flu\u2019ndan \u00dcsk\u00fcp\u2019te diplomatik ziyaret\",\"datePublished\":\"2025-02-24T16:51:39+00:00\",\"mainEntityOfPage\":{\"@id\":\"https:\\\/\\\/kibrisdakik.com\\\/?p=76358\"},\"wordCount\":146,\"commentCount\":0,\"image\":{\"@id\":\"https:\\\/\\\/kibrisdakik.com\\\/?p=76358#primaryimage\"},\"thumbnailUrl\":\"https:\\\/\\\/kibrisdakik.com\\\/wp-content\\\/uploads\\\/2025\\\/02\\\/84028-740x420.jpg\",\"articleSection\":[\"G\u00fcndem\",\"K\u0131br\u0131s\",\"Man\u015fet\"],\"inLanguage\":\"tr\",\"potentialAction\":[{\"@type\":\"CommentAction\",\"name\":\"Comment\",\"target\":[\"https:\\\/\\\/kibrisdakik.com\\\/?p=76358#respond\"]}]},{\"@type\":\"WebPage\",\"@id\":\"https:\\\/\\\/kibrisdakik.com\\\/?p=76358\",\"url\":\"https:\\\/\\\/kibrisdakik.com\\\/?p=76358\",\"name\":\"Gencay Ero\u011flu\u2019ndan \u00dcsk\u00fcp\u2019te diplomatik ziyaret -\",\"isPartOf\":{\"@id\":\"https:\\\/\\\/kibrisdakik.com\\\/#website\"},\"primaryImageOfPage\":{\"@id\":\"https:\\\/\\\/kibrisdakik.com\\\/?p=76358#primaryimage\"},\"image\":{\"@id\":\"https:\\\/\\\/kibrisdakik.com\\\/?p=76358#primaryimage\"},\"thumbnailUrl\":\"https:\\\/\\\/kibrisdakik.com\\\/wp-content\\\/uploads\\\/2025\\\/02\\\/84028-740x420.jpg\",\"datePublished\":\"2025-02-24T16:51:39+00:00\",\"author\":{\"@id\":\"https:\\\/\\\/kibrisdakik.com\\\/#\\\/schema\\\/person\\\/9cd9d437bbb44f72b73ba127e06d8e79\"},\"breadcrumb\":{\"@id\":\"https:\\\/\\\/kibrisdakik.com\\\/?p=76358#breadcrumb\"},\"inLanguage\":\"tr\",\"potentialAction\":[{\"@type\":\"ReadAction\",\"target\":[\"https:\\\/\\\/kibrisdakik.com\\\/?p=76358\"]}]},{\"@type\":\"ImageObject\",\"inLanguage\":\"tr\",\"@id\":\"https:\\\/\\\/kibrisdakik.com\\\/?p=76358#primaryimage\",\"url\":\"https:\\\/\\\/kibrisdakik.com\\\/wp-content\\\/uploads\\\/2025\\\/02\\\/84028-740x420.jpg\",\"contentUrl\":\"https:\\\/\\\/kibrisdakik.com\\\/wp-content\\\/uploads\\\/2025\\\/02\\\/84028-740x420.jpg\",\"width\":1536,\"height\":852},{\"@type\":\"BreadcrumbList\",\"@id\":\"https:\\\/\\\/kibrisdakik.com\\\/?p=76358#breadcrumb\",\"itemListElement\":[{\"@type\":\"ListItem\",\"position\":1,\"name\":\"Home\",\"item\":\"https:\\\/\\\/kibrisdakik.com\\\/\"},{\"@type\":\"ListItem\",\"position\":2,\"name\":\"Gencay Ero\u011flu\u2019ndan \u00dcsk\u00fcp\u2019te diplomatik ziyaret\"}]},{\"@type\":\"WebSite\",\"@id\":\"https:\\\/\\\/kibrisdakik.com\\\/#website\",\"url\":\"https:\\\/\\\/kibrisdakik.com\\\/\",\"name\":\"\",\"description\":\"Tam vaktinde haber\",\"potentialAction\":[{\"@type\":\"SearchAction\",\"target\":{\"@type\":\"EntryPoint\",\"urlTemplate\":\"https:\\\/\\\/kibrisdakik.com\\\/?s={search_term_string}\"},\"query-input\":{\"@type\":\"PropertyValueSpecification\",\"valueRequired\":true,\"valueName\":\"search_term_string\"}}],\"inLanguage\":\"tr\"},{\"@type\":\"Person\",\"@id\":\"https:\\\/\\\/kibrisdakik.com\\\/#\\\/schema\\\/person\\\/9cd9d437bbb44f72b73ba127e06d8e79\",\"name\":\"admin\",\"image\":{\"@type\":\"ImageObject\",\"inLanguage\":\"tr\",\"@id\":\"https:\\\/\\\/secure.gravatar.com\\\/avatar\\\/ccc17943b9d660506c869530f897617f7cb1c21a4bf30023f252596d83e1f007?s=96&d=mm&r=g\",\"url\":\"https:\\\/\\\/secure.gravatar.com\\\/avatar\\\/ccc17943b9d660506c869530f897617f7cb1c21a4bf30023f252596d83e1f007?s=96&d=mm&r=g\",\"contentUrl\":\"https:\\\/\\\/secure.gravatar.com\\\/avatar\\\/ccc17943b9d660506c869530f897617f7cb1c21a4bf30023f252596d83e1f007?s=96&d=mm&r=g\",\"caption\":\"admin\"},\"sameAs\":[\"https:\\\/\\\/kibrisdakik.com\"],\"url\":\"https:\\\/\\\/kibrisdakik.com\\\/?author=1\"}]}<\/script>\n<!-- \/ Yoast SEO plugin. -->","yoast_head_json":{"title":"Gencay Ero\u011flu\u2019ndan \u00dcsk\u00fcp\u2019te diplomatik ziyaret -","robots":{"index":"index","follow":"follow","max-snippet":"max-snippet:-1","max-image-preview":"max-image-preview:large","max-video-preview":"max-video-preview:-1"},"canonical":"https:\/\/kibrisdakik.com\/?p=76358","og_locale":"tr_TR","og_type":"article","og_title":"Gencay Ero\u011flu\u2019ndan \u00dcsk\u00fcp\u2019te diplomatik ziyaret -","og_description":"Akademi Sanat Derne\u011fi Ba\u015fkan\u0131 Gencay Ero\u011flu, Osmangazi Belediye Ba\u015fkan\u0131 Erkan Ayd\u0131n\u2019\u0131n davetlisi olarak \u00dcsk\u00fcp\u2019te d\u00fczenlenen \u201cKarde\u015fler Bulu\u015fmas\u0131\u201d etkinli\u011fine kat\u0131ld\u0131. Etkinlik \u00f6ncesinde Osmangazi Belediye Ba\u015fkan\u0131 ve beraberindeki heyetle birlikte T\u00fcrkiye\u2019nin \u00dcsk\u00fcp B\u00fcy\u00fckel\u00e7isi Fatih Ulusoy\u2019u ziyaret eden Ero\u011flu, ger\u00e7ekle\u015ftirilen samimi g\u00f6r\u00fc\u015fme i\u00e7in B\u00fcy\u00fckel\u00e7i Ulusoy\u2019a te\u015fekk\u00fcr etti. Ziyarette, T\u00fcrkiye, Kuzey K\u0131br\u0131s T\u00fcrk Cumhuriyeti ve Balkan \u00fclkeleri aras\u0131ndaki k\u00fclt\u00fcrel","og_url":"https:\/\/kibrisdakik.com\/?p=76358","article_published_time":"2025-02-24T16:51:39+00:00","og_image":[{"width":1536,"height":852,"url":"https:\/\/kibrisdakik.com\/wp-content\/uploads\/2025\/02\/84028-740x420.jpg","type":"image\/jpeg"}],"author":"admin","twitter_card":"summary_large_image","twitter_misc":{"Yazan:":"admin","Tahmini okuma s\u00fcresi":"1 dakika"},"schema":{"@context":"https:\/\/schema.org","@graph":[{"@type":"Article","@id":"https:\/\/kibrisdakik.com\/?p=76358#article","isPartOf":{"@id":"https:\/\/kibrisdakik.com\/?p=76358"},"author":{"name":"admin","@id":"https:\/\/kibrisdakik.com\/#\/schema\/person\/9cd9d437bbb44f72b73ba127e06d8e79"},"headline":"Gencay Ero\u011flu\u2019ndan \u00dcsk\u00fcp\u2019te diplomatik ziyaret","datePublished":"2025-02-24T16:51:39+00:00","mainEntityOfPage":{"@id":"https:\/\/kibrisdakik.com\/?p=76358"},"wordCount":146,"commentCount":0,"image":{"@id":"https:\/\/kibrisdakik.com\/?p=76358#primaryimage"},"thumbnailUrl":"https:\/\/kibrisdakik.com\/wp-content\/uploads\/2025\/02\/84028-740x420.jpg","articleSection":["G\u00fcndem","K\u0131br\u0131s","Man\u015fet"],"inLanguage":"tr","potentialAction":[{"@type":"CommentAction","name":"Comment","target":["https:\/\/kibrisdakik.com\/?p=76358#respond"]}]},{"@type":"WebPage","@id":"https:\/\/kibrisdakik.com\/?p=76358","url":"https:\/\/kibrisdakik.com\/?p=76358","name":"Gencay Ero\u011flu\u2019ndan \u00dcsk\u00fcp\u2019te diplomatik ziyaret -","isPartOf":{"@id":"https:\/\/kibrisdakik.com\/#website"},"primaryImageOfPage":{"@id":"https:\/\/kibrisdakik.com\/?p=76358#primaryimage"},"image":{"@id":"https:\/\/kibrisdakik.com\/?p=76358#primaryimage"},"thumbnailUrl":"https:\/\/kibrisdakik.com\/wp-content\/uploads\/2025\/02\/84028-740x420.jpg","datePublished":"2025-02-24T16:51:39+00:00","author":{"@id":"https:\/\/kibrisdakik.com\/#\/schema\/person\/9cd9d437bbb44f72b73ba127e06d8e79"},"breadcrumb":{"@id":"https:\/\/kibrisdakik.com\/?p=76358#breadcrumb"},"inLanguage":"tr","potentialAction":[{"@type":"ReadAction","target":["https:\/\/kibrisdakik.com\/?p=76358"]}]},{"@type":"ImageObject","inLanguage":"tr","@id":"https:\/\/kibrisdakik.com\/?p=76358#primaryimage","url":"https:\/\/kibrisdakik.com\/wp-content\/uploads\/2025\/02\/84028-740x420.jpg","contentUrl":"https:\/\/kibrisdakik.com\/wp-content\/uploads\/2025\/02\/84028-740x420.jpg","width":1536,"height":852},{"@type":"BreadcrumbList","@id":"https:\/\/kibrisdakik.com\/?p=76358#breadcrumb","itemListElement":[{"@type":"ListItem","position":1,"name":"Home","item":"https:\/\/kibrisdakik.com\/"},{"@type":"ListItem","position":2,"name":"Gencay Ero\u011flu\u2019ndan \u00dcsk\u00fcp\u2019te diplomatik ziyaret"}]},{"@type":"WebSite","@id":"https:\/\/kibrisdakik.com\/#website","url":"https:\/\/kibrisdakik.com\/","name":"","description":"Tam vaktinde haber","potentialAction":[{"@type":"SearchAction","target":{"@type":"EntryPoint","urlTemplate":"https:\/\/kibrisdakik.com\/?s={search_term_string}"},"query-input":{"@type":"PropertyValueSpecification","valueRequired":true,"valueName":"search_term_string"}}],"inLanguage":"tr"},{"@type":"Person","@id":"https:\/\/kibrisdakik.com\/#\/schema\/person\/9cd9d437bbb44f72b73ba127e06d8e79","name":"admin","image":{"@type":"ImageObject","inLanguage":"tr","@id":"https:\/\/secure.gravatar.com\/avatar\/ccc17943b9d660506c869530f897617f7cb1c21a4bf30023f252596d83e1f007?s=96&d=mm&r=g","url":"https:\/\/secure.gravatar.com\/avatar\/ccc17943b9d660506c869530f897617f7cb1c21a4bf30023f252596d83e1f007?s=96&d=mm&r=g","contentUrl":"https:\/\/secure.gravatar.com\/avatar\/ccc17943b9d660506c869530f897617f7cb1c21a4bf30023f252596d83e1f007?s=96&d=mm&r=g","caption":"admin"},"sameAs":["https:\/\/kibrisdakik.com"],"url":"https:\/\/kibrisdakik.com\/?author=1"}]}},"_links":{"self":[{"href":"https:\/\/kibrisdakik.com\/index.php?rest_route=\/wp\/v2\/posts\/76358","targetHints":{"allow":["GET"]}}],"collection":[{"href":"https:\/\/kibrisdakik.com\/index.php?rest_route=\/wp\/v2\/posts"}],"about":[{"href":"https:\/\/kibrisdakik.com\/index.php?rest_route=\/wp\/v2\/types\/post"}],"author":[{"embeddable":true,"href":"https:\/\/kibrisdakik.com\/index.php?rest_route=\/wp\/v2\/users\/1"}],"replies":[{"embeddable":true,"href":"https:\/\/kibrisdakik.com\/index.php?rest_route=%2Fwp%2Fv2%2Fcomments&post=76358"}],"version-history":[{"count":0,"href":"https:\/\/kibrisdakik.com\/index.php?rest_route=\/wp\/v2\/posts\/76358\/revisions"}],"wp:featuredmedia":[{"embeddable":true,"href":"https:\/\/kibrisdakik.com\/index.php?rest_route=\/wp\/v2\/media\/76359"}],"wp:attachment":[{"href":"https:\/\/kibrisdakik.com\/index.php?rest_route=%2Fwp%2Fv2%2Fmedia&parent=76358"}],"wp:term":[{"taxonomy":"category","embeddable":true,"href":"https:\/\/kibrisdakik.com\/index.php?rest_route=%2Fwp%2Fv2%2Fcategories&post=76358"},{"taxonomy":"post_tag","embeddable":true,"href":"https:\/\/kibrisdakik.com\/index.php?rest_route=%2Fwp%2Fv2%2Ftags&post=76358"}],"curies":[{"name":"wp","href":"https:\/\/api.w.org\/{rel}","templated":true}]}}