{"id":76361,"date":"2025-02-24T20:46:39","date_gmt":"2025-02-24T17:46:39","guid":{"rendered":"https:\/\/kibrisdakik.com\/index.php\/2025\/02\/24\/tc-disisleri-bakan-yardimcisi-bozayuluslararasi-toplumu-kibris-turk-halkinin-dogal-haklarini-yeniden-teyit-etmeye-cagiriyoruz\/"},"modified":"2025-02-24T20:46:39","modified_gmt":"2025-02-24T17:46:39","slug":"tc-disisleri-bakan-yardimcisi-bozayuluslararasi-toplumu-kibris-turk-halkinin-dogal-haklarini-yeniden-teyit-etmeye-cagiriyoruz","status":"publish","type":"post","link":"https:\/\/kibrisdakik.com\/?p=76361","title":{"rendered":"TC D\u0131\u015fi\u015fleri Bakan Yard\u0131mc\u0131s\u0131 Bozay:Uluslararas\u0131 toplumu, K\u0131br\u0131s T\u00fcrk halk\u0131n\u0131n do\u011fal haklar\u0131n\u0131 yeniden teyit etmeye \u00e7a\u011f\u0131r\u0131yoruz"},"content":{"rendered":"<p><\/p>\n<div>\n<div class=\"mariselle-image-container center\">\n                <img loading=\"lazy\" decoding=\"async\" width=\"864\" height=\"486\" class=\"lazy-image\" alt=\"\" sizes=\"auto, (max-width: 864px) 100vw, 864px\" src=\"https:\/\/brtk.net\/wp-content\/uploads\/2025\/02\/24\/bozay.jpg?ver=5d9e94603c0ce505540ad60a32f419f1\" srcset=\"https:\/\/brtk.net\/wp-content\/uploads\/2025\/02\/24\/bozay.jpg?ver=5d9e94603c0ce505540ad60a32f419f1 864w, https:\/\/brtk.net\/wp-content\/uploads\/2025\/02\/24\/bozay-300x169.jpg?ver=670a528fd0312948b2873d8c058bf655 300w, https:\/\/brtk.net\/wp-content\/uploads\/2025\/02\/24\/bozay-768x432.jpg?ver=670a528fd0312948b2873d8c058bf655 768w\"\/>                            <\/div>\n<p> T\u00fcrkiye Cumhuriyeti D\u0131\u015fi\u015fleri Bakan Yard\u0131mc\u0131s\u0131 ve Avrupa Birli\u011fi (AB) Ba\u015fkan\u0131 B\u00fcy\u00fckel\u00e7i Mehmet Kemal Bozay, K\u0131br\u0131s T\u00fcrklerine kar\u015f\u0131 insanl\u0131k d\u0131\u015f\u0131 ambargolar ve haks\u0131z izolasyonlar dahil bu sistematik ihlalin sona erdirilmesi \u00e7a\u011fr\u0131s\u0131nda bulundu. Bozay, \u201cUluslararas\u0131 toplumu, K\u0131br\u0131s T\u00fcrk halk\u0131n\u0131n do\u011fal haklar\u0131n\u0131 yeniden teyit etmeye \u00e7a\u011f\u0131r\u0131yoruz.\u201d dedi.<\/p>\n<p>Bozay, \u0130srail\u2019in sald\u0131r\u0131lar\u0131 alt\u0131nda bulunan Gazze\u2019deki ate\u015fkesin kal\u0131c\u0131 hale getirilmesi gerekti\u011fini bildirdi.<\/p>\n<p>Bozay, Birle\u015fmi\u015f Milletler (BM) \u0130nsan Haklar\u0131 Konseyi\u2019nin 58. Oturumu\u2019nun a\u00e7\u0131l\u0131\u015f\u0131nda \u00e7evrim i\u00e7i konu\u015ftu.<\/p>\n<p>D\u00fcnyada benzeri g\u00f6r\u00fclmemi\u015f de\u011fi\u015fimler ya\u015fand\u0131\u011f\u0131n\u0131 belirten Bozay, uluslararas\u0131 sistemin g\u00fcvenilirli\u011finin h\u0131zla azald\u0131\u011f\u0131n\u0131 kaydetti.<\/p>\n<p>Bozay, zul\u00fcmler ve uluslararas\u0131 hukukun a\u011f\u0131r ihlallerinin cezas\u0131z kalmaya devam etti\u011fini belirterek, at\u0131lacak ad\u0131mlarda \u00e7ok tarafl\u0131l\u0131\u011f\u0131n etkili \u015fekilde kullan\u0131lmas\u0131na her zamankinden daha fazla ihtiya\u00e7 duyuldu\u011funu dile getirdi.<\/p>\n<p>Uluslararas\u0131 hukukun aylarca s\u00fcren sistematik ihlallerinin ard\u0131ndan Gazze\u2019de ate\u015fkesin sa\u011flanmas\u0131n\u0131 memnuniyetle kar\u015f\u0131lad\u0131klar\u0131n\u0131n alt\u0131n\u0131 \u00e7izen Bozay, \u201cAte\u015fkes, gerginli\u011fin azalt\u0131lmas\u0131na olanak sa\u011flamak i\u00e7in kal\u0131c\u0131 hale getirilmeli. Gazze\u2019deki felaket niteli\u011findeki insani durum, Filistinliler i\u00e7in acil insani yard\u0131m gerektiriyor. \u0130nsani yard\u0131mlar\u0131m\u0131z ve yeniden yap\u0131lanmaya y\u00f6nelik \u00e7abalar\u0131m\u0131z kesintisiz s\u00fcr\u00fcyor. BM Yak\u0131n Do\u011fu\u2019daki Filistinli M\u00fcltecilere Yard\u0131m ve Bay\u0131nd\u0131rl\u0131k Ajans\u0131na (UNRWA) deste\u011fimizi yineliyoruz. Filistin halk\u0131n\u0131n devredilemez haklar\u0131na sayg\u0131 g\u00f6sterilmeli ve onlara kar\u015f\u0131 su\u00e7 i\u015fleyenler hesap vermelidir.\u201d ifadelerini kulland\u0131.<\/p>\n<p>Bozay, T\u00fcrkiye\u2019nin, G\u00fcney Afrika Cumhuriyeti taraf\u0131ndan Uluslararas\u0131 Adalet Divan\u0131nda (UAD) \u0130srail\u2019e kar\u015f\u0131 a\u00e7\u0131lan soyk\u0131r\u0131m davas\u0131na m\u00fcdahillik bildirimini sundu\u011funu belirterek, \u201cUAD\u2019deki prosed\u00fcrleri yak\u0131ndan takip ediyoruz ve Mahkemenin, Filistin halk\u0131n\u0131n ac\u0131lar\u0131na son verecek bir karar vermesini umut ediyoruz.\u201d diye konu\u015ftu.<\/p>\n<p>Filistinlilerin Gazze\u2019de zorla yerinden edilmesini isteyen ifadelerin, kabul edilemeyece\u011fini ve uluslararas\u0131 hukuka ayk\u0131r\u0131 oldu\u011funu dile getiren Bozay, b\u00f6lgede kal\u0131c\u0131 bar\u0131\u015f ve g\u00fcvenli\u011fin ancak 1967 s\u0131n\u0131rlar\u0131na dayal\u0131, ba\u015fkenti Do\u011fu Kud\u00fcs olan, ba\u011f\u0131ms\u0131z ve egemen Filistin devletinin kurulmas\u0131 ve \u0130srail\u2019in uluslararas\u0131 hukuka uymas\u0131yla m\u00fcmk\u00fcn oldu\u011funu vurgulad\u0131.<\/p>\n<p>Bozay, L\u00fcbnan\u2019da s\u00fckunetin sa\u011flanamamas\u0131n\u0131n b\u00f6lgedeki gerginli\u011fi daha da art\u0131raca\u011f\u0131n\u0131n alt\u0131n\u0131 \u00e7izdi.<\/p>\n<p>Suriye halk\u0131n\u0131n art\u0131k Suriye\u2019yi yeniden in\u015fa etmek i\u00e7in tarihi bir f\u0131rsata sahip oldu\u011funu kaydeden Bozay, \u201cT\u00fcrkiye, ge\u00e7i\u015f adaletinin sa\u011fland\u0131\u011f\u0131, istikrarl\u0131, birle\u015fik ve g\u00fcvenli bir Suriye sa\u011flamaya kararl\u0131. Yeni y\u00f6netimle yak\u0131n temas halindeyiz ve kapsay\u0131c\u0131 y\u00f6netimin \u00f6nemini vurguluyoruz. Uluslararas\u0131 toplumu, yeni y\u00f6netimle yap\u0131c\u0131 bir \u015fekilde ili\u015fki kurmaya te\u015fvik ediyoruz.\u201d diye konu\u015ftu.<\/p>\n<p>\u2013 \u201c\u00d6rg\u00fct feshedilmeli\u201d<\/p>\n<p>Bozay, Suriyelilerin \u00fclkelerine g\u00f6n\u00fcll\u00fc d\u00f6n\u00fc\u015flerini BM parametreleri temelinde desteklediklerine i\u015faret etti.<\/p>\n<p>Suriye\u2019nin istikrar\u0131 ve birli\u011finin ter\u00f6rizmin ortadan kald\u0131r\u0131lmas\u0131n\u0131 gerektirdi\u011fine vurgu yapan Bozay, Suriye\u2019nin gelece\u011finde DEA\u015e veya PKK\/YPG\/SDG gibi ter\u00f6r unsurlar\u0131 i\u00e7in yer olmad\u0131\u011f\u0131n\u0131 ifade etti.<\/p>\n<p>Bozay, \u201cSDG (PKK\/YPG) Suriye\u2019deki K\u00fcrtlerin me\u015fru bir temsilcisi de\u011fil ve feshedilmeli. Bu ter\u00f6r \u00f6rg\u00fct\u00fcn\u00fcn Suriye\u2019nin kuzeydo\u011fusundaki yasa d\u0131\u015f\u0131 ve k\u0131\u015fk\u0131rt\u0131c\u0131 varl\u0131\u011f\u0131 ile Suriye\u2019nin hidrokarbon kaynaklar\u0131n\u0131 s\u00f6m\u00fcrmesi sona ermeli. DEA\u015e\u2019\u0131n yeniden canlanmas\u0131na izin verilemez. S\u00f6zde \u2018g\u00f6zalt\u0131 kamplar\u0131\u2019 bir ter\u00f6r \u00f6rg\u00fct\u00fcn\u00fcn kontrol\u00fc alt\u0131nda kalamaz. Yeni y\u00f6netim bu kamplar\u0131 y\u00f6netmeye haz\u0131r oldu\u011funu beyan ediyor.\u201d diye konu\u015ftu.<\/p>\n<p>K\u0131br\u0131s T\u00fcrk halk\u0131n\u0131n, 1963\u2019te silah zoruyla egemen e\u015fitlik ve e\u015fit uluslararas\u0131 stat\u00fc gibi do\u011fal haklar\u0131ndan mahrum b\u0131rak\u0131ld\u0131\u011f\u0131n\u0131 hat\u0131rlatan Bozay, K\u0131br\u0131s T\u00fcrklerine kar\u015f\u0131 insanl\u0131k d\u0131\u015f\u0131 ambargolar ve haks\u0131z izolasyonlar dahil bu sistematik ihlalin sona erdirilmesi \u00e7a\u011fr\u0131s\u0131nda bulundu.<\/p>\n<p>Bozay, \u201cUluslararas\u0131 toplumu, K\u0131br\u0131s T\u00fcrk halk\u0131n\u0131n do\u011fal haklar\u0131n\u0131 yeniden teyit etmeye \u00e7a\u011f\u0131r\u0131yoruz.\u201d dedi.<\/p>\n<p>Bat\u0131 Trakya\u2019daki T\u00fcrk az\u0131nl\u0131\u011f\u0131n\u0131n ve 12 Ada\u2019da ya\u015fayan T\u00fcrk k\u00f6kenli Yunan vatanda\u015flar\u0131n\u0131n en temel hak ve \u00f6zg\u00fcrl\u00fcklerinin ciddi \u015fekilde ihlal edildi\u011fini kaydeden Bozay, BM \u0130nsan Haklar\u0131 Konseyine, buradaki T\u00fcrklerin etnik kimlikleri ve haklar\u0131n\u0131n Yunanistan taraf\u0131ndan gerekti\u011fi gibi sayg\u0131 g\u00f6rmesini sa\u011flamak i\u00e7in harekete ge\u00e7mesi \u00e7a\u011fr\u0131s\u0131nda bulundu.<\/p>\n<p>Bozay, Ukrayna\u2019daki trajik sava\u015f\u0131n sona ermesi i\u00e7in diplomasi ve m\u00fczakerenin \u00f6nemini bir kez daha vurgulad\u0131klar\u0131n\u0131 s\u00f6yledi.<\/p>\n<p>G\u00fcney Kafkasya\u2019da, b\u00f6lgesel bar\u0131\u015f ve istikrar anlay\u0131\u015f\u0131 \u00e7er\u00e7evesinde, Azerbaycan ile Ermenistan aras\u0131nda s\u00fcren bar\u0131\u015f s\u00fcrecini desteklediklerini bildiren Bozay, m\u00fczakerelerin en k\u0131sa s\u00fcrede sonu\u00e7lanmas\u0131n\u0131 hedeflediklerini dile getirdi.<\/p>\n<p>\u2013 \u201cYak\u0131nda \u0130slam kar\u015f\u0131tl\u0131\u011f\u0131yla m\u00fccadele i\u00e7in bir BM \u00d6zel Temsilcisi atanmal\u0131\u201d<\/p>\n<p>T\u00fcrkiye D\u0131\u015fi\u015fleri Bakan Yard\u0131mc\u0131s\u0131\u200b\u200b\u200b\u200b\u200b\u200b\u200b Bozay, T\u00fcrkiye-Ermenistan aras\u0131nda da olumlu ad\u0131mlar at\u0131ld\u0131\u011f\u0131na de\u011finerek bunu, G\u00fcney Kafkasya\u2019da kal\u0131c\u0131 bar\u0131\u015f ve b\u00f6lgesel i\u015f birli\u011finin kurulmas\u0131 y\u00f6n\u00fcnde kritik bir ad\u0131m olarak g\u00f6rd\u00fcklerini belirtti.<\/p>\n<p>Sudan\u2019daki \u00e7at\u0131\u015fman\u0131n b\u00fcy\u00fck endi\u015feye neden oldu\u011funu aktaran Bozay, \u201cBunu sona erdirmeyi, Sudan\u2019\u0131n birli\u011fini ve g\u00fcvenli\u011fini korumay\u0131 ama\u00e7layan t\u00fcm giri\u015fimleri destekliyoruz.\u201d dedi.<\/p>\n<p>Bozay, Uygur T\u00fcrklerinin hak ve \u00f6zg\u00fcrl\u00fcklerinin korunmas\u0131na azami \u00f6nem verdiklerinin de alt\u0131n\u0131 \u00e7izdi.<\/p>\n<p>\u0130slam\u2019a kar\u015f\u0131 nefret, \u0131rk\u00e7\u0131l\u0131k, yabanc\u0131 d\u00fc\u015fmanl\u0131\u011f\u0131, ayr\u0131mc\u0131l\u0131k ve a\u015f\u0131r\u0131 sa\u011fc\u0131 nefret s\u00f6yleminin artt\u0131\u011f\u0131n\u0131 an\u0131msatan Bozay, \u201cM\u00fcsl\u00fcmanlara kar\u015f\u0131 d\u00fc\u015fmanl\u0131\u011f\u0131n ya\u015fanmad\u0131\u011f\u0131, onlar\u0131n temel haklar\u0131n\u0131n ihlal edilmedi\u011fi, hayatlar\u0131na, camilere ve Kur\u2019an-\u0131 Kerim\u2019e sald\u0131r\u0131lar\u0131n olmad\u0131\u011f\u0131 neredeyse hi\u00e7bir g\u00fcn ge\u00e7miyor. Kutsal kitaplar\u0131n yak\u0131lmas\u0131n\u0131 dini nefret olarak tan\u0131mlayan BM Kararlar\u0131 \u00f6nemli ancak daha fazla ad\u0131ma ihtiya\u00e7 var. Yak\u0131nda \u0130slam kar\u015f\u0131tl\u0131\u011f\u0131yla m\u00fccadele i\u00e7in bir BM \u00d6zel Temsilcisi atanmal\u0131.\u201d ifadelerini kulland\u0131.<\/p>\n<p>G\u00f6\u00e7 konusunda, uluslararas\u0131 dayan\u0131\u015fma ve adil y\u00fck payla\u015f\u0131m\u0131n\u0131n hayati \u00f6nem ta\u015f\u0131d\u0131\u011f\u0131na i\u015faret eden Bozay, kal\u0131c\u0131 \u00e7\u00f6z\u00fcmlerin, g\u00f6\u00e7e kar\u015f\u0131 verilen m\u00fccadelenin merkezinde olmas\u0131 gerekti\u011fini bildirdi.<\/p>\n<p>Bozay, \u201cT\u00fcrkiye, uluslararas\u0131 hukuka, insan haklar\u0131na ve herkesin onuruna g\u00fc\u00e7l\u00fc bir ba\u011fl\u0131l\u0131kla bar\u0131\u015f\u0131 ve adaleti savunmaya devam edecek.\u201d diye konu\u015ftu.<\/p>\n<\/p><\/div>\n<p><script async\n                    defer\n                    crossorigin=\"anonymous\"\n                    src=\"https:\/\/connect.facebook.net\/tr_TR\/sdk.js#xfbml=1&#038;version=v3.3\"\n            ><\/script><\/p>\n","protected":false},"excerpt":{"rendered":"<p>T\u00fcrkiye Cumhuriyeti D\u0131\u015fi\u015fleri Bakan Yard\u0131mc\u0131s\u0131 ve Avrupa Birli\u011fi (AB) Ba\u015fkan\u0131 B\u00fcy\u00fckel\u00e7i Mehmet Kemal Bozay, K\u0131br\u0131s T\u00fcrklerine kar\u015f\u0131 insanl\u0131k d\u0131\u015f\u0131 ambargolar ve haks\u0131z izolasyonlar dahil bu sistematik ihlalin sona erdirilmesi \u00e7a\u011fr\u0131s\u0131nda bulundu. Bozay, \u201cUluslararas\u0131 toplumu, K\u0131br\u0131s T\u00fcrk halk\u0131n\u0131n do\u011fal haklar\u0131n\u0131 yeniden teyit etmeye \u00e7a\u011f\u0131r\u0131yoruz.\u201d dedi. Bozay, \u0130srail\u2019in sald\u0131r\u0131lar\u0131 alt\u0131nda bulunan Gazze\u2019deki ate\u015fkesin kal\u0131c\u0131 hale getirilmesi gerekti\u011fini<\/p>\n","protected":false},"author":1,"featured_media":76362,"comment_status":"open","ping_status":"open","sticky":false,"template":"","format":"standard","meta":{"footnotes":""},"categories":[86],"tags":[],"class_list":["post-76361","post","type-post","status-publish","format-standard","has-post-thumbnail","hentry","category-turkiye"],"yoast_head":"<!-- This site is optimized with the Yoast SEO plugin v27.4 - https:\/\/yoast.com\/product\/yoast-seo-wordpress\/ -->\n<title>TC D\u0131\u015fi\u015fleri Bakan Yard\u0131mc\u0131s\u0131 Bozay:Uluslararas\u0131 toplumu, K\u0131br\u0131s T\u00fcrk halk\u0131n\u0131n do\u011fal haklar\u0131n\u0131 yeniden teyit etmeye \u00e7a\u011f\u0131r\u0131yoruz -<\/title>\n<meta name=\"robots\" content=\"index, follow, max-snippet:-1, max-image-preview:large, max-video-preview:-1\" \/>\n<link rel=\"canonical\" href=\"https:\/\/kibrisdakik.com\/?p=76361\" \/>\n<meta property=\"og:locale\" content=\"tr_TR\" \/>\n<meta property=\"og:type\" content=\"article\" \/>\n<meta property=\"og:title\" content=\"TC D\u0131\u015fi\u015fleri Bakan Yard\u0131mc\u0131s\u0131 Bozay:Uluslararas\u0131 toplumu, K\u0131br\u0131s T\u00fcrk halk\u0131n\u0131n do\u011fal haklar\u0131n\u0131 yeniden teyit etmeye \u00e7a\u011f\u0131r\u0131yoruz -\" \/>\n<meta property=\"og:description\" content=\"T\u00fcrkiye Cumhuriyeti D\u0131\u015fi\u015fleri Bakan Yard\u0131mc\u0131s\u0131 ve Avrupa Birli\u011fi (AB) Ba\u015fkan\u0131 B\u00fcy\u00fckel\u00e7i Mehmet Kemal Bozay, K\u0131br\u0131s T\u00fcrklerine kar\u015f\u0131 insanl\u0131k d\u0131\u015f\u0131 ambargolar ve haks\u0131z izolasyonlar dahil bu sistematik ihlalin sona erdirilmesi \u00e7a\u011fr\u0131s\u0131nda bulundu. Bozay, \u201cUluslararas\u0131 toplumu, K\u0131br\u0131s T\u00fcrk halk\u0131n\u0131n do\u011fal haklar\u0131n\u0131 yeniden teyit etmeye \u00e7a\u011f\u0131r\u0131yoruz.\u201d dedi. Bozay, \u0130srail\u2019in sald\u0131r\u0131lar\u0131 alt\u0131nda bulunan Gazze\u2019deki ate\u015fkesin kal\u0131c\u0131 hale getirilmesi gerekti\u011fini\" \/>\n<meta property=\"og:url\" content=\"https:\/\/kibrisdakik.com\/?p=76361\" \/>\n<meta property=\"article:published_time\" content=\"2025-02-24T17:46:39+00:00\" \/>\n<meta property=\"og:image\" content=\"https:\/\/kibrisdakik.com\/wp-content\/uploads\/2025\/02\/bozay-740x420.jpg\" \/>\n\t<meta property=\"og:image:width\" content=\"864\" \/>\n\t<meta property=\"og:image:height\" content=\"486\" \/>\n\t<meta property=\"og:image:type\" content=\"image\/jpeg\" \/>\n<meta name=\"author\" content=\"admin\" \/>\n<meta name=\"twitter:card\" content=\"summary_large_image\" \/>\n<meta name=\"twitter:label1\" content=\"Yazan:\" \/>\n\t<meta name=\"twitter:data1\" content=\"admin\" \/>\n\t<meta name=\"twitter:label2\" content=\"Tahmini okuma s\u00fcresi\" \/>\n\t<meta name=\"twitter:data2\" content=\"6 dakika\" \/>\n<script type=\"application\/ld+json\" class=\"yoast-schema-graph\">{\"@context\":\"https:\\\/\\\/schema.org\",\"@graph\":[{\"@type\":\"Article\",\"@id\":\"https:\\\/\\\/kibrisdakik.com\\\/?p=76361#article\",\"isPartOf\":{\"@id\":\"https:\\\/\\\/kibrisdakik.com\\\/?p=76361\"},\"author\":{\"name\":\"admin\",\"@id\":\"https:\\\/\\\/kibrisdakik.com\\\/#\\\/schema\\\/person\\\/9cd9d437bbb44f72b73ba127e06d8e79\"},\"headline\":\"TC D\u0131\u015fi\u015fleri Bakan Yard\u0131mc\u0131s\u0131 Bozay:Uluslararas\u0131 toplumu, K\u0131br\u0131s T\u00fcrk halk\u0131n\u0131n do\u011fal haklar\u0131n\u0131 yeniden teyit etmeye \u00e7a\u011f\u0131r\u0131yoruz\",\"datePublished\":\"2025-02-24T17:46:39+00:00\",\"mainEntityOfPage\":{\"@id\":\"https:\\\/\\\/kibrisdakik.com\\\/?p=76361\"},\"wordCount\":1174,\"commentCount\":0,\"image\":{\"@id\":\"https:\\\/\\\/kibrisdakik.com\\\/?p=76361#primaryimage\"},\"thumbnailUrl\":\"https:\\\/\\\/kibrisdakik.com\\\/wp-content\\\/uploads\\\/2025\\\/02\\\/bozay-740x420.jpg\",\"articleSection\":[\"T\u00fcrkiye\"],\"inLanguage\":\"tr\",\"potentialAction\":[{\"@type\":\"CommentAction\",\"name\":\"Comment\",\"target\":[\"https:\\\/\\\/kibrisdakik.com\\\/?p=76361#respond\"]}]},{\"@type\":\"WebPage\",\"@id\":\"https:\\\/\\\/kibrisdakik.com\\\/?p=76361\",\"url\":\"https:\\\/\\\/kibrisdakik.com\\\/?p=76361\",\"name\":\"TC D\u0131\u015fi\u015fleri Bakan Yard\u0131mc\u0131s\u0131 Bozay:Uluslararas\u0131 toplumu, K\u0131br\u0131s T\u00fcrk halk\u0131n\u0131n do\u011fal haklar\u0131n\u0131 yeniden teyit etmeye \u00e7a\u011f\u0131r\u0131yoruz -\",\"isPartOf\":{\"@id\":\"https:\\\/\\\/kibrisdakik.com\\\/#website\"},\"primaryImageOfPage\":{\"@id\":\"https:\\\/\\\/kibrisdakik.com\\\/?p=76361#primaryimage\"},\"image\":{\"@id\":\"https:\\\/\\\/kibrisdakik.com\\\/?p=76361#primaryimage\"},\"thumbnailUrl\":\"https:\\\/\\\/kibrisdakik.com\\\/wp-content\\\/uploads\\\/2025\\\/02\\\/bozay-740x420.jpg\",\"datePublished\":\"2025-02-24T17:46:39+00:00\",\"author\":{\"@id\":\"https:\\\/\\\/kibrisdakik.com\\\/#\\\/schema\\\/person\\\/9cd9d437bbb44f72b73ba127e06d8e79\"},\"breadcrumb\":{\"@id\":\"https:\\\/\\\/kibrisdakik.com\\\/?p=76361#breadcrumb\"},\"inLanguage\":\"tr\",\"potentialAction\":[{\"@type\":\"ReadAction\",\"target\":[\"https:\\\/\\\/kibrisdakik.com\\\/?p=76361\"]}]},{\"@type\":\"ImageObject\",\"inLanguage\":\"tr\",\"@id\":\"https:\\\/\\\/kibrisdakik.com\\\/?p=76361#primaryimage\",\"url\":\"https:\\\/\\\/kibrisdakik.com\\\/wp-content\\\/uploads\\\/2025\\\/02\\\/bozay-740x420.jpg\",\"contentUrl\":\"https:\\\/\\\/kibrisdakik.com\\\/wp-content\\\/uploads\\\/2025\\\/02\\\/bozay-740x420.jpg\",\"width\":864,\"height\":486},{\"@type\":\"BreadcrumbList\",\"@id\":\"https:\\\/\\\/kibrisdakik.com\\\/?p=76361#breadcrumb\",\"itemListElement\":[{\"@type\":\"ListItem\",\"position\":1,\"name\":\"Home\",\"item\":\"https:\\\/\\\/kibrisdakik.com\\\/\"},{\"@type\":\"ListItem\",\"position\":2,\"name\":\"TC D\u0131\u015fi\u015fleri Bakan Yard\u0131mc\u0131s\u0131 Bozay:Uluslararas\u0131 toplumu, K\u0131br\u0131s T\u00fcrk halk\u0131n\u0131n do\u011fal haklar\u0131n\u0131 yeniden teyit etmeye \u00e7a\u011f\u0131r\u0131yoruz\"}]},{\"@type\":\"WebSite\",\"@id\":\"https:\\\/\\\/kibrisdakik.com\\\/#website\",\"url\":\"https:\\\/\\\/kibrisdakik.com\\\/\",\"name\":\"\",\"description\":\"Tam vaktinde haber\",\"potentialAction\":[{\"@type\":\"SearchAction\",\"target\":{\"@type\":\"EntryPoint\",\"urlTemplate\":\"https:\\\/\\\/kibrisdakik.com\\\/?s={search_term_string}\"},\"query-input\":{\"@type\":\"PropertyValueSpecification\",\"valueRequired\":true,\"valueName\":\"search_term_string\"}}],\"inLanguage\":\"tr\"},{\"@type\":\"Person\",\"@id\":\"https:\\\/\\\/kibrisdakik.com\\\/#\\\/schema\\\/person\\\/9cd9d437bbb44f72b73ba127e06d8e79\",\"name\":\"admin\",\"image\":{\"@type\":\"ImageObject\",\"inLanguage\":\"tr\",\"@id\":\"https:\\\/\\\/secure.gravatar.com\\\/avatar\\\/ccc17943b9d660506c869530f897617f7cb1c21a4bf30023f252596d83e1f007?s=96&d=mm&r=g\",\"url\":\"https:\\\/\\\/secure.gravatar.com\\\/avatar\\\/ccc17943b9d660506c869530f897617f7cb1c21a4bf30023f252596d83e1f007?s=96&d=mm&r=g\",\"contentUrl\":\"https:\\\/\\\/secure.gravatar.com\\\/avatar\\\/ccc17943b9d660506c869530f897617f7cb1c21a4bf30023f252596d83e1f007?s=96&d=mm&r=g\",\"caption\":\"admin\"},\"sameAs\":[\"https:\\\/\\\/kibrisdakik.com\"],\"url\":\"https:\\\/\\\/kibrisdakik.com\\\/?author=1\"}]}<\/script>\n<!-- \/ Yoast SEO plugin. -->","yoast_head_json":{"title":"TC D\u0131\u015fi\u015fleri Bakan Yard\u0131mc\u0131s\u0131 Bozay:Uluslararas\u0131 toplumu, K\u0131br\u0131s T\u00fcrk halk\u0131n\u0131n do\u011fal haklar\u0131n\u0131 yeniden teyit etmeye \u00e7a\u011f\u0131r\u0131yoruz -","robots":{"index":"index","follow":"follow","max-snippet":"max-snippet:-1","max-image-preview":"max-image-preview:large","max-video-preview":"max-video-preview:-1"},"canonical":"https:\/\/kibrisdakik.com\/?p=76361","og_locale":"tr_TR","og_type":"article","og_title":"TC D\u0131\u015fi\u015fleri Bakan Yard\u0131mc\u0131s\u0131 Bozay:Uluslararas\u0131 toplumu, K\u0131br\u0131s T\u00fcrk halk\u0131n\u0131n do\u011fal haklar\u0131n\u0131 yeniden teyit etmeye \u00e7a\u011f\u0131r\u0131yoruz -","og_description":"T\u00fcrkiye Cumhuriyeti D\u0131\u015fi\u015fleri Bakan Yard\u0131mc\u0131s\u0131 ve Avrupa Birli\u011fi (AB) Ba\u015fkan\u0131 B\u00fcy\u00fckel\u00e7i Mehmet Kemal Bozay, K\u0131br\u0131s T\u00fcrklerine kar\u015f\u0131 insanl\u0131k d\u0131\u015f\u0131 ambargolar ve haks\u0131z izolasyonlar dahil bu sistematik ihlalin sona erdirilmesi \u00e7a\u011fr\u0131s\u0131nda bulundu. Bozay, \u201cUluslararas\u0131 toplumu, K\u0131br\u0131s T\u00fcrk halk\u0131n\u0131n do\u011fal haklar\u0131n\u0131 yeniden teyit etmeye \u00e7a\u011f\u0131r\u0131yoruz.\u201d dedi. Bozay, \u0130srail\u2019in sald\u0131r\u0131lar\u0131 alt\u0131nda bulunan Gazze\u2019deki ate\u015fkesin kal\u0131c\u0131 hale getirilmesi gerekti\u011fini","og_url":"https:\/\/kibrisdakik.com\/?p=76361","article_published_time":"2025-02-24T17:46:39+00:00","og_image":[{"width":864,"height":486,"url":"https:\/\/kibrisdakik.com\/wp-content\/uploads\/2025\/02\/bozay-740x420.jpg","type":"image\/jpeg"}],"author":"admin","twitter_card":"summary_large_image","twitter_misc":{"Yazan:":"admin","Tahmini okuma s\u00fcresi":"6 dakika"},"schema":{"@context":"https:\/\/schema.org","@graph":[{"@type":"Article","@id":"https:\/\/kibrisdakik.com\/?p=76361#article","isPartOf":{"@id":"https:\/\/kibrisdakik.com\/?p=76361"},"author":{"name":"admin","@id":"https:\/\/kibrisdakik.com\/#\/schema\/person\/9cd9d437bbb44f72b73ba127e06d8e79"},"headline":"TC D\u0131\u015fi\u015fleri Bakan Yard\u0131mc\u0131s\u0131 Bozay:Uluslararas\u0131 toplumu, K\u0131br\u0131s T\u00fcrk halk\u0131n\u0131n do\u011fal haklar\u0131n\u0131 yeniden teyit etmeye \u00e7a\u011f\u0131r\u0131yoruz","datePublished":"2025-02-24T17:46:39+00:00","mainEntityOfPage":{"@id":"https:\/\/kibrisdakik.com\/?p=76361"},"wordCount":1174,"commentCount":0,"image":{"@id":"https:\/\/kibrisdakik.com\/?p=76361#primaryimage"},"thumbnailUrl":"https:\/\/kibrisdakik.com\/wp-content\/uploads\/2025\/02\/bozay-740x420.jpg","articleSection":["T\u00fcrkiye"],"inLanguage":"tr","potentialAction":[{"@type":"CommentAction","name":"Comment","target":["https:\/\/kibrisdakik.com\/?p=76361#respond"]}]},{"@type":"WebPage","@id":"https:\/\/kibrisdakik.com\/?p=76361","url":"https:\/\/kibrisdakik.com\/?p=76361","name":"TC D\u0131\u015fi\u015fleri Bakan Yard\u0131mc\u0131s\u0131 Bozay:Uluslararas\u0131 toplumu, K\u0131br\u0131s T\u00fcrk halk\u0131n\u0131n do\u011fal haklar\u0131n\u0131 yeniden teyit etmeye \u00e7a\u011f\u0131r\u0131yoruz -","isPartOf":{"@id":"https:\/\/kibrisdakik.com\/#website"},"primaryImageOfPage":{"@id":"https:\/\/kibrisdakik.com\/?p=76361#primaryimage"},"image":{"@id":"https:\/\/kibrisdakik.com\/?p=76361#primaryimage"},"thumbnailUrl":"https:\/\/kibrisdakik.com\/wp-content\/uploads\/2025\/02\/bozay-740x420.jpg","datePublished":"2025-02-24T17:46:39+00:00","author":{"@id":"https:\/\/kibrisdakik.com\/#\/schema\/person\/9cd9d437bbb44f72b73ba127e06d8e79"},"breadcrumb":{"@id":"https:\/\/kibrisdakik.com\/?p=76361#breadcrumb"},"inLanguage":"tr","potentialAction":[{"@type":"ReadAction","target":["https:\/\/kibrisdakik.com\/?p=76361"]}]},{"@type":"ImageObject","inLanguage":"tr","@id":"https:\/\/kibrisdakik.com\/?p=76361#primaryimage","url":"https:\/\/kibrisdakik.com\/wp-content\/uploads\/2025\/02\/bozay-740x420.jpg","contentUrl":"https:\/\/kibrisdakik.com\/wp-content\/uploads\/2025\/02\/bozay-740x420.jpg","width":864,"height":486},{"@type":"BreadcrumbList","@id":"https:\/\/kibrisdakik.com\/?p=76361#breadcrumb","itemListElement":[{"@type":"ListItem","position":1,"name":"Home","item":"https:\/\/kibrisdakik.com\/"},{"@type":"ListItem","position":2,"name":"TC D\u0131\u015fi\u015fleri Bakan Yard\u0131mc\u0131s\u0131 Bozay:Uluslararas\u0131 toplumu, K\u0131br\u0131s T\u00fcrk halk\u0131n\u0131n do\u011fal haklar\u0131n\u0131 yeniden teyit etmeye \u00e7a\u011f\u0131r\u0131yoruz"}]},{"@type":"WebSite","@id":"https:\/\/kibrisdakik.com\/#website","url":"https:\/\/kibrisdakik.com\/","name":"","description":"Tam vaktinde haber","potentialAction":[{"@type":"SearchAction","target":{"@type":"EntryPoint","urlTemplate":"https:\/\/kibrisdakik.com\/?s={search_term_string}"},"query-input":{"@type":"PropertyValueSpecification","valueRequired":true,"valueName":"search_term_string"}}],"inLanguage":"tr"},{"@type":"Person","@id":"https:\/\/kibrisdakik.com\/#\/schema\/person\/9cd9d437bbb44f72b73ba127e06d8e79","name":"admin","image":{"@type":"ImageObject","inLanguage":"tr","@id":"https:\/\/secure.gravatar.com\/avatar\/ccc17943b9d660506c869530f897617f7cb1c21a4bf30023f252596d83e1f007?s=96&d=mm&r=g","url":"https:\/\/secure.gravatar.com\/avatar\/ccc17943b9d660506c869530f897617f7cb1c21a4bf30023f252596d83e1f007?s=96&d=mm&r=g","contentUrl":"https:\/\/secure.gravatar.com\/avatar\/ccc17943b9d660506c869530f897617f7cb1c21a4bf30023f252596d83e1f007?s=96&d=mm&r=g","caption":"admin"},"sameAs":["https:\/\/kibrisdakik.com"],"url":"https:\/\/kibrisdakik.com\/?author=1"}]}},"_links":{"self":[{"href":"https:\/\/kibrisdakik.com\/index.php?rest_route=\/wp\/v2\/posts\/76361","targetHints":{"allow":["GET"]}}],"collection":[{"href":"https:\/\/kibrisdakik.com\/index.php?rest_route=\/wp\/v2\/posts"}],"about":[{"href":"https:\/\/kibrisdakik.com\/index.php?rest_route=\/wp\/v2\/types\/post"}],"author":[{"embeddable":true,"href":"https:\/\/kibrisdakik.com\/index.php?rest_route=\/wp\/v2\/users\/1"}],"replies":[{"embeddable":true,"href":"https:\/\/kibrisdakik.com\/index.php?rest_route=%2Fwp%2Fv2%2Fcomments&post=76361"}],"version-history":[{"count":0,"href":"https:\/\/kibrisdakik.com\/index.php?rest_route=\/wp\/v2\/posts\/76361\/revisions"}],"wp:featuredmedia":[{"embeddable":true,"href":"https:\/\/kibrisdakik.com\/index.php?rest_route=\/wp\/v2\/media\/76362"}],"wp:attachment":[{"href":"https:\/\/kibrisdakik.com\/index.php?rest_route=%2Fwp%2Fv2%2Fmedia&parent=76361"}],"wp:term":[{"taxonomy":"category","embeddable":true,"href":"https:\/\/kibrisdakik.com\/index.php?rest_route=%2Fwp%2Fv2%2Fcategories&post=76361"},{"taxonomy":"post_tag","embeddable":true,"href":"https:\/\/kibrisdakik.com\/index.php?rest_route=%2Fwp%2Fv2%2Ftags&post=76361"}],"curies":[{"name":"wp","href":"https:\/\/api.w.org\/{rel}","templated":true}]}}