{"id":7644,"date":"2023-05-26T12:18:03","date_gmt":"2023-05-26T12:18:03","guid":{"rendered":"https:\/\/kibrisdakik.com\/index.php\/2023\/05\/26\/polisiye-haberlergazimagusada-is-kazasinda-53-yasindaki-hakki-demirin-beli-kirildi\/"},"modified":"2023-05-26T12:18:03","modified_gmt":"2023-05-26T12:18:03","slug":"polisiye-haberlergazimagusada-is-kazasinda-53-yasindaki-hakki-demirin-beli-kirildi","status":"publish","type":"post","link":"https:\/\/kibrisdakik.com\/?p=7644","title":{"rendered":"Polisiye haberler:Gazima\u011fusa\u2019da i\u015f kazas\u0131nda 53 ya\u015f\u0131ndaki Hakk\u0131 Demir\u2019in beli k\u0131r\u0131ld\u0131"},"content":{"rendered":"<p><\/p>\n<div>\n<div class=\"mariselle-image-container center\">\n                <img width=\"225\" height=\"225\" class=\"lazy-image\" alt=\"\" decoding=\"async\" loading=\"lazy\" sizes=\"auto, (max-width: 225px) 100vw, 225px\" src=\"https:\/\/brtk.net\/wp-content\/uploads\/2023\/05\/24\/polis81.png?ver=1089bed1bad5c652a9c89ba774b8178c\" srcset=\"https:\/\/brtk.net\/wp-content\/uploads\/2023\/05\/24\/polis81.png?ver=1089bed1bad5c652a9c89ba774b8178c 225w, https:\/\/brtk.net\/wp-content\/uploads\/2023\/05\/24\/polis81-150x150.png?ver=c47f6e8c5493c81cdb2322b304d139de 150w\"\/>                            <\/div>\n<p>\nGazima\u011fusa\u2019da d\u00fcn saat 11.30 s\u0131ralar\u0131nda bir binan\u0131n \u00e7at\u0131 kat\u0131nda tamir maksatl\u0131 kiremit toplad\u0131\u011f\u0131 s\u0131rada, dengesini kaybedip yakla\u015f\u0131k 3 metre y\u00fckseklikten beton zemine d\u00fc\u015fen Hakk\u0131 Demir\u2019in (E-53) beli k\u0131r\u0131ld\u0131.<\/p>\n<p>Demir, kald\u0131r\u0131ld\u0131\u011f\u0131 Gazima\u011fusa Devlet Hastanesi\u2019nde yap\u0131lan tedavisinin ard\u0131ndan, belinde k\u0131r\u0131k te\u015fhisi nedeniyle cerrahi servisinde m\u00fc\u015fahede alt\u0131na al\u0131nd\u0131.<\/p>\n<p>-Uyu\u015fturucudan bir tutuklu<\/p>\n<p>Gazima\u011fusa\u2019da ikametgah\u0131nda uyu\u015fturucu madde oldu\u011funa inan\u0131lan madde bulunan 26 ya\u015f\u0131ndaki M.C.N. (E) tutukland\u0131.<\/p>\n<p>Polis Bas\u0131n Subayl\u0131\u011f\u0131\u2019ndan verilen bilgiye g\u00f6re, d\u00fcn saat 19.00 s\u0131ralar\u0131nda, Narkotik ve Ka\u00e7ak\u00e7\u0131l\u0131\u011f\u0131 \u00d6nleme M\u00fcd\u00fcrl\u00fc\u011f\u00fc ekipleri taraf\u0131ndan M.C.N.\u2019nin ikametgah\u0131nda yap\u0131lan aramada, yakla\u015f\u0131k 30 gram a\u011f\u0131rl\u0131\u011f\u0131nda uyu\u015fturucu oldu\u011funa inan\u0131lan madde ve \u00fczerinde uyu\u015fturucu madde kal\u0131nt\u0131s\u0131 oldu\u011funa inan\u0131lan bir hassas terazi bulunarak, emare olarak el koyuldu.<\/p>\n<p>-Serhatk\u00f6y\u2019de hayvan h\u0131rs\u0131zl\u0131\u011f\u0131<\/p>\n<p>Serhatk\u00f6y\u2019de \u00e7ald\u0131\u011f\u0131 3 k\u00fc\u00e7\u00fckba\u015f hayvan\u0131, G\u00fczelyurt\u2019ta bir \u015fahsa borcu kar\u015f\u0131l\u0131\u011f\u0131 vererek, sahtekarl\u0131kla 4 bin TL kredi temin etti\u011fi tespit edilen  H.I (E-37) tutukland\u0131.<\/p>\n<p>Olay, 21-22 Nisan tarihleri aras\u0131nda meydana geldi. <\/p>\n<p>-Yayla k\u00f6y\u00fcnde 4 rulo balya \u00e7alan bir ki\u015fi tutukland\u0131<\/p>\n<p>Yayla k\u00f6y\u00fcnde 17 May\u0131s\u2019ta, bir \u015fahsa ait tarla i\u00e7erisinden 4 rulo balyan\u0131n \u00e7al\u0131nmas\u0131 ile ilgili olarak y\u00fcr\u00fct\u00fclen ileri soru\u015fturmada, meselede zanl\u0131 olarak g\u00f6r\u00fclen \u0130.\u00d6.(E-42) tutukland\u0131.<\/p>\n<p>-Demirhan\u2019da marketten i\u00e7ki ve buz \u00e7alan \u015fah\u0131s tutukland\u0131<\/p>\n<p>\u00d6te yandan d\u00fcn ak\u015fam 20.00 s\u0131ralar\u0131nda, Demirhan\u2019da faaliyet g\u00f6steren bir s\u00fcpermarkete m\u00fc\u015fteri olarak giden A.N.A.I.\u2019n\u0131n (E-19) 627,28 TL de\u011ferindeki 2 \u015fi\u015fe alkoll\u00fc i\u00e7ki ve buz paketi \u00e7ald\u0131\u011f\u0131 tespit edildi.<\/p>\n<p>Bahse konu \u015fah\u0131s tutukland\u0131.<\/p>\n<p>-Tuzluca ve Gazima\u011fusa\u2019da yang\u0131n<\/p>\n<p>Tuzluca k\u00f6y\u00fcnde, a\u011f\u0131llar b\u00f6lgesinde d\u00fcn saat 17.00 s\u0131ralar\u0131nda meydana gelen yang\u0131nda, toplam 7 d\u00f6n\u00fcml\u00fck alandaki kuru otlar ile bir d\u00f6n\u00fcm bi\u00e7ilmemi\u015f arpa yand\u0131. Yang\u0131n \u0130tfaiye ekipleri taraf\u0131ndan s\u00f6nd\u00fcr\u00fcld\u00fc.<\/p>\n<p>\u00d6te yandan d\u00fcn Gazima\u011fusa\u2019da St. Barnabas Kilisesi\u2019nin arkas\u0131ndaki bir tarlada saat 16.30 s\u0131ralar\u0131nda, muhtemelen elektrik tellerinin birbirine temas ederek at\u0131lan k\u0131v\u0131lc\u0131mlar\u0131n kuru otlar\u0131 tutu\u015fturmas\u0131 sonucu yang\u0131n \u00e7\u0131kt\u0131.<\/p>\n<p>\u0130tfaiye ekipleri taraf\u0131ndan s\u00f6nd\u00fcr\u00fclen yang\u0131n sonucu, 5 d\u00f6n\u00fcml\u00fck alandaki arpa an\u0131zlar\u0131 yand\u0131.<\/p>\n<p>Olaylar hakk\u0131ndaki polis soru\u015fturmalar\u0131 devam ediyor.<\/p>\n<\/p><\/div>\n<p><script async\n                    defer\n                    crossorigin=\"anonymous\"\n                    src=\"https:\/\/connect.facebook.net\/tr_TR\/sdk.js#xfbml=1&#038;version=v3.3\"\n            ><\/script><\/p>\n","protected":false},"excerpt":{"rendered":"<p>Gazima\u011fusa\u2019da d\u00fcn saat 11.30 s\u0131ralar\u0131nda bir binan\u0131n \u00e7at\u0131 kat\u0131nda tamir maksatl\u0131 kiremit toplad\u0131\u011f\u0131 s\u0131rada, dengesini kaybedip yakla\u015f\u0131k 3 metre y\u00fckseklikten beton zemine d\u00fc\u015fen Hakk\u0131 Demir\u2019in (E-53) beli k\u0131r\u0131ld\u0131. Demir, kald\u0131r\u0131ld\u0131\u011f\u0131 Gazima\u011fusa Devlet Hastanesi\u2019nde yap\u0131lan tedavisinin ard\u0131ndan, belinde k\u0131r\u0131k te\u015fhisi nedeniyle cerrahi servisinde m\u00fc\u015fahede alt\u0131na al\u0131nd\u0131. -Uyu\u015fturucudan bir tutuklu Gazima\u011fusa\u2019da ikametgah\u0131nda uyu\u015fturucu madde oldu\u011funa inan\u0131lan madde<\/p>\n","protected":false},"author":1,"featured_media":1897,"comment_status":"open","ping_status":"open","sticky":false,"template":"","format":"standard","meta":{"footnotes":""},"categories":[1],"tags":[],"class_list":["post-7644","post","type-post","status-publish","format-standard","has-post-thumbnail","hentry","category-gundem"],"yoast_head":"<!-- This site is optimized with the Yoast SEO plugin v27.5 - https:\/\/yoast.com\/product\/yoast-seo-wordpress\/ -->\n<title>Polisiye haberler:Gazima\u011fusa\u2019da i\u015f kazas\u0131nda 53 ya\u015f\u0131ndaki Hakk\u0131 Demir\u2019in beli k\u0131r\u0131ld\u0131 -<\/title>\n<meta name=\"robots\" content=\"index, follow, max-snippet:-1, max-image-preview:large, max-video-preview:-1\" \/>\n<link rel=\"canonical\" href=\"https:\/\/kibrisdakik.com\/?p=7644\" \/>\n<meta property=\"og:locale\" content=\"tr_TR\" \/>\n<meta property=\"og:type\" content=\"article\" \/>\n<meta property=\"og:title\" content=\"Polisiye haberler:Gazima\u011fusa\u2019da i\u015f kazas\u0131nda 53 ya\u015f\u0131ndaki Hakk\u0131 Demir\u2019in beli k\u0131r\u0131ld\u0131 -\" \/>\n<meta property=\"og:description\" content=\"Gazima\u011fusa\u2019da d\u00fcn saat 11.30 s\u0131ralar\u0131nda bir binan\u0131n \u00e7at\u0131 kat\u0131nda tamir maksatl\u0131 kiremit toplad\u0131\u011f\u0131 s\u0131rada, dengesini kaybedip yakla\u015f\u0131k 3 metre y\u00fckseklikten beton zemine d\u00fc\u015fen Hakk\u0131 Demir\u2019in (E-53) beli k\u0131r\u0131ld\u0131. Demir, kald\u0131r\u0131ld\u0131\u011f\u0131 Gazima\u011fusa Devlet Hastanesi\u2019nde yap\u0131lan tedavisinin ard\u0131ndan, belinde k\u0131r\u0131k te\u015fhisi nedeniyle cerrahi servisinde m\u00fc\u015fahede alt\u0131na al\u0131nd\u0131. -Uyu\u015fturucudan bir tutuklu Gazima\u011fusa\u2019da ikametgah\u0131nda uyu\u015fturucu madde oldu\u011funa inan\u0131lan madde\" \/>\n<meta property=\"og:url\" content=\"https:\/\/kibrisdakik.com\/?p=7644\" \/>\n<meta property=\"article:published_time\" content=\"2023-05-26T12:18:03+00:00\" \/>\n<meta property=\"og:image\" content=\"https:\/\/kibrisdakik.com\/wp-content\/uploads\/2023\/02\/polis-basin-subayligindan-aciklama-h113062-683743-706x420.jpg\" \/>\n\t<meta property=\"og:image:width\" content=\"706\" \/>\n\t<meta property=\"og:image:height\" content=\"431\" \/>\n\t<meta property=\"og:image:type\" content=\"image\/jpeg\" \/>\n<meta name=\"author\" content=\"admin\" \/>\n<meta name=\"twitter:card\" content=\"summary_large_image\" \/>\n<meta name=\"twitter:label1\" content=\"Yazan:\" \/>\n\t<meta name=\"twitter:data1\" content=\"admin\" \/>\n\t<meta name=\"twitter:label2\" content=\"Tahmini okuma s\u00fcresi\" \/>\n\t<meta name=\"twitter:data2\" content=\"2 dakika\" \/>\n<script type=\"application\/ld+json\" class=\"yoast-schema-graph\">{\"@context\":\"https:\\\/\\\/schema.org\",\"@graph\":[{\"@type\":\"Article\",\"@id\":\"https:\\\/\\\/kibrisdakik.com\\\/?p=7644#article\",\"isPartOf\":{\"@id\":\"https:\\\/\\\/kibrisdakik.com\\\/?p=7644\"},\"author\":{\"name\":\"admin\",\"@id\":\"https:\\\/\\\/kibrisdakik.com\\\/#\\\/schema\\\/person\\\/9cd9d437bbb44f72b73ba127e06d8e79\"},\"headline\":\"Polisiye haberler:Gazima\u011fusa\u2019da i\u015f kazas\u0131nda 53 ya\u015f\u0131ndaki Hakk\u0131 Demir\u2019in beli k\u0131r\u0131ld\u0131\",\"datePublished\":\"2023-05-26T12:18:03+00:00\",\"mainEntityOfPage\":{\"@id\":\"https:\\\/\\\/kibrisdakik.com\\\/?p=7644\"},\"wordCount\":450,\"commentCount\":0,\"image\":{\"@id\":\"https:\\\/\\\/kibrisdakik.com\\\/?p=7644#primaryimage\"},\"thumbnailUrl\":\"https:\\\/\\\/kibrisdakik.com\\\/wp-content\\\/uploads\\\/2023\\\/02\\\/polis-basin-subayligindan-aciklama-h113062-683743-706x420.jpg\",\"articleSection\":[\"G\u00fcndem\"],\"inLanguage\":\"tr\",\"potentialAction\":[{\"@type\":\"CommentAction\",\"name\":\"Comment\",\"target\":[\"https:\\\/\\\/kibrisdakik.com\\\/?p=7644#respond\"]}]},{\"@type\":\"WebPage\",\"@id\":\"https:\\\/\\\/kibrisdakik.com\\\/?p=7644\",\"url\":\"https:\\\/\\\/kibrisdakik.com\\\/?p=7644\",\"name\":\"Polisiye haberler:Gazima\u011fusa\u2019da i\u015f kazas\u0131nda 53 ya\u015f\u0131ndaki Hakk\u0131 Demir\u2019in beli k\u0131r\u0131ld\u0131 -\",\"isPartOf\":{\"@id\":\"https:\\\/\\\/kibrisdakik.com\\\/#website\"},\"primaryImageOfPage\":{\"@id\":\"https:\\\/\\\/kibrisdakik.com\\\/?p=7644#primaryimage\"},\"image\":{\"@id\":\"https:\\\/\\\/kibrisdakik.com\\\/?p=7644#primaryimage\"},\"thumbnailUrl\":\"https:\\\/\\\/kibrisdakik.com\\\/wp-content\\\/uploads\\\/2023\\\/02\\\/polis-basin-subayligindan-aciklama-h113062-683743-706x420.jpg\",\"datePublished\":\"2023-05-26T12:18:03+00:00\",\"author\":{\"@id\":\"https:\\\/\\\/kibrisdakik.com\\\/#\\\/schema\\\/person\\\/9cd9d437bbb44f72b73ba127e06d8e79\"},\"breadcrumb\":{\"@id\":\"https:\\\/\\\/kibrisdakik.com\\\/?p=7644#breadcrumb\"},\"inLanguage\":\"tr\",\"potentialAction\":[{\"@type\":\"ReadAction\",\"target\":[\"https:\\\/\\\/kibrisdakik.com\\\/?p=7644\"]}]},{\"@type\":\"ImageObject\",\"inLanguage\":\"tr\",\"@id\":\"https:\\\/\\\/kibrisdakik.com\\\/?p=7644#primaryimage\",\"url\":\"https:\\\/\\\/kibrisdakik.com\\\/wp-content\\\/uploads\\\/2023\\\/02\\\/polis-basin-subayligindan-aciklama-h113062-683743-706x420.jpg\",\"contentUrl\":\"https:\\\/\\\/kibrisdakik.com\\\/wp-content\\\/uploads\\\/2023\\\/02\\\/polis-basin-subayligindan-aciklama-h113062-683743-706x420.jpg\",\"width\":706,\"height\":431},{\"@type\":\"BreadcrumbList\",\"@id\":\"https:\\\/\\\/kibrisdakik.com\\\/?p=7644#breadcrumb\",\"itemListElement\":[{\"@type\":\"ListItem\",\"position\":1,\"name\":\"Home\",\"item\":\"https:\\\/\\\/kibrisdakik.com\\\/\"},{\"@type\":\"ListItem\",\"position\":2,\"name\":\"Polisiye haberler:Gazima\u011fusa\u2019da i\u015f kazas\u0131nda 53 ya\u015f\u0131ndaki Hakk\u0131 Demir\u2019in beli k\u0131r\u0131ld\u0131\"}]},{\"@type\":\"WebSite\",\"@id\":\"https:\\\/\\\/kibrisdakik.com\\\/#website\",\"url\":\"https:\\\/\\\/kibrisdakik.com\\\/\",\"name\":\"\",\"description\":\"Tam vaktinde haber\",\"potentialAction\":[{\"@type\":\"SearchAction\",\"target\":{\"@type\":\"EntryPoint\",\"urlTemplate\":\"https:\\\/\\\/kibrisdakik.com\\\/?s={search_term_string}\"},\"query-input\":{\"@type\":\"PropertyValueSpecification\",\"valueRequired\":true,\"valueName\":\"search_term_string\"}}],\"inLanguage\":\"tr\"},{\"@type\":\"Person\",\"@id\":\"https:\\\/\\\/kibrisdakik.com\\\/#\\\/schema\\\/person\\\/9cd9d437bbb44f72b73ba127e06d8e79\",\"name\":\"admin\",\"image\":{\"@type\":\"ImageObject\",\"inLanguage\":\"tr\",\"@id\":\"https:\\\/\\\/secure.gravatar.com\\\/avatar\\\/ccc17943b9d660506c869530f897617f7cb1c21a4bf30023f252596d83e1f007?s=96&d=mm&r=g\",\"url\":\"https:\\\/\\\/secure.gravatar.com\\\/avatar\\\/ccc17943b9d660506c869530f897617f7cb1c21a4bf30023f252596d83e1f007?s=96&d=mm&r=g\",\"contentUrl\":\"https:\\\/\\\/secure.gravatar.com\\\/avatar\\\/ccc17943b9d660506c869530f897617f7cb1c21a4bf30023f252596d83e1f007?s=96&d=mm&r=g\",\"caption\":\"admin\"},\"sameAs\":[\"https:\\\/\\\/kibrisdakik.com\"],\"url\":\"https:\\\/\\\/kibrisdakik.com\\\/?author=1\"}]}<\/script>\n<!-- \/ Yoast SEO plugin. -->","yoast_head_json":{"title":"Polisiye haberler:Gazima\u011fusa\u2019da i\u015f kazas\u0131nda 53 ya\u015f\u0131ndaki Hakk\u0131 Demir\u2019in beli k\u0131r\u0131ld\u0131 -","robots":{"index":"index","follow":"follow","max-snippet":"max-snippet:-1","max-image-preview":"max-image-preview:large","max-video-preview":"max-video-preview:-1"},"canonical":"https:\/\/kibrisdakik.com\/?p=7644","og_locale":"tr_TR","og_type":"article","og_title":"Polisiye haberler:Gazima\u011fusa\u2019da i\u015f kazas\u0131nda 53 ya\u015f\u0131ndaki Hakk\u0131 Demir\u2019in beli k\u0131r\u0131ld\u0131 -","og_description":"Gazima\u011fusa\u2019da d\u00fcn saat 11.30 s\u0131ralar\u0131nda bir binan\u0131n \u00e7at\u0131 kat\u0131nda tamir maksatl\u0131 kiremit toplad\u0131\u011f\u0131 s\u0131rada, dengesini kaybedip yakla\u015f\u0131k 3 metre y\u00fckseklikten beton zemine d\u00fc\u015fen Hakk\u0131 Demir\u2019in (E-53) beli k\u0131r\u0131ld\u0131. Demir, kald\u0131r\u0131ld\u0131\u011f\u0131 Gazima\u011fusa Devlet Hastanesi\u2019nde yap\u0131lan tedavisinin ard\u0131ndan, belinde k\u0131r\u0131k te\u015fhisi nedeniyle cerrahi servisinde m\u00fc\u015fahede alt\u0131na al\u0131nd\u0131. -Uyu\u015fturucudan bir tutuklu Gazima\u011fusa\u2019da ikametgah\u0131nda uyu\u015fturucu madde oldu\u011funa inan\u0131lan madde","og_url":"https:\/\/kibrisdakik.com\/?p=7644","article_published_time":"2023-05-26T12:18:03+00:00","og_image":[{"width":706,"height":431,"url":"https:\/\/kibrisdakik.com\/wp-content\/uploads\/2023\/02\/polis-basin-subayligindan-aciklama-h113062-683743-706x420.jpg","type":"image\/jpeg"}],"author":"admin","twitter_card":"summary_large_image","twitter_misc":{"Yazan:":"admin","Tahmini okuma s\u00fcresi":"2 dakika"},"schema":{"@context":"https:\/\/schema.org","@graph":[{"@type":"Article","@id":"https:\/\/kibrisdakik.com\/?p=7644#article","isPartOf":{"@id":"https:\/\/kibrisdakik.com\/?p=7644"},"author":{"name":"admin","@id":"https:\/\/kibrisdakik.com\/#\/schema\/person\/9cd9d437bbb44f72b73ba127e06d8e79"},"headline":"Polisiye haberler:Gazima\u011fusa\u2019da i\u015f kazas\u0131nda 53 ya\u015f\u0131ndaki Hakk\u0131 Demir\u2019in beli k\u0131r\u0131ld\u0131","datePublished":"2023-05-26T12:18:03+00:00","mainEntityOfPage":{"@id":"https:\/\/kibrisdakik.com\/?p=7644"},"wordCount":450,"commentCount":0,"image":{"@id":"https:\/\/kibrisdakik.com\/?p=7644#primaryimage"},"thumbnailUrl":"https:\/\/kibrisdakik.com\/wp-content\/uploads\/2023\/02\/polis-basin-subayligindan-aciklama-h113062-683743-706x420.jpg","articleSection":["G\u00fcndem"],"inLanguage":"tr","potentialAction":[{"@type":"CommentAction","name":"Comment","target":["https:\/\/kibrisdakik.com\/?p=7644#respond"]}]},{"@type":"WebPage","@id":"https:\/\/kibrisdakik.com\/?p=7644","url":"https:\/\/kibrisdakik.com\/?p=7644","name":"Polisiye haberler:Gazima\u011fusa\u2019da i\u015f kazas\u0131nda 53 ya\u015f\u0131ndaki Hakk\u0131 Demir\u2019in beli k\u0131r\u0131ld\u0131 -","isPartOf":{"@id":"https:\/\/kibrisdakik.com\/#website"},"primaryImageOfPage":{"@id":"https:\/\/kibrisdakik.com\/?p=7644#primaryimage"},"image":{"@id":"https:\/\/kibrisdakik.com\/?p=7644#primaryimage"},"thumbnailUrl":"https:\/\/kibrisdakik.com\/wp-content\/uploads\/2023\/02\/polis-basin-subayligindan-aciklama-h113062-683743-706x420.jpg","datePublished":"2023-05-26T12:18:03+00:00","author":{"@id":"https:\/\/kibrisdakik.com\/#\/schema\/person\/9cd9d437bbb44f72b73ba127e06d8e79"},"breadcrumb":{"@id":"https:\/\/kibrisdakik.com\/?p=7644#breadcrumb"},"inLanguage":"tr","potentialAction":[{"@type":"ReadAction","target":["https:\/\/kibrisdakik.com\/?p=7644"]}]},{"@type":"ImageObject","inLanguage":"tr","@id":"https:\/\/kibrisdakik.com\/?p=7644#primaryimage","url":"https:\/\/kibrisdakik.com\/wp-content\/uploads\/2023\/02\/polis-basin-subayligindan-aciklama-h113062-683743-706x420.jpg","contentUrl":"https:\/\/kibrisdakik.com\/wp-content\/uploads\/2023\/02\/polis-basin-subayligindan-aciklama-h113062-683743-706x420.jpg","width":706,"height":431},{"@type":"BreadcrumbList","@id":"https:\/\/kibrisdakik.com\/?p=7644#breadcrumb","itemListElement":[{"@type":"ListItem","position":1,"name":"Home","item":"https:\/\/kibrisdakik.com\/"},{"@type":"ListItem","position":2,"name":"Polisiye haberler:Gazima\u011fusa\u2019da i\u015f kazas\u0131nda 53 ya\u015f\u0131ndaki Hakk\u0131 Demir\u2019in beli k\u0131r\u0131ld\u0131"}]},{"@type":"WebSite","@id":"https:\/\/kibrisdakik.com\/#website","url":"https:\/\/kibrisdakik.com\/","name":"","description":"Tam vaktinde haber","potentialAction":[{"@type":"SearchAction","target":{"@type":"EntryPoint","urlTemplate":"https:\/\/kibrisdakik.com\/?s={search_term_string}"},"query-input":{"@type":"PropertyValueSpecification","valueRequired":true,"valueName":"search_term_string"}}],"inLanguage":"tr"},{"@type":"Person","@id":"https:\/\/kibrisdakik.com\/#\/schema\/person\/9cd9d437bbb44f72b73ba127e06d8e79","name":"admin","image":{"@type":"ImageObject","inLanguage":"tr","@id":"https:\/\/secure.gravatar.com\/avatar\/ccc17943b9d660506c869530f897617f7cb1c21a4bf30023f252596d83e1f007?s=96&d=mm&r=g","url":"https:\/\/secure.gravatar.com\/avatar\/ccc17943b9d660506c869530f897617f7cb1c21a4bf30023f252596d83e1f007?s=96&d=mm&r=g","contentUrl":"https:\/\/secure.gravatar.com\/avatar\/ccc17943b9d660506c869530f897617f7cb1c21a4bf30023f252596d83e1f007?s=96&d=mm&r=g","caption":"admin"},"sameAs":["https:\/\/kibrisdakik.com"],"url":"https:\/\/kibrisdakik.com\/?author=1"}]}},"_links":{"self":[{"href":"https:\/\/kibrisdakik.com\/index.php?rest_route=\/wp\/v2\/posts\/7644","targetHints":{"allow":["GET"]}}],"collection":[{"href":"https:\/\/kibrisdakik.com\/index.php?rest_route=\/wp\/v2\/posts"}],"about":[{"href":"https:\/\/kibrisdakik.com\/index.php?rest_route=\/wp\/v2\/types\/post"}],"author":[{"embeddable":true,"href":"https:\/\/kibrisdakik.com\/index.php?rest_route=\/wp\/v2\/users\/1"}],"replies":[{"embeddable":true,"href":"https:\/\/kibrisdakik.com\/index.php?rest_route=%2Fwp%2Fv2%2Fcomments&post=7644"}],"version-history":[{"count":0,"href":"https:\/\/kibrisdakik.com\/index.php?rest_route=\/wp\/v2\/posts\/7644\/revisions"}],"wp:featuredmedia":[{"embeddable":true,"href":"https:\/\/kibrisdakik.com\/index.php?rest_route=\/wp\/v2\/media\/1897"}],"wp:attachment":[{"href":"https:\/\/kibrisdakik.com\/index.php?rest_route=%2Fwp%2Fv2%2Fmedia&parent=7644"}],"wp:term":[{"taxonomy":"category","embeddable":true,"href":"https:\/\/kibrisdakik.com\/index.php?rest_route=%2Fwp%2Fv2%2Fcategories&post=7644"},{"taxonomy":"post_tag","embeddable":true,"href":"https:\/\/kibrisdakik.com\/index.php?rest_route=%2Fwp%2Fv2%2Ftags&post=7644"}],"curies":[{"name":"wp","href":"https:\/\/api.w.org\/{rel}","templated":true}]}}