{"id":76537,"date":"2025-02-26T11:30:32","date_gmt":"2025-02-26T08:30:32","guid":{"rendered":"https:\/\/kibrisdakik.com\/index.php\/2025\/02\/26\/azerbaycanda-hocali-katliaminin-kurbanlari-aniliyor\/"},"modified":"2025-02-26T11:30:32","modified_gmt":"2025-02-26T08:30:32","slug":"azerbaycanda-hocali-katliaminin-kurbanlari-aniliyor","status":"publish","type":"post","link":"https:\/\/kibrisdakik.com\/?p=76537","title":{"rendered":"Azerbaycan\u2019da Hocal\u0131 Katliam\u0131\u2019n\u0131n kurbanlar\u0131 an\u0131l\u0131yor"},"content":{"rendered":"<p><\/p>\n<div>\n<div class=\"mariselle-image-container center\">\n                <img loading=\"lazy\" decoding=\"async\" width=\"864\" height=\"486\" class=\"lazy-image\" alt=\"\" sizes=\"auto, (max-width: 864px) 100vw, 864px\" src=\"https:\/\/brtk.net\/wp-content\/uploads\/2025\/02\/26\/thumbs_b_c_bfe9e4d6d994530cecb61a13a8034a22.jpg?ver=23cf4b8bdf911154d88f2c5f32e8c75b\" srcset=\"https:\/\/brtk.net\/wp-content\/uploads\/2025\/02\/26\/thumbs_b_c_bfe9e4d6d994530cecb61a13a8034a22.jpg?ver=23cf4b8bdf911154d88f2c5f32e8c75b 864w, https:\/\/brtk.net\/wp-content\/uploads\/2025\/02\/26\/thumbs_b_c_bfe9e4d6d994530cecb61a13a8034a22-300x169.jpg?ver=1e7f20a1acb44f160fc3b1843275a404 300w, https:\/\/brtk.net\/wp-content\/uploads\/2025\/02\/26\/thumbs_b_c_bfe9e4d6d994530cecb61a13a8034a22-768x432.jpg?ver=1e7f20a1acb44f160fc3b1843275a404 768w\"\/>                            <\/div>\n<p>Azerbaycan\u2019da, Ermeni g\u00fc\u00e7lerinin 26 \u015eubat 1992\u2019de i\u015fledi\u011fi Hocal\u0131 Katliam\u0131\u2019n\u0131n kurbanlar\u0131 an\u0131l\u0131yor.<\/p>\n<p>Azerbaycanl\u0131lar, Ermenilerin Hocal\u0131\u2019da katletti\u011fi 613 ki\u015fiyi anmak i\u00e7in Bak\u00fc\u2019deki Ana Feryad\u0131 An\u0131t\u0131\u2019nda bir araya geldi.<\/p>\n<p>Burada ilk \u00f6nce Cumhurba\u015fkan\u0131 \u0130lham Aliyev\u2019in kat\u0131l\u0131m\u0131yla resmi t\u00f6ren d\u00fczenlendi, ard\u0131ndan an\u0131t halk\u0131n ziyaretine a\u00e7\u0131ld\u0131.<\/p>\n<p>An\u0131ta karanfil b\u0131rakan vatanda\u015flar, katliam\u0131n kurbanlar\u0131n\u0131 and\u0131. Katliamdan kurtulmay\u0131 ba\u015faran Hocal\u0131l\u0131lar ve hayat\u0131n\u0131 kaybedenlerin yak\u0131nlar\u0131 da an\u0131t\u0131 ziyaret etti.<\/p>\n<p>Dua eden baz\u0131 \u015fehit yak\u0131nlar\u0131 ve vatanda\u015flar\u0131n g\u00f6zya\u015flar\u0131n\u0131 tutamad\u0131\u011f\u0131 g\u00f6r\u00fcld\u00fc.<\/p>\n<p>\u201cHocal\u0131 Katliam\u0131 tarihte insanl\u0131k ad\u0131na kara leke olarak ge\u00e7mi\u015ftir\u201d<br \/>T\u00fcrkiye\u2019nin Bak\u00fc B\u00fcy\u00fckel\u00e7isi Birol Akg\u00fcn, b\u00fcy\u00fckel\u00e7ilik \u00e7al\u0131\u015fanlar\u0131 ile Bak\u00fc\u2019deki T\u00fcrk kurum ve kurulu\u015flar\u0131n\u0131n temsilcileri de Ana Feryad\u0131 An\u0131t\u0131\u2019n\u0131 ziyaret ederek, Hocal\u0131 Katliam\u0131\u2019n\u0131n kurbanlar\u0131n\u0131 and\u0131.<\/p>\n<p>B\u00fcy\u00fckel\u00e7i Akg\u00fcn, bas\u0131n mensuplar\u0131na yapt\u0131\u011f\u0131 a\u00e7\u0131klamada, Ermeni silahl\u0131 g\u00fc\u00e7leri taraf\u0131ndan katledilen masum ve sivil 613 insan\u0131n ac\u0131s\u0131n\u0131 hala y\u00fcreklerinde hissettiklerini s\u00f6yledi.<\/p>\n<p>Akg\u00fcn, \u201c(Hocal\u0131 Katliam\u0131) Tarihte insanl\u0131k ad\u0131na kara leke olarak ge\u00e7mi\u015ftir. Biz Azerbaycan halk\u0131n\u0131n ac\u0131lar\u0131n\u0131 her zaman payla\u015ft\u0131k ve payla\u015f\u0131yoruz. Bir daha b\u00f6yle ac\u0131lar\u0131n ya\u015fanmamas\u0131 i\u00e7in T\u00fcrkiye ve Azerbaycan olarak karde\u015fli\u011fimizi her alanda peki\u015ftirmeye \u00e7al\u0131\u015f\u0131yoruz.\u201d diye konu\u015ftu.<\/p>\n<p>Azerbaycan, Hocal\u0131 Katliam\u0131\u2019n\u0131n kurbanlar\u0131 i\u00e7in adalet talep ediyor<\/p>\n<p>Hocal\u0131\u2019da ya\u015fananlar\u0131 d\u00fcnyaya duyurmaya devam eden Azerbaycan, uluslararas\u0131 toplumdan su\u00e7lular\u0131n cezaland\u0131r\u0131lmas\u0131n\u0131 talep ediyor.<\/p>\n<p>Azerbaycan Ombudsman\u0131 Sabina Aliyeva, Birle\u015fmi\u015f Milletler (BM) Genel Sekreterli\u011fi, BM G\u00fcvenlik Konseyi, Avrupa G\u00fcvenlik ve \u0130\u015fbirli\u011fi Te\u015fkilat\u0131, Avrupa Konseyi, Avrupa Birli\u011fi gibi \u00e7ok say\u0131da uluslararas\u0131 kurulu\u015fa ve farkl\u0131 \u00fclkelerin ombudsmanlar\u0131na mektup g\u00f6nderdi.<\/p>\n<p>Mektubunda Hocal\u0131\u2019da ya\u015fananlardan ve faillerin cezas\u0131z kalmas\u0131ndan bahseden Aliyeva, \u201cUluslararas\u0131 \u00f6rg\u00fctler ve devletler bu soyk\u0131r\u0131m su\u00e7una kay\u0131ts\u0131z kalmamal\u0131. Hocal\u0131 soyk\u0131r\u0131m\u0131na ili\u015fkin hukuki de\u011ferlendirme yapmal\u0131, bu su\u00e7un faillerinin hak ettikleri cezay\u0131 almalar\u0131 i\u00e7in \u00e7abalar\u0131n\u0131 art\u0131rmal\u0131d\u0131rlar.\u201d ifadelerini kulland\u0131.<\/p>\n<p>Hocal\u0131\u2019da neler oldu?<\/p>\n<p>Sovyetler Birli\u011fi\u2019nin da\u011f\u0131lmas\u0131yla Azerbaycan\u2019a kar\u015f\u0131 toprak iddias\u0131nda bulunmaya ba\u015flayan ve sald\u0131r\u0131ya ge\u00e7en Ermeniler, 1991\u2019in son g\u00fcnlerinde ablukaya ald\u0131klar\u0131, b\u00f6lgenin tek havaalan\u0131na sahip ve stratejik \u00f6nem ta\u015f\u0131yan Hocal\u0131\u2019y\u0131 ele ge\u00e7irmek i\u00e7in harekete ge\u00e7ti.<\/p>\n<p>Aylar s\u00fcren sald\u0131r\u0131lar\u0131n\u0131 25 \u015eubat 1992\u2019de yo\u011funla\u015ft\u0131ran Ermeniler, gece Sovyet Rus ordusunun o zaman Hankendi\u2019de bulunan 366. motorize alay\u0131n\u0131n da yard\u0131m\u0131yla \u00fc\u00e7 koldan sald\u0131rd\u0131.<\/p>\n<p>Sadece i\u015fgalle yetinmeyen Ermeniler, sivilleri toplu \u015fekilde katlederek ve esirlere ac\u0131mas\u0131zsa i\u015fkence yaparak 20. y\u00fczy\u0131l\u0131n en kanl\u0131 katliamlar\u0131ndan birine imza att\u0131. O d\u00f6nemde \u00e7ekilen g\u00f6r\u00fcnt\u00fcler ve foto\u011fraflar, katliam\u0131n b\u00fcy\u00fckl\u00fc\u011f\u00fcn\u00fc ortaya koyuyor.<\/p>\n<p>Daha \u00f6nce 7 bin ki\u015finin ya\u015fad\u0131\u011f\u0131 Hocal\u0131\u2019da savunmas\u0131z durumdaki 106\u2019s\u0131 kad\u0131n, 70\u2019i ya\u015fl\u0131, 63\u2019\u00fc \u00e7ocuk 613 Azerbaycan vatanda\u015f\u0131 hayat\u0131n\u0131 kaybetti. Katliamdan 487 ki\u015fi a\u011f\u0131r yaral\u0131 kurtuldu, Ermeni g\u00fc\u00e7leri 1275 ki\u015fiyi esir ald\u0131, bunlar\u0131n 150\u2019sinden hala haber al\u0131namad\u0131.<\/p>\n<\/p><\/div>\n<p><script async\n                    defer\n                    crossorigin=\"anonymous\"\n                    src=\"https:\/\/connect.facebook.net\/tr_TR\/sdk.js#xfbml=1&#038;version=v3.3\"\n            ><\/script><\/p>\n","protected":false},"excerpt":{"rendered":"<p>Azerbaycan\u2019da, Ermeni g\u00fc\u00e7lerinin 26 \u015eubat 1992\u2019de i\u015fledi\u011fi Hocal\u0131 Katliam\u0131\u2019n\u0131n kurbanlar\u0131 an\u0131l\u0131yor. Azerbaycanl\u0131lar, Ermenilerin Hocal\u0131\u2019da katletti\u011fi 613 ki\u015fiyi anmak i\u00e7in Bak\u00fc\u2019deki Ana Feryad\u0131 An\u0131t\u0131\u2019nda bir araya geldi. Burada ilk \u00f6nce Cumhurba\u015fkan\u0131 \u0130lham Aliyev\u2019in kat\u0131l\u0131m\u0131yla resmi t\u00f6ren d\u00fczenlendi, ard\u0131ndan an\u0131t halk\u0131n ziyaretine a\u00e7\u0131ld\u0131. An\u0131ta karanfil b\u0131rakan vatanda\u015flar, katliam\u0131n kurbanlar\u0131n\u0131 and\u0131. Katliamdan kurtulmay\u0131 ba\u015faran Hocal\u0131l\u0131lar ve hayat\u0131n\u0131 kaybedenlerin<\/p>\n","protected":false},"author":1,"featured_media":76538,"comment_status":"open","ping_status":"open","sticky":false,"template":"","format":"standard","meta":{"footnotes":""},"categories":[1],"tags":[],"class_list":["post-76537","post","type-post","status-publish","format-standard","has-post-thumbnail","hentry","category-gundem"],"yoast_head":"<!-- This site is optimized with the Yoast SEO plugin v27.4 - https:\/\/yoast.com\/product\/yoast-seo-wordpress\/ -->\n<title>Azerbaycan\u2019da Hocal\u0131 Katliam\u0131\u2019n\u0131n kurbanlar\u0131 an\u0131l\u0131yor -<\/title>\n<meta name=\"robots\" content=\"index, follow, max-snippet:-1, max-image-preview:large, max-video-preview:-1\" \/>\n<link rel=\"canonical\" href=\"https:\/\/kibrisdakik.com\/?p=76537\" \/>\n<meta property=\"og:locale\" content=\"tr_TR\" \/>\n<meta property=\"og:type\" content=\"article\" \/>\n<meta property=\"og:title\" content=\"Azerbaycan\u2019da Hocal\u0131 Katliam\u0131\u2019n\u0131n kurbanlar\u0131 an\u0131l\u0131yor -\" \/>\n<meta property=\"og:description\" content=\"Azerbaycan\u2019da, Ermeni g\u00fc\u00e7lerinin 26 \u015eubat 1992\u2019de i\u015fledi\u011fi Hocal\u0131 Katliam\u0131\u2019n\u0131n kurbanlar\u0131 an\u0131l\u0131yor. Azerbaycanl\u0131lar, Ermenilerin Hocal\u0131\u2019da katletti\u011fi 613 ki\u015fiyi anmak i\u00e7in Bak\u00fc\u2019deki Ana Feryad\u0131 An\u0131t\u0131\u2019nda bir araya geldi. Burada ilk \u00f6nce Cumhurba\u015fkan\u0131 \u0130lham Aliyev\u2019in kat\u0131l\u0131m\u0131yla resmi t\u00f6ren d\u00fczenlendi, ard\u0131ndan an\u0131t halk\u0131n ziyaretine a\u00e7\u0131ld\u0131. An\u0131ta karanfil b\u0131rakan vatanda\u015flar, katliam\u0131n kurbanlar\u0131n\u0131 and\u0131. Katliamdan kurtulmay\u0131 ba\u015faran Hocal\u0131l\u0131lar ve hayat\u0131n\u0131 kaybedenlerin\" \/>\n<meta property=\"og:url\" content=\"https:\/\/kibrisdakik.com\/?p=76537\" \/>\n<meta property=\"article:published_time\" content=\"2025-02-26T08:30:32+00:00\" \/>\n<meta property=\"og:image\" content=\"https:\/\/kibrisdakik.com\/wp-content\/uploads\/2025\/02\/thumbs_b_c_bfe9e4d6d994530cecb61a13a8034a22-740x420.jpg\" \/>\n\t<meta property=\"og:image:width\" content=\"864\" \/>\n\t<meta property=\"og:image:height\" content=\"486\" \/>\n\t<meta property=\"og:image:type\" content=\"image\/jpeg\" \/>\n<meta name=\"author\" content=\"admin\" \/>\n<meta name=\"twitter:card\" content=\"summary_large_image\" \/>\n<meta name=\"twitter:label1\" content=\"Yazan:\" \/>\n\t<meta name=\"twitter:data1\" content=\"admin\" \/>\n\t<meta name=\"twitter:label2\" content=\"Tahmini okuma s\u00fcresi\" \/>\n\t<meta name=\"twitter:data2\" content=\"3 dakika\" \/>\n<script type=\"application\/ld+json\" class=\"yoast-schema-graph\">{\"@context\":\"https:\\\/\\\/schema.org\",\"@graph\":[{\"@type\":\"Article\",\"@id\":\"https:\\\/\\\/kibrisdakik.com\\\/?p=76537#article\",\"isPartOf\":{\"@id\":\"https:\\\/\\\/kibrisdakik.com\\\/?p=76537\"},\"author\":{\"name\":\"admin\",\"@id\":\"https:\\\/\\\/kibrisdakik.com\\\/#\\\/schema\\\/person\\\/9cd9d437bbb44f72b73ba127e06d8e79\"},\"headline\":\"Azerbaycan\u2019da Hocal\u0131 Katliam\u0131\u2019n\u0131n kurbanlar\u0131 an\u0131l\u0131yor\",\"datePublished\":\"2025-02-26T08:30:32+00:00\",\"mainEntityOfPage\":{\"@id\":\"https:\\\/\\\/kibrisdakik.com\\\/?p=76537\"},\"wordCount\":587,\"commentCount\":0,\"image\":{\"@id\":\"https:\\\/\\\/kibrisdakik.com\\\/?p=76537#primaryimage\"},\"thumbnailUrl\":\"https:\\\/\\\/kibrisdakik.com\\\/wp-content\\\/uploads\\\/2025\\\/02\\\/thumbs_b_c_bfe9e4d6d994530cecb61a13a8034a22-740x420.jpg\",\"articleSection\":[\"G\u00fcndem\"],\"inLanguage\":\"tr\",\"potentialAction\":[{\"@type\":\"CommentAction\",\"name\":\"Comment\",\"target\":[\"https:\\\/\\\/kibrisdakik.com\\\/?p=76537#respond\"]}]},{\"@type\":\"WebPage\",\"@id\":\"https:\\\/\\\/kibrisdakik.com\\\/?p=76537\",\"url\":\"https:\\\/\\\/kibrisdakik.com\\\/?p=76537\",\"name\":\"Azerbaycan\u2019da Hocal\u0131 Katliam\u0131\u2019n\u0131n kurbanlar\u0131 an\u0131l\u0131yor -\",\"isPartOf\":{\"@id\":\"https:\\\/\\\/kibrisdakik.com\\\/#website\"},\"primaryImageOfPage\":{\"@id\":\"https:\\\/\\\/kibrisdakik.com\\\/?p=76537#primaryimage\"},\"image\":{\"@id\":\"https:\\\/\\\/kibrisdakik.com\\\/?p=76537#primaryimage\"},\"thumbnailUrl\":\"https:\\\/\\\/kibrisdakik.com\\\/wp-content\\\/uploads\\\/2025\\\/02\\\/thumbs_b_c_bfe9e4d6d994530cecb61a13a8034a22-740x420.jpg\",\"datePublished\":\"2025-02-26T08:30:32+00:00\",\"author\":{\"@id\":\"https:\\\/\\\/kibrisdakik.com\\\/#\\\/schema\\\/person\\\/9cd9d437bbb44f72b73ba127e06d8e79\"},\"breadcrumb\":{\"@id\":\"https:\\\/\\\/kibrisdakik.com\\\/?p=76537#breadcrumb\"},\"inLanguage\":\"tr\",\"potentialAction\":[{\"@type\":\"ReadAction\",\"target\":[\"https:\\\/\\\/kibrisdakik.com\\\/?p=76537\"]}]},{\"@type\":\"ImageObject\",\"inLanguage\":\"tr\",\"@id\":\"https:\\\/\\\/kibrisdakik.com\\\/?p=76537#primaryimage\",\"url\":\"https:\\\/\\\/kibrisdakik.com\\\/wp-content\\\/uploads\\\/2025\\\/02\\\/thumbs_b_c_bfe9e4d6d994530cecb61a13a8034a22-740x420.jpg\",\"contentUrl\":\"https:\\\/\\\/kibrisdakik.com\\\/wp-content\\\/uploads\\\/2025\\\/02\\\/thumbs_b_c_bfe9e4d6d994530cecb61a13a8034a22-740x420.jpg\",\"width\":864,\"height\":486},{\"@type\":\"BreadcrumbList\",\"@id\":\"https:\\\/\\\/kibrisdakik.com\\\/?p=76537#breadcrumb\",\"itemListElement\":[{\"@type\":\"ListItem\",\"position\":1,\"name\":\"Home\",\"item\":\"https:\\\/\\\/kibrisdakik.com\\\/\"},{\"@type\":\"ListItem\",\"position\":2,\"name\":\"Azerbaycan\u2019da Hocal\u0131 Katliam\u0131\u2019n\u0131n kurbanlar\u0131 an\u0131l\u0131yor\"}]},{\"@type\":\"WebSite\",\"@id\":\"https:\\\/\\\/kibrisdakik.com\\\/#website\",\"url\":\"https:\\\/\\\/kibrisdakik.com\\\/\",\"name\":\"\",\"description\":\"Tam vaktinde haber\",\"potentialAction\":[{\"@type\":\"SearchAction\",\"target\":{\"@type\":\"EntryPoint\",\"urlTemplate\":\"https:\\\/\\\/kibrisdakik.com\\\/?s={search_term_string}\"},\"query-input\":{\"@type\":\"PropertyValueSpecification\",\"valueRequired\":true,\"valueName\":\"search_term_string\"}}],\"inLanguage\":\"tr\"},{\"@type\":\"Person\",\"@id\":\"https:\\\/\\\/kibrisdakik.com\\\/#\\\/schema\\\/person\\\/9cd9d437bbb44f72b73ba127e06d8e79\",\"name\":\"admin\",\"image\":{\"@type\":\"ImageObject\",\"inLanguage\":\"tr\",\"@id\":\"https:\\\/\\\/secure.gravatar.com\\\/avatar\\\/ccc17943b9d660506c869530f897617f7cb1c21a4bf30023f252596d83e1f007?s=96&d=mm&r=g\",\"url\":\"https:\\\/\\\/secure.gravatar.com\\\/avatar\\\/ccc17943b9d660506c869530f897617f7cb1c21a4bf30023f252596d83e1f007?s=96&d=mm&r=g\",\"contentUrl\":\"https:\\\/\\\/secure.gravatar.com\\\/avatar\\\/ccc17943b9d660506c869530f897617f7cb1c21a4bf30023f252596d83e1f007?s=96&d=mm&r=g\",\"caption\":\"admin\"},\"sameAs\":[\"https:\\\/\\\/kibrisdakik.com\"],\"url\":\"https:\\\/\\\/kibrisdakik.com\\\/?author=1\"}]}<\/script>\n<!-- \/ Yoast SEO plugin. -->","yoast_head_json":{"title":"Azerbaycan\u2019da Hocal\u0131 Katliam\u0131\u2019n\u0131n kurbanlar\u0131 an\u0131l\u0131yor -","robots":{"index":"index","follow":"follow","max-snippet":"max-snippet:-1","max-image-preview":"max-image-preview:large","max-video-preview":"max-video-preview:-1"},"canonical":"https:\/\/kibrisdakik.com\/?p=76537","og_locale":"tr_TR","og_type":"article","og_title":"Azerbaycan\u2019da Hocal\u0131 Katliam\u0131\u2019n\u0131n kurbanlar\u0131 an\u0131l\u0131yor -","og_description":"Azerbaycan\u2019da, Ermeni g\u00fc\u00e7lerinin 26 \u015eubat 1992\u2019de i\u015fledi\u011fi Hocal\u0131 Katliam\u0131\u2019n\u0131n kurbanlar\u0131 an\u0131l\u0131yor. Azerbaycanl\u0131lar, Ermenilerin Hocal\u0131\u2019da katletti\u011fi 613 ki\u015fiyi anmak i\u00e7in Bak\u00fc\u2019deki Ana Feryad\u0131 An\u0131t\u0131\u2019nda bir araya geldi. Burada ilk \u00f6nce Cumhurba\u015fkan\u0131 \u0130lham Aliyev\u2019in kat\u0131l\u0131m\u0131yla resmi t\u00f6ren d\u00fczenlendi, ard\u0131ndan an\u0131t halk\u0131n ziyaretine a\u00e7\u0131ld\u0131. An\u0131ta karanfil b\u0131rakan vatanda\u015flar, katliam\u0131n kurbanlar\u0131n\u0131 and\u0131. Katliamdan kurtulmay\u0131 ba\u015faran Hocal\u0131l\u0131lar ve hayat\u0131n\u0131 kaybedenlerin","og_url":"https:\/\/kibrisdakik.com\/?p=76537","article_published_time":"2025-02-26T08:30:32+00:00","og_image":[{"width":864,"height":486,"url":"https:\/\/kibrisdakik.com\/wp-content\/uploads\/2025\/02\/thumbs_b_c_bfe9e4d6d994530cecb61a13a8034a22-740x420.jpg","type":"image\/jpeg"}],"author":"admin","twitter_card":"summary_large_image","twitter_misc":{"Yazan:":"admin","Tahmini okuma s\u00fcresi":"3 dakika"},"schema":{"@context":"https:\/\/schema.org","@graph":[{"@type":"Article","@id":"https:\/\/kibrisdakik.com\/?p=76537#article","isPartOf":{"@id":"https:\/\/kibrisdakik.com\/?p=76537"},"author":{"name":"admin","@id":"https:\/\/kibrisdakik.com\/#\/schema\/person\/9cd9d437bbb44f72b73ba127e06d8e79"},"headline":"Azerbaycan\u2019da Hocal\u0131 Katliam\u0131\u2019n\u0131n kurbanlar\u0131 an\u0131l\u0131yor","datePublished":"2025-02-26T08:30:32+00:00","mainEntityOfPage":{"@id":"https:\/\/kibrisdakik.com\/?p=76537"},"wordCount":587,"commentCount":0,"image":{"@id":"https:\/\/kibrisdakik.com\/?p=76537#primaryimage"},"thumbnailUrl":"https:\/\/kibrisdakik.com\/wp-content\/uploads\/2025\/02\/thumbs_b_c_bfe9e4d6d994530cecb61a13a8034a22-740x420.jpg","articleSection":["G\u00fcndem"],"inLanguage":"tr","potentialAction":[{"@type":"CommentAction","name":"Comment","target":["https:\/\/kibrisdakik.com\/?p=76537#respond"]}]},{"@type":"WebPage","@id":"https:\/\/kibrisdakik.com\/?p=76537","url":"https:\/\/kibrisdakik.com\/?p=76537","name":"Azerbaycan\u2019da Hocal\u0131 Katliam\u0131\u2019n\u0131n kurbanlar\u0131 an\u0131l\u0131yor -","isPartOf":{"@id":"https:\/\/kibrisdakik.com\/#website"},"primaryImageOfPage":{"@id":"https:\/\/kibrisdakik.com\/?p=76537#primaryimage"},"image":{"@id":"https:\/\/kibrisdakik.com\/?p=76537#primaryimage"},"thumbnailUrl":"https:\/\/kibrisdakik.com\/wp-content\/uploads\/2025\/02\/thumbs_b_c_bfe9e4d6d994530cecb61a13a8034a22-740x420.jpg","datePublished":"2025-02-26T08:30:32+00:00","author":{"@id":"https:\/\/kibrisdakik.com\/#\/schema\/person\/9cd9d437bbb44f72b73ba127e06d8e79"},"breadcrumb":{"@id":"https:\/\/kibrisdakik.com\/?p=76537#breadcrumb"},"inLanguage":"tr","potentialAction":[{"@type":"ReadAction","target":["https:\/\/kibrisdakik.com\/?p=76537"]}]},{"@type":"ImageObject","inLanguage":"tr","@id":"https:\/\/kibrisdakik.com\/?p=76537#primaryimage","url":"https:\/\/kibrisdakik.com\/wp-content\/uploads\/2025\/02\/thumbs_b_c_bfe9e4d6d994530cecb61a13a8034a22-740x420.jpg","contentUrl":"https:\/\/kibrisdakik.com\/wp-content\/uploads\/2025\/02\/thumbs_b_c_bfe9e4d6d994530cecb61a13a8034a22-740x420.jpg","width":864,"height":486},{"@type":"BreadcrumbList","@id":"https:\/\/kibrisdakik.com\/?p=76537#breadcrumb","itemListElement":[{"@type":"ListItem","position":1,"name":"Home","item":"https:\/\/kibrisdakik.com\/"},{"@type":"ListItem","position":2,"name":"Azerbaycan\u2019da Hocal\u0131 Katliam\u0131\u2019n\u0131n kurbanlar\u0131 an\u0131l\u0131yor"}]},{"@type":"WebSite","@id":"https:\/\/kibrisdakik.com\/#website","url":"https:\/\/kibrisdakik.com\/","name":"","description":"Tam vaktinde haber","potentialAction":[{"@type":"SearchAction","target":{"@type":"EntryPoint","urlTemplate":"https:\/\/kibrisdakik.com\/?s={search_term_string}"},"query-input":{"@type":"PropertyValueSpecification","valueRequired":true,"valueName":"search_term_string"}}],"inLanguage":"tr"},{"@type":"Person","@id":"https:\/\/kibrisdakik.com\/#\/schema\/person\/9cd9d437bbb44f72b73ba127e06d8e79","name":"admin","image":{"@type":"ImageObject","inLanguage":"tr","@id":"https:\/\/secure.gravatar.com\/avatar\/ccc17943b9d660506c869530f897617f7cb1c21a4bf30023f252596d83e1f007?s=96&d=mm&r=g","url":"https:\/\/secure.gravatar.com\/avatar\/ccc17943b9d660506c869530f897617f7cb1c21a4bf30023f252596d83e1f007?s=96&d=mm&r=g","contentUrl":"https:\/\/secure.gravatar.com\/avatar\/ccc17943b9d660506c869530f897617f7cb1c21a4bf30023f252596d83e1f007?s=96&d=mm&r=g","caption":"admin"},"sameAs":["https:\/\/kibrisdakik.com"],"url":"https:\/\/kibrisdakik.com\/?author=1"}]}},"_links":{"self":[{"href":"https:\/\/kibrisdakik.com\/index.php?rest_route=\/wp\/v2\/posts\/76537","targetHints":{"allow":["GET"]}}],"collection":[{"href":"https:\/\/kibrisdakik.com\/index.php?rest_route=\/wp\/v2\/posts"}],"about":[{"href":"https:\/\/kibrisdakik.com\/index.php?rest_route=\/wp\/v2\/types\/post"}],"author":[{"embeddable":true,"href":"https:\/\/kibrisdakik.com\/index.php?rest_route=\/wp\/v2\/users\/1"}],"replies":[{"embeddable":true,"href":"https:\/\/kibrisdakik.com\/index.php?rest_route=%2Fwp%2Fv2%2Fcomments&post=76537"}],"version-history":[{"count":0,"href":"https:\/\/kibrisdakik.com\/index.php?rest_route=\/wp\/v2\/posts\/76537\/revisions"}],"wp:featuredmedia":[{"embeddable":true,"href":"https:\/\/kibrisdakik.com\/index.php?rest_route=\/wp\/v2\/media\/76538"}],"wp:attachment":[{"href":"https:\/\/kibrisdakik.com\/index.php?rest_route=%2Fwp%2Fv2%2Fmedia&parent=76537"}],"wp:term":[{"taxonomy":"category","embeddable":true,"href":"https:\/\/kibrisdakik.com\/index.php?rest_route=%2Fwp%2Fv2%2Fcategories&post=76537"},{"taxonomy":"post_tag","embeddable":true,"href":"https:\/\/kibrisdakik.com\/index.php?rest_route=%2Fwp%2Fv2%2Ftags&post=76537"}],"curies":[{"name":"wp","href":"https:\/\/api.w.org\/{rel}","templated":true}]}}