{"id":76561,"date":"2025-02-26T10:10:16","date_gmt":"2025-02-26T07:10:16","guid":{"rendered":"https:\/\/kibrisdakik.com\/index.php\/2025\/02\/26\/silide-ulkenin-yuzde-99unu-etkileyen-elektrik-kesintisi-nedeniyle-ohal-ilan-edildi\/"},"modified":"2025-02-26T10:10:16","modified_gmt":"2025-02-26T07:10:16","slug":"silide-ulkenin-yuzde-99unu-etkileyen-elektrik-kesintisi-nedeniyle-ohal-ilan-edildi","status":"publish","type":"post","link":"https:\/\/kibrisdakik.com\/?p=76561","title":{"rendered":"\u015eili\u2019de \u00fclkenin y\u00fczde 99\u2019unu etkileyen elektrik kesintisi nedeniyle OHAL ilan edildi"},"content":{"rendered":"<p><\/p>\n<div>\n<div class=\"mariselle-image-container center\">\n                <img loading=\"lazy\" decoding=\"async\" width=\"864\" height=\"486\" class=\"lazy-image\" alt=\"\" sizes=\"auto, (max-width: 864px) 100vw, 864px\" src=\"https:\/\/brtk.net\/wp-content\/uploads\/2025\/02\/26\/thumbs_b_c_396542a31a517c9ff48291cfda626c23.jpg?ver=eb5821995fec60ebe43c5eaa5288a3bc\" srcset=\"https:\/\/brtk.net\/wp-content\/uploads\/2025\/02\/26\/thumbs_b_c_396542a31a517c9ff48291cfda626c23.jpg?ver=eb5821995fec60ebe43c5eaa5288a3bc 864w, https:\/\/brtk.net\/wp-content\/uploads\/2025\/02\/26\/thumbs_b_c_396542a31a517c9ff48291cfda626c23-300x169.jpg?ver=7aff22bcec7df7f1f92c39466382160c 300w, https:\/\/brtk.net\/wp-content\/uploads\/2025\/02\/26\/thumbs_b_c_396542a31a517c9ff48291cfda626c23-768x432.jpg?ver=7aff22bcec7df7f1f92c39466382160c 768w\"\/>                            <\/div>\n<p>G\u00fcney Amerika \u00fclkesi \u015eili\u2019de, \u00fclkenin y\u00fczde 99\u2019unu etkileyen elektrik kesintisi nedeniyle Ola\u011fan\u00fcst\u00fc Hal (OHAL) ilan edildi.<\/p>\n<p>Ulusal bas\u0131nda \u00e7\u0131kan habere g\u00f6re, \u00fclke genelinde ya\u015fanan elektrik kesintisi 8 milyondan fazla ki\u015fiyi etkilerken hayat\u0131 durma noktas\u0131na getirdi.<\/p>\n<p>H\u00fck\u00fcmet, \u00fclkenin neredeyse tamam\u0131n\u0131n elektriksiz kalmas\u0131n\u0131n ard\u0131ndan OHAL ilan etti ve ba\u015fta ba\u015fkent Santiago olmak \u00fczere bir\u00e7ok b\u00f6lgede soka\u011fa \u00e7\u0131kma yasa\u011f\u0131 getirdi.<\/p>\n<p>Elektrik kesintileri, ula\u015f\u0131m ve g\u00fcnl\u00fck ya\u015fam\u0131 sekteye u\u011frat\u0131rken \u00f6zellikle Santiago\u2019da trafikte b\u00fcy\u00fck kaos ya\u015fand\u0131.<\/p>\n<p>\u015eili\u2019de bankac\u0131l\u0131k, finans, madencilik ve ticari faaliyetler durdurulurken, kamu g\u00fcvenli\u011finin sa\u011flanmas\u0131 amac\u0131yla binlerce polis ve asker kritik noktalarda g\u00f6revlendirildi.<\/p>\n<p>Yerel bas\u0131nda \u00e7\u0131kan haberlerde, baz\u0131 b\u00f6lgelerde elektri\u011fin yeniden verilmeye ba\u015fland\u0131\u011f\u0131 ancak bunun sonucunda bir\u00e7ok buzdolab\u0131, \u00e7ama\u015f\u0131r makinesi, bula\u015f\u0131k makinesi ve di\u011fer ev aletinin zarar g\u00f6rd\u00fc\u011f\u00fc bildirildi.<\/p>\n<p>Boric, elektrik kesintisinden \u00f6zel sekt\u00f6r\u00fc sorumlu tuttu<br \/>\u015eili Devlet Ba\u015fkan\u0131 Gabriel Boric, yapt\u0131\u011f\u0131 a\u00e7\u0131klamada, milyonlarca insan\u0131 ma\u011fdur eden bu durumun kabul edilemez oldu\u011funu belirtti.<\/p>\n<p>Boric, \u201cBug\u00fcn ya\u015fananlar hepimizi \u00f6fkelendiriyor. Bir ya da birka\u00e7 \u015firketin sorumsuzlu\u011fu y\u00fcz\u00fcnden milyonlarca insan\u0131n g\u00fcnl\u00fck ya\u015fam\u0131 olumsuz etkilendi. Sorumlular\u0131n hesap vermesini sa\u011flayaca\u011f\u0131z. Ayr\u0131ca kurumlar\u0131n d\u00fczg\u00fcn i\u015flemesini ve bu acil durumun bir an \u00f6nce sona ermesini istiyoruz.\u201d dedi.<\/p>\n<p>Elektrik kesintisinden \u201cISA Chile\u201d \u015firketini sorumlu tutan Boric, \u201cBaz\u0131 b\u00f6lgelerde elektri\u011fin yeniden sa\u011fland\u0131\u011f\u0131n\u0131 biliyoruz ancak durum hala istikrars\u0131z. Bu nedenle dikkatli hareket etmeliyiz. Askeri personel, polis ve soru\u015fturma ekipleri sahada g\u00f6rev yap\u0131yor.\u201d ifadelerini kulland\u0131.<\/p>\n<p>Binlerce yolcu olumsuz etkilendi<\/p>\n<p>Sosyal medyaya yans\u0131yan g\u00f6r\u00fcnt\u00fclerde kesinti, sabah saatlerinde i\u015fe gitmek i\u00e7in yola \u00e7\u0131kan binlerce yolcuyu ma\u011fdur etti.<\/p>\n<p>Duraklarda uzun kuyruklar olu\u015furken, otob\u00fcs ve taksi hizmetlerinin de aksamas\u0131 nedeniyle bir\u00e7ok ki\u015fi evlerine d\u00f6nmekte zorland\u0131.<\/p>\n<\/p><\/div>\n<p><script async\n                    defer\n                    crossorigin=\"anonymous\"\n                    src=\"https:\/\/connect.facebook.net\/tr_TR\/sdk.js#xfbml=1&#038;version=v3.3\"\n            ><\/script><\/p>\n","protected":false},"excerpt":{"rendered":"<p>G\u00fcney Amerika \u00fclkesi \u015eili\u2019de, \u00fclkenin y\u00fczde 99\u2019unu etkileyen elektrik kesintisi nedeniyle Ola\u011fan\u00fcst\u00fc Hal (OHAL) ilan edildi. Ulusal bas\u0131nda \u00e7\u0131kan habere g\u00f6re, \u00fclke genelinde ya\u015fanan elektrik kesintisi 8 milyondan fazla ki\u015fiyi etkilerken hayat\u0131 durma noktas\u0131na getirdi. H\u00fck\u00fcmet, \u00fclkenin neredeyse tamam\u0131n\u0131n elektriksiz kalmas\u0131n\u0131n ard\u0131ndan OHAL ilan etti ve ba\u015fta ba\u015fkent Santiago olmak \u00fczere bir\u00e7ok b\u00f6lgede soka\u011fa \u00e7\u0131kma<\/p>\n","protected":false},"author":1,"featured_media":76562,"comment_status":"open","ping_status":"open","sticky":false,"template":"","format":"standard","meta":{"footnotes":""},"categories":[1],"tags":[],"class_list":["post-76561","post","type-post","status-publish","format-standard","has-post-thumbnail","hentry","category-gundem"],"yoast_head":"<!-- This site is optimized with the Yoast SEO plugin v27.5 - https:\/\/yoast.com\/product\/yoast-seo-wordpress\/ -->\n<title>\u015eili\u2019de \u00fclkenin y\u00fczde 99\u2019unu etkileyen elektrik kesintisi nedeniyle OHAL ilan edildi -<\/title>\n<meta name=\"robots\" content=\"index, follow, max-snippet:-1, max-image-preview:large, max-video-preview:-1\" \/>\n<link rel=\"canonical\" href=\"https:\/\/kibrisdakik.com\/?p=76561\" \/>\n<meta property=\"og:locale\" content=\"tr_TR\" \/>\n<meta property=\"og:type\" content=\"article\" \/>\n<meta property=\"og:title\" content=\"\u015eili\u2019de \u00fclkenin y\u00fczde 99\u2019unu etkileyen elektrik kesintisi nedeniyle OHAL ilan edildi -\" \/>\n<meta property=\"og:description\" content=\"G\u00fcney Amerika \u00fclkesi \u015eili\u2019de, \u00fclkenin y\u00fczde 99\u2019unu etkileyen elektrik kesintisi nedeniyle Ola\u011fan\u00fcst\u00fc Hal (OHAL) ilan edildi. Ulusal bas\u0131nda \u00e7\u0131kan habere g\u00f6re, \u00fclke genelinde ya\u015fanan elektrik kesintisi 8 milyondan fazla ki\u015fiyi etkilerken hayat\u0131 durma noktas\u0131na getirdi. H\u00fck\u00fcmet, \u00fclkenin neredeyse tamam\u0131n\u0131n elektriksiz kalmas\u0131n\u0131n ard\u0131ndan OHAL ilan etti ve ba\u015fta ba\u015fkent Santiago olmak \u00fczere bir\u00e7ok b\u00f6lgede soka\u011fa \u00e7\u0131kma\" \/>\n<meta property=\"og:url\" content=\"https:\/\/kibrisdakik.com\/?p=76561\" \/>\n<meta property=\"article:published_time\" content=\"2025-02-26T07:10:16+00:00\" \/>\n<meta property=\"og:image\" content=\"https:\/\/kibrisdakik.com\/wp-content\/uploads\/2025\/02\/thumbs_b_c_396542a31a517c9ff48291cfda626c23-740x420.jpg\" \/>\n\t<meta property=\"og:image:width\" content=\"864\" \/>\n\t<meta property=\"og:image:height\" content=\"486\" \/>\n\t<meta property=\"og:image:type\" content=\"image\/jpeg\" \/>\n<meta name=\"author\" content=\"admin\" \/>\n<meta name=\"twitter:card\" content=\"summary_large_image\" \/>\n<meta name=\"twitter:label1\" content=\"Yazan:\" \/>\n\t<meta name=\"twitter:data1\" content=\"admin\" \/>\n\t<meta name=\"twitter:label2\" content=\"Tahmini okuma s\u00fcresi\" \/>\n\t<meta name=\"twitter:data2\" content=\"2 dakika\" \/>\n<script type=\"application\/ld+json\" class=\"yoast-schema-graph\">{\"@context\":\"https:\\\/\\\/schema.org\",\"@graph\":[{\"@type\":\"Article\",\"@id\":\"https:\\\/\\\/kibrisdakik.com\\\/?p=76561#article\",\"isPartOf\":{\"@id\":\"https:\\\/\\\/kibrisdakik.com\\\/?p=76561\"},\"author\":{\"name\":\"admin\",\"@id\":\"https:\\\/\\\/kibrisdakik.com\\\/#\\\/schema\\\/person\\\/9cd9d437bbb44f72b73ba127e06d8e79\"},\"headline\":\"\u015eili\u2019de \u00fclkenin y\u00fczde 99\u2019unu etkileyen elektrik kesintisi nedeniyle OHAL ilan edildi\",\"datePublished\":\"2025-02-26T07:10:16+00:00\",\"mainEntityOfPage\":{\"@id\":\"https:\\\/\\\/kibrisdakik.com\\\/?p=76561\"},\"wordCount\":350,\"commentCount\":0,\"image\":{\"@id\":\"https:\\\/\\\/kibrisdakik.com\\\/?p=76561#primaryimage\"},\"thumbnailUrl\":\"https:\\\/\\\/kibrisdakik.com\\\/wp-content\\\/uploads\\\/2025\\\/02\\\/thumbs_b_c_396542a31a517c9ff48291cfda626c23-740x420.jpg\",\"articleSection\":[\"G\u00fcndem\"],\"inLanguage\":\"tr\",\"potentialAction\":[{\"@type\":\"CommentAction\",\"name\":\"Comment\",\"target\":[\"https:\\\/\\\/kibrisdakik.com\\\/?p=76561#respond\"]}]},{\"@type\":\"WebPage\",\"@id\":\"https:\\\/\\\/kibrisdakik.com\\\/?p=76561\",\"url\":\"https:\\\/\\\/kibrisdakik.com\\\/?p=76561\",\"name\":\"\u015eili\u2019de \u00fclkenin y\u00fczde 99\u2019unu etkileyen elektrik kesintisi nedeniyle OHAL ilan edildi -\",\"isPartOf\":{\"@id\":\"https:\\\/\\\/kibrisdakik.com\\\/#website\"},\"primaryImageOfPage\":{\"@id\":\"https:\\\/\\\/kibrisdakik.com\\\/?p=76561#primaryimage\"},\"image\":{\"@id\":\"https:\\\/\\\/kibrisdakik.com\\\/?p=76561#primaryimage\"},\"thumbnailUrl\":\"https:\\\/\\\/kibrisdakik.com\\\/wp-content\\\/uploads\\\/2025\\\/02\\\/thumbs_b_c_396542a31a517c9ff48291cfda626c23-740x420.jpg\",\"datePublished\":\"2025-02-26T07:10:16+00:00\",\"author\":{\"@id\":\"https:\\\/\\\/kibrisdakik.com\\\/#\\\/schema\\\/person\\\/9cd9d437bbb44f72b73ba127e06d8e79\"},\"breadcrumb\":{\"@id\":\"https:\\\/\\\/kibrisdakik.com\\\/?p=76561#breadcrumb\"},\"inLanguage\":\"tr\",\"potentialAction\":[{\"@type\":\"ReadAction\",\"target\":[\"https:\\\/\\\/kibrisdakik.com\\\/?p=76561\"]}]},{\"@type\":\"ImageObject\",\"inLanguage\":\"tr\",\"@id\":\"https:\\\/\\\/kibrisdakik.com\\\/?p=76561#primaryimage\",\"url\":\"https:\\\/\\\/kibrisdakik.com\\\/wp-content\\\/uploads\\\/2025\\\/02\\\/thumbs_b_c_396542a31a517c9ff48291cfda626c23-740x420.jpg\",\"contentUrl\":\"https:\\\/\\\/kibrisdakik.com\\\/wp-content\\\/uploads\\\/2025\\\/02\\\/thumbs_b_c_396542a31a517c9ff48291cfda626c23-740x420.jpg\",\"width\":864,\"height\":486},{\"@type\":\"BreadcrumbList\",\"@id\":\"https:\\\/\\\/kibrisdakik.com\\\/?p=76561#breadcrumb\",\"itemListElement\":[{\"@type\":\"ListItem\",\"position\":1,\"name\":\"Home\",\"item\":\"https:\\\/\\\/kibrisdakik.com\\\/\"},{\"@type\":\"ListItem\",\"position\":2,\"name\":\"\u015eili\u2019de \u00fclkenin y\u00fczde 99\u2019unu etkileyen elektrik kesintisi nedeniyle OHAL ilan edildi\"}]},{\"@type\":\"WebSite\",\"@id\":\"https:\\\/\\\/kibrisdakik.com\\\/#website\",\"url\":\"https:\\\/\\\/kibrisdakik.com\\\/\",\"name\":\"\",\"description\":\"Tam vaktinde haber\",\"potentialAction\":[{\"@type\":\"SearchAction\",\"target\":{\"@type\":\"EntryPoint\",\"urlTemplate\":\"https:\\\/\\\/kibrisdakik.com\\\/?s={search_term_string}\"},\"query-input\":{\"@type\":\"PropertyValueSpecification\",\"valueRequired\":true,\"valueName\":\"search_term_string\"}}],\"inLanguage\":\"tr\"},{\"@type\":\"Person\",\"@id\":\"https:\\\/\\\/kibrisdakik.com\\\/#\\\/schema\\\/person\\\/9cd9d437bbb44f72b73ba127e06d8e79\",\"name\":\"admin\",\"image\":{\"@type\":\"ImageObject\",\"inLanguage\":\"tr\",\"@id\":\"https:\\\/\\\/secure.gravatar.com\\\/avatar\\\/ccc17943b9d660506c869530f897617f7cb1c21a4bf30023f252596d83e1f007?s=96&d=mm&r=g\",\"url\":\"https:\\\/\\\/secure.gravatar.com\\\/avatar\\\/ccc17943b9d660506c869530f897617f7cb1c21a4bf30023f252596d83e1f007?s=96&d=mm&r=g\",\"contentUrl\":\"https:\\\/\\\/secure.gravatar.com\\\/avatar\\\/ccc17943b9d660506c869530f897617f7cb1c21a4bf30023f252596d83e1f007?s=96&d=mm&r=g\",\"caption\":\"admin\"},\"sameAs\":[\"https:\\\/\\\/kibrisdakik.com\"],\"url\":\"https:\\\/\\\/kibrisdakik.com\\\/?author=1\"}]}<\/script>\n<!-- \/ Yoast SEO plugin. -->","yoast_head_json":{"title":"\u015eili\u2019de \u00fclkenin y\u00fczde 99\u2019unu etkileyen elektrik kesintisi nedeniyle OHAL ilan edildi -","robots":{"index":"index","follow":"follow","max-snippet":"max-snippet:-1","max-image-preview":"max-image-preview:large","max-video-preview":"max-video-preview:-1"},"canonical":"https:\/\/kibrisdakik.com\/?p=76561","og_locale":"tr_TR","og_type":"article","og_title":"\u015eili\u2019de \u00fclkenin y\u00fczde 99\u2019unu etkileyen elektrik kesintisi nedeniyle OHAL ilan edildi -","og_description":"G\u00fcney Amerika \u00fclkesi \u015eili\u2019de, \u00fclkenin y\u00fczde 99\u2019unu etkileyen elektrik kesintisi nedeniyle Ola\u011fan\u00fcst\u00fc Hal (OHAL) ilan edildi. Ulusal bas\u0131nda \u00e7\u0131kan habere g\u00f6re, \u00fclke genelinde ya\u015fanan elektrik kesintisi 8 milyondan fazla ki\u015fiyi etkilerken hayat\u0131 durma noktas\u0131na getirdi. H\u00fck\u00fcmet, \u00fclkenin neredeyse tamam\u0131n\u0131n elektriksiz kalmas\u0131n\u0131n ard\u0131ndan OHAL ilan etti ve ba\u015fta ba\u015fkent Santiago olmak \u00fczere bir\u00e7ok b\u00f6lgede soka\u011fa \u00e7\u0131kma","og_url":"https:\/\/kibrisdakik.com\/?p=76561","article_published_time":"2025-02-26T07:10:16+00:00","og_image":[{"width":864,"height":486,"url":"https:\/\/kibrisdakik.com\/wp-content\/uploads\/2025\/02\/thumbs_b_c_396542a31a517c9ff48291cfda626c23-740x420.jpg","type":"image\/jpeg"}],"author":"admin","twitter_card":"summary_large_image","twitter_misc":{"Yazan:":"admin","Tahmini okuma s\u00fcresi":"2 dakika"},"schema":{"@context":"https:\/\/schema.org","@graph":[{"@type":"Article","@id":"https:\/\/kibrisdakik.com\/?p=76561#article","isPartOf":{"@id":"https:\/\/kibrisdakik.com\/?p=76561"},"author":{"name":"admin","@id":"https:\/\/kibrisdakik.com\/#\/schema\/person\/9cd9d437bbb44f72b73ba127e06d8e79"},"headline":"\u015eili\u2019de \u00fclkenin y\u00fczde 99\u2019unu etkileyen elektrik kesintisi nedeniyle OHAL ilan edildi","datePublished":"2025-02-26T07:10:16+00:00","mainEntityOfPage":{"@id":"https:\/\/kibrisdakik.com\/?p=76561"},"wordCount":350,"commentCount":0,"image":{"@id":"https:\/\/kibrisdakik.com\/?p=76561#primaryimage"},"thumbnailUrl":"https:\/\/kibrisdakik.com\/wp-content\/uploads\/2025\/02\/thumbs_b_c_396542a31a517c9ff48291cfda626c23-740x420.jpg","articleSection":["G\u00fcndem"],"inLanguage":"tr","potentialAction":[{"@type":"CommentAction","name":"Comment","target":["https:\/\/kibrisdakik.com\/?p=76561#respond"]}]},{"@type":"WebPage","@id":"https:\/\/kibrisdakik.com\/?p=76561","url":"https:\/\/kibrisdakik.com\/?p=76561","name":"\u015eili\u2019de \u00fclkenin y\u00fczde 99\u2019unu etkileyen elektrik kesintisi nedeniyle OHAL ilan edildi -","isPartOf":{"@id":"https:\/\/kibrisdakik.com\/#website"},"primaryImageOfPage":{"@id":"https:\/\/kibrisdakik.com\/?p=76561#primaryimage"},"image":{"@id":"https:\/\/kibrisdakik.com\/?p=76561#primaryimage"},"thumbnailUrl":"https:\/\/kibrisdakik.com\/wp-content\/uploads\/2025\/02\/thumbs_b_c_396542a31a517c9ff48291cfda626c23-740x420.jpg","datePublished":"2025-02-26T07:10:16+00:00","author":{"@id":"https:\/\/kibrisdakik.com\/#\/schema\/person\/9cd9d437bbb44f72b73ba127e06d8e79"},"breadcrumb":{"@id":"https:\/\/kibrisdakik.com\/?p=76561#breadcrumb"},"inLanguage":"tr","potentialAction":[{"@type":"ReadAction","target":["https:\/\/kibrisdakik.com\/?p=76561"]}]},{"@type":"ImageObject","inLanguage":"tr","@id":"https:\/\/kibrisdakik.com\/?p=76561#primaryimage","url":"https:\/\/kibrisdakik.com\/wp-content\/uploads\/2025\/02\/thumbs_b_c_396542a31a517c9ff48291cfda626c23-740x420.jpg","contentUrl":"https:\/\/kibrisdakik.com\/wp-content\/uploads\/2025\/02\/thumbs_b_c_396542a31a517c9ff48291cfda626c23-740x420.jpg","width":864,"height":486},{"@type":"BreadcrumbList","@id":"https:\/\/kibrisdakik.com\/?p=76561#breadcrumb","itemListElement":[{"@type":"ListItem","position":1,"name":"Home","item":"https:\/\/kibrisdakik.com\/"},{"@type":"ListItem","position":2,"name":"\u015eili\u2019de \u00fclkenin y\u00fczde 99\u2019unu etkileyen elektrik kesintisi nedeniyle OHAL ilan edildi"}]},{"@type":"WebSite","@id":"https:\/\/kibrisdakik.com\/#website","url":"https:\/\/kibrisdakik.com\/","name":"","description":"Tam vaktinde haber","potentialAction":[{"@type":"SearchAction","target":{"@type":"EntryPoint","urlTemplate":"https:\/\/kibrisdakik.com\/?s={search_term_string}"},"query-input":{"@type":"PropertyValueSpecification","valueRequired":true,"valueName":"search_term_string"}}],"inLanguage":"tr"},{"@type":"Person","@id":"https:\/\/kibrisdakik.com\/#\/schema\/person\/9cd9d437bbb44f72b73ba127e06d8e79","name":"admin","image":{"@type":"ImageObject","inLanguage":"tr","@id":"https:\/\/secure.gravatar.com\/avatar\/ccc17943b9d660506c869530f897617f7cb1c21a4bf30023f252596d83e1f007?s=96&d=mm&r=g","url":"https:\/\/secure.gravatar.com\/avatar\/ccc17943b9d660506c869530f897617f7cb1c21a4bf30023f252596d83e1f007?s=96&d=mm&r=g","contentUrl":"https:\/\/secure.gravatar.com\/avatar\/ccc17943b9d660506c869530f897617f7cb1c21a4bf30023f252596d83e1f007?s=96&d=mm&r=g","caption":"admin"},"sameAs":["https:\/\/kibrisdakik.com"],"url":"https:\/\/kibrisdakik.com\/?author=1"}]}},"_links":{"self":[{"href":"https:\/\/kibrisdakik.com\/index.php?rest_route=\/wp\/v2\/posts\/76561","targetHints":{"allow":["GET"]}}],"collection":[{"href":"https:\/\/kibrisdakik.com\/index.php?rest_route=\/wp\/v2\/posts"}],"about":[{"href":"https:\/\/kibrisdakik.com\/index.php?rest_route=\/wp\/v2\/types\/post"}],"author":[{"embeddable":true,"href":"https:\/\/kibrisdakik.com\/index.php?rest_route=\/wp\/v2\/users\/1"}],"replies":[{"embeddable":true,"href":"https:\/\/kibrisdakik.com\/index.php?rest_route=%2Fwp%2Fv2%2Fcomments&post=76561"}],"version-history":[{"count":0,"href":"https:\/\/kibrisdakik.com\/index.php?rest_route=\/wp\/v2\/posts\/76561\/revisions"}],"wp:featuredmedia":[{"embeddable":true,"href":"https:\/\/kibrisdakik.com\/index.php?rest_route=\/wp\/v2\/media\/76562"}],"wp:attachment":[{"href":"https:\/\/kibrisdakik.com\/index.php?rest_route=%2Fwp%2Fv2%2Fmedia&parent=76561"}],"wp:term":[{"taxonomy":"category","embeddable":true,"href":"https:\/\/kibrisdakik.com\/index.php?rest_route=%2Fwp%2Fv2%2Fcategories&post=76561"},{"taxonomy":"post_tag","embeddable":true,"href":"https:\/\/kibrisdakik.com\/index.php?rest_route=%2Fwp%2Fv2%2Ftags&post=76561"}],"curies":[{"name":"wp","href":"https:\/\/api.w.org\/{rel}","templated":true}]}}