{"id":76575,"date":"2025-02-27T11:56:01","date_gmt":"2025-02-27T08:56:01","guid":{"rendered":"https:\/\/kibrisdakik.com\/index.php\/2025\/02\/27\/cumhurbaskani-tatarhocali-katliaminin-acilari-hala-yureklerimizde-hissediliyor\/"},"modified":"2025-02-27T11:56:01","modified_gmt":"2025-02-27T08:56:01","slug":"cumhurbaskani-tatarhocali-katliaminin-acilari-hala-yureklerimizde-hissediliyor","status":"publish","type":"post","link":"https:\/\/kibrisdakik.com\/?p=76575","title":{"rendered":"Cumhurba\u015fkan\u0131 Tatar:Hocal\u0131 Katliam\u0131\u2019n\u0131n ac\u0131lar\u0131 h\u00e2l\u00e2 y\u00fcreklerimizde hissediliyor"},"content":{"rendered":"<div>\n<div class=\"mariselle-image-container center\">\n                                            <\/div>\n<p>Cumhurba\u015fkan\u0131 Ersin Tatar, Azerbeycan\u2019da ya\u015fanan Hocal\u0131 Katliam\u0131\u2019n\u0131n 33. y\u0131l d\u00f6n\u00fcm\u00fc nedeniyle mesaj yay\u0131mlad\u0131; katliam\u0131n ac\u0131lar\u0131n\u0131n h\u00e2l\u00e2 y\u00fcreklerinde hissettiklerini vurgulad\u0131.<\/p>\n<p>Tatar mesaj\u0131nda, Azerbaycan Cumhurba\u015fkan\u0131 \u0130lham Aliyev ile Azerbaycan halk\u0131na en i\u00e7ten ve en samimi duygular\u0131mla K\u0131br\u0131s T\u00fcrk halk\u0131n\u0131n dayan\u0131\u015fma ve birlikteli\u011fini de iletti.<\/p>\n<p>Cumhurba\u015fkanl\u0131\u011f\u0131\u2019ndan verilen bilgiye g\u00f6re Tatar yay\u0131mlad\u0131\u011f\u0131 yaz\u0131l\u0131 mesaj\u0131nda \u015fu ifadeleri kulland\u0131:<\/p>\n<p>\u201cAzerbeycan\u2019da 26 \u015eubat 1992 tarihinde ya\u015fanan Hocal\u0131 Katliam\u0131n\u0131n 33. y\u0131l\u0131nda hayatlar\u0131n\u0131 kaybedenlerin ac\u0131lar\u0131 hala y\u00fcreklerimizde hissedilmektedir. <\/p>\n<p>\u0130nsanl\u0131k ve d\u00fcnya tarihinde kara bir leke olarak yer alan Hocal\u0131 Katliam\u0131\u2019nda aralar\u0131nda ya\u015fl\u0131lar\u0131n, kad\u0131nlar\u0131n ve \u00e7ocuklar\u0131n da bulundu\u011fu 613 Azerbaycanl\u0131 karde\u015fimiz Ermeni g\u00fc\u00e7leri taraf\u0131ndan vah\u015fice katledilirken, y\u00fczlercesi ka\u00e7\u0131r\u0131lm\u0131\u015f, binlercesi de esir al\u0131nm\u0131\u015ft\u0131r.<\/p>\n<p>Azerbaycanl\u0131 karde\u015flerimizin maruz kald\u0131klar\u0131 soyk\u0131r\u0131m\u0131n ard\u0131ndan 2020 y\u0131l\u0131nda 44 g\u00fcn s\u00fcren \u015fanl\u0131 zaferle Hocal\u0131 ve \u015eusa\u2019n\u0131n da i\u00e7erisinde yer ald\u0131\u011f\u0131 Karaba\u011f yeniden kazan\u0131larak yeni bir d\u00f6nem ba\u015flam\u0131\u015ft\u0131r.<\/p>\n<p>Bu duygu ve d\u00fc\u015f\u00fcncelerle Hocal\u0131 Katliam\u0131\u2019nda hayat\u0131n\u0131 kaybedenleri rahmetle anar, Azerbaycan Cumhurba\u015fkan\u0131 \u0130lham Aliyev ile Azerbaycan halk\u0131na en i\u00e7ten ve en samimi duygular\u0131mla K\u0131br\u0131s T\u00fcrk halk\u0131n\u0131n dayan\u0131\u015fma ve birlikteli\u011fini iletirim.\u201d<\/p>\n<\/p><\/div>\n<p><script async\n                    defer\n                    crossorigin=\"anonymous\"\n                    src=\"https:\/\/connect.facebook.net\/tr_TR\/sdk.js#xfbml=1&#038;version=v3.3\"\n            ><\/script><\/p>\n","protected":false},"excerpt":{"rendered":"<p>Cumhurba\u015fkan\u0131 Ersin Tatar, Azerbeycan\u2019da ya\u015fanan Hocal\u0131 Katliam\u0131\u2019n\u0131n 33. y\u0131l d\u00f6n\u00fcm\u00fc nedeniyle mesaj yay\u0131mlad\u0131; katliam\u0131n ac\u0131lar\u0131n\u0131n h\u00e2l\u00e2 y\u00fcreklerinde hissettiklerini vurgulad\u0131. Tatar mesaj\u0131nda, Azerbaycan Cumhurba\u015fkan\u0131 \u0130lham Aliyev ile Azerbaycan halk\u0131na en i\u00e7ten ve en samimi duygular\u0131mla K\u0131br\u0131s T\u00fcrk halk\u0131n\u0131n dayan\u0131\u015fma ve birlikteli\u011fini de iletti. Cumhurba\u015fkanl\u0131\u011f\u0131\u2019ndan verilen bilgiye g\u00f6re Tatar yay\u0131mlad\u0131\u011f\u0131 yaz\u0131l\u0131 mesaj\u0131nda \u015fu ifadeleri kulland\u0131: \u201cAzerbeycan\u2019da 26<\/p>\n","protected":false},"author":1,"featured_media":75156,"comment_status":"open","ping_status":"open","sticky":false,"template":"","format":"standard","meta":{"footnotes":""},"categories":[81,101],"tags":[],"class_list":["post-76575","post","type-post","status-publish","format-standard","has-post-thumbnail","hentry","category-kibris","category-manset"],"yoast_head":"<!-- This site is optimized with the Yoast SEO plugin v27.4 - https:\/\/yoast.com\/product\/yoast-seo-wordpress\/ -->\n<title>Cumhurba\u015fkan\u0131 Tatar:Hocal\u0131 Katliam\u0131\u2019n\u0131n ac\u0131lar\u0131 h\u00e2l\u00e2 y\u00fcreklerimizde hissediliyor -<\/title>\n<meta name=\"robots\" content=\"index, follow, max-snippet:-1, max-image-preview:large, max-video-preview:-1\" \/>\n<link rel=\"canonical\" href=\"https:\/\/kibrisdakik.com\/?p=76575\" \/>\n<meta property=\"og:locale\" content=\"tr_TR\" \/>\n<meta property=\"og:type\" content=\"article\" \/>\n<meta property=\"og:title\" content=\"Cumhurba\u015fkan\u0131 Tatar:Hocal\u0131 Katliam\u0131\u2019n\u0131n ac\u0131lar\u0131 h\u00e2l\u00e2 y\u00fcreklerimizde hissediliyor -\" \/>\n<meta property=\"og:description\" content=\"Cumhurba\u015fkan\u0131 Ersin Tatar, Azerbeycan\u2019da ya\u015fanan Hocal\u0131 Katliam\u0131\u2019n\u0131n 33. y\u0131l d\u00f6n\u00fcm\u00fc nedeniyle mesaj yay\u0131mlad\u0131; katliam\u0131n ac\u0131lar\u0131n\u0131n h\u00e2l\u00e2 y\u00fcreklerinde hissettiklerini vurgulad\u0131. Tatar mesaj\u0131nda, Azerbaycan Cumhurba\u015fkan\u0131 \u0130lham Aliyev ile Azerbaycan halk\u0131na en i\u00e7ten ve en samimi duygular\u0131mla K\u0131br\u0131s T\u00fcrk halk\u0131n\u0131n dayan\u0131\u015fma ve birlikteli\u011fini de iletti. Cumhurba\u015fkanl\u0131\u011f\u0131\u2019ndan verilen bilgiye g\u00f6re Tatar yay\u0131mlad\u0131\u011f\u0131 yaz\u0131l\u0131 mesaj\u0131nda \u015fu ifadeleri kulland\u0131: \u201cAzerbeycan\u2019da 26\" \/>\n<meta property=\"og:url\" content=\"https:\/\/kibrisdakik.com\/?p=76575\" \/>\n<meta property=\"article:published_time\" content=\"2025-02-27T08:56:01+00:00\" \/>\n<meta property=\"og:image\" content=\"https:\/\/kibrisdakik.com\/wp-content\/uploads\/2025\/02\/ersin-tatar-YAZI-YAZARKEN-1536x900-1-696x408-1-1.jpeg\" \/>\n\t<meta property=\"og:image:width\" content=\"696\" \/>\n\t<meta property=\"og:image:height\" content=\"408\" \/>\n\t<meta property=\"og:image:type\" content=\"image\/jpeg\" \/>\n<meta name=\"author\" content=\"admin\" \/>\n<meta name=\"twitter:card\" content=\"summary_large_image\" \/>\n<meta name=\"twitter:label1\" content=\"Yazan:\" \/>\n\t<meta name=\"twitter:data1\" content=\"admin\" \/>\n\t<meta name=\"twitter:label2\" content=\"Tahmini okuma s\u00fcresi\" \/>\n\t<meta name=\"twitter:data2\" content=\"1 dakika\" \/>\n<script type=\"application\/ld+json\" class=\"yoast-schema-graph\">{\"@context\":\"https:\\\/\\\/schema.org\",\"@graph\":[{\"@type\":\"Article\",\"@id\":\"https:\\\/\\\/kibrisdakik.com\\\/?p=76575#article\",\"isPartOf\":{\"@id\":\"https:\\\/\\\/kibrisdakik.com\\\/?p=76575\"},\"author\":{\"name\":\"admin\",\"@id\":\"https:\\\/\\\/kibrisdakik.com\\\/#\\\/schema\\\/person\\\/9cd9d437bbb44f72b73ba127e06d8e79\"},\"headline\":\"Cumhurba\u015fkan\u0131 Tatar:Hocal\u0131 Katliam\u0131\u2019n\u0131n ac\u0131lar\u0131 h\u00e2l\u00e2 y\u00fcreklerimizde hissediliyor\",\"datePublished\":\"2025-02-27T08:56:01+00:00\",\"mainEntityOfPage\":{\"@id\":\"https:\\\/\\\/kibrisdakik.com\\\/?p=76575\"},\"wordCount\":261,\"commentCount\":0,\"image\":{\"@id\":\"https:\\\/\\\/kibrisdakik.com\\\/?p=76575#primaryimage\"},\"thumbnailUrl\":\"https:\\\/\\\/kibrisdakik.com\\\/wp-content\\\/uploads\\\/2025\\\/02\\\/ersin-tatar-YAZI-YAZARKEN-1536x900-1-696x408-1-1.jpeg\",\"articleSection\":[\"K\u0131br\u0131s\",\"Man\u015fet\"],\"inLanguage\":\"tr\",\"potentialAction\":[{\"@type\":\"CommentAction\",\"name\":\"Comment\",\"target\":[\"https:\\\/\\\/kibrisdakik.com\\\/?p=76575#respond\"]}]},{\"@type\":\"WebPage\",\"@id\":\"https:\\\/\\\/kibrisdakik.com\\\/?p=76575\",\"url\":\"https:\\\/\\\/kibrisdakik.com\\\/?p=76575\",\"name\":\"Cumhurba\u015fkan\u0131 Tatar:Hocal\u0131 Katliam\u0131\u2019n\u0131n ac\u0131lar\u0131 h\u00e2l\u00e2 y\u00fcreklerimizde hissediliyor -\",\"isPartOf\":{\"@id\":\"https:\\\/\\\/kibrisdakik.com\\\/#website\"},\"primaryImageOfPage\":{\"@id\":\"https:\\\/\\\/kibrisdakik.com\\\/?p=76575#primaryimage\"},\"image\":{\"@id\":\"https:\\\/\\\/kibrisdakik.com\\\/?p=76575#primaryimage\"},\"thumbnailUrl\":\"https:\\\/\\\/kibrisdakik.com\\\/wp-content\\\/uploads\\\/2025\\\/02\\\/ersin-tatar-YAZI-YAZARKEN-1536x900-1-696x408-1-1.jpeg\",\"datePublished\":\"2025-02-27T08:56:01+00:00\",\"author\":{\"@id\":\"https:\\\/\\\/kibrisdakik.com\\\/#\\\/schema\\\/person\\\/9cd9d437bbb44f72b73ba127e06d8e79\"},\"breadcrumb\":{\"@id\":\"https:\\\/\\\/kibrisdakik.com\\\/?p=76575#breadcrumb\"},\"inLanguage\":\"tr\",\"potentialAction\":[{\"@type\":\"ReadAction\",\"target\":[\"https:\\\/\\\/kibrisdakik.com\\\/?p=76575\"]}]},{\"@type\":\"ImageObject\",\"inLanguage\":\"tr\",\"@id\":\"https:\\\/\\\/kibrisdakik.com\\\/?p=76575#primaryimage\",\"url\":\"https:\\\/\\\/kibrisdakik.com\\\/wp-content\\\/uploads\\\/2025\\\/02\\\/ersin-tatar-YAZI-YAZARKEN-1536x900-1-696x408-1-1.jpeg\",\"contentUrl\":\"https:\\\/\\\/kibrisdakik.com\\\/wp-content\\\/uploads\\\/2025\\\/02\\\/ersin-tatar-YAZI-YAZARKEN-1536x900-1-696x408-1-1.jpeg\",\"width\":696,\"height\":408},{\"@type\":\"BreadcrumbList\",\"@id\":\"https:\\\/\\\/kibrisdakik.com\\\/?p=76575#breadcrumb\",\"itemListElement\":[{\"@type\":\"ListItem\",\"position\":1,\"name\":\"Home\",\"item\":\"https:\\\/\\\/kibrisdakik.com\\\/\"},{\"@type\":\"ListItem\",\"position\":2,\"name\":\"Cumhurba\u015fkan\u0131 Tatar:Hocal\u0131 Katliam\u0131\u2019n\u0131n ac\u0131lar\u0131 h\u00e2l\u00e2 y\u00fcreklerimizde hissediliyor\"}]},{\"@type\":\"WebSite\",\"@id\":\"https:\\\/\\\/kibrisdakik.com\\\/#website\",\"url\":\"https:\\\/\\\/kibrisdakik.com\\\/\",\"name\":\"\",\"description\":\"Tam vaktinde haber\",\"potentialAction\":[{\"@type\":\"SearchAction\",\"target\":{\"@type\":\"EntryPoint\",\"urlTemplate\":\"https:\\\/\\\/kibrisdakik.com\\\/?s={search_term_string}\"},\"query-input\":{\"@type\":\"PropertyValueSpecification\",\"valueRequired\":true,\"valueName\":\"search_term_string\"}}],\"inLanguage\":\"tr\"},{\"@type\":\"Person\",\"@id\":\"https:\\\/\\\/kibrisdakik.com\\\/#\\\/schema\\\/person\\\/9cd9d437bbb44f72b73ba127e06d8e79\",\"name\":\"admin\",\"image\":{\"@type\":\"ImageObject\",\"inLanguage\":\"tr\",\"@id\":\"https:\\\/\\\/secure.gravatar.com\\\/avatar\\\/ccc17943b9d660506c869530f897617f7cb1c21a4bf30023f252596d83e1f007?s=96&d=mm&r=g\",\"url\":\"https:\\\/\\\/secure.gravatar.com\\\/avatar\\\/ccc17943b9d660506c869530f897617f7cb1c21a4bf30023f252596d83e1f007?s=96&d=mm&r=g\",\"contentUrl\":\"https:\\\/\\\/secure.gravatar.com\\\/avatar\\\/ccc17943b9d660506c869530f897617f7cb1c21a4bf30023f252596d83e1f007?s=96&d=mm&r=g\",\"caption\":\"admin\"},\"sameAs\":[\"https:\\\/\\\/kibrisdakik.com\"],\"url\":\"https:\\\/\\\/kibrisdakik.com\\\/?author=1\"}]}<\/script>\n<!-- \/ Yoast SEO plugin. -->","yoast_head_json":{"title":"Cumhurba\u015fkan\u0131 Tatar:Hocal\u0131 Katliam\u0131\u2019n\u0131n ac\u0131lar\u0131 h\u00e2l\u00e2 y\u00fcreklerimizde hissediliyor -","robots":{"index":"index","follow":"follow","max-snippet":"max-snippet:-1","max-image-preview":"max-image-preview:large","max-video-preview":"max-video-preview:-1"},"canonical":"https:\/\/kibrisdakik.com\/?p=76575","og_locale":"tr_TR","og_type":"article","og_title":"Cumhurba\u015fkan\u0131 Tatar:Hocal\u0131 Katliam\u0131\u2019n\u0131n ac\u0131lar\u0131 h\u00e2l\u00e2 y\u00fcreklerimizde hissediliyor -","og_description":"Cumhurba\u015fkan\u0131 Ersin Tatar, Azerbeycan\u2019da ya\u015fanan Hocal\u0131 Katliam\u0131\u2019n\u0131n 33. y\u0131l d\u00f6n\u00fcm\u00fc nedeniyle mesaj yay\u0131mlad\u0131; katliam\u0131n ac\u0131lar\u0131n\u0131n h\u00e2l\u00e2 y\u00fcreklerinde hissettiklerini vurgulad\u0131. Tatar mesaj\u0131nda, Azerbaycan Cumhurba\u015fkan\u0131 \u0130lham Aliyev ile Azerbaycan halk\u0131na en i\u00e7ten ve en samimi duygular\u0131mla K\u0131br\u0131s T\u00fcrk halk\u0131n\u0131n dayan\u0131\u015fma ve birlikteli\u011fini de iletti. Cumhurba\u015fkanl\u0131\u011f\u0131\u2019ndan verilen bilgiye g\u00f6re Tatar yay\u0131mlad\u0131\u011f\u0131 yaz\u0131l\u0131 mesaj\u0131nda \u015fu ifadeleri kulland\u0131: \u201cAzerbeycan\u2019da 26","og_url":"https:\/\/kibrisdakik.com\/?p=76575","article_published_time":"2025-02-27T08:56:01+00:00","og_image":[{"width":696,"height":408,"url":"https:\/\/kibrisdakik.com\/wp-content\/uploads\/2025\/02\/ersin-tatar-YAZI-YAZARKEN-1536x900-1-696x408-1-1.jpeg","type":"image\/jpeg"}],"author":"admin","twitter_card":"summary_large_image","twitter_misc":{"Yazan:":"admin","Tahmini okuma s\u00fcresi":"1 dakika"},"schema":{"@context":"https:\/\/schema.org","@graph":[{"@type":"Article","@id":"https:\/\/kibrisdakik.com\/?p=76575#article","isPartOf":{"@id":"https:\/\/kibrisdakik.com\/?p=76575"},"author":{"name":"admin","@id":"https:\/\/kibrisdakik.com\/#\/schema\/person\/9cd9d437bbb44f72b73ba127e06d8e79"},"headline":"Cumhurba\u015fkan\u0131 Tatar:Hocal\u0131 Katliam\u0131\u2019n\u0131n ac\u0131lar\u0131 h\u00e2l\u00e2 y\u00fcreklerimizde hissediliyor","datePublished":"2025-02-27T08:56:01+00:00","mainEntityOfPage":{"@id":"https:\/\/kibrisdakik.com\/?p=76575"},"wordCount":261,"commentCount":0,"image":{"@id":"https:\/\/kibrisdakik.com\/?p=76575#primaryimage"},"thumbnailUrl":"https:\/\/kibrisdakik.com\/wp-content\/uploads\/2025\/02\/ersin-tatar-YAZI-YAZARKEN-1536x900-1-696x408-1-1.jpeg","articleSection":["K\u0131br\u0131s","Man\u015fet"],"inLanguage":"tr","potentialAction":[{"@type":"CommentAction","name":"Comment","target":["https:\/\/kibrisdakik.com\/?p=76575#respond"]}]},{"@type":"WebPage","@id":"https:\/\/kibrisdakik.com\/?p=76575","url":"https:\/\/kibrisdakik.com\/?p=76575","name":"Cumhurba\u015fkan\u0131 Tatar:Hocal\u0131 Katliam\u0131\u2019n\u0131n ac\u0131lar\u0131 h\u00e2l\u00e2 y\u00fcreklerimizde hissediliyor -","isPartOf":{"@id":"https:\/\/kibrisdakik.com\/#website"},"primaryImageOfPage":{"@id":"https:\/\/kibrisdakik.com\/?p=76575#primaryimage"},"image":{"@id":"https:\/\/kibrisdakik.com\/?p=76575#primaryimage"},"thumbnailUrl":"https:\/\/kibrisdakik.com\/wp-content\/uploads\/2025\/02\/ersin-tatar-YAZI-YAZARKEN-1536x900-1-696x408-1-1.jpeg","datePublished":"2025-02-27T08:56:01+00:00","author":{"@id":"https:\/\/kibrisdakik.com\/#\/schema\/person\/9cd9d437bbb44f72b73ba127e06d8e79"},"breadcrumb":{"@id":"https:\/\/kibrisdakik.com\/?p=76575#breadcrumb"},"inLanguage":"tr","potentialAction":[{"@type":"ReadAction","target":["https:\/\/kibrisdakik.com\/?p=76575"]}]},{"@type":"ImageObject","inLanguage":"tr","@id":"https:\/\/kibrisdakik.com\/?p=76575#primaryimage","url":"https:\/\/kibrisdakik.com\/wp-content\/uploads\/2025\/02\/ersin-tatar-YAZI-YAZARKEN-1536x900-1-696x408-1-1.jpeg","contentUrl":"https:\/\/kibrisdakik.com\/wp-content\/uploads\/2025\/02\/ersin-tatar-YAZI-YAZARKEN-1536x900-1-696x408-1-1.jpeg","width":696,"height":408},{"@type":"BreadcrumbList","@id":"https:\/\/kibrisdakik.com\/?p=76575#breadcrumb","itemListElement":[{"@type":"ListItem","position":1,"name":"Home","item":"https:\/\/kibrisdakik.com\/"},{"@type":"ListItem","position":2,"name":"Cumhurba\u015fkan\u0131 Tatar:Hocal\u0131 Katliam\u0131\u2019n\u0131n ac\u0131lar\u0131 h\u00e2l\u00e2 y\u00fcreklerimizde hissediliyor"}]},{"@type":"WebSite","@id":"https:\/\/kibrisdakik.com\/#website","url":"https:\/\/kibrisdakik.com\/","name":"","description":"Tam vaktinde haber","potentialAction":[{"@type":"SearchAction","target":{"@type":"EntryPoint","urlTemplate":"https:\/\/kibrisdakik.com\/?s={search_term_string}"},"query-input":{"@type":"PropertyValueSpecification","valueRequired":true,"valueName":"search_term_string"}}],"inLanguage":"tr"},{"@type":"Person","@id":"https:\/\/kibrisdakik.com\/#\/schema\/person\/9cd9d437bbb44f72b73ba127e06d8e79","name":"admin","image":{"@type":"ImageObject","inLanguage":"tr","@id":"https:\/\/secure.gravatar.com\/avatar\/ccc17943b9d660506c869530f897617f7cb1c21a4bf30023f252596d83e1f007?s=96&d=mm&r=g","url":"https:\/\/secure.gravatar.com\/avatar\/ccc17943b9d660506c869530f897617f7cb1c21a4bf30023f252596d83e1f007?s=96&d=mm&r=g","contentUrl":"https:\/\/secure.gravatar.com\/avatar\/ccc17943b9d660506c869530f897617f7cb1c21a4bf30023f252596d83e1f007?s=96&d=mm&r=g","caption":"admin"},"sameAs":["https:\/\/kibrisdakik.com"],"url":"https:\/\/kibrisdakik.com\/?author=1"}]}},"_links":{"self":[{"href":"https:\/\/kibrisdakik.com\/index.php?rest_route=\/wp\/v2\/posts\/76575","targetHints":{"allow":["GET"]}}],"collection":[{"href":"https:\/\/kibrisdakik.com\/index.php?rest_route=\/wp\/v2\/posts"}],"about":[{"href":"https:\/\/kibrisdakik.com\/index.php?rest_route=\/wp\/v2\/types\/post"}],"author":[{"embeddable":true,"href":"https:\/\/kibrisdakik.com\/index.php?rest_route=\/wp\/v2\/users\/1"}],"replies":[{"embeddable":true,"href":"https:\/\/kibrisdakik.com\/index.php?rest_route=%2Fwp%2Fv2%2Fcomments&post=76575"}],"version-history":[{"count":0,"href":"https:\/\/kibrisdakik.com\/index.php?rest_route=\/wp\/v2\/posts\/76575\/revisions"}],"wp:featuredmedia":[{"embeddable":true,"href":"https:\/\/kibrisdakik.com\/index.php?rest_route=\/wp\/v2\/media\/75156"}],"wp:attachment":[{"href":"https:\/\/kibrisdakik.com\/index.php?rest_route=%2Fwp%2Fv2%2Fmedia&parent=76575"}],"wp:term":[{"taxonomy":"category","embeddable":true,"href":"https:\/\/kibrisdakik.com\/index.php?rest_route=%2Fwp%2Fv2%2Fcategories&post=76575"},{"taxonomy":"post_tag","embeddable":true,"href":"https:\/\/kibrisdakik.com\/index.php?rest_route=%2Fwp%2Fv2%2Ftags&post=76575"}],"curies":[{"name":"wp","href":"https:\/\/api.w.org\/{rel}","templated":true}]}}