{"id":76581,"date":"2025-02-27T12:36:37","date_gmt":"2025-02-27T09:36:37","guid":{"rendered":"https:\/\/kibrisdakik.com\/index.php\/2025\/02\/27\/maliye-bakani-berova-28-subat-sivil-savunma-gunu-dolayisiyla-mesaj-yayimladi\/"},"modified":"2025-02-27T12:36:37","modified_gmt":"2025-02-27T09:36:37","slug":"maliye-bakani-berova-28-subat-sivil-savunma-gunu-dolayisiyla-mesaj-yayimladi","status":"publish","type":"post","link":"https:\/\/kibrisdakik.com\/?p=76581","title":{"rendered":"Maliye Bakan\u0131 Berova, \u201828 \u015eubat Sivil Savunma G\u00fcn\u00fc\u2019 dolay\u0131s\u0131yla mesaj yay\u0131mlad\u0131"},"content":{"rendered":"<div>\n<div class=\"mariselle-image-container center\">\n                                            <\/div>\n<p>Maliye Bakan\u0131 Dr. \u00d6zdemir Berova, \u201828 \u015eubat Sivil Savunma G\u00fcn\u00fc\u2019 dolay\u0131s\u0131yla mesaj yay\u0131mlad\u0131.<\/p>\n<p>\u00dclke savunmas\u0131nda vazge\u00e7ilmez bir \u00f6\u011fe olan Sivil Savunma Te\u015fkilat\u0131 Ba\u015fkanl\u0131\u011f\u0131\u2019n\u0131n \u00f6nemine vurgu yapan Maliye Bakan\u0131 Berova mesaj\u0131nda \u015funlar\u0131 kaydetti;<\/p>\n<p>\u201cYaln\u0131zca sava\u015fta de\u011fil, \u0130nsan hayat\u0131n\u0131n ve toplumsal sa\u011fl\u0131\u011f\u0131n risk alt\u0131nda oldu\u011fu, afet ve acil durumlarda, yang\u0131nlarda ve arama kurtarma faaliyetlerinde, halk\u0131n can ve mal kayb\u0131n\u0131 en aza indirme amac\u0131n\u0131 ta\u015f\u0131yan Sivil Savunma; etkili, yeterli, e\u011fitimli ve bilin\u00e7li hizmet sunan, hayat kurtarma g\u00f6revinde, teknolojiyi ve d\u00fcnyay\u0131 yak\u0131ndan takip eden, her olas\u0131l\u0131\u011fa haz\u0131r, her ko\u015fulda aktif, h\u0131zl\u0131 ve sistemli bir \u00e7al\u0131\u015fma mekanizmas\u0131 ile \u00f6nc\u00fc, \u00f6rnek ve topyek\u00fbn savunman\u0131n en \u00f6nemli unsurlar\u0131ndand\u0131r.<\/p>\n<p>Sivil Savunma ayr\u0131ca; her bir bireyin, ailelerin, kurumlar\u0131n ve devletin ortak sorumlulu\u011fudur.<\/p>\n<p>Her birimiz, acil durumlara kar\u015f\u0131 bilin\u00e7li ve haz\u0131rl\u0131kl\u0131 olmal\u0131, olas\u0131 risklerle ba\u015fa \u00e7\u0131kma kapasitemizi art\u0131rmal\u0131, sivil savunma ile ilgili etkin kat\u0131l\u0131m\u0131 sa\u011flayarak y\u00fcksek bir bilin\u00e7 ve fark\u0131ndal\u0131\u011f\u0131m\u0131z\u0131 g\u00fc\u00e7lendirmeli, topyek\u00fbn savunmay\u0131 aktif k\u0131lmal\u0131y\u0131z.<\/p>\n<p>Bu vesileyle Sivil Savunma Te\u015fkilat\u0131 Mensuplar\u0131m\u0131z\u0131n \u2018Sivil Savunma G\u00fcn\u00fc\u2019n\u00fc y\u00fcrekten tebrik eder, y\u00fcr\u00fctmekte olduklar\u0131 \u00e7al\u0131\u015fmalarda ba\u015far\u0131lar dilerim.\u201d<\/p>\n<\/p><\/div>\n<p><script async\n                    defer\n                    crossorigin=\"anonymous\"\n                    src=\"https:\/\/connect.facebook.net\/tr_TR\/sdk.js#xfbml=1&#038;version=v3.3\"\n            ><\/script><\/p>\n","protected":false},"excerpt":{"rendered":"<p>Maliye Bakan\u0131 Dr. \u00d6zdemir Berova, \u201828 \u015eubat Sivil Savunma G\u00fcn\u00fc\u2019 dolay\u0131s\u0131yla mesaj yay\u0131mlad\u0131. \u00dclke savunmas\u0131nda vazge\u00e7ilmez bir \u00f6\u011fe olan Sivil Savunma Te\u015fkilat\u0131 Ba\u015fkanl\u0131\u011f\u0131\u2019n\u0131n \u00f6nemine vurgu yapan Maliye Bakan\u0131 Berova mesaj\u0131nda \u015funlar\u0131 kaydetti; \u201cYaln\u0131zca sava\u015fta de\u011fil, \u0130nsan hayat\u0131n\u0131n ve toplumsal sa\u011fl\u0131\u011f\u0131n risk alt\u0131nda oldu\u011fu, afet ve acil durumlarda, yang\u0131nlarda ve arama kurtarma faaliyetlerinde, halk\u0131n can ve<\/p>\n","protected":false},"author":1,"featured_media":72789,"comment_status":"open","ping_status":"open","sticky":false,"template":"","format":"standard","meta":{"footnotes":""},"categories":[81,101],"tags":[],"class_list":["post-76581","post","type-post","status-publish","format-standard","has-post-thumbnail","hentry","category-kibris","category-manset"],"yoast_head":"<!-- This site is optimized with the Yoast SEO plugin v27.4 - https:\/\/yoast.com\/product\/yoast-seo-wordpress\/ -->\n<title>Maliye Bakan\u0131 Berova, \u201828 \u015eubat Sivil Savunma G\u00fcn\u00fc\u2019 dolay\u0131s\u0131yla mesaj yay\u0131mlad\u0131 -<\/title>\n<meta name=\"robots\" content=\"index, follow, max-snippet:-1, max-image-preview:large, max-video-preview:-1\" \/>\n<link rel=\"canonical\" href=\"https:\/\/kibrisdakik.com\/?p=76581\" \/>\n<meta property=\"og:locale\" content=\"tr_TR\" \/>\n<meta property=\"og:type\" content=\"article\" \/>\n<meta property=\"og:title\" content=\"Maliye Bakan\u0131 Berova, \u201828 \u015eubat Sivil Savunma G\u00fcn\u00fc\u2019 dolay\u0131s\u0131yla mesaj yay\u0131mlad\u0131 -\" \/>\n<meta property=\"og:description\" content=\"Maliye Bakan\u0131 Dr. \u00d6zdemir Berova, \u201828 \u015eubat Sivil Savunma G\u00fcn\u00fc\u2019 dolay\u0131s\u0131yla mesaj yay\u0131mlad\u0131. \u00dclke savunmas\u0131nda vazge\u00e7ilmez bir \u00f6\u011fe olan Sivil Savunma Te\u015fkilat\u0131 Ba\u015fkanl\u0131\u011f\u0131\u2019n\u0131n \u00f6nemine vurgu yapan Maliye Bakan\u0131 Berova mesaj\u0131nda \u015funlar\u0131 kaydetti; \u201cYaln\u0131zca sava\u015fta de\u011fil, \u0130nsan hayat\u0131n\u0131n ve toplumsal sa\u011fl\u0131\u011f\u0131n risk alt\u0131nda oldu\u011fu, afet ve acil durumlarda, yang\u0131nlarda ve arama kurtarma faaliyetlerinde, halk\u0131n can ve\" \/>\n<meta property=\"og:url\" content=\"https:\/\/kibrisdakik.com\/?p=76581\" \/>\n<meta property=\"article:published_time\" content=\"2025-02-27T09:36:37+00:00\" \/>\n<meta property=\"og:image\" content=\"https:\/\/kibrisdakik.com\/wp-content\/uploads\/2025\/01\/1735738432203MALIYE-BAKANI-BEROVA-REGAIP-KANDILI-MUNASEBETIYLE-MESAJ-YAYINLADI-740x420.jpeg\" \/>\n\t<meta property=\"og:image:width\" content=\"1024\" \/>\n\t<meta property=\"og:image:height\" content=\"748\" \/>\n\t<meta property=\"og:image:type\" content=\"image\/jpeg\" \/>\n<meta name=\"author\" content=\"admin\" \/>\n<meta name=\"twitter:card\" content=\"summary_large_image\" \/>\n<meta name=\"twitter:label1\" content=\"Yazan:\" \/>\n\t<meta name=\"twitter:data1\" content=\"admin\" \/>\n\t<meta name=\"twitter:label2\" content=\"Tahmini okuma s\u00fcresi\" \/>\n\t<meta name=\"twitter:data2\" content=\"1 dakika\" \/>\n<script type=\"application\/ld+json\" class=\"yoast-schema-graph\">{\"@context\":\"https:\\\/\\\/schema.org\",\"@graph\":[{\"@type\":\"Article\",\"@id\":\"https:\\\/\\\/kibrisdakik.com\\\/?p=76581#article\",\"isPartOf\":{\"@id\":\"https:\\\/\\\/kibrisdakik.com\\\/?p=76581\"},\"author\":{\"name\":\"admin\",\"@id\":\"https:\\\/\\\/kibrisdakik.com\\\/#\\\/schema\\\/person\\\/9cd9d437bbb44f72b73ba127e06d8e79\"},\"headline\":\"Maliye Bakan\u0131 Berova, \u201828 \u015eubat Sivil Savunma G\u00fcn\u00fc\u2019 dolay\u0131s\u0131yla mesaj yay\u0131mlad\u0131\",\"datePublished\":\"2025-02-27T09:36:37+00:00\",\"mainEntityOfPage\":{\"@id\":\"https:\\\/\\\/kibrisdakik.com\\\/?p=76581\"},\"wordCount\":247,\"commentCount\":0,\"image\":{\"@id\":\"https:\\\/\\\/kibrisdakik.com\\\/?p=76581#primaryimage\"},\"thumbnailUrl\":\"https:\\\/\\\/kibrisdakik.com\\\/wp-content\\\/uploads\\\/2025\\\/01\\\/1735738432203MALIYE-BAKANI-BEROVA-REGAIP-KANDILI-MUNASEBETIYLE-MESAJ-YAYINLADI-740x420.jpeg\",\"articleSection\":[\"K\u0131br\u0131s\",\"Man\u015fet\"],\"inLanguage\":\"tr\",\"potentialAction\":[{\"@type\":\"CommentAction\",\"name\":\"Comment\",\"target\":[\"https:\\\/\\\/kibrisdakik.com\\\/?p=76581#respond\"]}]},{\"@type\":\"WebPage\",\"@id\":\"https:\\\/\\\/kibrisdakik.com\\\/?p=76581\",\"url\":\"https:\\\/\\\/kibrisdakik.com\\\/?p=76581\",\"name\":\"Maliye Bakan\u0131 Berova, \u201828 \u015eubat Sivil Savunma G\u00fcn\u00fc\u2019 dolay\u0131s\u0131yla mesaj yay\u0131mlad\u0131 -\",\"isPartOf\":{\"@id\":\"https:\\\/\\\/kibrisdakik.com\\\/#website\"},\"primaryImageOfPage\":{\"@id\":\"https:\\\/\\\/kibrisdakik.com\\\/?p=76581#primaryimage\"},\"image\":{\"@id\":\"https:\\\/\\\/kibrisdakik.com\\\/?p=76581#primaryimage\"},\"thumbnailUrl\":\"https:\\\/\\\/kibrisdakik.com\\\/wp-content\\\/uploads\\\/2025\\\/01\\\/1735738432203MALIYE-BAKANI-BEROVA-REGAIP-KANDILI-MUNASEBETIYLE-MESAJ-YAYINLADI-740x420.jpeg\",\"datePublished\":\"2025-02-27T09:36:37+00:00\",\"author\":{\"@id\":\"https:\\\/\\\/kibrisdakik.com\\\/#\\\/schema\\\/person\\\/9cd9d437bbb44f72b73ba127e06d8e79\"},\"breadcrumb\":{\"@id\":\"https:\\\/\\\/kibrisdakik.com\\\/?p=76581#breadcrumb\"},\"inLanguage\":\"tr\",\"potentialAction\":[{\"@type\":\"ReadAction\",\"target\":[\"https:\\\/\\\/kibrisdakik.com\\\/?p=76581\"]}]},{\"@type\":\"ImageObject\",\"inLanguage\":\"tr\",\"@id\":\"https:\\\/\\\/kibrisdakik.com\\\/?p=76581#primaryimage\",\"url\":\"https:\\\/\\\/kibrisdakik.com\\\/wp-content\\\/uploads\\\/2025\\\/01\\\/1735738432203MALIYE-BAKANI-BEROVA-REGAIP-KANDILI-MUNASEBETIYLE-MESAJ-YAYINLADI-740x420.jpeg\",\"contentUrl\":\"https:\\\/\\\/kibrisdakik.com\\\/wp-content\\\/uploads\\\/2025\\\/01\\\/1735738432203MALIYE-BAKANI-BEROVA-REGAIP-KANDILI-MUNASEBETIYLE-MESAJ-YAYINLADI-740x420.jpeg\",\"width\":1024,\"height\":748},{\"@type\":\"BreadcrumbList\",\"@id\":\"https:\\\/\\\/kibrisdakik.com\\\/?p=76581#breadcrumb\",\"itemListElement\":[{\"@type\":\"ListItem\",\"position\":1,\"name\":\"Home\",\"item\":\"https:\\\/\\\/kibrisdakik.com\\\/\"},{\"@type\":\"ListItem\",\"position\":2,\"name\":\"Maliye Bakan\u0131 Berova, \u201828 \u015eubat Sivil Savunma G\u00fcn\u00fc\u2019 dolay\u0131s\u0131yla mesaj yay\u0131mlad\u0131\"}]},{\"@type\":\"WebSite\",\"@id\":\"https:\\\/\\\/kibrisdakik.com\\\/#website\",\"url\":\"https:\\\/\\\/kibrisdakik.com\\\/\",\"name\":\"\",\"description\":\"Tam vaktinde haber\",\"potentialAction\":[{\"@type\":\"SearchAction\",\"target\":{\"@type\":\"EntryPoint\",\"urlTemplate\":\"https:\\\/\\\/kibrisdakik.com\\\/?s={search_term_string}\"},\"query-input\":{\"@type\":\"PropertyValueSpecification\",\"valueRequired\":true,\"valueName\":\"search_term_string\"}}],\"inLanguage\":\"tr\"},{\"@type\":\"Person\",\"@id\":\"https:\\\/\\\/kibrisdakik.com\\\/#\\\/schema\\\/person\\\/9cd9d437bbb44f72b73ba127e06d8e79\",\"name\":\"admin\",\"image\":{\"@type\":\"ImageObject\",\"inLanguage\":\"tr\",\"@id\":\"https:\\\/\\\/secure.gravatar.com\\\/avatar\\\/ccc17943b9d660506c869530f897617f7cb1c21a4bf30023f252596d83e1f007?s=96&d=mm&r=g\",\"url\":\"https:\\\/\\\/secure.gravatar.com\\\/avatar\\\/ccc17943b9d660506c869530f897617f7cb1c21a4bf30023f252596d83e1f007?s=96&d=mm&r=g\",\"contentUrl\":\"https:\\\/\\\/secure.gravatar.com\\\/avatar\\\/ccc17943b9d660506c869530f897617f7cb1c21a4bf30023f252596d83e1f007?s=96&d=mm&r=g\",\"caption\":\"admin\"},\"sameAs\":[\"https:\\\/\\\/kibrisdakik.com\"],\"url\":\"https:\\\/\\\/kibrisdakik.com\\\/?author=1\"}]}<\/script>\n<!-- \/ Yoast SEO plugin. -->","yoast_head_json":{"title":"Maliye Bakan\u0131 Berova, \u201828 \u015eubat Sivil Savunma G\u00fcn\u00fc\u2019 dolay\u0131s\u0131yla mesaj yay\u0131mlad\u0131 -","robots":{"index":"index","follow":"follow","max-snippet":"max-snippet:-1","max-image-preview":"max-image-preview:large","max-video-preview":"max-video-preview:-1"},"canonical":"https:\/\/kibrisdakik.com\/?p=76581","og_locale":"tr_TR","og_type":"article","og_title":"Maliye Bakan\u0131 Berova, \u201828 \u015eubat Sivil Savunma G\u00fcn\u00fc\u2019 dolay\u0131s\u0131yla mesaj yay\u0131mlad\u0131 -","og_description":"Maliye Bakan\u0131 Dr. \u00d6zdemir Berova, \u201828 \u015eubat Sivil Savunma G\u00fcn\u00fc\u2019 dolay\u0131s\u0131yla mesaj yay\u0131mlad\u0131. \u00dclke savunmas\u0131nda vazge\u00e7ilmez bir \u00f6\u011fe olan Sivil Savunma Te\u015fkilat\u0131 Ba\u015fkanl\u0131\u011f\u0131\u2019n\u0131n \u00f6nemine vurgu yapan Maliye Bakan\u0131 Berova mesaj\u0131nda \u015funlar\u0131 kaydetti; \u201cYaln\u0131zca sava\u015fta de\u011fil, \u0130nsan hayat\u0131n\u0131n ve toplumsal sa\u011fl\u0131\u011f\u0131n risk alt\u0131nda oldu\u011fu, afet ve acil durumlarda, yang\u0131nlarda ve arama kurtarma faaliyetlerinde, halk\u0131n can ve","og_url":"https:\/\/kibrisdakik.com\/?p=76581","article_published_time":"2025-02-27T09:36:37+00:00","og_image":[{"width":1024,"height":748,"url":"https:\/\/kibrisdakik.com\/wp-content\/uploads\/2025\/01\/1735738432203MALIYE-BAKANI-BEROVA-REGAIP-KANDILI-MUNASEBETIYLE-MESAJ-YAYINLADI-740x420.jpeg","type":"image\/jpeg"}],"author":"admin","twitter_card":"summary_large_image","twitter_misc":{"Yazan:":"admin","Tahmini okuma s\u00fcresi":"1 dakika"},"schema":{"@context":"https:\/\/schema.org","@graph":[{"@type":"Article","@id":"https:\/\/kibrisdakik.com\/?p=76581#article","isPartOf":{"@id":"https:\/\/kibrisdakik.com\/?p=76581"},"author":{"name":"admin","@id":"https:\/\/kibrisdakik.com\/#\/schema\/person\/9cd9d437bbb44f72b73ba127e06d8e79"},"headline":"Maliye Bakan\u0131 Berova, \u201828 \u015eubat Sivil Savunma G\u00fcn\u00fc\u2019 dolay\u0131s\u0131yla mesaj yay\u0131mlad\u0131","datePublished":"2025-02-27T09:36:37+00:00","mainEntityOfPage":{"@id":"https:\/\/kibrisdakik.com\/?p=76581"},"wordCount":247,"commentCount":0,"image":{"@id":"https:\/\/kibrisdakik.com\/?p=76581#primaryimage"},"thumbnailUrl":"https:\/\/kibrisdakik.com\/wp-content\/uploads\/2025\/01\/1735738432203MALIYE-BAKANI-BEROVA-REGAIP-KANDILI-MUNASEBETIYLE-MESAJ-YAYINLADI-740x420.jpeg","articleSection":["K\u0131br\u0131s","Man\u015fet"],"inLanguage":"tr","potentialAction":[{"@type":"CommentAction","name":"Comment","target":["https:\/\/kibrisdakik.com\/?p=76581#respond"]}]},{"@type":"WebPage","@id":"https:\/\/kibrisdakik.com\/?p=76581","url":"https:\/\/kibrisdakik.com\/?p=76581","name":"Maliye Bakan\u0131 Berova, \u201828 \u015eubat Sivil Savunma G\u00fcn\u00fc\u2019 dolay\u0131s\u0131yla mesaj yay\u0131mlad\u0131 -","isPartOf":{"@id":"https:\/\/kibrisdakik.com\/#website"},"primaryImageOfPage":{"@id":"https:\/\/kibrisdakik.com\/?p=76581#primaryimage"},"image":{"@id":"https:\/\/kibrisdakik.com\/?p=76581#primaryimage"},"thumbnailUrl":"https:\/\/kibrisdakik.com\/wp-content\/uploads\/2025\/01\/1735738432203MALIYE-BAKANI-BEROVA-REGAIP-KANDILI-MUNASEBETIYLE-MESAJ-YAYINLADI-740x420.jpeg","datePublished":"2025-02-27T09:36:37+00:00","author":{"@id":"https:\/\/kibrisdakik.com\/#\/schema\/person\/9cd9d437bbb44f72b73ba127e06d8e79"},"breadcrumb":{"@id":"https:\/\/kibrisdakik.com\/?p=76581#breadcrumb"},"inLanguage":"tr","potentialAction":[{"@type":"ReadAction","target":["https:\/\/kibrisdakik.com\/?p=76581"]}]},{"@type":"ImageObject","inLanguage":"tr","@id":"https:\/\/kibrisdakik.com\/?p=76581#primaryimage","url":"https:\/\/kibrisdakik.com\/wp-content\/uploads\/2025\/01\/1735738432203MALIYE-BAKANI-BEROVA-REGAIP-KANDILI-MUNASEBETIYLE-MESAJ-YAYINLADI-740x420.jpeg","contentUrl":"https:\/\/kibrisdakik.com\/wp-content\/uploads\/2025\/01\/1735738432203MALIYE-BAKANI-BEROVA-REGAIP-KANDILI-MUNASEBETIYLE-MESAJ-YAYINLADI-740x420.jpeg","width":1024,"height":748},{"@type":"BreadcrumbList","@id":"https:\/\/kibrisdakik.com\/?p=76581#breadcrumb","itemListElement":[{"@type":"ListItem","position":1,"name":"Home","item":"https:\/\/kibrisdakik.com\/"},{"@type":"ListItem","position":2,"name":"Maliye Bakan\u0131 Berova, \u201828 \u015eubat Sivil Savunma G\u00fcn\u00fc\u2019 dolay\u0131s\u0131yla mesaj yay\u0131mlad\u0131"}]},{"@type":"WebSite","@id":"https:\/\/kibrisdakik.com\/#website","url":"https:\/\/kibrisdakik.com\/","name":"","description":"Tam vaktinde haber","potentialAction":[{"@type":"SearchAction","target":{"@type":"EntryPoint","urlTemplate":"https:\/\/kibrisdakik.com\/?s={search_term_string}"},"query-input":{"@type":"PropertyValueSpecification","valueRequired":true,"valueName":"search_term_string"}}],"inLanguage":"tr"},{"@type":"Person","@id":"https:\/\/kibrisdakik.com\/#\/schema\/person\/9cd9d437bbb44f72b73ba127e06d8e79","name":"admin","image":{"@type":"ImageObject","inLanguage":"tr","@id":"https:\/\/secure.gravatar.com\/avatar\/ccc17943b9d660506c869530f897617f7cb1c21a4bf30023f252596d83e1f007?s=96&d=mm&r=g","url":"https:\/\/secure.gravatar.com\/avatar\/ccc17943b9d660506c869530f897617f7cb1c21a4bf30023f252596d83e1f007?s=96&d=mm&r=g","contentUrl":"https:\/\/secure.gravatar.com\/avatar\/ccc17943b9d660506c869530f897617f7cb1c21a4bf30023f252596d83e1f007?s=96&d=mm&r=g","caption":"admin"},"sameAs":["https:\/\/kibrisdakik.com"],"url":"https:\/\/kibrisdakik.com\/?author=1"}]}},"_links":{"self":[{"href":"https:\/\/kibrisdakik.com\/index.php?rest_route=\/wp\/v2\/posts\/76581","targetHints":{"allow":["GET"]}}],"collection":[{"href":"https:\/\/kibrisdakik.com\/index.php?rest_route=\/wp\/v2\/posts"}],"about":[{"href":"https:\/\/kibrisdakik.com\/index.php?rest_route=\/wp\/v2\/types\/post"}],"author":[{"embeddable":true,"href":"https:\/\/kibrisdakik.com\/index.php?rest_route=\/wp\/v2\/users\/1"}],"replies":[{"embeddable":true,"href":"https:\/\/kibrisdakik.com\/index.php?rest_route=%2Fwp%2Fv2%2Fcomments&post=76581"}],"version-history":[{"count":0,"href":"https:\/\/kibrisdakik.com\/index.php?rest_route=\/wp\/v2\/posts\/76581\/revisions"}],"wp:featuredmedia":[{"embeddable":true,"href":"https:\/\/kibrisdakik.com\/index.php?rest_route=\/wp\/v2\/media\/72789"}],"wp:attachment":[{"href":"https:\/\/kibrisdakik.com\/index.php?rest_route=%2Fwp%2Fv2%2Fmedia&parent=76581"}],"wp:term":[{"taxonomy":"category","embeddable":true,"href":"https:\/\/kibrisdakik.com\/index.php?rest_route=%2Fwp%2Fv2%2Fcategories&post=76581"},{"taxonomy":"post_tag","embeddable":true,"href":"https:\/\/kibrisdakik.com\/index.php?rest_route=%2Fwp%2Fv2%2Ftags&post=76581"}],"curies":[{"name":"wp","href":"https:\/\/api.w.org\/{rel}","templated":true}]}}