{"id":76594,"date":"2025-02-27T16:43:47","date_gmt":"2025-02-27T13:43:47","guid":{"rendered":"https:\/\/kibrisdakik.com\/?p=76594"},"modified":"2025-02-27T16:43:47","modified_gmt":"2025-02-27T13:43:47","slug":"saglikta-kalite-standartlari-egitiminin-bir-asamasi-daha-tamamlandi-dincyureksaglikta-kalite-yonetimi-konusunda-onemli-bir-asamaya-gelindi","status":"publish","type":"post","link":"https:\/\/kibrisdakik.com\/?p=76594","title":{"rendered":"Sa\u011fl\u0131kta kalite standartlar\u0131 e\u011fitiminin bir a\u015famas\u0131 daha tamamland\u0131.. Din\u00e7y\u00fcrek:Sa\u011fl\u0131kta kalite y\u00f6netimi konusunda \u00f6nemli bir a\u015famaya gelindi"},"content":{"rendered":"<p><\/p>\n<div>\n<div class=\"mariselle-image-container center\">\n                <img loading=\"lazy\" decoding=\"async\" width=\"1600\" height=\"1200\" class=\"lazy-image\" alt=\"\" sizes=\"auto, (max-width: 1600px) 100vw, 1600px\" src=\"https:\/\/brtk.net\/wp-content\/uploads\/2025\/02\/27\/llkl.jpg?ver=85bc6b4f1decb98b381501c5c2b5360f\" srcset=\"https:\/\/brtk.net\/wp-content\/uploads\/2025\/02\/27\/llkl.jpg?ver=85bc6b4f1decb98b381501c5c2b5360f 1600w, https:\/\/brtk.net\/wp-content\/uploads\/2025\/02\/27\/llkl-300x225.jpg?ver=85bc6b4f1decb98b381501c5c2b5360f 300w, https:\/\/brtk.net\/wp-content\/uploads\/2025\/02\/27\/llkl-1024x768.jpg?ver=85bc6b4f1decb98b381501c5c2b5360f 1024w, https:\/\/brtk.net\/wp-content\/uploads\/2025\/02\/27\/llkl-768x576.jpg?ver=630c5a0adc9ac99eb8252ef0ba4138a3 768w, https:\/\/brtk.net\/wp-content\/uploads\/2025\/02\/27\/llkl-1536x1152.jpg?ver=630c5a0adc9ac99eb8252ef0ba4138a3 1536w\"\/>                            <\/div>\n<p>Sa\u011fl\u0131k Bakanl\u0131\u011f\u0131 ile T\u00fcrkiye Cumhuriyeti Sa\u011fl\u0131k Bakanl\u0131\u011f\u0131\u2019n\u0131n ortakla\u015fa y\u00fcr\u00fctt\u00fc\u011f\u00fc proje kapsam\u0131nda, sa\u011fl\u0131k hizmetlerinde kalite standartlar\u0131n\u0131n belirlenmesi ve uygulanmas\u0131 amac\u0131yla y\u00fcr\u00fct\u00fclen e\u011fitim s\u00fcrecinin bir etab\u0131 daha tamamland\u0131.<\/p>\n<p>Sa\u011fl\u0131k Bakan\u0131 Dr. Hakan Din\u00e7y\u00fcrek, T\u00fcrkiye Cumhuriyeti Sa\u011fl\u0131k Bakanl\u0131\u011f\u0131\u2019ndan g\u00f6revlendirilen \u00fcst d\u00fczey yetkililerle birlikte ger\u00e7ekle\u015ftirilen toplant\u0131n\u0131n ard\u0131ndan yapt\u0131\u011f\u0131 a\u00e7\u0131klamada, sa\u011fl\u0131kta kalite y\u00f6netimi konusunda \u00f6nemli bir a\u015famaya gelindi\u011fini belirtti. <\/p>\n<p>E\u011fitim s\u00fcrecinin, ba\u015flang\u0131\u00e7ta \u00e7evrim i\u00e7i yap\u0131lan g\u00f6r\u00fc\u015fmelerle ba\u015flad\u0131\u011f\u0131n\u0131 ifade eden Din\u00e7y\u00fcrek, haz\u0131rl\u0131k \u00e7al\u0131\u015fmalar\u0131n\u0131n ard\u0131ndan T\u00fcrkiye\u2019den gelen bilim insanlar\u0131 ve y\u00f6neticilerin kat\u0131l\u0131m\u0131yla d\u00f6rt g\u00fcnd\u00fcr sa\u011fl\u0131kta kalite y\u00f6netiminin seminerler ve sahada y\u00fcr\u00fct\u00fclen inceleme \u00e7al\u0131\u015fmalar\u0131yla devam etti\u011fini s\u00f6yledi.<\/p>\n<p>Bakan Din\u00e7y\u00fcrek, hasta g\u00fcvenli\u011fini \u00f6n planda tutan sa\u011fl\u0131kta kalite y\u00f6netimi k\u0131lavuzu olu\u015fturulmas\u0131 i\u00e7in h\u0131zl\u0131 ad\u0131mlar at\u0131ld\u0131\u011f\u0131n\u0131 vurgulad\u0131. Ayr\u0131ca, iki hafta i\u00e7inde Ankara\u2019da teknik d\u00fczeyde toplant\u0131lar\u0131n devam edece\u011fini ve burada yap\u0131lan \u00e7al\u0131\u015fmalar\u0131n raporlanarak somut bir yol haritas\u0131 ile takvimlendirilmesi a\u015famas\u0131na ge\u00e7ilece\u011fini dile getirdi.<\/p>\n<p>Sa\u011fl\u0131k hizmetlerinde g\u00f6rev, yetki ve sorumluluklar\u0131n netle\u015fece\u011fi, hizmet ak\u0131\u015f\u0131n\u0131n belirginle\u015fece\u011fi bir sistemin olu\u015fturulmas\u0131 i\u00e7in \u00f6nemli bir s\u00fcre\u00e7ten ge\u00e7ildi\u011fini belirten Din\u00e7y\u00fcrek, projeye sunduklar\u0131 destekten dolay\u0131 T\u00fcrkiye Cumhuriyeti Sa\u011fl\u0131k Bakan\u0131 Kemal Memi\u015fo\u011flu\u2019na te\u015fekk\u00fcr etti.<\/p>\n<p>Toplant\u0131n\u0131n ard\u0131ndan e\u011fitim s\u00fcrecinde g\u00f6rev alan uzman ekibe, katk\u0131lar\u0131ndan dolay\u0131 Sa\u011fl\u0131k Bakan\u0131 Dr. Hakan Din\u00e7y\u00fcrek taraf\u0131ndan te\u015fekk\u00fcr plaketi takdim edildi.<\/p>\n<\/p><\/div>\n<p><script async\n                    defer\n                    crossorigin=\"anonymous\"\n                    src=\"https:\/\/connect.facebook.net\/tr_TR\/sdk.js#xfbml=1&#038;version=v3.3\"\n            ><\/script><\/p>\n","protected":false},"excerpt":{"rendered":"<p>Sa\u011fl\u0131k Bakanl\u0131\u011f\u0131 ile T\u00fcrkiye Cumhuriyeti Sa\u011fl\u0131k Bakanl\u0131\u011f\u0131\u2019n\u0131n ortakla\u015fa y\u00fcr\u00fctt\u00fc\u011f\u00fc proje kapsam\u0131nda, sa\u011fl\u0131k hizmetlerinde kalite standartlar\u0131n\u0131n belirlenmesi ve uygulanmas\u0131 amac\u0131yla y\u00fcr\u00fct\u00fclen e\u011fitim s\u00fcrecinin bir etab\u0131 daha tamamland\u0131. Sa\u011fl\u0131k Bakan\u0131 Dr. Hakan Din\u00e7y\u00fcrek, T\u00fcrkiye Cumhuriyeti Sa\u011fl\u0131k Bakanl\u0131\u011f\u0131\u2019ndan g\u00f6revlendirilen \u00fcst d\u00fczey yetkililerle birlikte ger\u00e7ekle\u015ftirilen toplant\u0131n\u0131n ard\u0131ndan yapt\u0131\u011f\u0131 a\u00e7\u0131klamada, sa\u011fl\u0131kta kalite y\u00f6netimi konusunda \u00f6nemli bir a\u015famaya gelindi\u011fini belirtti. E\u011fitim<\/p>\n","protected":false},"author":1,"featured_media":76595,"comment_status":"open","ping_status":"open","sticky":false,"template":"","format":"standard","meta":{"footnotes":""},"categories":[1],"tags":[],"class_list":["post-76594","post","type-post","status-publish","format-standard","has-post-thumbnail","hentry","category-gundem"],"yoast_head":"<!-- This site is optimized with the Yoast SEO plugin v27.5 - https:\/\/yoast.com\/product\/yoast-seo-wordpress\/ -->\n<title>Sa\u011fl\u0131kta kalite standartlar\u0131 e\u011fitiminin bir a\u015famas\u0131 daha tamamland\u0131.. Din\u00e7y\u00fcrek:Sa\u011fl\u0131kta kalite y\u00f6netimi konusunda \u00f6nemli bir a\u015famaya gelindi -<\/title>\n<meta name=\"robots\" content=\"index, follow, max-snippet:-1, max-image-preview:large, max-video-preview:-1\" \/>\n<link rel=\"canonical\" href=\"https:\/\/kibrisdakik.com\/?p=76594\" \/>\n<meta property=\"og:locale\" content=\"tr_TR\" \/>\n<meta property=\"og:type\" content=\"article\" \/>\n<meta property=\"og:title\" content=\"Sa\u011fl\u0131kta kalite standartlar\u0131 e\u011fitiminin bir a\u015famas\u0131 daha tamamland\u0131.. Din\u00e7y\u00fcrek:Sa\u011fl\u0131kta kalite y\u00f6netimi konusunda \u00f6nemli bir a\u015famaya gelindi -\" \/>\n<meta property=\"og:description\" content=\"Sa\u011fl\u0131k Bakanl\u0131\u011f\u0131 ile T\u00fcrkiye Cumhuriyeti Sa\u011fl\u0131k Bakanl\u0131\u011f\u0131\u2019n\u0131n ortakla\u015fa y\u00fcr\u00fctt\u00fc\u011f\u00fc proje kapsam\u0131nda, sa\u011fl\u0131k hizmetlerinde kalite standartlar\u0131n\u0131n belirlenmesi ve uygulanmas\u0131 amac\u0131yla y\u00fcr\u00fct\u00fclen e\u011fitim s\u00fcrecinin bir etab\u0131 daha tamamland\u0131. Sa\u011fl\u0131k Bakan\u0131 Dr. Hakan Din\u00e7y\u00fcrek, T\u00fcrkiye Cumhuriyeti Sa\u011fl\u0131k Bakanl\u0131\u011f\u0131\u2019ndan g\u00f6revlendirilen \u00fcst d\u00fczey yetkililerle birlikte ger\u00e7ekle\u015ftirilen toplant\u0131n\u0131n ard\u0131ndan yapt\u0131\u011f\u0131 a\u00e7\u0131klamada, sa\u011fl\u0131kta kalite y\u00f6netimi konusunda \u00f6nemli bir a\u015famaya gelindi\u011fini belirtti. E\u011fitim\" \/>\n<meta property=\"og:url\" content=\"https:\/\/kibrisdakik.com\/?p=76594\" \/>\n<meta property=\"article:published_time\" content=\"2025-02-27T13:43:47+00:00\" \/>\n<meta property=\"og:image\" content=\"https:\/\/kibrisdakik.com\/wp-content\/uploads\/2025\/02\/llkl-740x420.jpg\" \/>\n\t<meta property=\"og:image:width\" content=\"1600\" \/>\n\t<meta property=\"og:image:height\" content=\"1200\" \/>\n\t<meta property=\"og:image:type\" content=\"image\/jpeg\" \/>\n<meta name=\"author\" content=\"admin\" \/>\n<meta name=\"twitter:card\" content=\"summary_large_image\" \/>\n<meta name=\"twitter:label1\" content=\"Yazan:\" \/>\n\t<meta name=\"twitter:data1\" content=\"admin\" \/>\n\t<meta name=\"twitter:label2\" content=\"Tahmini okuma s\u00fcresi\" \/>\n\t<meta name=\"twitter:data2\" content=\"2 dakika\" \/>\n<script type=\"application\/ld+json\" class=\"yoast-schema-graph\">{\"@context\":\"https:\\\/\\\/schema.org\",\"@graph\":[{\"@type\":\"Article\",\"@id\":\"https:\\\/\\\/kibrisdakik.com\\\/?p=76594#article\",\"isPartOf\":{\"@id\":\"https:\\\/\\\/kibrisdakik.com\\\/?p=76594\"},\"author\":{\"name\":\"admin\",\"@id\":\"https:\\\/\\\/kibrisdakik.com\\\/#\\\/schema\\\/person\\\/9cd9d437bbb44f72b73ba127e06d8e79\"},\"headline\":\"Sa\u011fl\u0131kta kalite standartlar\u0131 e\u011fitiminin bir a\u015famas\u0131 daha tamamland\u0131.. Din\u00e7y\u00fcrek:Sa\u011fl\u0131kta kalite y\u00f6netimi konusunda \u00f6nemli bir a\u015famaya gelindi\",\"datePublished\":\"2025-02-27T13:43:47+00:00\",\"mainEntityOfPage\":{\"@id\":\"https:\\\/\\\/kibrisdakik.com\\\/?p=76594\"},\"wordCount\":358,\"commentCount\":0,\"image\":{\"@id\":\"https:\\\/\\\/kibrisdakik.com\\\/?p=76594#primaryimage\"},\"thumbnailUrl\":\"https:\\\/\\\/kibrisdakik.com\\\/wp-content\\\/uploads\\\/2025\\\/02\\\/llkl-740x420.jpg\",\"articleSection\":[\"G\u00fcndem\"],\"inLanguage\":\"tr\",\"potentialAction\":[{\"@type\":\"CommentAction\",\"name\":\"Comment\",\"target\":[\"https:\\\/\\\/kibrisdakik.com\\\/?p=76594#respond\"]}]},{\"@type\":\"WebPage\",\"@id\":\"https:\\\/\\\/kibrisdakik.com\\\/?p=76594\",\"url\":\"https:\\\/\\\/kibrisdakik.com\\\/?p=76594\",\"name\":\"Sa\u011fl\u0131kta kalite standartlar\u0131 e\u011fitiminin bir a\u015famas\u0131 daha tamamland\u0131.. Din\u00e7y\u00fcrek:Sa\u011fl\u0131kta kalite y\u00f6netimi konusunda \u00f6nemli bir a\u015famaya gelindi -\",\"isPartOf\":{\"@id\":\"https:\\\/\\\/kibrisdakik.com\\\/#website\"},\"primaryImageOfPage\":{\"@id\":\"https:\\\/\\\/kibrisdakik.com\\\/?p=76594#primaryimage\"},\"image\":{\"@id\":\"https:\\\/\\\/kibrisdakik.com\\\/?p=76594#primaryimage\"},\"thumbnailUrl\":\"https:\\\/\\\/kibrisdakik.com\\\/wp-content\\\/uploads\\\/2025\\\/02\\\/llkl-740x420.jpg\",\"datePublished\":\"2025-02-27T13:43:47+00:00\",\"author\":{\"@id\":\"https:\\\/\\\/kibrisdakik.com\\\/#\\\/schema\\\/person\\\/9cd9d437bbb44f72b73ba127e06d8e79\"},\"breadcrumb\":{\"@id\":\"https:\\\/\\\/kibrisdakik.com\\\/?p=76594#breadcrumb\"},\"inLanguage\":\"tr\",\"potentialAction\":[{\"@type\":\"ReadAction\",\"target\":[\"https:\\\/\\\/kibrisdakik.com\\\/?p=76594\"]}]},{\"@type\":\"ImageObject\",\"inLanguage\":\"tr\",\"@id\":\"https:\\\/\\\/kibrisdakik.com\\\/?p=76594#primaryimage\",\"url\":\"https:\\\/\\\/kibrisdakik.com\\\/wp-content\\\/uploads\\\/2025\\\/02\\\/llkl-740x420.jpg\",\"contentUrl\":\"https:\\\/\\\/kibrisdakik.com\\\/wp-content\\\/uploads\\\/2025\\\/02\\\/llkl-740x420.jpg\",\"width\":1600,\"height\":1200},{\"@type\":\"BreadcrumbList\",\"@id\":\"https:\\\/\\\/kibrisdakik.com\\\/?p=76594#breadcrumb\",\"itemListElement\":[{\"@type\":\"ListItem\",\"position\":1,\"name\":\"Home\",\"item\":\"https:\\\/\\\/kibrisdakik.com\\\/\"},{\"@type\":\"ListItem\",\"position\":2,\"name\":\"Sa\u011fl\u0131kta kalite standartlar\u0131 e\u011fitiminin bir a\u015famas\u0131 daha tamamland\u0131.. Din\u00e7y\u00fcrek:Sa\u011fl\u0131kta kalite y\u00f6netimi konusunda \u00f6nemli bir a\u015famaya gelindi\"}]},{\"@type\":\"WebSite\",\"@id\":\"https:\\\/\\\/kibrisdakik.com\\\/#website\",\"url\":\"https:\\\/\\\/kibrisdakik.com\\\/\",\"name\":\"\",\"description\":\"Tam vaktinde haber\",\"potentialAction\":[{\"@type\":\"SearchAction\",\"target\":{\"@type\":\"EntryPoint\",\"urlTemplate\":\"https:\\\/\\\/kibrisdakik.com\\\/?s={search_term_string}\"},\"query-input\":{\"@type\":\"PropertyValueSpecification\",\"valueRequired\":true,\"valueName\":\"search_term_string\"}}],\"inLanguage\":\"tr\"},{\"@type\":\"Person\",\"@id\":\"https:\\\/\\\/kibrisdakik.com\\\/#\\\/schema\\\/person\\\/9cd9d437bbb44f72b73ba127e06d8e79\",\"name\":\"admin\",\"image\":{\"@type\":\"ImageObject\",\"inLanguage\":\"tr\",\"@id\":\"https:\\\/\\\/secure.gravatar.com\\\/avatar\\\/ccc17943b9d660506c869530f897617f7cb1c21a4bf30023f252596d83e1f007?s=96&d=mm&r=g\",\"url\":\"https:\\\/\\\/secure.gravatar.com\\\/avatar\\\/ccc17943b9d660506c869530f897617f7cb1c21a4bf30023f252596d83e1f007?s=96&d=mm&r=g\",\"contentUrl\":\"https:\\\/\\\/secure.gravatar.com\\\/avatar\\\/ccc17943b9d660506c869530f897617f7cb1c21a4bf30023f252596d83e1f007?s=96&d=mm&r=g\",\"caption\":\"admin\"},\"sameAs\":[\"https:\\\/\\\/kibrisdakik.com\"],\"url\":\"https:\\\/\\\/kibrisdakik.com\\\/?author=1\"}]}<\/script>\n<!-- \/ Yoast SEO plugin. -->","yoast_head_json":{"title":"Sa\u011fl\u0131kta kalite standartlar\u0131 e\u011fitiminin bir a\u015famas\u0131 daha tamamland\u0131.. Din\u00e7y\u00fcrek:Sa\u011fl\u0131kta kalite y\u00f6netimi konusunda \u00f6nemli bir a\u015famaya gelindi -","robots":{"index":"index","follow":"follow","max-snippet":"max-snippet:-1","max-image-preview":"max-image-preview:large","max-video-preview":"max-video-preview:-1"},"canonical":"https:\/\/kibrisdakik.com\/?p=76594","og_locale":"tr_TR","og_type":"article","og_title":"Sa\u011fl\u0131kta kalite standartlar\u0131 e\u011fitiminin bir a\u015famas\u0131 daha tamamland\u0131.. Din\u00e7y\u00fcrek:Sa\u011fl\u0131kta kalite y\u00f6netimi konusunda \u00f6nemli bir a\u015famaya gelindi -","og_description":"Sa\u011fl\u0131k Bakanl\u0131\u011f\u0131 ile T\u00fcrkiye Cumhuriyeti Sa\u011fl\u0131k Bakanl\u0131\u011f\u0131\u2019n\u0131n ortakla\u015fa y\u00fcr\u00fctt\u00fc\u011f\u00fc proje kapsam\u0131nda, sa\u011fl\u0131k hizmetlerinde kalite standartlar\u0131n\u0131n belirlenmesi ve uygulanmas\u0131 amac\u0131yla y\u00fcr\u00fct\u00fclen e\u011fitim s\u00fcrecinin bir etab\u0131 daha tamamland\u0131. Sa\u011fl\u0131k Bakan\u0131 Dr. Hakan Din\u00e7y\u00fcrek, T\u00fcrkiye Cumhuriyeti Sa\u011fl\u0131k Bakanl\u0131\u011f\u0131\u2019ndan g\u00f6revlendirilen \u00fcst d\u00fczey yetkililerle birlikte ger\u00e7ekle\u015ftirilen toplant\u0131n\u0131n ard\u0131ndan yapt\u0131\u011f\u0131 a\u00e7\u0131klamada, sa\u011fl\u0131kta kalite y\u00f6netimi konusunda \u00f6nemli bir a\u015famaya gelindi\u011fini belirtti. E\u011fitim","og_url":"https:\/\/kibrisdakik.com\/?p=76594","article_published_time":"2025-02-27T13:43:47+00:00","og_image":[{"width":1600,"height":1200,"url":"https:\/\/kibrisdakik.com\/wp-content\/uploads\/2025\/02\/llkl-740x420.jpg","type":"image\/jpeg"}],"author":"admin","twitter_card":"summary_large_image","twitter_misc":{"Yazan:":"admin","Tahmini okuma s\u00fcresi":"2 dakika"},"schema":{"@context":"https:\/\/schema.org","@graph":[{"@type":"Article","@id":"https:\/\/kibrisdakik.com\/?p=76594#article","isPartOf":{"@id":"https:\/\/kibrisdakik.com\/?p=76594"},"author":{"name":"admin","@id":"https:\/\/kibrisdakik.com\/#\/schema\/person\/9cd9d437bbb44f72b73ba127e06d8e79"},"headline":"Sa\u011fl\u0131kta kalite standartlar\u0131 e\u011fitiminin bir a\u015famas\u0131 daha tamamland\u0131.. Din\u00e7y\u00fcrek:Sa\u011fl\u0131kta kalite y\u00f6netimi konusunda \u00f6nemli bir a\u015famaya gelindi","datePublished":"2025-02-27T13:43:47+00:00","mainEntityOfPage":{"@id":"https:\/\/kibrisdakik.com\/?p=76594"},"wordCount":358,"commentCount":0,"image":{"@id":"https:\/\/kibrisdakik.com\/?p=76594#primaryimage"},"thumbnailUrl":"https:\/\/kibrisdakik.com\/wp-content\/uploads\/2025\/02\/llkl-740x420.jpg","articleSection":["G\u00fcndem"],"inLanguage":"tr","potentialAction":[{"@type":"CommentAction","name":"Comment","target":["https:\/\/kibrisdakik.com\/?p=76594#respond"]}]},{"@type":"WebPage","@id":"https:\/\/kibrisdakik.com\/?p=76594","url":"https:\/\/kibrisdakik.com\/?p=76594","name":"Sa\u011fl\u0131kta kalite standartlar\u0131 e\u011fitiminin bir a\u015famas\u0131 daha tamamland\u0131.. Din\u00e7y\u00fcrek:Sa\u011fl\u0131kta kalite y\u00f6netimi konusunda \u00f6nemli bir a\u015famaya gelindi -","isPartOf":{"@id":"https:\/\/kibrisdakik.com\/#website"},"primaryImageOfPage":{"@id":"https:\/\/kibrisdakik.com\/?p=76594#primaryimage"},"image":{"@id":"https:\/\/kibrisdakik.com\/?p=76594#primaryimage"},"thumbnailUrl":"https:\/\/kibrisdakik.com\/wp-content\/uploads\/2025\/02\/llkl-740x420.jpg","datePublished":"2025-02-27T13:43:47+00:00","author":{"@id":"https:\/\/kibrisdakik.com\/#\/schema\/person\/9cd9d437bbb44f72b73ba127e06d8e79"},"breadcrumb":{"@id":"https:\/\/kibrisdakik.com\/?p=76594#breadcrumb"},"inLanguage":"tr","potentialAction":[{"@type":"ReadAction","target":["https:\/\/kibrisdakik.com\/?p=76594"]}]},{"@type":"ImageObject","inLanguage":"tr","@id":"https:\/\/kibrisdakik.com\/?p=76594#primaryimage","url":"https:\/\/kibrisdakik.com\/wp-content\/uploads\/2025\/02\/llkl-740x420.jpg","contentUrl":"https:\/\/kibrisdakik.com\/wp-content\/uploads\/2025\/02\/llkl-740x420.jpg","width":1600,"height":1200},{"@type":"BreadcrumbList","@id":"https:\/\/kibrisdakik.com\/?p=76594#breadcrumb","itemListElement":[{"@type":"ListItem","position":1,"name":"Home","item":"https:\/\/kibrisdakik.com\/"},{"@type":"ListItem","position":2,"name":"Sa\u011fl\u0131kta kalite standartlar\u0131 e\u011fitiminin bir a\u015famas\u0131 daha tamamland\u0131.. Din\u00e7y\u00fcrek:Sa\u011fl\u0131kta kalite y\u00f6netimi konusunda \u00f6nemli bir a\u015famaya gelindi"}]},{"@type":"WebSite","@id":"https:\/\/kibrisdakik.com\/#website","url":"https:\/\/kibrisdakik.com\/","name":"","description":"Tam vaktinde haber","potentialAction":[{"@type":"SearchAction","target":{"@type":"EntryPoint","urlTemplate":"https:\/\/kibrisdakik.com\/?s={search_term_string}"},"query-input":{"@type":"PropertyValueSpecification","valueRequired":true,"valueName":"search_term_string"}}],"inLanguage":"tr"},{"@type":"Person","@id":"https:\/\/kibrisdakik.com\/#\/schema\/person\/9cd9d437bbb44f72b73ba127e06d8e79","name":"admin","image":{"@type":"ImageObject","inLanguage":"tr","@id":"https:\/\/secure.gravatar.com\/avatar\/ccc17943b9d660506c869530f897617f7cb1c21a4bf30023f252596d83e1f007?s=96&d=mm&r=g","url":"https:\/\/secure.gravatar.com\/avatar\/ccc17943b9d660506c869530f897617f7cb1c21a4bf30023f252596d83e1f007?s=96&d=mm&r=g","contentUrl":"https:\/\/secure.gravatar.com\/avatar\/ccc17943b9d660506c869530f897617f7cb1c21a4bf30023f252596d83e1f007?s=96&d=mm&r=g","caption":"admin"},"sameAs":["https:\/\/kibrisdakik.com"],"url":"https:\/\/kibrisdakik.com\/?author=1"}]}},"_links":{"self":[{"href":"https:\/\/kibrisdakik.com\/index.php?rest_route=\/wp\/v2\/posts\/76594","targetHints":{"allow":["GET"]}}],"collection":[{"href":"https:\/\/kibrisdakik.com\/index.php?rest_route=\/wp\/v2\/posts"}],"about":[{"href":"https:\/\/kibrisdakik.com\/index.php?rest_route=\/wp\/v2\/types\/post"}],"author":[{"embeddable":true,"href":"https:\/\/kibrisdakik.com\/index.php?rest_route=\/wp\/v2\/users\/1"}],"replies":[{"embeddable":true,"href":"https:\/\/kibrisdakik.com\/index.php?rest_route=%2Fwp%2Fv2%2Fcomments&post=76594"}],"version-history":[{"count":1,"href":"https:\/\/kibrisdakik.com\/index.php?rest_route=\/wp\/v2\/posts\/76594\/revisions"}],"predecessor-version":[{"id":76616,"href":"https:\/\/kibrisdakik.com\/index.php?rest_route=\/wp\/v2\/posts\/76594\/revisions\/76616"}],"wp:featuredmedia":[{"embeddable":true,"href":"https:\/\/kibrisdakik.com\/index.php?rest_route=\/wp\/v2\/media\/76595"}],"wp:attachment":[{"href":"https:\/\/kibrisdakik.com\/index.php?rest_route=%2Fwp%2Fv2%2Fmedia&parent=76594"}],"wp:term":[{"taxonomy":"category","embeddable":true,"href":"https:\/\/kibrisdakik.com\/index.php?rest_route=%2Fwp%2Fv2%2Fcategories&post=76594"},{"taxonomy":"post_tag","embeddable":true,"href":"https:\/\/kibrisdakik.com\/index.php?rest_route=%2Fwp%2Fv2%2Ftags&post=76594"}],"curies":[{"name":"wp","href":"https:\/\/api.w.org\/{rel}","templated":true}]}}