{"id":76679,"date":"2025-02-28T14:19:41","date_gmt":"2025-02-28T11:19:41","guid":{"rendered":"https:\/\/kibrisdakik.com\/index.php\/2025\/02\/28\/maliye-bakani-berovadan-ramazan-ayi-mesaji\/"},"modified":"2025-02-28T14:19:41","modified_gmt":"2025-02-28T11:19:41","slug":"maliye-bakani-berovadan-ramazan-ayi-mesaji","status":"publish","type":"post","link":"https:\/\/kibrisdakik.com\/?p=76679","title":{"rendered":"Maliye Bakan\u0131 Berova\u2019dan Ramazan ay\u0131 mesaj\u0131"},"content":{"rendered":"<div>\n<div class=\"mariselle-image-container none\">\n                                            <\/div>\n<p>Maliye Bakan\u0131 \u00d6zdemir Berova,\u00a0 Ramazan ay\u0131n\u0131n ba\u015flamas\u0131 dolay\u0131s\u0131yla mesaj yay\u0131mlad\u0131.<\/p>\n<p>Ramazan ay\u0131n\u0131n bolluk, bereket, huzur ve mutluluk i\u00e7inde ge\u00e7mesi temennisinde bulunan Berova, mesaj\u0131nda \u015funlar\u0131 kaydetti;<\/p>\n<p>\u201c11 ay\u0131n sultan\u0131 olan Ramazan ay\u0131na bir kez daha kavu\u015fman\u0131n manevi mutlulu\u011fu ve huzuru i\u00e7erisindeyiz.<\/p>\n<p>Ramazan ay\u0131, rahmet, bereket, manevi huzur, mutluluk, sevgi, sayg\u0131, ho\u015fg\u00f6r\u00fc, yard\u0131mla\u015fma, birlik ve beraberlik ay\u0131d\u0131r.\u00a0\u0130slam \u00c2lemi\u2019nin \u00f6zlemle bekledi\u011fi Ramazan ay\u0131n\u0131n gelmesini bir f\u0131rsat bilmeli,\u00a0t\u00fcm k\u00fcsk\u00fcnl\u00fck ve k\u0131rg\u0131nl\u0131klar\u0131 bir kenara b\u0131rakarak, karde\u015flik duygular\u0131m\u0131z\u0131 \u00e7ok daha g\u00fc\u00e7lendirmeliyiz.Bu duygu ve d\u00fc\u015f\u00fcncelerle, 11 ay\u0131n sultan\u0131 Ramazan ay\u0131n\u0131n \u00fclkemize, milletimize, \u0130slam \u00c2lemi\u2019ne ve t\u00fcm insanl\u0131\u011fa, sa\u011fl\u0131k, huzur, mutluluk, bar\u0131\u015f ve hay\u0131rlara vesile olmas\u0131n\u0131 diliyorum.\u201d<\/p>\n<\/p><\/div>\n<p><script async\n                    defer\n                    crossorigin=\"anonymous\"\n                    src=\"https:\/\/connect.facebook.net\/tr_TR\/sdk.js#xfbml=1&#038;version=v3.3\"\n            ><\/script><\/p>\n","protected":false},"excerpt":{"rendered":"<p>Maliye Bakan\u0131 \u00d6zdemir Berova,\u00a0 Ramazan ay\u0131n\u0131n ba\u015flamas\u0131 dolay\u0131s\u0131yla mesaj yay\u0131mlad\u0131. Ramazan ay\u0131n\u0131n bolluk, bereket, huzur ve mutluluk i\u00e7inde ge\u00e7mesi temennisinde bulunan Berova, mesaj\u0131nda \u015funlar\u0131 kaydetti; \u201c11 ay\u0131n sultan\u0131 olan Ramazan ay\u0131na bir kez daha kavu\u015fman\u0131n manevi mutlulu\u011fu ve huzuru i\u00e7erisindeyiz. Ramazan ay\u0131, rahmet, bereket, manevi huzur, mutluluk, sevgi, sayg\u0131, ho\u015fg\u00f6r\u00fc, yard\u0131mla\u015fma, birlik ve beraberlik ay\u0131d\u0131r.\u00a0\u0130slam<\/p>\n","protected":false},"author":1,"featured_media":75527,"comment_status":"open","ping_status":"open","sticky":false,"template":"","format":"standard","meta":{"footnotes":""},"categories":[81,101],"tags":[],"class_list":["post-76679","post","type-post","status-publish","format-standard","has-post-thumbnail","hentry","category-kibris","category-manset"],"yoast_head":"<!-- This site is optimized with the Yoast SEO plugin v27.5 - https:\/\/yoast.com\/product\/yoast-seo-wordpress\/ -->\n<title>Maliye Bakan\u0131 Berova\u2019dan Ramazan ay\u0131 mesaj\u0131 -<\/title>\n<meta name=\"robots\" content=\"index, follow, max-snippet:-1, max-image-preview:large, max-video-preview:-1\" \/>\n<link rel=\"canonical\" href=\"https:\/\/kibrisdakik.com\/?p=76679\" \/>\n<meta property=\"og:locale\" content=\"tr_TR\" \/>\n<meta property=\"og:type\" content=\"article\" \/>\n<meta property=\"og:title\" content=\"Maliye Bakan\u0131 Berova\u2019dan Ramazan ay\u0131 mesaj\u0131 -\" \/>\n<meta property=\"og:description\" content=\"Maliye Bakan\u0131 \u00d6zdemir Berova,\u00a0 Ramazan ay\u0131n\u0131n ba\u015flamas\u0131 dolay\u0131s\u0131yla mesaj yay\u0131mlad\u0131. Ramazan ay\u0131n\u0131n bolluk, bereket, huzur ve mutluluk i\u00e7inde ge\u00e7mesi temennisinde bulunan Berova, mesaj\u0131nda \u015funlar\u0131 kaydetti; \u201c11 ay\u0131n sultan\u0131 olan Ramazan ay\u0131na bir kez daha kavu\u015fman\u0131n manevi mutlulu\u011fu ve huzuru i\u00e7erisindeyiz. Ramazan ay\u0131, rahmet, bereket, manevi huzur, mutluluk, sevgi, sayg\u0131, ho\u015fg\u00f6r\u00fc, yard\u0131mla\u015fma, birlik ve beraberlik ay\u0131d\u0131r.\u00a0\u0130slam\" \/>\n<meta property=\"og:url\" content=\"https:\/\/kibrisdakik.com\/?p=76679\" \/>\n<meta property=\"article:published_time\" content=\"2025-02-28T11:19:41+00:00\" \/>\n<meta property=\"og:image\" content=\"https:\/\/kibrisdakik.com\/wp-content\/uploads\/2025\/02\/BEROVA-KANDIL-740x420.jpg\" \/>\n\t<meta property=\"og:image:width\" content=\"1024\" \/>\n\t<meta property=\"og:image:height\" content=\"726\" \/>\n\t<meta property=\"og:image:type\" content=\"image\/jpeg\" \/>\n<meta name=\"author\" content=\"admin\" \/>\n<meta name=\"twitter:card\" content=\"summary_large_image\" \/>\n<meta name=\"twitter:label1\" content=\"Yazan:\" \/>\n\t<meta name=\"twitter:data1\" content=\"admin\" \/>\n\t<meta name=\"twitter:label2\" content=\"Tahmini okuma s\u00fcresi\" \/>\n\t<meta name=\"twitter:data2\" content=\"1 dakika\" \/>\n<script type=\"application\/ld+json\" class=\"yoast-schema-graph\">{\"@context\":\"https:\\\/\\\/schema.org\",\"@graph\":[{\"@type\":\"Article\",\"@id\":\"https:\\\/\\\/kibrisdakik.com\\\/?p=76679#article\",\"isPartOf\":{\"@id\":\"https:\\\/\\\/kibrisdakik.com\\\/?p=76679\"},\"author\":{\"name\":\"admin\",\"@id\":\"https:\\\/\\\/kibrisdakik.com\\\/#\\\/schema\\\/person\\\/9cd9d437bbb44f72b73ba127e06d8e79\"},\"headline\":\"Maliye Bakan\u0131 Berova\u2019dan Ramazan ay\u0131 mesaj\u0131\",\"datePublished\":\"2025-02-28T11:19:41+00:00\",\"mainEntityOfPage\":{\"@id\":\"https:\\\/\\\/kibrisdakik.com\\\/?p=76679\"},\"wordCount\":158,\"commentCount\":0,\"image\":{\"@id\":\"https:\\\/\\\/kibrisdakik.com\\\/?p=76679#primaryimage\"},\"thumbnailUrl\":\"https:\\\/\\\/kibrisdakik.com\\\/wp-content\\\/uploads\\\/2025\\\/02\\\/BEROVA-KANDIL-740x420.jpg\",\"articleSection\":[\"K\u0131br\u0131s\",\"Man\u015fet\"],\"inLanguage\":\"tr\",\"potentialAction\":[{\"@type\":\"CommentAction\",\"name\":\"Comment\",\"target\":[\"https:\\\/\\\/kibrisdakik.com\\\/?p=76679#respond\"]}]},{\"@type\":\"WebPage\",\"@id\":\"https:\\\/\\\/kibrisdakik.com\\\/?p=76679\",\"url\":\"https:\\\/\\\/kibrisdakik.com\\\/?p=76679\",\"name\":\"Maliye Bakan\u0131 Berova\u2019dan Ramazan ay\u0131 mesaj\u0131 -\",\"isPartOf\":{\"@id\":\"https:\\\/\\\/kibrisdakik.com\\\/#website\"},\"primaryImageOfPage\":{\"@id\":\"https:\\\/\\\/kibrisdakik.com\\\/?p=76679#primaryimage\"},\"image\":{\"@id\":\"https:\\\/\\\/kibrisdakik.com\\\/?p=76679#primaryimage\"},\"thumbnailUrl\":\"https:\\\/\\\/kibrisdakik.com\\\/wp-content\\\/uploads\\\/2025\\\/02\\\/BEROVA-KANDIL-740x420.jpg\",\"datePublished\":\"2025-02-28T11:19:41+00:00\",\"author\":{\"@id\":\"https:\\\/\\\/kibrisdakik.com\\\/#\\\/schema\\\/person\\\/9cd9d437bbb44f72b73ba127e06d8e79\"},\"breadcrumb\":{\"@id\":\"https:\\\/\\\/kibrisdakik.com\\\/?p=76679#breadcrumb\"},\"inLanguage\":\"tr\",\"potentialAction\":[{\"@type\":\"ReadAction\",\"target\":[\"https:\\\/\\\/kibrisdakik.com\\\/?p=76679\"]}]},{\"@type\":\"ImageObject\",\"inLanguage\":\"tr\",\"@id\":\"https:\\\/\\\/kibrisdakik.com\\\/?p=76679#primaryimage\",\"url\":\"https:\\\/\\\/kibrisdakik.com\\\/wp-content\\\/uploads\\\/2025\\\/02\\\/BEROVA-KANDIL-740x420.jpg\",\"contentUrl\":\"https:\\\/\\\/kibrisdakik.com\\\/wp-content\\\/uploads\\\/2025\\\/02\\\/BEROVA-KANDIL-740x420.jpg\",\"width\":1024,\"height\":726},{\"@type\":\"BreadcrumbList\",\"@id\":\"https:\\\/\\\/kibrisdakik.com\\\/?p=76679#breadcrumb\",\"itemListElement\":[{\"@type\":\"ListItem\",\"position\":1,\"name\":\"Home\",\"item\":\"https:\\\/\\\/kibrisdakik.com\\\/\"},{\"@type\":\"ListItem\",\"position\":2,\"name\":\"Maliye Bakan\u0131 Berova\u2019dan Ramazan ay\u0131 mesaj\u0131\"}]},{\"@type\":\"WebSite\",\"@id\":\"https:\\\/\\\/kibrisdakik.com\\\/#website\",\"url\":\"https:\\\/\\\/kibrisdakik.com\\\/\",\"name\":\"\",\"description\":\"Tam vaktinde haber\",\"potentialAction\":[{\"@type\":\"SearchAction\",\"target\":{\"@type\":\"EntryPoint\",\"urlTemplate\":\"https:\\\/\\\/kibrisdakik.com\\\/?s={search_term_string}\"},\"query-input\":{\"@type\":\"PropertyValueSpecification\",\"valueRequired\":true,\"valueName\":\"search_term_string\"}}],\"inLanguage\":\"tr\"},{\"@type\":\"Person\",\"@id\":\"https:\\\/\\\/kibrisdakik.com\\\/#\\\/schema\\\/person\\\/9cd9d437bbb44f72b73ba127e06d8e79\",\"name\":\"admin\",\"image\":{\"@type\":\"ImageObject\",\"inLanguage\":\"tr\",\"@id\":\"https:\\\/\\\/secure.gravatar.com\\\/avatar\\\/ccc17943b9d660506c869530f897617f7cb1c21a4bf30023f252596d83e1f007?s=96&d=mm&r=g\",\"url\":\"https:\\\/\\\/secure.gravatar.com\\\/avatar\\\/ccc17943b9d660506c869530f897617f7cb1c21a4bf30023f252596d83e1f007?s=96&d=mm&r=g\",\"contentUrl\":\"https:\\\/\\\/secure.gravatar.com\\\/avatar\\\/ccc17943b9d660506c869530f897617f7cb1c21a4bf30023f252596d83e1f007?s=96&d=mm&r=g\",\"caption\":\"admin\"},\"sameAs\":[\"https:\\\/\\\/kibrisdakik.com\"],\"url\":\"https:\\\/\\\/kibrisdakik.com\\\/?author=1\"}]}<\/script>\n<!-- \/ Yoast SEO plugin. -->","yoast_head_json":{"title":"Maliye Bakan\u0131 Berova\u2019dan Ramazan ay\u0131 mesaj\u0131 -","robots":{"index":"index","follow":"follow","max-snippet":"max-snippet:-1","max-image-preview":"max-image-preview:large","max-video-preview":"max-video-preview:-1"},"canonical":"https:\/\/kibrisdakik.com\/?p=76679","og_locale":"tr_TR","og_type":"article","og_title":"Maliye Bakan\u0131 Berova\u2019dan Ramazan ay\u0131 mesaj\u0131 -","og_description":"Maliye Bakan\u0131 \u00d6zdemir Berova,\u00a0 Ramazan ay\u0131n\u0131n ba\u015flamas\u0131 dolay\u0131s\u0131yla mesaj yay\u0131mlad\u0131. Ramazan ay\u0131n\u0131n bolluk, bereket, huzur ve mutluluk i\u00e7inde ge\u00e7mesi temennisinde bulunan Berova, mesaj\u0131nda \u015funlar\u0131 kaydetti; \u201c11 ay\u0131n sultan\u0131 olan Ramazan ay\u0131na bir kez daha kavu\u015fman\u0131n manevi mutlulu\u011fu ve huzuru i\u00e7erisindeyiz. Ramazan ay\u0131, rahmet, bereket, manevi huzur, mutluluk, sevgi, sayg\u0131, ho\u015fg\u00f6r\u00fc, yard\u0131mla\u015fma, birlik ve beraberlik ay\u0131d\u0131r.\u00a0\u0130slam","og_url":"https:\/\/kibrisdakik.com\/?p=76679","article_published_time":"2025-02-28T11:19:41+00:00","og_image":[{"width":1024,"height":726,"url":"https:\/\/kibrisdakik.com\/wp-content\/uploads\/2025\/02\/BEROVA-KANDIL-740x420.jpg","type":"image\/jpeg"}],"author":"admin","twitter_card":"summary_large_image","twitter_misc":{"Yazan:":"admin","Tahmini okuma s\u00fcresi":"1 dakika"},"schema":{"@context":"https:\/\/schema.org","@graph":[{"@type":"Article","@id":"https:\/\/kibrisdakik.com\/?p=76679#article","isPartOf":{"@id":"https:\/\/kibrisdakik.com\/?p=76679"},"author":{"name":"admin","@id":"https:\/\/kibrisdakik.com\/#\/schema\/person\/9cd9d437bbb44f72b73ba127e06d8e79"},"headline":"Maliye Bakan\u0131 Berova\u2019dan Ramazan ay\u0131 mesaj\u0131","datePublished":"2025-02-28T11:19:41+00:00","mainEntityOfPage":{"@id":"https:\/\/kibrisdakik.com\/?p=76679"},"wordCount":158,"commentCount":0,"image":{"@id":"https:\/\/kibrisdakik.com\/?p=76679#primaryimage"},"thumbnailUrl":"https:\/\/kibrisdakik.com\/wp-content\/uploads\/2025\/02\/BEROVA-KANDIL-740x420.jpg","articleSection":["K\u0131br\u0131s","Man\u015fet"],"inLanguage":"tr","potentialAction":[{"@type":"CommentAction","name":"Comment","target":["https:\/\/kibrisdakik.com\/?p=76679#respond"]}]},{"@type":"WebPage","@id":"https:\/\/kibrisdakik.com\/?p=76679","url":"https:\/\/kibrisdakik.com\/?p=76679","name":"Maliye Bakan\u0131 Berova\u2019dan Ramazan ay\u0131 mesaj\u0131 -","isPartOf":{"@id":"https:\/\/kibrisdakik.com\/#website"},"primaryImageOfPage":{"@id":"https:\/\/kibrisdakik.com\/?p=76679#primaryimage"},"image":{"@id":"https:\/\/kibrisdakik.com\/?p=76679#primaryimage"},"thumbnailUrl":"https:\/\/kibrisdakik.com\/wp-content\/uploads\/2025\/02\/BEROVA-KANDIL-740x420.jpg","datePublished":"2025-02-28T11:19:41+00:00","author":{"@id":"https:\/\/kibrisdakik.com\/#\/schema\/person\/9cd9d437bbb44f72b73ba127e06d8e79"},"breadcrumb":{"@id":"https:\/\/kibrisdakik.com\/?p=76679#breadcrumb"},"inLanguage":"tr","potentialAction":[{"@type":"ReadAction","target":["https:\/\/kibrisdakik.com\/?p=76679"]}]},{"@type":"ImageObject","inLanguage":"tr","@id":"https:\/\/kibrisdakik.com\/?p=76679#primaryimage","url":"https:\/\/kibrisdakik.com\/wp-content\/uploads\/2025\/02\/BEROVA-KANDIL-740x420.jpg","contentUrl":"https:\/\/kibrisdakik.com\/wp-content\/uploads\/2025\/02\/BEROVA-KANDIL-740x420.jpg","width":1024,"height":726},{"@type":"BreadcrumbList","@id":"https:\/\/kibrisdakik.com\/?p=76679#breadcrumb","itemListElement":[{"@type":"ListItem","position":1,"name":"Home","item":"https:\/\/kibrisdakik.com\/"},{"@type":"ListItem","position":2,"name":"Maliye Bakan\u0131 Berova\u2019dan Ramazan ay\u0131 mesaj\u0131"}]},{"@type":"WebSite","@id":"https:\/\/kibrisdakik.com\/#website","url":"https:\/\/kibrisdakik.com\/","name":"","description":"Tam vaktinde haber","potentialAction":[{"@type":"SearchAction","target":{"@type":"EntryPoint","urlTemplate":"https:\/\/kibrisdakik.com\/?s={search_term_string}"},"query-input":{"@type":"PropertyValueSpecification","valueRequired":true,"valueName":"search_term_string"}}],"inLanguage":"tr"},{"@type":"Person","@id":"https:\/\/kibrisdakik.com\/#\/schema\/person\/9cd9d437bbb44f72b73ba127e06d8e79","name":"admin","image":{"@type":"ImageObject","inLanguage":"tr","@id":"https:\/\/secure.gravatar.com\/avatar\/ccc17943b9d660506c869530f897617f7cb1c21a4bf30023f252596d83e1f007?s=96&d=mm&r=g","url":"https:\/\/secure.gravatar.com\/avatar\/ccc17943b9d660506c869530f897617f7cb1c21a4bf30023f252596d83e1f007?s=96&d=mm&r=g","contentUrl":"https:\/\/secure.gravatar.com\/avatar\/ccc17943b9d660506c869530f897617f7cb1c21a4bf30023f252596d83e1f007?s=96&d=mm&r=g","caption":"admin"},"sameAs":["https:\/\/kibrisdakik.com"],"url":"https:\/\/kibrisdakik.com\/?author=1"}]}},"_links":{"self":[{"href":"https:\/\/kibrisdakik.com\/index.php?rest_route=\/wp\/v2\/posts\/76679","targetHints":{"allow":["GET"]}}],"collection":[{"href":"https:\/\/kibrisdakik.com\/index.php?rest_route=\/wp\/v2\/posts"}],"about":[{"href":"https:\/\/kibrisdakik.com\/index.php?rest_route=\/wp\/v2\/types\/post"}],"author":[{"embeddable":true,"href":"https:\/\/kibrisdakik.com\/index.php?rest_route=\/wp\/v2\/users\/1"}],"replies":[{"embeddable":true,"href":"https:\/\/kibrisdakik.com\/index.php?rest_route=%2Fwp%2Fv2%2Fcomments&post=76679"}],"version-history":[{"count":0,"href":"https:\/\/kibrisdakik.com\/index.php?rest_route=\/wp\/v2\/posts\/76679\/revisions"}],"wp:featuredmedia":[{"embeddable":true,"href":"https:\/\/kibrisdakik.com\/index.php?rest_route=\/wp\/v2\/media\/75527"}],"wp:attachment":[{"href":"https:\/\/kibrisdakik.com\/index.php?rest_route=%2Fwp%2Fv2%2Fmedia&parent=76679"}],"wp:term":[{"taxonomy":"category","embeddable":true,"href":"https:\/\/kibrisdakik.com\/index.php?rest_route=%2Fwp%2Fv2%2Fcategories&post=76679"},{"taxonomy":"post_tag","embeddable":true,"href":"https:\/\/kibrisdakik.com\/index.php?rest_route=%2Fwp%2Fv2%2Ftags&post=76679"}],"curies":[{"name":"wp","href":"https:\/\/api.w.org\/{rel}","templated":true}]}}