{"id":76733,"date":"2025-02-28T20:58:30","date_gmt":"2025-02-28T17:58:30","guid":{"rendered":"https:\/\/kibrisdakik.com\/index.php\/2025\/02\/28\/tc-buyukelciligi-kei-ofisi-tarafindan-ramazan-ayi-boyunca-iftar-yemegi-verilecek\/"},"modified":"2025-02-28T20:58:30","modified_gmt":"2025-02-28T17:58:30","slug":"tc-buyukelciligi-kei-ofisi-tarafindan-ramazan-ayi-boyunca-iftar-yemegi-verilecek","status":"publish","type":"post","link":"https:\/\/kibrisdakik.com\/?p=76733","title":{"rendered":"TC B\u00fcy\u00fckel\u00e7ili\u011fi KE\u0130 Ofisi taraf\u0131ndan Ramazan ay\u0131 boyunca iftar yeme\u011fi verilecek"},"content":{"rendered":"<div>\n<div class=\"mariselle-image-container center\">\n                                            <\/div>\n<p>T\u00fcrkiye Cumhuriyeti Lefko\u015fa B\u00fcy\u00fckel\u00e7ili\u011fi Kalk\u0131nma ve Ekonomik \u0130\u015fbirli\u011fi (KE\u0130) Ofisi, K\u0131br\u0131s Vak\u0131flar \u0130daresi i\u015f birli\u011fiyle Ramazan ay\u0131 boyunca iftar yeme\u011fi verecek.<\/p>\n<p>KE\u0130 Ofisi\u2019nden yap\u0131lan a\u00e7\u0131klamada, Gazima\u011fusa, Girne, G\u00fczelyurt, \u0130skele, Lefke ve Lefko\u015fa\u2019ya ba\u011fl\u0131 18 noktada her g\u00fcn 7 bin 300 ki\u015fiye, 23 gezici noktada ise ay boyunca toplam 5 bin 900 ki\u015fiye iftar yeme\u011fi verilece\u011fi kaydedildi.<\/p>\n<p>K\u0131br\u0131s Vak\u0131flar \u0130daresi\u2019nce ise, 3 sabit ve 23 gezici noktada iftar yeme\u011fi ikram edilece\u011fi belirtilen a\u00e7\u0131klamada, Ramazan ay\u0131 boyunca kurulacak 21 sabit ve 46 gezici noktada toplam 235 bin iftar yeme\u011fine ula\u015f\u0131lmas\u0131n\u0131n \u00f6ng\u00f6r\u00fcld\u00fc\u011f\u00fc ifade edildi.<\/p>\n<p>A\u00e7\u0131klamada 21 iftar noktas\u0131 \u015fu \u015fekilde a\u00e7\u0131kland\u0131:<\/p>\n<p>\u201cGazima\u011fusa: D\u00f6rtyol Cami, Mara\u015f Ulu Cami, Do\u011fu Akdeniz \u00dcniversitesi, Yenibo\u011fazi\u00e7i Cami<br \/>Girne: Nurettin Ersin Pa\u015fa Cami, Hz. \u00d6mer Cami, Karao\u011flano\u011flu Cami, Dikmen Cami<br \/>G\u00fczelyurt: Fatih Cami, Yukar\u0131 Bostanc\u0131 Cami, ODT\u00dc<br \/>\u0130skele: \u0130skele Merkez Cami<br \/>Lefke: Lefke Avrupa \u00dcniversitesi, Gemikona\u011f\u0131 Cami<br \/>Lefko\u015fa:\u00a0 G\u00f6nyeli Yal\u00e7\u0131n Park, Hamitk\u00f6y Cami, Lefko\u015fa Sanayi Cami, Hz. Ebubekir Cami, Hala Sultan Cami, Sevkad, \u0130yilik Evi\u201d<\/p>\n<p>A\u00e7\u0131klamada, gezici iftar noktalar\u0131n\u0131n da sosyal medya hesaplar\u0131ndan takip edilebilece\u011fi, t\u00fcm halk\u0131n Ramazan soflar\u0131na davetli oldu\u011fu kaydedildi.<\/p>\n<\/p><\/div>\n<p><script async\n                    defer\n                    crossorigin=\"anonymous\"\n                    src=\"https:\/\/connect.facebook.net\/tr_TR\/sdk.js#xfbml=1&#038;version=v3.3\"\n            ><\/script><\/p>\n","protected":false},"excerpt":{"rendered":"<p>T\u00fcrkiye Cumhuriyeti Lefko\u015fa B\u00fcy\u00fckel\u00e7ili\u011fi Kalk\u0131nma ve Ekonomik \u0130\u015fbirli\u011fi (KE\u0130) Ofisi, K\u0131br\u0131s Vak\u0131flar \u0130daresi i\u015f birli\u011fiyle Ramazan ay\u0131 boyunca iftar yeme\u011fi verecek. KE\u0130 Ofisi\u2019nden yap\u0131lan a\u00e7\u0131klamada, Gazima\u011fusa, Girne, G\u00fczelyurt, \u0130skele, Lefke ve Lefko\u015fa\u2019ya ba\u011fl\u0131 18 noktada her g\u00fcn 7 bin 300 ki\u015fiye, 23 gezici noktada ise ay boyunca toplam 5 bin 900 ki\u015fiye iftar yeme\u011fi verilece\u011fi<\/p>\n","protected":false},"author":1,"featured_media":76734,"comment_status":"open","ping_status":"open","sticky":false,"template":"","format":"standard","meta":{"footnotes":""},"categories":[81,101],"tags":[],"class_list":["post-76733","post","type-post","status-publish","format-standard","has-post-thumbnail","hentry","category-kibris","category-manset"],"yoast_head":"<!-- This site is optimized with the Yoast SEO plugin v27.5 - https:\/\/yoast.com\/product\/yoast-seo-wordpress\/ -->\n<title>TC B\u00fcy\u00fckel\u00e7ili\u011fi KE\u0130 Ofisi taraf\u0131ndan Ramazan ay\u0131 boyunca iftar yeme\u011fi verilecek -<\/title>\n<meta name=\"robots\" content=\"index, follow, max-snippet:-1, max-image-preview:large, max-video-preview:-1\" \/>\n<link rel=\"canonical\" href=\"https:\/\/kibrisdakik.com\/?p=76733\" \/>\n<meta property=\"og:locale\" content=\"tr_TR\" \/>\n<meta property=\"og:type\" content=\"article\" \/>\n<meta property=\"og:title\" content=\"TC B\u00fcy\u00fckel\u00e7ili\u011fi KE\u0130 Ofisi taraf\u0131ndan Ramazan ay\u0131 boyunca iftar yeme\u011fi verilecek -\" \/>\n<meta property=\"og:description\" content=\"T\u00fcrkiye Cumhuriyeti Lefko\u015fa B\u00fcy\u00fckel\u00e7ili\u011fi Kalk\u0131nma ve Ekonomik \u0130\u015fbirli\u011fi (KE\u0130) Ofisi, K\u0131br\u0131s Vak\u0131flar \u0130daresi i\u015f birli\u011fiyle Ramazan ay\u0131 boyunca iftar yeme\u011fi verecek. KE\u0130 Ofisi\u2019nden yap\u0131lan a\u00e7\u0131klamada, Gazima\u011fusa, Girne, G\u00fczelyurt, \u0130skele, Lefke ve Lefko\u015fa\u2019ya ba\u011fl\u0131 18 noktada her g\u00fcn 7 bin 300 ki\u015fiye, 23 gezici noktada ise ay boyunca toplam 5 bin 900 ki\u015fiye iftar yeme\u011fi verilece\u011fi\" \/>\n<meta property=\"og:url\" content=\"https:\/\/kibrisdakik.com\/?p=76733\" \/>\n<meta property=\"article:published_time\" content=\"2025-02-28T17:58:30+00:00\" \/>\n<meta property=\"og:image\" content=\"https:\/\/kibrisdakik.com\/wp-content\/uploads\/2025\/02\/kkkkkkkkkkkkkkkkkkkkkk-740x420.jpg\" \/>\n\t<meta property=\"og:image:width\" content=\"1816\" \/>\n\t<meta property=\"og:image:height\" content=\"916\" \/>\n\t<meta property=\"og:image:type\" content=\"image\/jpeg\" \/>\n<meta name=\"author\" content=\"admin\" \/>\n<meta name=\"twitter:card\" content=\"summary_large_image\" \/>\n<meta name=\"twitter:label1\" content=\"Yazan:\" \/>\n\t<meta name=\"twitter:data1\" content=\"admin\" \/>\n\t<meta name=\"twitter:label2\" content=\"Tahmini okuma s\u00fcresi\" \/>\n\t<meta name=\"twitter:data2\" content=\"1 dakika\" \/>\n<script type=\"application\/ld+json\" class=\"yoast-schema-graph\">{\"@context\":\"https:\\\/\\\/schema.org\",\"@graph\":[{\"@type\":\"Article\",\"@id\":\"https:\\\/\\\/kibrisdakik.com\\\/?p=76733#article\",\"isPartOf\":{\"@id\":\"https:\\\/\\\/kibrisdakik.com\\\/?p=76733\"},\"author\":{\"name\":\"admin\",\"@id\":\"https:\\\/\\\/kibrisdakik.com\\\/#\\\/schema\\\/person\\\/9cd9d437bbb44f72b73ba127e06d8e79\"},\"headline\":\"TC B\u00fcy\u00fckel\u00e7ili\u011fi KE\u0130 Ofisi taraf\u0131ndan Ramazan ay\u0131 boyunca iftar yeme\u011fi verilecek\",\"datePublished\":\"2025-02-28T17:58:30+00:00\",\"mainEntityOfPage\":{\"@id\":\"https:\\\/\\\/kibrisdakik.com\\\/?p=76733\"},\"wordCount\":238,\"commentCount\":0,\"image\":{\"@id\":\"https:\\\/\\\/kibrisdakik.com\\\/?p=76733#primaryimage\"},\"thumbnailUrl\":\"https:\\\/\\\/kibrisdakik.com\\\/wp-content\\\/uploads\\\/2025\\\/02\\\/kkkkkkkkkkkkkkkkkkkkkk-740x420.jpg\",\"articleSection\":[\"K\u0131br\u0131s\",\"Man\u015fet\"],\"inLanguage\":\"tr\",\"potentialAction\":[{\"@type\":\"CommentAction\",\"name\":\"Comment\",\"target\":[\"https:\\\/\\\/kibrisdakik.com\\\/?p=76733#respond\"]}]},{\"@type\":\"WebPage\",\"@id\":\"https:\\\/\\\/kibrisdakik.com\\\/?p=76733\",\"url\":\"https:\\\/\\\/kibrisdakik.com\\\/?p=76733\",\"name\":\"TC B\u00fcy\u00fckel\u00e7ili\u011fi KE\u0130 Ofisi taraf\u0131ndan Ramazan ay\u0131 boyunca iftar yeme\u011fi verilecek -\",\"isPartOf\":{\"@id\":\"https:\\\/\\\/kibrisdakik.com\\\/#website\"},\"primaryImageOfPage\":{\"@id\":\"https:\\\/\\\/kibrisdakik.com\\\/?p=76733#primaryimage\"},\"image\":{\"@id\":\"https:\\\/\\\/kibrisdakik.com\\\/?p=76733#primaryimage\"},\"thumbnailUrl\":\"https:\\\/\\\/kibrisdakik.com\\\/wp-content\\\/uploads\\\/2025\\\/02\\\/kkkkkkkkkkkkkkkkkkkkkk-740x420.jpg\",\"datePublished\":\"2025-02-28T17:58:30+00:00\",\"author\":{\"@id\":\"https:\\\/\\\/kibrisdakik.com\\\/#\\\/schema\\\/person\\\/9cd9d437bbb44f72b73ba127e06d8e79\"},\"breadcrumb\":{\"@id\":\"https:\\\/\\\/kibrisdakik.com\\\/?p=76733#breadcrumb\"},\"inLanguage\":\"tr\",\"potentialAction\":[{\"@type\":\"ReadAction\",\"target\":[\"https:\\\/\\\/kibrisdakik.com\\\/?p=76733\"]}]},{\"@type\":\"ImageObject\",\"inLanguage\":\"tr\",\"@id\":\"https:\\\/\\\/kibrisdakik.com\\\/?p=76733#primaryimage\",\"url\":\"https:\\\/\\\/kibrisdakik.com\\\/wp-content\\\/uploads\\\/2025\\\/02\\\/kkkkkkkkkkkkkkkkkkkkkk-740x420.jpg\",\"contentUrl\":\"https:\\\/\\\/kibrisdakik.com\\\/wp-content\\\/uploads\\\/2025\\\/02\\\/kkkkkkkkkkkkkkkkkkkkkk-740x420.jpg\",\"width\":1816,\"height\":916},{\"@type\":\"BreadcrumbList\",\"@id\":\"https:\\\/\\\/kibrisdakik.com\\\/?p=76733#breadcrumb\",\"itemListElement\":[{\"@type\":\"ListItem\",\"position\":1,\"name\":\"Home\",\"item\":\"https:\\\/\\\/kibrisdakik.com\\\/\"},{\"@type\":\"ListItem\",\"position\":2,\"name\":\"TC B\u00fcy\u00fckel\u00e7ili\u011fi KE\u0130 Ofisi taraf\u0131ndan Ramazan ay\u0131 boyunca iftar yeme\u011fi verilecek\"}]},{\"@type\":\"WebSite\",\"@id\":\"https:\\\/\\\/kibrisdakik.com\\\/#website\",\"url\":\"https:\\\/\\\/kibrisdakik.com\\\/\",\"name\":\"\",\"description\":\"Tam vaktinde haber\",\"potentialAction\":[{\"@type\":\"SearchAction\",\"target\":{\"@type\":\"EntryPoint\",\"urlTemplate\":\"https:\\\/\\\/kibrisdakik.com\\\/?s={search_term_string}\"},\"query-input\":{\"@type\":\"PropertyValueSpecification\",\"valueRequired\":true,\"valueName\":\"search_term_string\"}}],\"inLanguage\":\"tr\"},{\"@type\":\"Person\",\"@id\":\"https:\\\/\\\/kibrisdakik.com\\\/#\\\/schema\\\/person\\\/9cd9d437bbb44f72b73ba127e06d8e79\",\"name\":\"admin\",\"image\":{\"@type\":\"ImageObject\",\"inLanguage\":\"tr\",\"@id\":\"https:\\\/\\\/secure.gravatar.com\\\/avatar\\\/ccc17943b9d660506c869530f897617f7cb1c21a4bf30023f252596d83e1f007?s=96&d=mm&r=g\",\"url\":\"https:\\\/\\\/secure.gravatar.com\\\/avatar\\\/ccc17943b9d660506c869530f897617f7cb1c21a4bf30023f252596d83e1f007?s=96&d=mm&r=g\",\"contentUrl\":\"https:\\\/\\\/secure.gravatar.com\\\/avatar\\\/ccc17943b9d660506c869530f897617f7cb1c21a4bf30023f252596d83e1f007?s=96&d=mm&r=g\",\"caption\":\"admin\"},\"sameAs\":[\"https:\\\/\\\/kibrisdakik.com\"],\"url\":\"https:\\\/\\\/kibrisdakik.com\\\/?author=1\"}]}<\/script>\n<!-- \/ Yoast SEO plugin. -->","yoast_head_json":{"title":"TC B\u00fcy\u00fckel\u00e7ili\u011fi KE\u0130 Ofisi taraf\u0131ndan Ramazan ay\u0131 boyunca iftar yeme\u011fi verilecek -","robots":{"index":"index","follow":"follow","max-snippet":"max-snippet:-1","max-image-preview":"max-image-preview:large","max-video-preview":"max-video-preview:-1"},"canonical":"https:\/\/kibrisdakik.com\/?p=76733","og_locale":"tr_TR","og_type":"article","og_title":"TC B\u00fcy\u00fckel\u00e7ili\u011fi KE\u0130 Ofisi taraf\u0131ndan Ramazan ay\u0131 boyunca iftar yeme\u011fi verilecek -","og_description":"T\u00fcrkiye Cumhuriyeti Lefko\u015fa B\u00fcy\u00fckel\u00e7ili\u011fi Kalk\u0131nma ve Ekonomik \u0130\u015fbirli\u011fi (KE\u0130) Ofisi, K\u0131br\u0131s Vak\u0131flar \u0130daresi i\u015f birli\u011fiyle Ramazan ay\u0131 boyunca iftar yeme\u011fi verecek. KE\u0130 Ofisi\u2019nden yap\u0131lan a\u00e7\u0131klamada, Gazima\u011fusa, Girne, G\u00fczelyurt, \u0130skele, Lefke ve Lefko\u015fa\u2019ya ba\u011fl\u0131 18 noktada her g\u00fcn 7 bin 300 ki\u015fiye, 23 gezici noktada ise ay boyunca toplam 5 bin 900 ki\u015fiye iftar yeme\u011fi verilece\u011fi","og_url":"https:\/\/kibrisdakik.com\/?p=76733","article_published_time":"2025-02-28T17:58:30+00:00","og_image":[{"width":1816,"height":916,"url":"https:\/\/kibrisdakik.com\/wp-content\/uploads\/2025\/02\/kkkkkkkkkkkkkkkkkkkkkk-740x420.jpg","type":"image\/jpeg"}],"author":"admin","twitter_card":"summary_large_image","twitter_misc":{"Yazan:":"admin","Tahmini okuma s\u00fcresi":"1 dakika"},"schema":{"@context":"https:\/\/schema.org","@graph":[{"@type":"Article","@id":"https:\/\/kibrisdakik.com\/?p=76733#article","isPartOf":{"@id":"https:\/\/kibrisdakik.com\/?p=76733"},"author":{"name":"admin","@id":"https:\/\/kibrisdakik.com\/#\/schema\/person\/9cd9d437bbb44f72b73ba127e06d8e79"},"headline":"TC B\u00fcy\u00fckel\u00e7ili\u011fi KE\u0130 Ofisi taraf\u0131ndan Ramazan ay\u0131 boyunca iftar yeme\u011fi verilecek","datePublished":"2025-02-28T17:58:30+00:00","mainEntityOfPage":{"@id":"https:\/\/kibrisdakik.com\/?p=76733"},"wordCount":238,"commentCount":0,"image":{"@id":"https:\/\/kibrisdakik.com\/?p=76733#primaryimage"},"thumbnailUrl":"https:\/\/kibrisdakik.com\/wp-content\/uploads\/2025\/02\/kkkkkkkkkkkkkkkkkkkkkk-740x420.jpg","articleSection":["K\u0131br\u0131s","Man\u015fet"],"inLanguage":"tr","potentialAction":[{"@type":"CommentAction","name":"Comment","target":["https:\/\/kibrisdakik.com\/?p=76733#respond"]}]},{"@type":"WebPage","@id":"https:\/\/kibrisdakik.com\/?p=76733","url":"https:\/\/kibrisdakik.com\/?p=76733","name":"TC B\u00fcy\u00fckel\u00e7ili\u011fi KE\u0130 Ofisi taraf\u0131ndan Ramazan ay\u0131 boyunca iftar yeme\u011fi verilecek -","isPartOf":{"@id":"https:\/\/kibrisdakik.com\/#website"},"primaryImageOfPage":{"@id":"https:\/\/kibrisdakik.com\/?p=76733#primaryimage"},"image":{"@id":"https:\/\/kibrisdakik.com\/?p=76733#primaryimage"},"thumbnailUrl":"https:\/\/kibrisdakik.com\/wp-content\/uploads\/2025\/02\/kkkkkkkkkkkkkkkkkkkkkk-740x420.jpg","datePublished":"2025-02-28T17:58:30+00:00","author":{"@id":"https:\/\/kibrisdakik.com\/#\/schema\/person\/9cd9d437bbb44f72b73ba127e06d8e79"},"breadcrumb":{"@id":"https:\/\/kibrisdakik.com\/?p=76733#breadcrumb"},"inLanguage":"tr","potentialAction":[{"@type":"ReadAction","target":["https:\/\/kibrisdakik.com\/?p=76733"]}]},{"@type":"ImageObject","inLanguage":"tr","@id":"https:\/\/kibrisdakik.com\/?p=76733#primaryimage","url":"https:\/\/kibrisdakik.com\/wp-content\/uploads\/2025\/02\/kkkkkkkkkkkkkkkkkkkkkk-740x420.jpg","contentUrl":"https:\/\/kibrisdakik.com\/wp-content\/uploads\/2025\/02\/kkkkkkkkkkkkkkkkkkkkkk-740x420.jpg","width":1816,"height":916},{"@type":"BreadcrumbList","@id":"https:\/\/kibrisdakik.com\/?p=76733#breadcrumb","itemListElement":[{"@type":"ListItem","position":1,"name":"Home","item":"https:\/\/kibrisdakik.com\/"},{"@type":"ListItem","position":2,"name":"TC B\u00fcy\u00fckel\u00e7ili\u011fi KE\u0130 Ofisi taraf\u0131ndan Ramazan ay\u0131 boyunca iftar yeme\u011fi verilecek"}]},{"@type":"WebSite","@id":"https:\/\/kibrisdakik.com\/#website","url":"https:\/\/kibrisdakik.com\/","name":"","description":"Tam vaktinde haber","potentialAction":[{"@type":"SearchAction","target":{"@type":"EntryPoint","urlTemplate":"https:\/\/kibrisdakik.com\/?s={search_term_string}"},"query-input":{"@type":"PropertyValueSpecification","valueRequired":true,"valueName":"search_term_string"}}],"inLanguage":"tr"},{"@type":"Person","@id":"https:\/\/kibrisdakik.com\/#\/schema\/person\/9cd9d437bbb44f72b73ba127e06d8e79","name":"admin","image":{"@type":"ImageObject","inLanguage":"tr","@id":"https:\/\/secure.gravatar.com\/avatar\/ccc17943b9d660506c869530f897617f7cb1c21a4bf30023f252596d83e1f007?s=96&d=mm&r=g","url":"https:\/\/secure.gravatar.com\/avatar\/ccc17943b9d660506c869530f897617f7cb1c21a4bf30023f252596d83e1f007?s=96&d=mm&r=g","contentUrl":"https:\/\/secure.gravatar.com\/avatar\/ccc17943b9d660506c869530f897617f7cb1c21a4bf30023f252596d83e1f007?s=96&d=mm&r=g","caption":"admin"},"sameAs":["https:\/\/kibrisdakik.com"],"url":"https:\/\/kibrisdakik.com\/?author=1"}]}},"_links":{"self":[{"href":"https:\/\/kibrisdakik.com\/index.php?rest_route=\/wp\/v2\/posts\/76733","targetHints":{"allow":["GET"]}}],"collection":[{"href":"https:\/\/kibrisdakik.com\/index.php?rest_route=\/wp\/v2\/posts"}],"about":[{"href":"https:\/\/kibrisdakik.com\/index.php?rest_route=\/wp\/v2\/types\/post"}],"author":[{"embeddable":true,"href":"https:\/\/kibrisdakik.com\/index.php?rest_route=\/wp\/v2\/users\/1"}],"replies":[{"embeddable":true,"href":"https:\/\/kibrisdakik.com\/index.php?rest_route=%2Fwp%2Fv2%2Fcomments&post=76733"}],"version-history":[{"count":0,"href":"https:\/\/kibrisdakik.com\/index.php?rest_route=\/wp\/v2\/posts\/76733\/revisions"}],"wp:featuredmedia":[{"embeddable":true,"href":"https:\/\/kibrisdakik.com\/index.php?rest_route=\/wp\/v2\/media\/76734"}],"wp:attachment":[{"href":"https:\/\/kibrisdakik.com\/index.php?rest_route=%2Fwp%2Fv2%2Fmedia&parent=76733"}],"wp:term":[{"taxonomy":"category","embeddable":true,"href":"https:\/\/kibrisdakik.com\/index.php?rest_route=%2Fwp%2Fv2%2Fcategories&post=76733"},{"taxonomy":"post_tag","embeddable":true,"href":"https:\/\/kibrisdakik.com\/index.php?rest_route=%2Fwp%2Fv2%2Ftags&post=76733"}],"curies":[{"name":"wp","href":"https:\/\/api.w.org\/{rel}","templated":true}]}}