{"id":76760,"date":"2025-03-01T10:04:00","date_gmt":"2025-03-01T07:04:00","guid":{"rendered":"https:\/\/kibrisdakik.com\/index.php\/2025\/03\/01\/teror-orgutu-pkk-ateskes-ilan-ettigini-acikladi\/"},"modified":"2025-03-01T10:04:00","modified_gmt":"2025-03-01T07:04:00","slug":"teror-orgutu-pkk-ateskes-ilan-ettigini-acikladi","status":"publish","type":"post","link":"https:\/\/kibrisdakik.com\/?p=76760","title":{"rendered":"Ter\u00f6r \u00f6rg\u00fct\u00fc PKK ate\u015fkes ilan etti\u011fini a\u00e7\u0131klad\u0131"},"content":{"rendered":"<p><\/p>\n<div>\n<div class=\"mariselle-image-container center\">\n                <img loading=\"lazy\" decoding=\"async\" width=\"1920\" height=\"1080\" class=\"lazy-image\" alt=\"\" sizes=\"auto, (max-width: 1920px) 100vw, 1920px\" src=\"https:\/\/brtk.net\/wp-content\/uploads\/2025\/03\/01\/1920x1080_cmsv2_47a4014b-8459-5478-9aec-492da834c903-9086880.webp?ver=168df0be42c80ea1f0df1444d364c4b9\" srcset=\"https:\/\/brtk.net\/wp-content\/uploads\/2025\/03\/01\/1920x1080_cmsv2_47a4014b-8459-5478-9aec-492da834c903-9086880.webp?ver=168df0be42c80ea1f0df1444d364c4b9 1920w, https:\/\/brtk.net\/wp-content\/uploads\/2025\/03\/01\/1920x1080_cmsv2_47a4014b-8459-5478-9aec-492da834c903-9086880-300x169.webp?ver=5f22c62f17ae853921b26606bab93105 300w, https:\/\/brtk.net\/wp-content\/uploads\/2025\/03\/01\/1920x1080_cmsv2_47a4014b-8459-5478-9aec-492da834c903-9086880-1024x576.webp?ver=5f22c62f17ae853921b26606bab93105 1024w, https:\/\/brtk.net\/wp-content\/uploads\/2025\/03\/01\/1920x1080_cmsv2_47a4014b-8459-5478-9aec-492da834c903-9086880-768x432.webp?ver=5f22c62f17ae853921b26606bab93105 768w, https:\/\/brtk.net\/wp-content\/uploads\/2025\/03\/01\/1920x1080_cmsv2_47a4014b-8459-5478-9aec-492da834c903-9086880-1536x864.webp?ver=f4fef2b54db263c4a524ef6bfd36287f 1536w\"\/>                            <\/div>\n<p>\n\u0130mral\u0131\u2019n\u0131n, ter\u00f6r \u00f6rg\u00fct\u00fc PKK\u2019ya silah b\u0131rakma \u00e7a\u011fr\u0131s\u0131n\u0131n ard\u0131ndan, PKK ate\u015fkes ilan etti\u011fini a\u00e7\u0131klad\u0131.<\/p>\n<p>Ter\u00f6r \u00f6rg\u00fct\u00fc PKK \u0130mral\u0131\u2019dan yap\u0131lan \u00e7a\u011fr\u0131ya uyaca\u011f\u0131n\u0131 a\u00e7\u0131klad\u0131. <\/p>\n<p>\u00d6rg\u00fct\u00fcn a\u00e7\u0131klamas\u0131nda\u201d Biz PKK olarak s\u00f6z konusu \u00e7a\u011fr\u0131n\u0131n i\u00e7eri\u011fine oldu\u011fu gibi kat\u0131l\u0131yoruz ve kendi cephemizden \u00e7a\u011fr\u0131n\u0131n gereklerine uyaca\u011f\u0131m\u0131z\u0131 ve uygulayaca\u011f\u0131m\u0131z\u0131 belirtiyoruz. Bug\u00fcnden ge\u00e7erli olmak \u00fczere ate\u015fkes ilan ediyoruz\u201d denidi.<\/p>\n<p>\u00d6rg\u00fct, fesih i\u00e7in ter\u00f6r eleba\u015f\u0131 Abdullah \u00d6calan\u2019\u0131n kongreye ba\u015fkanl\u0131k etmesini ve \u00f6zg\u00fcr b\u0131rak\u0131lmas\u0131n\u0131 da talep etti.<\/p>\n<\/p><\/div>\n<p><script async\n                    defer\n                    crossorigin=\"anonymous\"\n                    src=\"https:\/\/connect.facebook.net\/tr_TR\/sdk.js#xfbml=1&#038;version=v3.3\"\n            ><\/script><\/p>\n","protected":false},"excerpt":{"rendered":"<p>\u0130mral\u0131\u2019n\u0131n, ter\u00f6r \u00f6rg\u00fct\u00fc PKK\u2019ya silah b\u0131rakma \u00e7a\u011fr\u0131s\u0131n\u0131n ard\u0131ndan, PKK ate\u015fkes ilan etti\u011fini a\u00e7\u0131klad\u0131. Ter\u00f6r \u00f6rg\u00fct\u00fc PKK \u0130mral\u0131\u2019dan yap\u0131lan \u00e7a\u011fr\u0131ya uyaca\u011f\u0131n\u0131 a\u00e7\u0131klad\u0131. \u00d6rg\u00fct\u00fcn a\u00e7\u0131klamas\u0131nda\u201d Biz PKK olarak s\u00f6z konusu \u00e7a\u011fr\u0131n\u0131n i\u00e7eri\u011fine oldu\u011fu gibi kat\u0131l\u0131yoruz ve kendi cephemizden \u00e7a\u011fr\u0131n\u0131n gereklerine uyaca\u011f\u0131m\u0131z\u0131 ve uygulayaca\u011f\u0131m\u0131z\u0131 belirtiyoruz. Bug\u00fcnden ge\u00e7erli olmak \u00fczere ate\u015fkes ilan ediyoruz\u201d denidi. \u00d6rg\u00fct, fesih i\u00e7in ter\u00f6r eleba\u015f\u0131<\/p>\n","protected":false},"author":1,"featured_media":76761,"comment_status":"open","ping_status":"open","sticky":false,"template":"","format":"standard","meta":{"footnotes":""},"categories":[1],"tags":[],"class_list":["post-76760","post","type-post","status-publish","format-standard","has-post-thumbnail","hentry","category-gundem"],"yoast_head":"<!-- This site is optimized with the Yoast SEO plugin v27.4 - https:\/\/yoast.com\/product\/yoast-seo-wordpress\/ -->\n<title>Ter\u00f6r \u00f6rg\u00fct\u00fc PKK ate\u015fkes ilan etti\u011fini a\u00e7\u0131klad\u0131 -<\/title>\n<meta name=\"robots\" content=\"index, follow, max-snippet:-1, max-image-preview:large, max-video-preview:-1\" \/>\n<link rel=\"canonical\" href=\"https:\/\/kibrisdakik.com\/?p=76760\" \/>\n<meta property=\"og:locale\" content=\"tr_TR\" \/>\n<meta property=\"og:type\" content=\"article\" \/>\n<meta property=\"og:title\" content=\"Ter\u00f6r \u00f6rg\u00fct\u00fc PKK ate\u015fkes ilan etti\u011fini a\u00e7\u0131klad\u0131 -\" \/>\n<meta property=\"og:description\" content=\"\u0130mral\u0131\u2019n\u0131n, ter\u00f6r \u00f6rg\u00fct\u00fc PKK\u2019ya silah b\u0131rakma \u00e7a\u011fr\u0131s\u0131n\u0131n ard\u0131ndan, PKK ate\u015fkes ilan etti\u011fini a\u00e7\u0131klad\u0131. Ter\u00f6r \u00f6rg\u00fct\u00fc PKK \u0130mral\u0131\u2019dan yap\u0131lan \u00e7a\u011fr\u0131ya uyaca\u011f\u0131n\u0131 a\u00e7\u0131klad\u0131. \u00d6rg\u00fct\u00fcn a\u00e7\u0131klamas\u0131nda\u201d Biz PKK olarak s\u00f6z konusu \u00e7a\u011fr\u0131n\u0131n i\u00e7eri\u011fine oldu\u011fu gibi kat\u0131l\u0131yoruz ve kendi cephemizden \u00e7a\u011fr\u0131n\u0131n gereklerine uyaca\u011f\u0131m\u0131z\u0131 ve uygulayaca\u011f\u0131m\u0131z\u0131 belirtiyoruz. Bug\u00fcnden ge\u00e7erli olmak \u00fczere ate\u015fkes ilan ediyoruz\u201d denidi. \u00d6rg\u00fct, fesih i\u00e7in ter\u00f6r eleba\u015f\u0131\" \/>\n<meta property=\"og:url\" content=\"https:\/\/kibrisdakik.com\/?p=76760\" \/>\n<meta property=\"article:published_time\" content=\"2025-03-01T07:04:00+00:00\" \/>\n<meta property=\"og:image\" content=\"https:\/\/kibrisdakik.com\/wp-content\/uploads\/2025\/03\/1920x1080_cmsv2_47a4014b-8459-5478-9aec-492da834c903-9086880.webp-740x420.webp\" \/>\n\t<meta property=\"og:image:width\" content=\"1920\" \/>\n\t<meta property=\"og:image:height\" content=\"1080\" \/>\n\t<meta property=\"og:image:type\" content=\"image\/webp\" \/>\n<meta name=\"author\" content=\"admin\" \/>\n<meta name=\"twitter:card\" content=\"summary_large_image\" \/>\n<meta name=\"twitter:label1\" content=\"Yazan:\" \/>\n\t<meta name=\"twitter:data1\" content=\"admin\" \/>\n\t<meta name=\"twitter:label2\" content=\"Tahmini okuma s\u00fcresi\" \/>\n\t<meta name=\"twitter:data2\" content=\"1 dakika\" \/>\n<script type=\"application\/ld+json\" class=\"yoast-schema-graph\">{\"@context\":\"https:\\\/\\\/schema.org\",\"@graph\":[{\"@type\":\"Article\",\"@id\":\"https:\\\/\\\/kibrisdakik.com\\\/?p=76760#article\",\"isPartOf\":{\"@id\":\"https:\\\/\\\/kibrisdakik.com\\\/?p=76760\"},\"author\":{\"name\":\"admin\",\"@id\":\"https:\\\/\\\/kibrisdakik.com\\\/#\\\/schema\\\/person\\\/9cd9d437bbb44f72b73ba127e06d8e79\"},\"headline\":\"Ter\u00f6r \u00f6rg\u00fct\u00fc PKK ate\u015fkes ilan etti\u011fini a\u00e7\u0131klad\u0131\",\"datePublished\":\"2025-03-01T07:04:00+00:00\",\"mainEntityOfPage\":{\"@id\":\"https:\\\/\\\/kibrisdakik.com\\\/?p=76760\"},\"wordCount\":133,\"commentCount\":0,\"image\":{\"@id\":\"https:\\\/\\\/kibrisdakik.com\\\/?p=76760#primaryimage\"},\"thumbnailUrl\":\"https:\\\/\\\/kibrisdakik.com\\\/wp-content\\\/uploads\\\/2025\\\/03\\\/1920x1080_cmsv2_47a4014b-8459-5478-9aec-492da834c903-9086880.webp-740x420.webp\",\"articleSection\":[\"G\u00fcndem\"],\"inLanguage\":\"tr\",\"potentialAction\":[{\"@type\":\"CommentAction\",\"name\":\"Comment\",\"target\":[\"https:\\\/\\\/kibrisdakik.com\\\/?p=76760#respond\"]}]},{\"@type\":\"WebPage\",\"@id\":\"https:\\\/\\\/kibrisdakik.com\\\/?p=76760\",\"url\":\"https:\\\/\\\/kibrisdakik.com\\\/?p=76760\",\"name\":\"Ter\u00f6r \u00f6rg\u00fct\u00fc PKK ate\u015fkes ilan etti\u011fini a\u00e7\u0131klad\u0131 -\",\"isPartOf\":{\"@id\":\"https:\\\/\\\/kibrisdakik.com\\\/#website\"},\"primaryImageOfPage\":{\"@id\":\"https:\\\/\\\/kibrisdakik.com\\\/?p=76760#primaryimage\"},\"image\":{\"@id\":\"https:\\\/\\\/kibrisdakik.com\\\/?p=76760#primaryimage\"},\"thumbnailUrl\":\"https:\\\/\\\/kibrisdakik.com\\\/wp-content\\\/uploads\\\/2025\\\/03\\\/1920x1080_cmsv2_47a4014b-8459-5478-9aec-492da834c903-9086880.webp-740x420.webp\",\"datePublished\":\"2025-03-01T07:04:00+00:00\",\"author\":{\"@id\":\"https:\\\/\\\/kibrisdakik.com\\\/#\\\/schema\\\/person\\\/9cd9d437bbb44f72b73ba127e06d8e79\"},\"breadcrumb\":{\"@id\":\"https:\\\/\\\/kibrisdakik.com\\\/?p=76760#breadcrumb\"},\"inLanguage\":\"tr\",\"potentialAction\":[{\"@type\":\"ReadAction\",\"target\":[\"https:\\\/\\\/kibrisdakik.com\\\/?p=76760\"]}]},{\"@type\":\"ImageObject\",\"inLanguage\":\"tr\",\"@id\":\"https:\\\/\\\/kibrisdakik.com\\\/?p=76760#primaryimage\",\"url\":\"https:\\\/\\\/kibrisdakik.com\\\/wp-content\\\/uploads\\\/2025\\\/03\\\/1920x1080_cmsv2_47a4014b-8459-5478-9aec-492da834c903-9086880.webp-740x420.webp\",\"contentUrl\":\"https:\\\/\\\/kibrisdakik.com\\\/wp-content\\\/uploads\\\/2025\\\/03\\\/1920x1080_cmsv2_47a4014b-8459-5478-9aec-492da834c903-9086880.webp-740x420.webp\",\"width\":1920,\"height\":1080},{\"@type\":\"BreadcrumbList\",\"@id\":\"https:\\\/\\\/kibrisdakik.com\\\/?p=76760#breadcrumb\",\"itemListElement\":[{\"@type\":\"ListItem\",\"position\":1,\"name\":\"Home\",\"item\":\"https:\\\/\\\/kibrisdakik.com\\\/\"},{\"@type\":\"ListItem\",\"position\":2,\"name\":\"Ter\u00f6r \u00f6rg\u00fct\u00fc PKK ate\u015fkes ilan etti\u011fini a\u00e7\u0131klad\u0131\"}]},{\"@type\":\"WebSite\",\"@id\":\"https:\\\/\\\/kibrisdakik.com\\\/#website\",\"url\":\"https:\\\/\\\/kibrisdakik.com\\\/\",\"name\":\"\",\"description\":\"Tam vaktinde haber\",\"potentialAction\":[{\"@type\":\"SearchAction\",\"target\":{\"@type\":\"EntryPoint\",\"urlTemplate\":\"https:\\\/\\\/kibrisdakik.com\\\/?s={search_term_string}\"},\"query-input\":{\"@type\":\"PropertyValueSpecification\",\"valueRequired\":true,\"valueName\":\"search_term_string\"}}],\"inLanguage\":\"tr\"},{\"@type\":\"Person\",\"@id\":\"https:\\\/\\\/kibrisdakik.com\\\/#\\\/schema\\\/person\\\/9cd9d437bbb44f72b73ba127e06d8e79\",\"name\":\"admin\",\"image\":{\"@type\":\"ImageObject\",\"inLanguage\":\"tr\",\"@id\":\"https:\\\/\\\/secure.gravatar.com\\\/avatar\\\/ccc17943b9d660506c869530f897617f7cb1c21a4bf30023f252596d83e1f007?s=96&d=mm&r=g\",\"url\":\"https:\\\/\\\/secure.gravatar.com\\\/avatar\\\/ccc17943b9d660506c869530f897617f7cb1c21a4bf30023f252596d83e1f007?s=96&d=mm&r=g\",\"contentUrl\":\"https:\\\/\\\/secure.gravatar.com\\\/avatar\\\/ccc17943b9d660506c869530f897617f7cb1c21a4bf30023f252596d83e1f007?s=96&d=mm&r=g\",\"caption\":\"admin\"},\"sameAs\":[\"https:\\\/\\\/kibrisdakik.com\"],\"url\":\"https:\\\/\\\/kibrisdakik.com\\\/?author=1\"}]}<\/script>\n<!-- \/ Yoast SEO plugin. -->","yoast_head_json":{"title":"Ter\u00f6r \u00f6rg\u00fct\u00fc PKK ate\u015fkes ilan etti\u011fini a\u00e7\u0131klad\u0131 -","robots":{"index":"index","follow":"follow","max-snippet":"max-snippet:-1","max-image-preview":"max-image-preview:large","max-video-preview":"max-video-preview:-1"},"canonical":"https:\/\/kibrisdakik.com\/?p=76760","og_locale":"tr_TR","og_type":"article","og_title":"Ter\u00f6r \u00f6rg\u00fct\u00fc PKK ate\u015fkes ilan etti\u011fini a\u00e7\u0131klad\u0131 -","og_description":"\u0130mral\u0131\u2019n\u0131n, ter\u00f6r \u00f6rg\u00fct\u00fc PKK\u2019ya silah b\u0131rakma \u00e7a\u011fr\u0131s\u0131n\u0131n ard\u0131ndan, PKK ate\u015fkes ilan etti\u011fini a\u00e7\u0131klad\u0131. Ter\u00f6r \u00f6rg\u00fct\u00fc PKK \u0130mral\u0131\u2019dan yap\u0131lan \u00e7a\u011fr\u0131ya uyaca\u011f\u0131n\u0131 a\u00e7\u0131klad\u0131. \u00d6rg\u00fct\u00fcn a\u00e7\u0131klamas\u0131nda\u201d Biz PKK olarak s\u00f6z konusu \u00e7a\u011fr\u0131n\u0131n i\u00e7eri\u011fine oldu\u011fu gibi kat\u0131l\u0131yoruz ve kendi cephemizden \u00e7a\u011fr\u0131n\u0131n gereklerine uyaca\u011f\u0131m\u0131z\u0131 ve uygulayaca\u011f\u0131m\u0131z\u0131 belirtiyoruz. Bug\u00fcnden ge\u00e7erli olmak \u00fczere ate\u015fkes ilan ediyoruz\u201d denidi. \u00d6rg\u00fct, fesih i\u00e7in ter\u00f6r eleba\u015f\u0131","og_url":"https:\/\/kibrisdakik.com\/?p=76760","article_published_time":"2025-03-01T07:04:00+00:00","og_image":[{"width":1920,"height":1080,"url":"https:\/\/kibrisdakik.com\/wp-content\/uploads\/2025\/03\/1920x1080_cmsv2_47a4014b-8459-5478-9aec-492da834c903-9086880.webp-740x420.webp","type":"image\/webp"}],"author":"admin","twitter_card":"summary_large_image","twitter_misc":{"Yazan:":"admin","Tahmini okuma s\u00fcresi":"1 dakika"},"schema":{"@context":"https:\/\/schema.org","@graph":[{"@type":"Article","@id":"https:\/\/kibrisdakik.com\/?p=76760#article","isPartOf":{"@id":"https:\/\/kibrisdakik.com\/?p=76760"},"author":{"name":"admin","@id":"https:\/\/kibrisdakik.com\/#\/schema\/person\/9cd9d437bbb44f72b73ba127e06d8e79"},"headline":"Ter\u00f6r \u00f6rg\u00fct\u00fc PKK ate\u015fkes ilan etti\u011fini a\u00e7\u0131klad\u0131","datePublished":"2025-03-01T07:04:00+00:00","mainEntityOfPage":{"@id":"https:\/\/kibrisdakik.com\/?p=76760"},"wordCount":133,"commentCount":0,"image":{"@id":"https:\/\/kibrisdakik.com\/?p=76760#primaryimage"},"thumbnailUrl":"https:\/\/kibrisdakik.com\/wp-content\/uploads\/2025\/03\/1920x1080_cmsv2_47a4014b-8459-5478-9aec-492da834c903-9086880.webp-740x420.webp","articleSection":["G\u00fcndem"],"inLanguage":"tr","potentialAction":[{"@type":"CommentAction","name":"Comment","target":["https:\/\/kibrisdakik.com\/?p=76760#respond"]}]},{"@type":"WebPage","@id":"https:\/\/kibrisdakik.com\/?p=76760","url":"https:\/\/kibrisdakik.com\/?p=76760","name":"Ter\u00f6r \u00f6rg\u00fct\u00fc PKK ate\u015fkes ilan etti\u011fini a\u00e7\u0131klad\u0131 -","isPartOf":{"@id":"https:\/\/kibrisdakik.com\/#website"},"primaryImageOfPage":{"@id":"https:\/\/kibrisdakik.com\/?p=76760#primaryimage"},"image":{"@id":"https:\/\/kibrisdakik.com\/?p=76760#primaryimage"},"thumbnailUrl":"https:\/\/kibrisdakik.com\/wp-content\/uploads\/2025\/03\/1920x1080_cmsv2_47a4014b-8459-5478-9aec-492da834c903-9086880.webp-740x420.webp","datePublished":"2025-03-01T07:04:00+00:00","author":{"@id":"https:\/\/kibrisdakik.com\/#\/schema\/person\/9cd9d437bbb44f72b73ba127e06d8e79"},"breadcrumb":{"@id":"https:\/\/kibrisdakik.com\/?p=76760#breadcrumb"},"inLanguage":"tr","potentialAction":[{"@type":"ReadAction","target":["https:\/\/kibrisdakik.com\/?p=76760"]}]},{"@type":"ImageObject","inLanguage":"tr","@id":"https:\/\/kibrisdakik.com\/?p=76760#primaryimage","url":"https:\/\/kibrisdakik.com\/wp-content\/uploads\/2025\/03\/1920x1080_cmsv2_47a4014b-8459-5478-9aec-492da834c903-9086880.webp-740x420.webp","contentUrl":"https:\/\/kibrisdakik.com\/wp-content\/uploads\/2025\/03\/1920x1080_cmsv2_47a4014b-8459-5478-9aec-492da834c903-9086880.webp-740x420.webp","width":1920,"height":1080},{"@type":"BreadcrumbList","@id":"https:\/\/kibrisdakik.com\/?p=76760#breadcrumb","itemListElement":[{"@type":"ListItem","position":1,"name":"Home","item":"https:\/\/kibrisdakik.com\/"},{"@type":"ListItem","position":2,"name":"Ter\u00f6r \u00f6rg\u00fct\u00fc PKK ate\u015fkes ilan etti\u011fini a\u00e7\u0131klad\u0131"}]},{"@type":"WebSite","@id":"https:\/\/kibrisdakik.com\/#website","url":"https:\/\/kibrisdakik.com\/","name":"","description":"Tam vaktinde haber","potentialAction":[{"@type":"SearchAction","target":{"@type":"EntryPoint","urlTemplate":"https:\/\/kibrisdakik.com\/?s={search_term_string}"},"query-input":{"@type":"PropertyValueSpecification","valueRequired":true,"valueName":"search_term_string"}}],"inLanguage":"tr"},{"@type":"Person","@id":"https:\/\/kibrisdakik.com\/#\/schema\/person\/9cd9d437bbb44f72b73ba127e06d8e79","name":"admin","image":{"@type":"ImageObject","inLanguage":"tr","@id":"https:\/\/secure.gravatar.com\/avatar\/ccc17943b9d660506c869530f897617f7cb1c21a4bf30023f252596d83e1f007?s=96&d=mm&r=g","url":"https:\/\/secure.gravatar.com\/avatar\/ccc17943b9d660506c869530f897617f7cb1c21a4bf30023f252596d83e1f007?s=96&d=mm&r=g","contentUrl":"https:\/\/secure.gravatar.com\/avatar\/ccc17943b9d660506c869530f897617f7cb1c21a4bf30023f252596d83e1f007?s=96&d=mm&r=g","caption":"admin"},"sameAs":["https:\/\/kibrisdakik.com"],"url":"https:\/\/kibrisdakik.com\/?author=1"}]}},"_links":{"self":[{"href":"https:\/\/kibrisdakik.com\/index.php?rest_route=\/wp\/v2\/posts\/76760","targetHints":{"allow":["GET"]}}],"collection":[{"href":"https:\/\/kibrisdakik.com\/index.php?rest_route=\/wp\/v2\/posts"}],"about":[{"href":"https:\/\/kibrisdakik.com\/index.php?rest_route=\/wp\/v2\/types\/post"}],"author":[{"embeddable":true,"href":"https:\/\/kibrisdakik.com\/index.php?rest_route=\/wp\/v2\/users\/1"}],"replies":[{"embeddable":true,"href":"https:\/\/kibrisdakik.com\/index.php?rest_route=%2Fwp%2Fv2%2Fcomments&post=76760"}],"version-history":[{"count":0,"href":"https:\/\/kibrisdakik.com\/index.php?rest_route=\/wp\/v2\/posts\/76760\/revisions"}],"wp:featuredmedia":[{"embeddable":true,"href":"https:\/\/kibrisdakik.com\/index.php?rest_route=\/wp\/v2\/media\/76761"}],"wp:attachment":[{"href":"https:\/\/kibrisdakik.com\/index.php?rest_route=%2Fwp%2Fv2%2Fmedia&parent=76760"}],"wp:term":[{"taxonomy":"category","embeddable":true,"href":"https:\/\/kibrisdakik.com\/index.php?rest_route=%2Fwp%2Fv2%2Fcategories&post=76760"},{"taxonomy":"post_tag","embeddable":true,"href":"https:\/\/kibrisdakik.com\/index.php?rest_route=%2Fwp%2Fv2%2Ftags&post=76760"}],"curies":[{"name":"wp","href":"https:\/\/api.w.org\/{rel}","templated":true}]}}