{"id":7678,"date":"2023-05-27T09:26:52","date_gmt":"2023-05-27T09:26:52","guid":{"rendered":"https:\/\/kibrisdakik.com\/index.php\/2023\/05\/27\/kibris-turk-psikolojik-danismanlik-ve-rehberlik-dernegi-ogretmen-sendikalarina-ve-ogretmenlere-destek-verdigini-belirtti\/"},"modified":"2023-05-27T09:26:52","modified_gmt":"2023-05-27T09:26:52","slug":"kibris-turk-psikolojik-danismanlik-ve-rehberlik-dernegi-ogretmen-sendikalarina-ve-ogretmenlere-destek-verdigini-belirtti","status":"publish","type":"post","link":"https:\/\/kibrisdakik.com\/?p=7678","title":{"rendered":"K\u0131br\u0131s T\u00fcrk Psikolojik Dan\u0131\u015fmanl\u0131k ve Rehberlik Derne\u011fi, \u00f6\u011fretmen sendikalar\u0131na ve \u00f6\u011fretmenlere destek verdi\u011fini belirtti"},"content":{"rendered":"<p><\/p>\n<div>\n<div class=\"mariselle-image-container center\">\n                <img width=\"223\" height=\"226\" class=\"lazy-image\" alt=\"\" decoding=\"async\" loading=\"lazy\" src=\"https:\/\/brtk.net\/wp-content\/uploads\/2023\/05\/27\/kibris-turk-psikolojik-danismanlik-ve-rehberlik-dernegi.png?ver=2523f4410d1de4ee22a173adb6559fc3\"\/>                            <\/div>\n<p>K\u0131br\u0131s T\u00fcrk Psikolojik Dan\u0131\u015fmanl\u0131k ve Rehberlik Derne\u011fi, 2022-2023 e\u011fitim y\u0131l\u0131nda a\u00e7\u0131lan bir m\u00fcnhale rehber \u00f6\u011fretmen olarak g\u00f6revlendirilmek \u00fczere 106 aday\u0131n ba\u015fvuru yapt\u0131\u011f\u0131n\u0131, 2023-2024 e\u011fitim y\u0131l\u0131 i\u00e7in ise T\u00fcrkiye Cumhuriyeti\u2019nden 15 rehber \u00f6\u011fretmen talebinde bulunuldu\u011funu belirterek, bunun kabul edilemez oldu\u011funu vurgulad\u0131.<\/p>\n<p>Dernek, \u00f6zelde psikolojik dan\u0131\u015fmanl\u0131k, genelde \u00f6\u011fretmenlik mesle\u011fi ve bu meslek gruplar\u0131n\u0131n hizmetlerinden yararlanacak toplum i\u00e7in \u00f6\u011fretmen sendikalar\u0131na ve \u00f6\u011fretmenlere destek verdi\u011fini belirtti.<\/p>\n<p>K\u0131br\u0131s T\u00fcrk Psikolojik Dan\u0131\u015fmanl\u0131k ve Rehberlik Derne\u011fi, 2000\u2019li y\u0131llar\u0131n ba\u015flar\u0131ndan itibaren dikkat \u00e7ekmeye \u00e7al\u0131\u015ft\u0131\u011f\u0131 bu sorunun g\u00fcn\u00fcm\u00fczde di\u011fer alanlarda da yayg\u0131nla\u015ft\u0131r\u0131larak devam etti\u011fini kaydetti.<\/p>\n<p>K\u0131br\u0131s T\u00fcrk Psikolojik Dan\u0131\u015fmanl\u0131k ve Rehberlik Derne\u011fi\u2019nin konuyla ilgili yapt\u0131\u011f\u0131 a\u00e7\u0131klama \u015f\u00f6yle;<\/p>\n<p>\u201cBu sorun y\u00fczlerce meslekta\u015f\u0131m\u0131z\u0131n i\u015fsizlik sorunudur. Hem de iddia edildi\u011fi gibi bu alanda \u00fclkemizde i\u015fsizlik sorunu hi\u00e7 yokken!<\/p>\n<p>Bu sorun, Orta\u00f6\u011fretime ba\u011fl\u0131 okullarda psikolojik dan\u0131\u015fman (rehber \u00f6\u011fretmen) kadrolar\u0131n\u0131n a\u00e7\u0131lmamas\u0131 veya \u00e7ok az say\u0131da a\u00e7\u0131lmas\u0131 ve T\u00fcrkiye Cumhuriyeti\u2019nden g\u00f6revlendirilen ki\u015filerle okullar\u0131m\u0131zdaki hizmetlerin y\u00fcr\u00fct\u00fclmesi sorunudur.<\/p>\n<p>Bu sorun, \u0130lk\u00f6\u011fretim\u2019e ba\u011fl\u0131 okullarda ise psikolojik dan\u0131\u015fman (rehber \u00f6\u011fretmen) kadrolar\u0131n\u0131n hi\u00e7 olu\u015fturulmamas\u0131 ve \u00f6\u011frencilerimizin bu hizmetlerden mahrum edilmesi, s\u0131n\u0131rl\u0131 say\u0131daki ilkokullarda ise sadece T\u00fcrkiye Cumhuriyeti\u2019nden g\u00f6revlendirilen ki\u015filerle bu hizmetlerin y\u00fcr\u00fct\u00fclmesi sorunudur.<\/p>\n<p>Bu sorun Milli E\u011fitim Bakanl\u0131\u011f\u0131 b\u00fcnyesinde bulunan Psikolojik Dan\u0131\u015fmanl\u0131k ve Rehberlik \u015eubesi\u2019ndeki kadrolar\u0131n a\u00e7\u0131lmayarak T\u00fcrkiye Cumhuriyeti taraf\u0131ndan g\u00f6nderilen ki\u015filerle bu hizmetlerin kar\u015f\u0131lanmas\u0131 sorunudur.<\/p>\n<p>Okullarda Psikolojik Dan\u0131\u015fmanlara (Rehber \u00f6\u011fretmenlere) ihtiya\u00e7 var; neden gerekli say\u0131da kadro a\u00e7\u0131lm\u0131yor?<\/p>\n<p>Psikolojik Dan\u0131\u015fmanlara (Rehber \u00f6\u011fretmenlere) ihtiya\u00e7 var ve yeterli mezun var; neden T\u00fcrkiye Cumhuriyeti\u2019nden g\u00f6revlendirme yap\u0131l\u0131yor?<\/p>\n<p>Okullar\u0131m\u0131zda bu hizmetlere ihtiya\u00e7 var ve yeterli mezun yoksa, neden Rehberlik ve Psikolojik Dan\u0131\u015fmanl\u0131k b\u00f6l\u00fcm\u00fc Milli E\u011fitim Bakanl\u0131\u011f\u0131 taraf\u0131ndan ihtiya\u00e7 fazlas\u0131 b\u00f6l\u00fcm olarak ilan edildi ve burs kapsam\u0131ndan \u00e7\u0131kar\u0131ld\u0131?<\/p>\n<p>Meslek Derne\u011fi olarak, on y\u0131llard\u0131r Milli E\u011fitim Bakanl\u0131\u011f\u0131 yapan say\u0131s\u0131z Bakan ve Bakanl\u0131k \u00fcst d\u00fczey y\u00f6neticilerine bu sorunu defalarca ilettik, kamuoyu ile payla\u015ft\u0131k, \u00f6neri \u00fcrettik ve \u00f6\u011fretmen sendikalar\u0131 ile birlikte \u00e7al\u0131\u015ft\u0131k. Ayn\u0131 zamanda g\u00fcncel yasa de\u011fi\u015fikli\u011fi \u00f6nerisine ili\u015fkin g\u00f6r\u00fc\u015flerimizi de Milli E\u011fitim Bakanl\u0131\u011f\u0131\u2019na bildirmi\u015f oldu\u011fumuzu ancak hi\u00e7bir zaman dikkate al\u0131nmad\u0131\u011f\u0131m\u0131z\u0131 \u00fcz\u00fclerek bilgilerinize getirmek isteriz\u201d<\/p>\n<\/p><\/div>\n<p><script async\n                    defer\n                    crossorigin=\"anonymous\"\n                    src=\"https:\/\/connect.facebook.net\/tr_TR\/sdk.js#xfbml=1&#038;version=v3.3\"\n            ><\/script><\/p>\n","protected":false},"excerpt":{"rendered":"<p>K\u0131br\u0131s T\u00fcrk Psikolojik Dan\u0131\u015fmanl\u0131k ve Rehberlik Derne\u011fi, 2022-2023 e\u011fitim y\u0131l\u0131nda a\u00e7\u0131lan bir m\u00fcnhale rehber \u00f6\u011fretmen olarak g\u00f6revlendirilmek \u00fczere 106 aday\u0131n ba\u015fvuru yapt\u0131\u011f\u0131n\u0131, 2023-2024 e\u011fitim y\u0131l\u0131 i\u00e7in ise T\u00fcrkiye Cumhuriyeti\u2019nden 15 rehber \u00f6\u011fretmen talebinde bulunuldu\u011funu belirterek, bunun kabul edilemez oldu\u011funu vurgulad\u0131. Dernek, \u00f6zelde psikolojik dan\u0131\u015fmanl\u0131k, genelde \u00f6\u011fretmenlik mesle\u011fi ve bu meslek gruplar\u0131n\u0131n hizmetlerinden yararlanacak toplum i\u00e7in<\/p>\n","protected":false},"author":1,"featured_media":7679,"comment_status":"open","ping_status":"open","sticky":false,"template":"","format":"standard","meta":{"footnotes":""},"categories":[1],"tags":[],"class_list":["post-7678","post","type-post","status-publish","format-standard","has-post-thumbnail","hentry","category-gundem"],"yoast_head":"<!-- This site is optimized with the Yoast SEO plugin v27.4 - https:\/\/yoast.com\/product\/yoast-seo-wordpress\/ -->\n<title>K\u0131br\u0131s T\u00fcrk Psikolojik Dan\u0131\u015fmanl\u0131k ve Rehberlik Derne\u011fi, \u00f6\u011fretmen sendikalar\u0131na ve \u00f6\u011fretmenlere destek verdi\u011fini belirtti -<\/title>\n<meta name=\"robots\" content=\"index, follow, max-snippet:-1, max-image-preview:large, max-video-preview:-1\" \/>\n<link rel=\"canonical\" href=\"https:\/\/kibrisdakik.com\/?p=7678\" \/>\n<meta property=\"og:locale\" content=\"tr_TR\" \/>\n<meta property=\"og:type\" content=\"article\" \/>\n<meta property=\"og:title\" content=\"K\u0131br\u0131s T\u00fcrk Psikolojik Dan\u0131\u015fmanl\u0131k ve Rehberlik Derne\u011fi, \u00f6\u011fretmen sendikalar\u0131na ve \u00f6\u011fretmenlere destek verdi\u011fini belirtti -\" \/>\n<meta property=\"og:description\" content=\"K\u0131br\u0131s T\u00fcrk Psikolojik Dan\u0131\u015fmanl\u0131k ve Rehberlik Derne\u011fi, 2022-2023 e\u011fitim y\u0131l\u0131nda a\u00e7\u0131lan bir m\u00fcnhale rehber \u00f6\u011fretmen olarak g\u00f6revlendirilmek \u00fczere 106 aday\u0131n ba\u015fvuru yapt\u0131\u011f\u0131n\u0131, 2023-2024 e\u011fitim y\u0131l\u0131 i\u00e7in ise T\u00fcrkiye Cumhuriyeti\u2019nden 15 rehber \u00f6\u011fretmen talebinde bulunuldu\u011funu belirterek, bunun kabul edilemez oldu\u011funu vurgulad\u0131. Dernek, \u00f6zelde psikolojik dan\u0131\u015fmanl\u0131k, genelde \u00f6\u011fretmenlik mesle\u011fi ve bu meslek gruplar\u0131n\u0131n hizmetlerinden yararlanacak toplum i\u00e7in\" \/>\n<meta property=\"og:url\" content=\"https:\/\/kibrisdakik.com\/?p=7678\" \/>\n<meta property=\"article:published_time\" content=\"2023-05-27T09:26:52+00:00\" \/>\n<meta property=\"og:image\" content=\"https:\/\/kibrisdakik.com\/wp-content\/uploads\/2023\/05\/kibris-turk-psikolojik-danismanlik-ve-rehberlik-dernegi.png\" \/>\n\t<meta property=\"og:image:width\" content=\"223\" \/>\n\t<meta property=\"og:image:height\" content=\"226\" \/>\n\t<meta property=\"og:image:type\" content=\"image\/png\" \/>\n<meta name=\"author\" content=\"admin\" \/>\n<meta name=\"twitter:card\" content=\"summary_large_image\" \/>\n<meta name=\"twitter:label1\" content=\"Yazan:\" \/>\n\t<meta name=\"twitter:data1\" content=\"admin\" \/>\n\t<meta name=\"twitter:label2\" content=\"Tahmini okuma s\u00fcresi\" \/>\n\t<meta name=\"twitter:data2\" content=\"2 dakika\" \/>\n<script type=\"application\/ld+json\" class=\"yoast-schema-graph\">{\"@context\":\"https:\\\/\\\/schema.org\",\"@graph\":[{\"@type\":\"Article\",\"@id\":\"https:\\\/\\\/kibrisdakik.com\\\/?p=7678#article\",\"isPartOf\":{\"@id\":\"https:\\\/\\\/kibrisdakik.com\\\/?p=7678\"},\"author\":{\"name\":\"admin\",\"@id\":\"https:\\\/\\\/kibrisdakik.com\\\/#\\\/schema\\\/person\\\/9cd9d437bbb44f72b73ba127e06d8e79\"},\"headline\":\"K\u0131br\u0131s T\u00fcrk Psikolojik Dan\u0131\u015fmanl\u0131k ve Rehberlik Derne\u011fi, \u00f6\u011fretmen sendikalar\u0131na ve \u00f6\u011fretmenlere destek verdi\u011fini belirtti\",\"datePublished\":\"2023-05-27T09:26:52+00:00\",\"mainEntityOfPage\":{\"@id\":\"https:\\\/\\\/kibrisdakik.com\\\/?p=7678\"},\"wordCount\":487,\"commentCount\":0,\"image\":{\"@id\":\"https:\\\/\\\/kibrisdakik.com\\\/?p=7678#primaryimage\"},\"thumbnailUrl\":\"https:\\\/\\\/kibrisdakik.com\\\/wp-content\\\/uploads\\\/2023\\\/05\\\/kibris-turk-psikolojik-danismanlik-ve-rehberlik-dernegi.png\",\"articleSection\":[\"G\u00fcndem\"],\"inLanguage\":\"tr\",\"potentialAction\":[{\"@type\":\"CommentAction\",\"name\":\"Comment\",\"target\":[\"https:\\\/\\\/kibrisdakik.com\\\/?p=7678#respond\"]}]},{\"@type\":\"WebPage\",\"@id\":\"https:\\\/\\\/kibrisdakik.com\\\/?p=7678\",\"url\":\"https:\\\/\\\/kibrisdakik.com\\\/?p=7678\",\"name\":\"K\u0131br\u0131s T\u00fcrk Psikolojik Dan\u0131\u015fmanl\u0131k ve Rehberlik Derne\u011fi, \u00f6\u011fretmen sendikalar\u0131na ve \u00f6\u011fretmenlere destek verdi\u011fini belirtti -\",\"isPartOf\":{\"@id\":\"https:\\\/\\\/kibrisdakik.com\\\/#website\"},\"primaryImageOfPage\":{\"@id\":\"https:\\\/\\\/kibrisdakik.com\\\/?p=7678#primaryimage\"},\"image\":{\"@id\":\"https:\\\/\\\/kibrisdakik.com\\\/?p=7678#primaryimage\"},\"thumbnailUrl\":\"https:\\\/\\\/kibrisdakik.com\\\/wp-content\\\/uploads\\\/2023\\\/05\\\/kibris-turk-psikolojik-danismanlik-ve-rehberlik-dernegi.png\",\"datePublished\":\"2023-05-27T09:26:52+00:00\",\"author\":{\"@id\":\"https:\\\/\\\/kibrisdakik.com\\\/#\\\/schema\\\/person\\\/9cd9d437bbb44f72b73ba127e06d8e79\"},\"breadcrumb\":{\"@id\":\"https:\\\/\\\/kibrisdakik.com\\\/?p=7678#breadcrumb\"},\"inLanguage\":\"tr\",\"potentialAction\":[{\"@type\":\"ReadAction\",\"target\":[\"https:\\\/\\\/kibrisdakik.com\\\/?p=7678\"]}]},{\"@type\":\"ImageObject\",\"inLanguage\":\"tr\",\"@id\":\"https:\\\/\\\/kibrisdakik.com\\\/?p=7678#primaryimage\",\"url\":\"https:\\\/\\\/kibrisdakik.com\\\/wp-content\\\/uploads\\\/2023\\\/05\\\/kibris-turk-psikolojik-danismanlik-ve-rehberlik-dernegi.png\",\"contentUrl\":\"https:\\\/\\\/kibrisdakik.com\\\/wp-content\\\/uploads\\\/2023\\\/05\\\/kibris-turk-psikolojik-danismanlik-ve-rehberlik-dernegi.png\",\"width\":223,\"height\":226},{\"@type\":\"BreadcrumbList\",\"@id\":\"https:\\\/\\\/kibrisdakik.com\\\/?p=7678#breadcrumb\",\"itemListElement\":[{\"@type\":\"ListItem\",\"position\":1,\"name\":\"Home\",\"item\":\"https:\\\/\\\/kibrisdakik.com\\\/\"},{\"@type\":\"ListItem\",\"position\":2,\"name\":\"K\u0131br\u0131s T\u00fcrk Psikolojik Dan\u0131\u015fmanl\u0131k ve Rehberlik Derne\u011fi, \u00f6\u011fretmen sendikalar\u0131na ve \u00f6\u011fretmenlere destek verdi\u011fini belirtti\"}]},{\"@type\":\"WebSite\",\"@id\":\"https:\\\/\\\/kibrisdakik.com\\\/#website\",\"url\":\"https:\\\/\\\/kibrisdakik.com\\\/\",\"name\":\"\",\"description\":\"Tam vaktinde haber\",\"potentialAction\":[{\"@type\":\"SearchAction\",\"target\":{\"@type\":\"EntryPoint\",\"urlTemplate\":\"https:\\\/\\\/kibrisdakik.com\\\/?s={search_term_string}\"},\"query-input\":{\"@type\":\"PropertyValueSpecification\",\"valueRequired\":true,\"valueName\":\"search_term_string\"}}],\"inLanguage\":\"tr\"},{\"@type\":\"Person\",\"@id\":\"https:\\\/\\\/kibrisdakik.com\\\/#\\\/schema\\\/person\\\/9cd9d437bbb44f72b73ba127e06d8e79\",\"name\":\"admin\",\"image\":{\"@type\":\"ImageObject\",\"inLanguage\":\"tr\",\"@id\":\"https:\\\/\\\/secure.gravatar.com\\\/avatar\\\/ccc17943b9d660506c869530f897617f7cb1c21a4bf30023f252596d83e1f007?s=96&d=mm&r=g\",\"url\":\"https:\\\/\\\/secure.gravatar.com\\\/avatar\\\/ccc17943b9d660506c869530f897617f7cb1c21a4bf30023f252596d83e1f007?s=96&d=mm&r=g\",\"contentUrl\":\"https:\\\/\\\/secure.gravatar.com\\\/avatar\\\/ccc17943b9d660506c869530f897617f7cb1c21a4bf30023f252596d83e1f007?s=96&d=mm&r=g\",\"caption\":\"admin\"},\"sameAs\":[\"https:\\\/\\\/kibrisdakik.com\"],\"url\":\"https:\\\/\\\/kibrisdakik.com\\\/?author=1\"}]}<\/script>\n<!-- \/ Yoast SEO plugin. -->","yoast_head_json":{"title":"K\u0131br\u0131s T\u00fcrk Psikolojik Dan\u0131\u015fmanl\u0131k ve Rehberlik Derne\u011fi, \u00f6\u011fretmen sendikalar\u0131na ve \u00f6\u011fretmenlere destek verdi\u011fini belirtti -","robots":{"index":"index","follow":"follow","max-snippet":"max-snippet:-1","max-image-preview":"max-image-preview:large","max-video-preview":"max-video-preview:-1"},"canonical":"https:\/\/kibrisdakik.com\/?p=7678","og_locale":"tr_TR","og_type":"article","og_title":"K\u0131br\u0131s T\u00fcrk Psikolojik Dan\u0131\u015fmanl\u0131k ve Rehberlik Derne\u011fi, \u00f6\u011fretmen sendikalar\u0131na ve \u00f6\u011fretmenlere destek verdi\u011fini belirtti -","og_description":"K\u0131br\u0131s T\u00fcrk Psikolojik Dan\u0131\u015fmanl\u0131k ve Rehberlik Derne\u011fi, 2022-2023 e\u011fitim y\u0131l\u0131nda a\u00e7\u0131lan bir m\u00fcnhale rehber \u00f6\u011fretmen olarak g\u00f6revlendirilmek \u00fczere 106 aday\u0131n ba\u015fvuru yapt\u0131\u011f\u0131n\u0131, 2023-2024 e\u011fitim y\u0131l\u0131 i\u00e7in ise T\u00fcrkiye Cumhuriyeti\u2019nden 15 rehber \u00f6\u011fretmen talebinde bulunuldu\u011funu belirterek, bunun kabul edilemez oldu\u011funu vurgulad\u0131. Dernek, \u00f6zelde psikolojik dan\u0131\u015fmanl\u0131k, genelde \u00f6\u011fretmenlik mesle\u011fi ve bu meslek gruplar\u0131n\u0131n hizmetlerinden yararlanacak toplum i\u00e7in","og_url":"https:\/\/kibrisdakik.com\/?p=7678","article_published_time":"2023-05-27T09:26:52+00:00","og_image":[{"width":223,"height":226,"url":"https:\/\/kibrisdakik.com\/wp-content\/uploads\/2023\/05\/kibris-turk-psikolojik-danismanlik-ve-rehberlik-dernegi.png","type":"image\/png"}],"author":"admin","twitter_card":"summary_large_image","twitter_misc":{"Yazan:":"admin","Tahmini okuma s\u00fcresi":"2 dakika"},"schema":{"@context":"https:\/\/schema.org","@graph":[{"@type":"Article","@id":"https:\/\/kibrisdakik.com\/?p=7678#article","isPartOf":{"@id":"https:\/\/kibrisdakik.com\/?p=7678"},"author":{"name":"admin","@id":"https:\/\/kibrisdakik.com\/#\/schema\/person\/9cd9d437bbb44f72b73ba127e06d8e79"},"headline":"K\u0131br\u0131s T\u00fcrk Psikolojik Dan\u0131\u015fmanl\u0131k ve Rehberlik Derne\u011fi, \u00f6\u011fretmen sendikalar\u0131na ve \u00f6\u011fretmenlere destek verdi\u011fini belirtti","datePublished":"2023-05-27T09:26:52+00:00","mainEntityOfPage":{"@id":"https:\/\/kibrisdakik.com\/?p=7678"},"wordCount":487,"commentCount":0,"image":{"@id":"https:\/\/kibrisdakik.com\/?p=7678#primaryimage"},"thumbnailUrl":"https:\/\/kibrisdakik.com\/wp-content\/uploads\/2023\/05\/kibris-turk-psikolojik-danismanlik-ve-rehberlik-dernegi.png","articleSection":["G\u00fcndem"],"inLanguage":"tr","potentialAction":[{"@type":"CommentAction","name":"Comment","target":["https:\/\/kibrisdakik.com\/?p=7678#respond"]}]},{"@type":"WebPage","@id":"https:\/\/kibrisdakik.com\/?p=7678","url":"https:\/\/kibrisdakik.com\/?p=7678","name":"K\u0131br\u0131s T\u00fcrk Psikolojik Dan\u0131\u015fmanl\u0131k ve Rehberlik Derne\u011fi, \u00f6\u011fretmen sendikalar\u0131na ve \u00f6\u011fretmenlere destek verdi\u011fini belirtti -","isPartOf":{"@id":"https:\/\/kibrisdakik.com\/#website"},"primaryImageOfPage":{"@id":"https:\/\/kibrisdakik.com\/?p=7678#primaryimage"},"image":{"@id":"https:\/\/kibrisdakik.com\/?p=7678#primaryimage"},"thumbnailUrl":"https:\/\/kibrisdakik.com\/wp-content\/uploads\/2023\/05\/kibris-turk-psikolojik-danismanlik-ve-rehberlik-dernegi.png","datePublished":"2023-05-27T09:26:52+00:00","author":{"@id":"https:\/\/kibrisdakik.com\/#\/schema\/person\/9cd9d437bbb44f72b73ba127e06d8e79"},"breadcrumb":{"@id":"https:\/\/kibrisdakik.com\/?p=7678#breadcrumb"},"inLanguage":"tr","potentialAction":[{"@type":"ReadAction","target":["https:\/\/kibrisdakik.com\/?p=7678"]}]},{"@type":"ImageObject","inLanguage":"tr","@id":"https:\/\/kibrisdakik.com\/?p=7678#primaryimage","url":"https:\/\/kibrisdakik.com\/wp-content\/uploads\/2023\/05\/kibris-turk-psikolojik-danismanlik-ve-rehberlik-dernegi.png","contentUrl":"https:\/\/kibrisdakik.com\/wp-content\/uploads\/2023\/05\/kibris-turk-psikolojik-danismanlik-ve-rehberlik-dernegi.png","width":223,"height":226},{"@type":"BreadcrumbList","@id":"https:\/\/kibrisdakik.com\/?p=7678#breadcrumb","itemListElement":[{"@type":"ListItem","position":1,"name":"Home","item":"https:\/\/kibrisdakik.com\/"},{"@type":"ListItem","position":2,"name":"K\u0131br\u0131s T\u00fcrk Psikolojik Dan\u0131\u015fmanl\u0131k ve Rehberlik Derne\u011fi, \u00f6\u011fretmen sendikalar\u0131na ve \u00f6\u011fretmenlere destek verdi\u011fini belirtti"}]},{"@type":"WebSite","@id":"https:\/\/kibrisdakik.com\/#website","url":"https:\/\/kibrisdakik.com\/","name":"","description":"Tam vaktinde haber","potentialAction":[{"@type":"SearchAction","target":{"@type":"EntryPoint","urlTemplate":"https:\/\/kibrisdakik.com\/?s={search_term_string}"},"query-input":{"@type":"PropertyValueSpecification","valueRequired":true,"valueName":"search_term_string"}}],"inLanguage":"tr"},{"@type":"Person","@id":"https:\/\/kibrisdakik.com\/#\/schema\/person\/9cd9d437bbb44f72b73ba127e06d8e79","name":"admin","image":{"@type":"ImageObject","inLanguage":"tr","@id":"https:\/\/secure.gravatar.com\/avatar\/ccc17943b9d660506c869530f897617f7cb1c21a4bf30023f252596d83e1f007?s=96&d=mm&r=g","url":"https:\/\/secure.gravatar.com\/avatar\/ccc17943b9d660506c869530f897617f7cb1c21a4bf30023f252596d83e1f007?s=96&d=mm&r=g","contentUrl":"https:\/\/secure.gravatar.com\/avatar\/ccc17943b9d660506c869530f897617f7cb1c21a4bf30023f252596d83e1f007?s=96&d=mm&r=g","caption":"admin"},"sameAs":["https:\/\/kibrisdakik.com"],"url":"https:\/\/kibrisdakik.com\/?author=1"}]}},"_links":{"self":[{"href":"https:\/\/kibrisdakik.com\/index.php?rest_route=\/wp\/v2\/posts\/7678","targetHints":{"allow":["GET"]}}],"collection":[{"href":"https:\/\/kibrisdakik.com\/index.php?rest_route=\/wp\/v2\/posts"}],"about":[{"href":"https:\/\/kibrisdakik.com\/index.php?rest_route=\/wp\/v2\/types\/post"}],"author":[{"embeddable":true,"href":"https:\/\/kibrisdakik.com\/index.php?rest_route=\/wp\/v2\/users\/1"}],"replies":[{"embeddable":true,"href":"https:\/\/kibrisdakik.com\/index.php?rest_route=%2Fwp%2Fv2%2Fcomments&post=7678"}],"version-history":[{"count":0,"href":"https:\/\/kibrisdakik.com\/index.php?rest_route=\/wp\/v2\/posts\/7678\/revisions"}],"wp:featuredmedia":[{"embeddable":true,"href":"https:\/\/kibrisdakik.com\/index.php?rest_route=\/wp\/v2\/media\/7679"}],"wp:attachment":[{"href":"https:\/\/kibrisdakik.com\/index.php?rest_route=%2Fwp%2Fv2%2Fmedia&parent=7678"}],"wp:term":[{"taxonomy":"category","embeddable":true,"href":"https:\/\/kibrisdakik.com\/index.php?rest_route=%2Fwp%2Fv2%2Fcategories&post=7678"},{"taxonomy":"post_tag","embeddable":true,"href":"https:\/\/kibrisdakik.com\/index.php?rest_route=%2Fwp%2Fv2%2Ftags&post=7678"}],"curies":[{"name":"wp","href":"https:\/\/api.w.org\/{rel}","templated":true}]}}