{"id":76804,"date":"2025-03-01T20:54:24","date_gmt":"2025-03-01T17:54:24","guid":{"rendered":"https:\/\/kibrisdakik.com\/index.php\/2025\/03\/01\/dunya-izci-dusunce-gunu-kapsaminda-solen-duzenlendi\/"},"modified":"2025-03-01T20:54:24","modified_gmt":"2025-03-01T17:54:24","slug":"dunya-izci-dusunce-gunu-kapsaminda-solen-duzenlendi","status":"publish","type":"post","link":"https:\/\/kibrisdakik.com\/?p=76804","title":{"rendered":"\u2018D\u00fcnya \u0130zci D\u00fc\u015f\u00fcnce G\u00fcn\u00fc\u2019 kapsam\u0131nda \u015f\u00f6len d\u00fczenlendi"},"content":{"rendered":"<div>\n<div class=\"mariselle-image-container center\">\n                                            <\/div>\n<p>22 \u015eubat \u0130zci D\u00fc\u015f\u00fcnce G\u00fcn\u00fc nedeniyle Girne Ramadan Cemil Meydan\u0131\u2019nda Kuzey K\u0131br\u0131s T\u00fcrk Cumhuriyeti \u0130zci Liderleri Derne\u011fi ve Girne Belediyesi i\u015fbirli\u011finde D\u00fcnya \u0130zci D\u00fc\u015f\u00fcnce G\u00fcn\u00fc \u015e\u00f6leni d\u00fczenledi.<\/p>\n<p>Etkinlikte e\u011flenceli oyunlar,  yar\u0131\u015fmalar,  yiyecek i\u00e7ecek  ve hediyelik e\u015fya sat\u0131\u015flar\u0131 yap\u0131ld\u0131.<\/p>\n<p>\u0130LDER Ba\u015fkan\u0131 L\u00fctfiye fedai, 22 \u015eubat \u0130zci D\u00fc\u015f\u00fcnce G\u00fcn\u00fcnde ger\u00e7ekle\u015ftirmeyi tasarlad\u0131klar\u0131 etkinli\u011fin, hava muhalefeti nedeniyle d\u00fcn ger\u00e7ekle\u015fti\u011fini belirterek, organizasyonun ger\u00e7ekle\u015fmesine kakt\u0131 sa\u011flayan Girne Beelediyesine te\u015fekk\u00fcr etti.<\/p>\n<p>Fedai, 1926 y\u0131l\u0131ndan itibaren d\u00fcnya izcilerinin sevgi, karde\u015flik, yard\u0131m duygular\u0131 ile birbirlerine ba\u011fl\u0131l\u0131klar\u0131n\u0131 simgelemek \u00fczere izcili\u011fin kurucusu Baden Powell ve e\u015finin do\u011fum g\u00fcn\u00fc olan 22 \u015eubat\u2019\u0131n  \u0130zci D\u00fc\u015f\u00fcnce g\u00fcn\u00fc olarak kutland\u0131\u011f\u0131n\u0131 an\u0131msatt\u0131.<\/p>\n<div class=\"mariselle-image-container center\">\n                <img loading=\"lazy\" decoding=\"async\" width=\"1600\" height=\"900\" class=\"lazy-image\" alt=\"\" sizes=\"auto, (max-width: 1600px) 100vw, 1600px\" src=\"https:\/\/brtk.net\/wp-content\/uploads\/2025\/03\/01\/8ed18443-b737-47cd-8b55-f1f21604d4ae.jpg?ver=c39ba32da3a194b31a50fed656127be2\" srcset=\"https:\/\/brtk.net\/wp-content\/uploads\/2025\/03\/01\/8ed18443-b737-47cd-8b55-f1f21604d4ae.jpg?ver=c39ba32da3a194b31a50fed656127be2 1600w, https:\/\/brtk.net\/wp-content\/uploads\/2025\/03\/01\/8ed18443-b737-47cd-8b55-f1f21604d4ae-300x169.jpg?ver=8c2e11c876101cc4b5a7b7fb613e2b46 300w, https:\/\/brtk.net\/wp-content\/uploads\/2025\/03\/01\/8ed18443-b737-47cd-8b55-f1f21604d4ae-1024x576.jpg?ver=8c2e11c876101cc4b5a7b7fb613e2b46 1024w, https:\/\/brtk.net\/wp-content\/uploads\/2025\/03\/01\/8ed18443-b737-47cd-8b55-f1f21604d4ae-768x432.jpg?ver=402c19d77880e793600c95923e5704d2 768w, https:\/\/brtk.net\/wp-content\/uploads\/2025\/03\/01\/8ed18443-b737-47cd-8b55-f1f21604d4ae-1536x864.jpg?ver=402c19d77880e793600c95923e5704d2 1536w\"\/>                            <\/div>\n<p>Kuzey K\u0131br\u0131s T\u00fcrk Cumhuriyeti \u0130zci Liderleri Derne\u011fi ve Girne Belediyesi\u2019nin i\u015fbirli\u011fi i\u00e7inde, 5 ay \u00f6nce Girne\u2019de Lider Ye\u015fim Beyzade ile ba\u015flatt\u0131\u011f\u0131 izcilik \u00e7al\u0131\u015fmalar\u0131n\u0131n, b\u00fcy\u00fck bir ivme kazanarak devam etti\u011fini dile getiren  Fedai, Girne Belediyesi \u0130zcilerinin ba\u015far\u0131lar\u0131n\u0131n devamini diledi.<\/p>\n<p>\u0130zci Lideri ve Girne Belediyesi izcileri e\u011fitmeni Ye\u015fim beyzade de etkinlikle ilgili  bilgi vererek,  etkinlik kapsam\u0131nda d\u00fcznelenen kermesten elde edilecek gelirle, kamp malzemeleri almay\u0131 hedeflediklerini s\u00f6yledi.<\/p>\n<blockquote><\/blockquote>\n<\/div>\n<p><script async\n                    defer\n                    crossorigin=\"anonymous\"\n                    src=\"https:\/\/connect.facebook.net\/tr_TR\/sdk.js#xfbml=1&#038;version=v3.3\"\n            ><\/script><\/p>\n","protected":false},"excerpt":{"rendered":"<p>22 \u015eubat \u0130zci D\u00fc\u015f\u00fcnce G\u00fcn\u00fc nedeniyle Girne Ramadan Cemil Meydan\u0131\u2019nda Kuzey K\u0131br\u0131s T\u00fcrk Cumhuriyeti \u0130zci Liderleri Derne\u011fi ve Girne Belediyesi i\u015fbirli\u011finde D\u00fcnya \u0130zci D\u00fc\u015f\u00fcnce G\u00fcn\u00fc \u015e\u00f6leni d\u00fczenledi. Etkinlikte e\u011flenceli oyunlar, yar\u0131\u015fmalar, yiyecek i\u00e7ecek ve hediyelik e\u015fya sat\u0131\u015flar\u0131 yap\u0131ld\u0131. \u0130LDER Ba\u015fkan\u0131 L\u00fctfiye fedai, 22 \u015eubat \u0130zci D\u00fc\u015f\u00fcnce G\u00fcn\u00fcnde ger\u00e7ekle\u015ftirmeyi tasarlad\u0131klar\u0131 etkinli\u011fin, hava muhalefeti nedeniyle d\u00fcn ger\u00e7ekle\u015fti\u011fini<\/p>\n","protected":false},"author":1,"featured_media":76805,"comment_status":"open","ping_status":"open","sticky":false,"template":"","format":"standard","meta":{"footnotes":""},"categories":[81,101],"tags":[],"class_list":["post-76804","post","type-post","status-publish","format-standard","has-post-thumbnail","hentry","category-kibris","category-manset"],"yoast_head":"<!-- This site is optimized with the Yoast SEO plugin v27.4 - https:\/\/yoast.com\/product\/yoast-seo-wordpress\/ -->\n<title>\u2018D\u00fcnya \u0130zci D\u00fc\u015f\u00fcnce G\u00fcn\u00fc\u2019 kapsam\u0131nda \u015f\u00f6len d\u00fczenlendi -<\/title>\n<meta name=\"robots\" content=\"index, follow, max-snippet:-1, max-image-preview:large, max-video-preview:-1\" \/>\n<link rel=\"canonical\" href=\"https:\/\/kibrisdakik.com\/?p=76804\" \/>\n<meta property=\"og:locale\" content=\"tr_TR\" \/>\n<meta property=\"og:type\" content=\"article\" \/>\n<meta property=\"og:title\" content=\"\u2018D\u00fcnya \u0130zci D\u00fc\u015f\u00fcnce G\u00fcn\u00fc\u2019 kapsam\u0131nda \u015f\u00f6len d\u00fczenlendi -\" \/>\n<meta property=\"og:description\" content=\"22 \u015eubat \u0130zci D\u00fc\u015f\u00fcnce G\u00fcn\u00fc nedeniyle Girne Ramadan Cemil Meydan\u0131\u2019nda Kuzey K\u0131br\u0131s T\u00fcrk Cumhuriyeti \u0130zci Liderleri Derne\u011fi ve Girne Belediyesi i\u015fbirli\u011finde D\u00fcnya \u0130zci D\u00fc\u015f\u00fcnce G\u00fcn\u00fc \u015e\u00f6leni d\u00fczenledi. Etkinlikte e\u011flenceli oyunlar, yar\u0131\u015fmalar, yiyecek i\u00e7ecek ve hediyelik e\u015fya sat\u0131\u015flar\u0131 yap\u0131ld\u0131. \u0130LDER Ba\u015fkan\u0131 L\u00fctfiye fedai, 22 \u015eubat \u0130zci D\u00fc\u015f\u00fcnce G\u00fcn\u00fcnde ger\u00e7ekle\u015ftirmeyi tasarlad\u0131klar\u0131 etkinli\u011fin, hava muhalefeti nedeniyle d\u00fcn ger\u00e7ekle\u015fti\u011fini\" \/>\n<meta property=\"og:url\" content=\"https:\/\/kibrisdakik.com\/?p=76804\" \/>\n<meta property=\"article:published_time\" content=\"2025-03-01T17:54:24+00:00\" \/>\n<meta property=\"og:image\" content=\"https:\/\/kibrisdakik.com\/wp-content\/uploads\/2025\/03\/53683c8b-6bac-4f58-83e2-43c35b4bafe4-740x420.jpg\" \/>\n\t<meta property=\"og:image:width\" content=\"1600\" \/>\n\t<meta property=\"og:image:height\" content=\"900\" \/>\n\t<meta property=\"og:image:type\" content=\"image\/jpeg\" \/>\n<meta name=\"author\" content=\"admin\" \/>\n<meta name=\"twitter:card\" content=\"summary_large_image\" \/>\n<meta name=\"twitter:label1\" content=\"Yazan:\" \/>\n\t<meta name=\"twitter:data1\" content=\"admin\" \/>\n\t<meta name=\"twitter:label2\" content=\"Tahmini okuma s\u00fcresi\" \/>\n\t<meta name=\"twitter:data2\" content=\"1 dakika\" \/>\n<script type=\"application\/ld+json\" class=\"yoast-schema-graph\">{\"@context\":\"https:\\\/\\\/schema.org\",\"@graph\":[{\"@type\":\"Article\",\"@id\":\"https:\\\/\\\/kibrisdakik.com\\\/?p=76804#article\",\"isPartOf\":{\"@id\":\"https:\\\/\\\/kibrisdakik.com\\\/?p=76804\"},\"author\":{\"name\":\"admin\",\"@id\":\"https:\\\/\\\/kibrisdakik.com\\\/#\\\/schema\\\/person\\\/9cd9d437bbb44f72b73ba127e06d8e79\"},\"headline\":\"\u2018D\u00fcnya \u0130zci D\u00fc\u015f\u00fcnce G\u00fcn\u00fc\u2019 kapsam\u0131nda \u015f\u00f6len d\u00fczenlendi\",\"datePublished\":\"2025-03-01T17:54:24+00:00\",\"mainEntityOfPage\":{\"@id\":\"https:\\\/\\\/kibrisdakik.com\\\/?p=76804\"},\"wordCount\":248,\"commentCount\":0,\"image\":{\"@id\":\"https:\\\/\\\/kibrisdakik.com\\\/?p=76804#primaryimage\"},\"thumbnailUrl\":\"https:\\\/\\\/kibrisdakik.com\\\/wp-content\\\/uploads\\\/2025\\\/03\\\/53683c8b-6bac-4f58-83e2-43c35b4bafe4-740x420.jpg\",\"articleSection\":[\"K\u0131br\u0131s\",\"Man\u015fet\"],\"inLanguage\":\"tr\",\"potentialAction\":[{\"@type\":\"CommentAction\",\"name\":\"Comment\",\"target\":[\"https:\\\/\\\/kibrisdakik.com\\\/?p=76804#respond\"]}]},{\"@type\":\"WebPage\",\"@id\":\"https:\\\/\\\/kibrisdakik.com\\\/?p=76804\",\"url\":\"https:\\\/\\\/kibrisdakik.com\\\/?p=76804\",\"name\":\"\u2018D\u00fcnya \u0130zci D\u00fc\u015f\u00fcnce G\u00fcn\u00fc\u2019 kapsam\u0131nda \u015f\u00f6len d\u00fczenlendi -\",\"isPartOf\":{\"@id\":\"https:\\\/\\\/kibrisdakik.com\\\/#website\"},\"primaryImageOfPage\":{\"@id\":\"https:\\\/\\\/kibrisdakik.com\\\/?p=76804#primaryimage\"},\"image\":{\"@id\":\"https:\\\/\\\/kibrisdakik.com\\\/?p=76804#primaryimage\"},\"thumbnailUrl\":\"https:\\\/\\\/kibrisdakik.com\\\/wp-content\\\/uploads\\\/2025\\\/03\\\/53683c8b-6bac-4f58-83e2-43c35b4bafe4-740x420.jpg\",\"datePublished\":\"2025-03-01T17:54:24+00:00\",\"author\":{\"@id\":\"https:\\\/\\\/kibrisdakik.com\\\/#\\\/schema\\\/person\\\/9cd9d437bbb44f72b73ba127e06d8e79\"},\"breadcrumb\":{\"@id\":\"https:\\\/\\\/kibrisdakik.com\\\/?p=76804#breadcrumb\"},\"inLanguage\":\"tr\",\"potentialAction\":[{\"@type\":\"ReadAction\",\"target\":[\"https:\\\/\\\/kibrisdakik.com\\\/?p=76804\"]}]},{\"@type\":\"ImageObject\",\"inLanguage\":\"tr\",\"@id\":\"https:\\\/\\\/kibrisdakik.com\\\/?p=76804#primaryimage\",\"url\":\"https:\\\/\\\/kibrisdakik.com\\\/wp-content\\\/uploads\\\/2025\\\/03\\\/53683c8b-6bac-4f58-83e2-43c35b4bafe4-740x420.jpg\",\"contentUrl\":\"https:\\\/\\\/kibrisdakik.com\\\/wp-content\\\/uploads\\\/2025\\\/03\\\/53683c8b-6bac-4f58-83e2-43c35b4bafe4-740x420.jpg\",\"width\":1600,\"height\":900},{\"@type\":\"BreadcrumbList\",\"@id\":\"https:\\\/\\\/kibrisdakik.com\\\/?p=76804#breadcrumb\",\"itemListElement\":[{\"@type\":\"ListItem\",\"position\":1,\"name\":\"Home\",\"item\":\"https:\\\/\\\/kibrisdakik.com\\\/\"},{\"@type\":\"ListItem\",\"position\":2,\"name\":\"\u2018D\u00fcnya \u0130zci D\u00fc\u015f\u00fcnce G\u00fcn\u00fc\u2019 kapsam\u0131nda \u015f\u00f6len d\u00fczenlendi\"}]},{\"@type\":\"WebSite\",\"@id\":\"https:\\\/\\\/kibrisdakik.com\\\/#website\",\"url\":\"https:\\\/\\\/kibrisdakik.com\\\/\",\"name\":\"\",\"description\":\"Tam vaktinde haber\",\"potentialAction\":[{\"@type\":\"SearchAction\",\"target\":{\"@type\":\"EntryPoint\",\"urlTemplate\":\"https:\\\/\\\/kibrisdakik.com\\\/?s={search_term_string}\"},\"query-input\":{\"@type\":\"PropertyValueSpecification\",\"valueRequired\":true,\"valueName\":\"search_term_string\"}}],\"inLanguage\":\"tr\"},{\"@type\":\"Person\",\"@id\":\"https:\\\/\\\/kibrisdakik.com\\\/#\\\/schema\\\/person\\\/9cd9d437bbb44f72b73ba127e06d8e79\",\"name\":\"admin\",\"image\":{\"@type\":\"ImageObject\",\"inLanguage\":\"tr\",\"@id\":\"https:\\\/\\\/secure.gravatar.com\\\/avatar\\\/ccc17943b9d660506c869530f897617f7cb1c21a4bf30023f252596d83e1f007?s=96&d=mm&r=g\",\"url\":\"https:\\\/\\\/secure.gravatar.com\\\/avatar\\\/ccc17943b9d660506c869530f897617f7cb1c21a4bf30023f252596d83e1f007?s=96&d=mm&r=g\",\"contentUrl\":\"https:\\\/\\\/secure.gravatar.com\\\/avatar\\\/ccc17943b9d660506c869530f897617f7cb1c21a4bf30023f252596d83e1f007?s=96&d=mm&r=g\",\"caption\":\"admin\"},\"sameAs\":[\"https:\\\/\\\/kibrisdakik.com\"],\"url\":\"https:\\\/\\\/kibrisdakik.com\\\/?author=1\"}]}<\/script>\n<!-- \/ Yoast SEO plugin. -->","yoast_head_json":{"title":"\u2018D\u00fcnya \u0130zci D\u00fc\u015f\u00fcnce G\u00fcn\u00fc\u2019 kapsam\u0131nda \u015f\u00f6len d\u00fczenlendi -","robots":{"index":"index","follow":"follow","max-snippet":"max-snippet:-1","max-image-preview":"max-image-preview:large","max-video-preview":"max-video-preview:-1"},"canonical":"https:\/\/kibrisdakik.com\/?p=76804","og_locale":"tr_TR","og_type":"article","og_title":"\u2018D\u00fcnya \u0130zci D\u00fc\u015f\u00fcnce G\u00fcn\u00fc\u2019 kapsam\u0131nda \u015f\u00f6len d\u00fczenlendi -","og_description":"22 \u015eubat \u0130zci D\u00fc\u015f\u00fcnce G\u00fcn\u00fc nedeniyle Girne Ramadan Cemil Meydan\u0131\u2019nda Kuzey K\u0131br\u0131s T\u00fcrk Cumhuriyeti \u0130zci Liderleri Derne\u011fi ve Girne Belediyesi i\u015fbirli\u011finde D\u00fcnya \u0130zci D\u00fc\u015f\u00fcnce G\u00fcn\u00fc \u015e\u00f6leni d\u00fczenledi. Etkinlikte e\u011flenceli oyunlar, yar\u0131\u015fmalar, yiyecek i\u00e7ecek ve hediyelik e\u015fya sat\u0131\u015flar\u0131 yap\u0131ld\u0131. \u0130LDER Ba\u015fkan\u0131 L\u00fctfiye fedai, 22 \u015eubat \u0130zci D\u00fc\u015f\u00fcnce G\u00fcn\u00fcnde ger\u00e7ekle\u015ftirmeyi tasarlad\u0131klar\u0131 etkinli\u011fin, hava muhalefeti nedeniyle d\u00fcn ger\u00e7ekle\u015fti\u011fini","og_url":"https:\/\/kibrisdakik.com\/?p=76804","article_published_time":"2025-03-01T17:54:24+00:00","og_image":[{"width":1600,"height":900,"url":"https:\/\/kibrisdakik.com\/wp-content\/uploads\/2025\/03\/53683c8b-6bac-4f58-83e2-43c35b4bafe4-740x420.jpg","type":"image\/jpeg"}],"author":"admin","twitter_card":"summary_large_image","twitter_misc":{"Yazan:":"admin","Tahmini okuma s\u00fcresi":"1 dakika"},"schema":{"@context":"https:\/\/schema.org","@graph":[{"@type":"Article","@id":"https:\/\/kibrisdakik.com\/?p=76804#article","isPartOf":{"@id":"https:\/\/kibrisdakik.com\/?p=76804"},"author":{"name":"admin","@id":"https:\/\/kibrisdakik.com\/#\/schema\/person\/9cd9d437bbb44f72b73ba127e06d8e79"},"headline":"\u2018D\u00fcnya \u0130zci D\u00fc\u015f\u00fcnce G\u00fcn\u00fc\u2019 kapsam\u0131nda \u015f\u00f6len d\u00fczenlendi","datePublished":"2025-03-01T17:54:24+00:00","mainEntityOfPage":{"@id":"https:\/\/kibrisdakik.com\/?p=76804"},"wordCount":248,"commentCount":0,"image":{"@id":"https:\/\/kibrisdakik.com\/?p=76804#primaryimage"},"thumbnailUrl":"https:\/\/kibrisdakik.com\/wp-content\/uploads\/2025\/03\/53683c8b-6bac-4f58-83e2-43c35b4bafe4-740x420.jpg","articleSection":["K\u0131br\u0131s","Man\u015fet"],"inLanguage":"tr","potentialAction":[{"@type":"CommentAction","name":"Comment","target":["https:\/\/kibrisdakik.com\/?p=76804#respond"]}]},{"@type":"WebPage","@id":"https:\/\/kibrisdakik.com\/?p=76804","url":"https:\/\/kibrisdakik.com\/?p=76804","name":"\u2018D\u00fcnya \u0130zci D\u00fc\u015f\u00fcnce G\u00fcn\u00fc\u2019 kapsam\u0131nda \u015f\u00f6len d\u00fczenlendi -","isPartOf":{"@id":"https:\/\/kibrisdakik.com\/#website"},"primaryImageOfPage":{"@id":"https:\/\/kibrisdakik.com\/?p=76804#primaryimage"},"image":{"@id":"https:\/\/kibrisdakik.com\/?p=76804#primaryimage"},"thumbnailUrl":"https:\/\/kibrisdakik.com\/wp-content\/uploads\/2025\/03\/53683c8b-6bac-4f58-83e2-43c35b4bafe4-740x420.jpg","datePublished":"2025-03-01T17:54:24+00:00","author":{"@id":"https:\/\/kibrisdakik.com\/#\/schema\/person\/9cd9d437bbb44f72b73ba127e06d8e79"},"breadcrumb":{"@id":"https:\/\/kibrisdakik.com\/?p=76804#breadcrumb"},"inLanguage":"tr","potentialAction":[{"@type":"ReadAction","target":["https:\/\/kibrisdakik.com\/?p=76804"]}]},{"@type":"ImageObject","inLanguage":"tr","@id":"https:\/\/kibrisdakik.com\/?p=76804#primaryimage","url":"https:\/\/kibrisdakik.com\/wp-content\/uploads\/2025\/03\/53683c8b-6bac-4f58-83e2-43c35b4bafe4-740x420.jpg","contentUrl":"https:\/\/kibrisdakik.com\/wp-content\/uploads\/2025\/03\/53683c8b-6bac-4f58-83e2-43c35b4bafe4-740x420.jpg","width":1600,"height":900},{"@type":"BreadcrumbList","@id":"https:\/\/kibrisdakik.com\/?p=76804#breadcrumb","itemListElement":[{"@type":"ListItem","position":1,"name":"Home","item":"https:\/\/kibrisdakik.com\/"},{"@type":"ListItem","position":2,"name":"\u2018D\u00fcnya \u0130zci D\u00fc\u015f\u00fcnce G\u00fcn\u00fc\u2019 kapsam\u0131nda \u015f\u00f6len d\u00fczenlendi"}]},{"@type":"WebSite","@id":"https:\/\/kibrisdakik.com\/#website","url":"https:\/\/kibrisdakik.com\/","name":"","description":"Tam vaktinde haber","potentialAction":[{"@type":"SearchAction","target":{"@type":"EntryPoint","urlTemplate":"https:\/\/kibrisdakik.com\/?s={search_term_string}"},"query-input":{"@type":"PropertyValueSpecification","valueRequired":true,"valueName":"search_term_string"}}],"inLanguage":"tr"},{"@type":"Person","@id":"https:\/\/kibrisdakik.com\/#\/schema\/person\/9cd9d437bbb44f72b73ba127e06d8e79","name":"admin","image":{"@type":"ImageObject","inLanguage":"tr","@id":"https:\/\/secure.gravatar.com\/avatar\/ccc17943b9d660506c869530f897617f7cb1c21a4bf30023f252596d83e1f007?s=96&d=mm&r=g","url":"https:\/\/secure.gravatar.com\/avatar\/ccc17943b9d660506c869530f897617f7cb1c21a4bf30023f252596d83e1f007?s=96&d=mm&r=g","contentUrl":"https:\/\/secure.gravatar.com\/avatar\/ccc17943b9d660506c869530f897617f7cb1c21a4bf30023f252596d83e1f007?s=96&d=mm&r=g","caption":"admin"},"sameAs":["https:\/\/kibrisdakik.com"],"url":"https:\/\/kibrisdakik.com\/?author=1"}]}},"_links":{"self":[{"href":"https:\/\/kibrisdakik.com\/index.php?rest_route=\/wp\/v2\/posts\/76804","targetHints":{"allow":["GET"]}}],"collection":[{"href":"https:\/\/kibrisdakik.com\/index.php?rest_route=\/wp\/v2\/posts"}],"about":[{"href":"https:\/\/kibrisdakik.com\/index.php?rest_route=\/wp\/v2\/types\/post"}],"author":[{"embeddable":true,"href":"https:\/\/kibrisdakik.com\/index.php?rest_route=\/wp\/v2\/users\/1"}],"replies":[{"embeddable":true,"href":"https:\/\/kibrisdakik.com\/index.php?rest_route=%2Fwp%2Fv2%2Fcomments&post=76804"}],"version-history":[{"count":0,"href":"https:\/\/kibrisdakik.com\/index.php?rest_route=\/wp\/v2\/posts\/76804\/revisions"}],"wp:featuredmedia":[{"embeddable":true,"href":"https:\/\/kibrisdakik.com\/index.php?rest_route=\/wp\/v2\/media\/76805"}],"wp:attachment":[{"href":"https:\/\/kibrisdakik.com\/index.php?rest_route=%2Fwp%2Fv2%2Fmedia&parent=76804"}],"wp:term":[{"taxonomy":"category","embeddable":true,"href":"https:\/\/kibrisdakik.com\/index.php?rest_route=%2Fwp%2Fv2%2Fcategories&post=76804"},{"taxonomy":"post_tag","embeddable":true,"href":"https:\/\/kibrisdakik.com\/index.php?rest_route=%2Fwp%2Fv2%2Ftags&post=76804"}],"curies":[{"name":"wp","href":"https:\/\/api.w.org\/{rel}","templated":true}]}}