{"id":76886,"date":"2025-03-03T13:05:47","date_gmt":"2025-03-03T10:05:47","guid":{"rendered":"https:\/\/kibrisdakik.com\/index.php\/2025\/03\/03\/telefon-faturalari-en-gec-14-martta-odenecek\/"},"modified":"2025-03-03T13:05:47","modified_gmt":"2025-03-03T10:05:47","slug":"telefon-faturalari-en-gec-14-martta-odenecek","status":"publish","type":"post","link":"https:\/\/kibrisdakik.com\/?p=76886","title":{"rendered":"Telefon faturalar\u0131 en ge\u00e7 14 Mart\u2019ta \u00f6denecek"},"content":{"rendered":"<div>\n<div class=\"mariselle-image-container none\">\n                                            <\/div>\n<p>Telekom\u00fcnikasyon Dairesi, 31 Ocak 2025\u2019e kadar olan bor\u00e7lar\u0131n en ge\u00e7\u00a014 Mart\u2019a kadar kapat\u0131lmas\u0131 gerekti\u011fi duyurdu.<\/p>\n<p>Daireden yap\u0131lan duyuruda, 31 Ocak itibariyle hesaplar\u0131 kapat\u0131lmayan ve a\u00e7\u0131k hesaplar\u0131 bulunan\u00a0abonelerin ses, data ve internet hizmetlerinin kesilece\u011fi belirtildi.<\/p>\n<p>\u015eubat 2024 sonu itibariyle, 12 fatura d\u00f6nemi \u00fczeri borcu olan abonelerin hatlar\u0131n\u0131n iptal edilece\u011fi ve aboneliklerinin sonland\u0131r\u0131laca\u011f\u0131 kaydedildi.<\/p>\n<\/p><\/div>\n<p><script async\n                    defer\n                    crossorigin=\"anonymous\"\n                    src=\"https:\/\/connect.facebook.net\/tr_TR\/sdk.js#xfbml=1&#038;version=v3.3\"\n            ><\/script><\/p>\n","protected":false},"excerpt":{"rendered":"<p>Telekom\u00fcnikasyon Dairesi, 31 Ocak 2025\u2019e kadar olan bor\u00e7lar\u0131n en ge\u00e7\u00a014 Mart\u2019a kadar kapat\u0131lmas\u0131 gerekti\u011fi duyurdu. Daireden yap\u0131lan duyuruda, 31 Ocak itibariyle hesaplar\u0131 kapat\u0131lmayan ve a\u00e7\u0131k hesaplar\u0131 bulunan\u00a0abonelerin ses, data ve internet hizmetlerinin kesilece\u011fi belirtildi. \u015eubat 2024 sonu itibariyle, 12 fatura d\u00f6nemi \u00fczeri borcu olan abonelerin hatlar\u0131n\u0131n iptal edilece\u011fi ve aboneliklerinin sonland\u0131r\u0131laca\u011f\u0131 kaydedildi.<\/p>\n","protected":false},"author":1,"featured_media":76887,"comment_status":"open","ping_status":"open","sticky":false,"template":"","format":"standard","meta":{"footnotes":""},"categories":[81,101],"tags":[],"class_list":["post-76886","post","type-post","status-publish","format-standard","has-post-thumbnail","hentry","category-kibris","category-manset"],"yoast_head":"<!-- This site is optimized with the Yoast SEO plugin v27.5 - https:\/\/yoast.com\/product\/yoast-seo-wordpress\/ -->\n<title>Telefon faturalar\u0131 en ge\u00e7 14 Mart\u2019ta \u00f6denecek -<\/title>\n<meta name=\"robots\" content=\"index, follow, max-snippet:-1, max-image-preview:large, max-video-preview:-1\" \/>\n<link rel=\"canonical\" href=\"https:\/\/kibrisdakik.com\/?p=76886\" \/>\n<meta property=\"og:locale\" content=\"tr_TR\" \/>\n<meta property=\"og:type\" content=\"article\" \/>\n<meta property=\"og:title\" content=\"Telefon faturalar\u0131 en ge\u00e7 14 Mart\u2019ta \u00f6denecek -\" \/>\n<meta property=\"og:description\" content=\"Telekom\u00fcnikasyon Dairesi, 31 Ocak 2025\u2019e kadar olan bor\u00e7lar\u0131n en ge\u00e7\u00a014 Mart\u2019a kadar kapat\u0131lmas\u0131 gerekti\u011fi duyurdu. Daireden yap\u0131lan duyuruda, 31 Ocak itibariyle hesaplar\u0131 kapat\u0131lmayan ve a\u00e7\u0131k hesaplar\u0131 bulunan\u00a0abonelerin ses, data ve internet hizmetlerinin kesilece\u011fi belirtildi. \u015eubat 2024 sonu itibariyle, 12 fatura d\u00f6nemi \u00fczeri borcu olan abonelerin hatlar\u0131n\u0131n iptal edilece\u011fi ve aboneliklerinin sonland\u0131r\u0131laca\u011f\u0131 kaydedildi.\" \/>\n<meta property=\"og:url\" content=\"https:\/\/kibrisdakik.com\/?p=76886\" \/>\n<meta property=\"article:published_time\" content=\"2025-03-03T10:05:47+00:00\" \/>\n<meta property=\"og:image\" content=\"https:\/\/kibrisdakik.com\/wp-content\/uploads\/2025\/03\/TELEFONDAIRESI-740x420.png\" \/>\n\t<meta property=\"og:image:width\" content=\"1139\" \/>\n\t<meta property=\"og:image:height\" content=\"642\" \/>\n\t<meta property=\"og:image:type\" content=\"image\/png\" \/>\n<meta name=\"author\" content=\"admin\" \/>\n<meta name=\"twitter:card\" content=\"summary_large_image\" \/>\n<meta name=\"twitter:label1\" content=\"Yazan:\" \/>\n\t<meta name=\"twitter:data1\" content=\"admin\" \/>\n<script type=\"application\/ld+json\" class=\"yoast-schema-graph\">{\"@context\":\"https:\\\/\\\/schema.org\",\"@graph\":[{\"@type\":\"Article\",\"@id\":\"https:\\\/\\\/kibrisdakik.com\\\/?p=76886#article\",\"isPartOf\":{\"@id\":\"https:\\\/\\\/kibrisdakik.com\\\/?p=76886\"},\"author\":{\"name\":\"admin\",\"@id\":\"https:\\\/\\\/kibrisdakik.com\\\/#\\\/schema\\\/person\\\/9cd9d437bbb44f72b73ba127e06d8e79\"},\"headline\":\"Telefon faturalar\u0131 en ge\u00e7 14 Mart\u2019ta \u00f6denecek\",\"datePublished\":\"2025-03-03T10:05:47+00:00\",\"mainEntityOfPage\":{\"@id\":\"https:\\\/\\\/kibrisdakik.com\\\/?p=76886\"},\"wordCount\":72,\"commentCount\":0,\"image\":{\"@id\":\"https:\\\/\\\/kibrisdakik.com\\\/?p=76886#primaryimage\"},\"thumbnailUrl\":\"https:\\\/\\\/kibrisdakik.com\\\/wp-content\\\/uploads\\\/2025\\\/03\\\/TELEFONDAIRESI-740x420.png\",\"articleSection\":[\"K\u0131br\u0131s\",\"Man\u015fet\"],\"inLanguage\":\"tr\",\"potentialAction\":[{\"@type\":\"CommentAction\",\"name\":\"Comment\",\"target\":[\"https:\\\/\\\/kibrisdakik.com\\\/?p=76886#respond\"]}]},{\"@type\":\"WebPage\",\"@id\":\"https:\\\/\\\/kibrisdakik.com\\\/?p=76886\",\"url\":\"https:\\\/\\\/kibrisdakik.com\\\/?p=76886\",\"name\":\"Telefon faturalar\u0131 en ge\u00e7 14 Mart\u2019ta \u00f6denecek -\",\"isPartOf\":{\"@id\":\"https:\\\/\\\/kibrisdakik.com\\\/#website\"},\"primaryImageOfPage\":{\"@id\":\"https:\\\/\\\/kibrisdakik.com\\\/?p=76886#primaryimage\"},\"image\":{\"@id\":\"https:\\\/\\\/kibrisdakik.com\\\/?p=76886#primaryimage\"},\"thumbnailUrl\":\"https:\\\/\\\/kibrisdakik.com\\\/wp-content\\\/uploads\\\/2025\\\/03\\\/TELEFONDAIRESI-740x420.png\",\"datePublished\":\"2025-03-03T10:05:47+00:00\",\"author\":{\"@id\":\"https:\\\/\\\/kibrisdakik.com\\\/#\\\/schema\\\/person\\\/9cd9d437bbb44f72b73ba127e06d8e79\"},\"breadcrumb\":{\"@id\":\"https:\\\/\\\/kibrisdakik.com\\\/?p=76886#breadcrumb\"},\"inLanguage\":\"tr\",\"potentialAction\":[{\"@type\":\"ReadAction\",\"target\":[\"https:\\\/\\\/kibrisdakik.com\\\/?p=76886\"]}]},{\"@type\":\"ImageObject\",\"inLanguage\":\"tr\",\"@id\":\"https:\\\/\\\/kibrisdakik.com\\\/?p=76886#primaryimage\",\"url\":\"https:\\\/\\\/kibrisdakik.com\\\/wp-content\\\/uploads\\\/2025\\\/03\\\/TELEFONDAIRESI-740x420.png\",\"contentUrl\":\"https:\\\/\\\/kibrisdakik.com\\\/wp-content\\\/uploads\\\/2025\\\/03\\\/TELEFONDAIRESI-740x420.png\",\"width\":1139,\"height\":642},{\"@type\":\"BreadcrumbList\",\"@id\":\"https:\\\/\\\/kibrisdakik.com\\\/?p=76886#breadcrumb\",\"itemListElement\":[{\"@type\":\"ListItem\",\"position\":1,\"name\":\"Home\",\"item\":\"https:\\\/\\\/kibrisdakik.com\\\/\"},{\"@type\":\"ListItem\",\"position\":2,\"name\":\"Telefon faturalar\u0131 en ge\u00e7 14 Mart\u2019ta \u00f6denecek\"}]},{\"@type\":\"WebSite\",\"@id\":\"https:\\\/\\\/kibrisdakik.com\\\/#website\",\"url\":\"https:\\\/\\\/kibrisdakik.com\\\/\",\"name\":\"\",\"description\":\"Tam vaktinde haber\",\"potentialAction\":[{\"@type\":\"SearchAction\",\"target\":{\"@type\":\"EntryPoint\",\"urlTemplate\":\"https:\\\/\\\/kibrisdakik.com\\\/?s={search_term_string}\"},\"query-input\":{\"@type\":\"PropertyValueSpecification\",\"valueRequired\":true,\"valueName\":\"search_term_string\"}}],\"inLanguage\":\"tr\"},{\"@type\":\"Person\",\"@id\":\"https:\\\/\\\/kibrisdakik.com\\\/#\\\/schema\\\/person\\\/9cd9d437bbb44f72b73ba127e06d8e79\",\"name\":\"admin\",\"image\":{\"@type\":\"ImageObject\",\"inLanguage\":\"tr\",\"@id\":\"https:\\\/\\\/secure.gravatar.com\\\/avatar\\\/ccc17943b9d660506c869530f897617f7cb1c21a4bf30023f252596d83e1f007?s=96&d=mm&r=g\",\"url\":\"https:\\\/\\\/secure.gravatar.com\\\/avatar\\\/ccc17943b9d660506c869530f897617f7cb1c21a4bf30023f252596d83e1f007?s=96&d=mm&r=g\",\"contentUrl\":\"https:\\\/\\\/secure.gravatar.com\\\/avatar\\\/ccc17943b9d660506c869530f897617f7cb1c21a4bf30023f252596d83e1f007?s=96&d=mm&r=g\",\"caption\":\"admin\"},\"sameAs\":[\"https:\\\/\\\/kibrisdakik.com\"],\"url\":\"https:\\\/\\\/kibrisdakik.com\\\/?author=1\"}]}<\/script>\n<!-- \/ Yoast SEO plugin. -->","yoast_head_json":{"title":"Telefon faturalar\u0131 en ge\u00e7 14 Mart\u2019ta \u00f6denecek -","robots":{"index":"index","follow":"follow","max-snippet":"max-snippet:-1","max-image-preview":"max-image-preview:large","max-video-preview":"max-video-preview:-1"},"canonical":"https:\/\/kibrisdakik.com\/?p=76886","og_locale":"tr_TR","og_type":"article","og_title":"Telefon faturalar\u0131 en ge\u00e7 14 Mart\u2019ta \u00f6denecek -","og_description":"Telekom\u00fcnikasyon Dairesi, 31 Ocak 2025\u2019e kadar olan bor\u00e7lar\u0131n en ge\u00e7\u00a014 Mart\u2019a kadar kapat\u0131lmas\u0131 gerekti\u011fi duyurdu. Daireden yap\u0131lan duyuruda, 31 Ocak itibariyle hesaplar\u0131 kapat\u0131lmayan ve a\u00e7\u0131k hesaplar\u0131 bulunan\u00a0abonelerin ses, data ve internet hizmetlerinin kesilece\u011fi belirtildi. \u015eubat 2024 sonu itibariyle, 12 fatura d\u00f6nemi \u00fczeri borcu olan abonelerin hatlar\u0131n\u0131n iptal edilece\u011fi ve aboneliklerinin sonland\u0131r\u0131laca\u011f\u0131 kaydedildi.","og_url":"https:\/\/kibrisdakik.com\/?p=76886","article_published_time":"2025-03-03T10:05:47+00:00","og_image":[{"width":1139,"height":642,"url":"https:\/\/kibrisdakik.com\/wp-content\/uploads\/2025\/03\/TELEFONDAIRESI-740x420.png","type":"image\/png"}],"author":"admin","twitter_card":"summary_large_image","twitter_misc":{"Yazan:":"admin"},"schema":{"@context":"https:\/\/schema.org","@graph":[{"@type":"Article","@id":"https:\/\/kibrisdakik.com\/?p=76886#article","isPartOf":{"@id":"https:\/\/kibrisdakik.com\/?p=76886"},"author":{"name":"admin","@id":"https:\/\/kibrisdakik.com\/#\/schema\/person\/9cd9d437bbb44f72b73ba127e06d8e79"},"headline":"Telefon faturalar\u0131 en ge\u00e7 14 Mart\u2019ta \u00f6denecek","datePublished":"2025-03-03T10:05:47+00:00","mainEntityOfPage":{"@id":"https:\/\/kibrisdakik.com\/?p=76886"},"wordCount":72,"commentCount":0,"image":{"@id":"https:\/\/kibrisdakik.com\/?p=76886#primaryimage"},"thumbnailUrl":"https:\/\/kibrisdakik.com\/wp-content\/uploads\/2025\/03\/TELEFONDAIRESI-740x420.png","articleSection":["K\u0131br\u0131s","Man\u015fet"],"inLanguage":"tr","potentialAction":[{"@type":"CommentAction","name":"Comment","target":["https:\/\/kibrisdakik.com\/?p=76886#respond"]}]},{"@type":"WebPage","@id":"https:\/\/kibrisdakik.com\/?p=76886","url":"https:\/\/kibrisdakik.com\/?p=76886","name":"Telefon faturalar\u0131 en ge\u00e7 14 Mart\u2019ta \u00f6denecek -","isPartOf":{"@id":"https:\/\/kibrisdakik.com\/#website"},"primaryImageOfPage":{"@id":"https:\/\/kibrisdakik.com\/?p=76886#primaryimage"},"image":{"@id":"https:\/\/kibrisdakik.com\/?p=76886#primaryimage"},"thumbnailUrl":"https:\/\/kibrisdakik.com\/wp-content\/uploads\/2025\/03\/TELEFONDAIRESI-740x420.png","datePublished":"2025-03-03T10:05:47+00:00","author":{"@id":"https:\/\/kibrisdakik.com\/#\/schema\/person\/9cd9d437bbb44f72b73ba127e06d8e79"},"breadcrumb":{"@id":"https:\/\/kibrisdakik.com\/?p=76886#breadcrumb"},"inLanguage":"tr","potentialAction":[{"@type":"ReadAction","target":["https:\/\/kibrisdakik.com\/?p=76886"]}]},{"@type":"ImageObject","inLanguage":"tr","@id":"https:\/\/kibrisdakik.com\/?p=76886#primaryimage","url":"https:\/\/kibrisdakik.com\/wp-content\/uploads\/2025\/03\/TELEFONDAIRESI-740x420.png","contentUrl":"https:\/\/kibrisdakik.com\/wp-content\/uploads\/2025\/03\/TELEFONDAIRESI-740x420.png","width":1139,"height":642},{"@type":"BreadcrumbList","@id":"https:\/\/kibrisdakik.com\/?p=76886#breadcrumb","itemListElement":[{"@type":"ListItem","position":1,"name":"Home","item":"https:\/\/kibrisdakik.com\/"},{"@type":"ListItem","position":2,"name":"Telefon faturalar\u0131 en ge\u00e7 14 Mart\u2019ta \u00f6denecek"}]},{"@type":"WebSite","@id":"https:\/\/kibrisdakik.com\/#website","url":"https:\/\/kibrisdakik.com\/","name":"","description":"Tam vaktinde haber","potentialAction":[{"@type":"SearchAction","target":{"@type":"EntryPoint","urlTemplate":"https:\/\/kibrisdakik.com\/?s={search_term_string}"},"query-input":{"@type":"PropertyValueSpecification","valueRequired":true,"valueName":"search_term_string"}}],"inLanguage":"tr"},{"@type":"Person","@id":"https:\/\/kibrisdakik.com\/#\/schema\/person\/9cd9d437bbb44f72b73ba127e06d8e79","name":"admin","image":{"@type":"ImageObject","inLanguage":"tr","@id":"https:\/\/secure.gravatar.com\/avatar\/ccc17943b9d660506c869530f897617f7cb1c21a4bf30023f252596d83e1f007?s=96&d=mm&r=g","url":"https:\/\/secure.gravatar.com\/avatar\/ccc17943b9d660506c869530f897617f7cb1c21a4bf30023f252596d83e1f007?s=96&d=mm&r=g","contentUrl":"https:\/\/secure.gravatar.com\/avatar\/ccc17943b9d660506c869530f897617f7cb1c21a4bf30023f252596d83e1f007?s=96&d=mm&r=g","caption":"admin"},"sameAs":["https:\/\/kibrisdakik.com"],"url":"https:\/\/kibrisdakik.com\/?author=1"}]}},"_links":{"self":[{"href":"https:\/\/kibrisdakik.com\/index.php?rest_route=\/wp\/v2\/posts\/76886","targetHints":{"allow":["GET"]}}],"collection":[{"href":"https:\/\/kibrisdakik.com\/index.php?rest_route=\/wp\/v2\/posts"}],"about":[{"href":"https:\/\/kibrisdakik.com\/index.php?rest_route=\/wp\/v2\/types\/post"}],"author":[{"embeddable":true,"href":"https:\/\/kibrisdakik.com\/index.php?rest_route=\/wp\/v2\/users\/1"}],"replies":[{"embeddable":true,"href":"https:\/\/kibrisdakik.com\/index.php?rest_route=%2Fwp%2Fv2%2Fcomments&post=76886"}],"version-history":[{"count":0,"href":"https:\/\/kibrisdakik.com\/index.php?rest_route=\/wp\/v2\/posts\/76886\/revisions"}],"wp:featuredmedia":[{"embeddable":true,"href":"https:\/\/kibrisdakik.com\/index.php?rest_route=\/wp\/v2\/media\/76887"}],"wp:attachment":[{"href":"https:\/\/kibrisdakik.com\/index.php?rest_route=%2Fwp%2Fv2%2Fmedia&parent=76886"}],"wp:term":[{"taxonomy":"category","embeddable":true,"href":"https:\/\/kibrisdakik.com\/index.php?rest_route=%2Fwp%2Fv2%2Fcategories&post=76886"},{"taxonomy":"post_tag","embeddable":true,"href":"https:\/\/kibrisdakik.com\/index.php?rest_route=%2Fwp%2Fv2%2Ftags&post=76886"}],"curies":[{"name":"wp","href":"https:\/\/api.w.org\/{rel}","templated":true}]}}