{"id":76899,"date":"2025-03-03T14:18:00","date_gmt":"2025-03-03T11:18:00","guid":{"rendered":"https:\/\/kibrisdakik.com\/index.php\/2025\/03\/03\/ceketini-al-da-gel-sanat-calismasi-hayat-buluyor\/"},"modified":"2025-03-03T14:18:00","modified_gmt":"2025-03-03T11:18:00","slug":"ceketini-al-da-gel-sanat-calismasi-hayat-buluyor","status":"publish","type":"post","link":"https:\/\/kibrisdakik.com\/?p=76899","title":{"rendered":"\u201cCeketini Al Da Gel\u201c sanat \u00e7al\u0131\u015fmas\u0131 hayat buluyor"},"content":{"rendered":"<p> <br \/>\n<\/p>\n<div>\n<div class=\"mariselle-image-container none\">\n                <img loading=\"lazy\" decoding=\"async\" width=\"930\" height=\"410\" class=\"lazy-image\" alt=\"\" sizes=\"auto, (max-width: 930px) 100vw, 930px\" src=\"https:\/\/brtk.net\/wp-content\/uploads\/2025\/03\/03\/girne-belediyesi.jpg?ver=9304b56bcca8d9aeebb42a0ba587462f\" srcset=\"https:\/\/brtk.net\/wp-content\/uploads\/2025\/03\/03\/girne-belediyesi.jpg?ver=9304b56bcca8d9aeebb42a0ba587462f 930w, https:\/\/brtk.net\/wp-content\/uploads\/2025\/03\/03\/girne-belediyesi-300x132.jpg?ver=8305865019b9029a4ecf16bbd5201a25 300w, https:\/\/brtk.net\/wp-content\/uploads\/2025\/03\/03\/girne-belediyesi-768x339.jpg?ver=8305865019b9029a4ecf16bbd5201a25 768w\"\/>                            <\/div>\n<p>8 Mart D\u00fcnya Emek\u00e7i Kad\u0131nlar G\u00fcn\u00fc kapsam\u0131nda, Girne Belediyesi katk\u0131lar\u0131yla \u201cCeketini Al Da Gel\u201d isimli sanat \u00e7al\u0131\u015fmas\u0131 hayat buluyor.<\/p>\n<p>Girne Belediyesinden verilen bilgiye g\u00f6re, \u201c\u00dcreten, Emek Veren Kad\u0131nlar\u0131n Sanatla Bulu\u015fmas\u0131\u201d ba\u015fl\u0131\u011f\u0131 alt\u0131nda, Moda Tasar\u0131mc\u0131s\u0131 \u0130nci Arkan \u00f6nc\u00fcl\u00fc\u011f\u00fcnde d\u00fczenlenen workshop cumartesi saat 11.00 \u2013 17.00 aras\u0131nda yap\u0131lacak.<\/p>\n<p>Girne Belediyesi Sosyal Ya\u015fam Merkezi\u2019nde (eski belediye binas\u0131) yer alacak etkinlik kapsam\u0131nda, kat\u0131l\u0131mc\u0131lar yanlar\u0131nda getirecekleri ceketleri tasarlayacak.<\/p>\n<p>Kat\u0131l\u0131m\u0131n \u00fccretsiz olaca\u011f\u0131 etkinlikler hakk\u0131nda daha fazla bilgi\u00a0 0392 815 15 08 ve 0539 112 63 63\u2019nolu telefonlardan al\u0131nabilecek.<\/p>\n<\/p><\/div>\n<p><script async\n                    defer\n                    crossorigin=\"anonymous\"\n                    src=\"https:\/\/connect.facebook.net\/tr_TR\/sdk.js#xfbml=1&#038;version=v3.3\"\n            ><\/script><br \/>\n<br \/><br \/>\n<br \/><a href=\"https:\/\/brtk.net\/ceketini-al-da-gel-sanat-calismasi-hayat-buluyor\/\">kpostasi <\/a><\/p>\n","protected":false},"excerpt":{"rendered":"<p>8 Mart D\u00fcnya Emek\u00e7i Kad\u0131nlar G\u00fcn\u00fc kapsam\u0131nda, Girne Belediyesi katk\u0131lar\u0131yla \u201cCeketini Al Da Gel\u201d isimli sanat \u00e7al\u0131\u015fmas\u0131 hayat buluyor. Girne Belediyesinden verilen bilgiye g\u00f6re, \u201c\u00dcreten, Emek Veren Kad\u0131nlar\u0131n Sanatla Bulu\u015fmas\u0131\u201d ba\u015fl\u0131\u011f\u0131 alt\u0131nda, Moda Tasar\u0131mc\u0131s\u0131 \u0130nci Arkan \u00f6nc\u00fcl\u00fc\u011f\u00fcnde d\u00fczenlenen workshop cumartesi saat 11.00 \u2013 17.00 aras\u0131nda yap\u0131lacak. Girne Belediyesi Sosyal Ya\u015fam Merkezi\u2019nde (eski belediye binas\u0131) yer<\/p>\n","protected":false},"author":1,"featured_media":76900,"comment_status":"open","ping_status":"open","sticky":false,"template":"","format":"standard","meta":{"footnotes":""},"categories":[1,81,101],"tags":[],"class_list":["post-76899","post","type-post","status-publish","format-standard","has-post-thumbnail","hentry","category-gundem","category-kibris","category-manset"],"yoast_head":"<!-- This site is optimized with the Yoast SEO plugin v27.4 - https:\/\/yoast.com\/product\/yoast-seo-wordpress\/ -->\n<title>\u201cCeketini Al Da Gel\u201c sanat \u00e7al\u0131\u015fmas\u0131 hayat buluyor -<\/title>\n<meta name=\"robots\" content=\"index, follow, max-snippet:-1, max-image-preview:large, max-video-preview:-1\" \/>\n<link rel=\"canonical\" href=\"https:\/\/kibrisdakik.com\/?p=76899\" \/>\n<meta property=\"og:locale\" content=\"tr_TR\" \/>\n<meta property=\"og:type\" content=\"article\" \/>\n<meta property=\"og:title\" content=\"\u201cCeketini Al Da Gel\u201c sanat \u00e7al\u0131\u015fmas\u0131 hayat buluyor -\" \/>\n<meta property=\"og:description\" content=\"8 Mart D\u00fcnya Emek\u00e7i Kad\u0131nlar G\u00fcn\u00fc kapsam\u0131nda, Girne Belediyesi katk\u0131lar\u0131yla \u201cCeketini Al Da Gel\u201d isimli sanat \u00e7al\u0131\u015fmas\u0131 hayat buluyor. Girne Belediyesinden verilen bilgiye g\u00f6re, \u201c\u00dcreten, Emek Veren Kad\u0131nlar\u0131n Sanatla Bulu\u015fmas\u0131\u201d ba\u015fl\u0131\u011f\u0131 alt\u0131nda, Moda Tasar\u0131mc\u0131s\u0131 \u0130nci Arkan \u00f6nc\u00fcl\u00fc\u011f\u00fcnde d\u00fczenlenen workshop cumartesi saat 11.00 \u2013 17.00 aras\u0131nda yap\u0131lacak. Girne Belediyesi Sosyal Ya\u015fam Merkezi\u2019nde (eski belediye binas\u0131) yer\" \/>\n<meta property=\"og:url\" content=\"https:\/\/kibrisdakik.com\/?p=76899\" \/>\n<meta property=\"article:published_time\" content=\"2025-03-03T11:18:00+00:00\" \/>\n<meta property=\"og:image\" content=\"https:\/\/kibrisdakik.com\/wp-content\/uploads\/2025\/03\/girne-belediyesi-740x410.jpg\" \/>\n\t<meta property=\"og:image:width\" content=\"930\" \/>\n\t<meta property=\"og:image:height\" content=\"410\" \/>\n\t<meta property=\"og:image:type\" content=\"image\/jpeg\" \/>\n<meta name=\"author\" content=\"admin\" \/>\n<meta name=\"twitter:card\" content=\"summary_large_image\" \/>\n<meta name=\"twitter:label1\" content=\"Yazan:\" \/>\n\t<meta name=\"twitter:data1\" content=\"admin\" \/>\n\t<meta name=\"twitter:label2\" content=\"Tahmini okuma s\u00fcresi\" \/>\n\t<meta name=\"twitter:data2\" content=\"1 dakika\" \/>\n<script type=\"application\/ld+json\" class=\"yoast-schema-graph\">{\"@context\":\"https:\\\/\\\/schema.org\",\"@graph\":[{\"@type\":\"Article\",\"@id\":\"https:\\\/\\\/kibrisdakik.com\\\/?p=76899#article\",\"isPartOf\":{\"@id\":\"https:\\\/\\\/kibrisdakik.com\\\/?p=76899\"},\"author\":{\"name\":\"admin\",\"@id\":\"https:\\\/\\\/kibrisdakik.com\\\/#\\\/schema\\\/person\\\/9cd9d437bbb44f72b73ba127e06d8e79\"},\"headline\":\"\u201cCeketini Al Da Gel\u201c sanat \u00e7al\u0131\u015fmas\u0131 hayat buluyor\",\"datePublished\":\"2025-03-03T11:18:00+00:00\",\"mainEntityOfPage\":{\"@id\":\"https:\\\/\\\/kibrisdakik.com\\\/?p=76899\"},\"wordCount\":116,\"commentCount\":0,\"image\":{\"@id\":\"https:\\\/\\\/kibrisdakik.com\\\/?p=76899#primaryimage\"},\"thumbnailUrl\":\"https:\\\/\\\/kibrisdakik.com\\\/wp-content\\\/uploads\\\/2025\\\/03\\\/girne-belediyesi-740x410.jpg\",\"articleSection\":[\"G\u00fcndem\",\"K\u0131br\u0131s\",\"Man\u015fet\"],\"inLanguage\":\"tr\",\"potentialAction\":[{\"@type\":\"CommentAction\",\"name\":\"Comment\",\"target\":[\"https:\\\/\\\/kibrisdakik.com\\\/?p=76899#respond\"]}]},{\"@type\":\"WebPage\",\"@id\":\"https:\\\/\\\/kibrisdakik.com\\\/?p=76899\",\"url\":\"https:\\\/\\\/kibrisdakik.com\\\/?p=76899\",\"name\":\"\u201cCeketini Al Da Gel\u201c sanat \u00e7al\u0131\u015fmas\u0131 hayat buluyor -\",\"isPartOf\":{\"@id\":\"https:\\\/\\\/kibrisdakik.com\\\/#website\"},\"primaryImageOfPage\":{\"@id\":\"https:\\\/\\\/kibrisdakik.com\\\/?p=76899#primaryimage\"},\"image\":{\"@id\":\"https:\\\/\\\/kibrisdakik.com\\\/?p=76899#primaryimage\"},\"thumbnailUrl\":\"https:\\\/\\\/kibrisdakik.com\\\/wp-content\\\/uploads\\\/2025\\\/03\\\/girne-belediyesi-740x410.jpg\",\"datePublished\":\"2025-03-03T11:18:00+00:00\",\"author\":{\"@id\":\"https:\\\/\\\/kibrisdakik.com\\\/#\\\/schema\\\/person\\\/9cd9d437bbb44f72b73ba127e06d8e79\"},\"breadcrumb\":{\"@id\":\"https:\\\/\\\/kibrisdakik.com\\\/?p=76899#breadcrumb\"},\"inLanguage\":\"tr\",\"potentialAction\":[{\"@type\":\"ReadAction\",\"target\":[\"https:\\\/\\\/kibrisdakik.com\\\/?p=76899\"]}]},{\"@type\":\"ImageObject\",\"inLanguage\":\"tr\",\"@id\":\"https:\\\/\\\/kibrisdakik.com\\\/?p=76899#primaryimage\",\"url\":\"https:\\\/\\\/kibrisdakik.com\\\/wp-content\\\/uploads\\\/2025\\\/03\\\/girne-belediyesi-740x410.jpg\",\"contentUrl\":\"https:\\\/\\\/kibrisdakik.com\\\/wp-content\\\/uploads\\\/2025\\\/03\\\/girne-belediyesi-740x410.jpg\",\"width\":930,\"height\":410},{\"@type\":\"BreadcrumbList\",\"@id\":\"https:\\\/\\\/kibrisdakik.com\\\/?p=76899#breadcrumb\",\"itemListElement\":[{\"@type\":\"ListItem\",\"position\":1,\"name\":\"Home\",\"item\":\"https:\\\/\\\/kibrisdakik.com\\\/\"},{\"@type\":\"ListItem\",\"position\":2,\"name\":\"\u201cCeketini Al Da Gel\u201c sanat \u00e7al\u0131\u015fmas\u0131 hayat buluyor\"}]},{\"@type\":\"WebSite\",\"@id\":\"https:\\\/\\\/kibrisdakik.com\\\/#website\",\"url\":\"https:\\\/\\\/kibrisdakik.com\\\/\",\"name\":\"\",\"description\":\"Tam vaktinde haber\",\"potentialAction\":[{\"@type\":\"SearchAction\",\"target\":{\"@type\":\"EntryPoint\",\"urlTemplate\":\"https:\\\/\\\/kibrisdakik.com\\\/?s={search_term_string}\"},\"query-input\":{\"@type\":\"PropertyValueSpecification\",\"valueRequired\":true,\"valueName\":\"search_term_string\"}}],\"inLanguage\":\"tr\"},{\"@type\":\"Person\",\"@id\":\"https:\\\/\\\/kibrisdakik.com\\\/#\\\/schema\\\/person\\\/9cd9d437bbb44f72b73ba127e06d8e79\",\"name\":\"admin\",\"image\":{\"@type\":\"ImageObject\",\"inLanguage\":\"tr\",\"@id\":\"https:\\\/\\\/secure.gravatar.com\\\/avatar\\\/ccc17943b9d660506c869530f897617f7cb1c21a4bf30023f252596d83e1f007?s=96&d=mm&r=g\",\"url\":\"https:\\\/\\\/secure.gravatar.com\\\/avatar\\\/ccc17943b9d660506c869530f897617f7cb1c21a4bf30023f252596d83e1f007?s=96&d=mm&r=g\",\"contentUrl\":\"https:\\\/\\\/secure.gravatar.com\\\/avatar\\\/ccc17943b9d660506c869530f897617f7cb1c21a4bf30023f252596d83e1f007?s=96&d=mm&r=g\",\"caption\":\"admin\"},\"sameAs\":[\"https:\\\/\\\/kibrisdakik.com\"],\"url\":\"https:\\\/\\\/kibrisdakik.com\\\/?author=1\"}]}<\/script>\n<!-- \/ Yoast SEO plugin. -->","yoast_head_json":{"title":"\u201cCeketini Al Da Gel\u201c sanat \u00e7al\u0131\u015fmas\u0131 hayat buluyor -","robots":{"index":"index","follow":"follow","max-snippet":"max-snippet:-1","max-image-preview":"max-image-preview:large","max-video-preview":"max-video-preview:-1"},"canonical":"https:\/\/kibrisdakik.com\/?p=76899","og_locale":"tr_TR","og_type":"article","og_title":"\u201cCeketini Al Da Gel\u201c sanat \u00e7al\u0131\u015fmas\u0131 hayat buluyor -","og_description":"8 Mart D\u00fcnya Emek\u00e7i Kad\u0131nlar G\u00fcn\u00fc kapsam\u0131nda, Girne Belediyesi katk\u0131lar\u0131yla \u201cCeketini Al Da Gel\u201d isimli sanat \u00e7al\u0131\u015fmas\u0131 hayat buluyor. Girne Belediyesinden verilen bilgiye g\u00f6re, \u201c\u00dcreten, Emek Veren Kad\u0131nlar\u0131n Sanatla Bulu\u015fmas\u0131\u201d ba\u015fl\u0131\u011f\u0131 alt\u0131nda, Moda Tasar\u0131mc\u0131s\u0131 \u0130nci Arkan \u00f6nc\u00fcl\u00fc\u011f\u00fcnde d\u00fczenlenen workshop cumartesi saat 11.00 \u2013 17.00 aras\u0131nda yap\u0131lacak. Girne Belediyesi Sosyal Ya\u015fam Merkezi\u2019nde (eski belediye binas\u0131) yer","og_url":"https:\/\/kibrisdakik.com\/?p=76899","article_published_time":"2025-03-03T11:18:00+00:00","og_image":[{"width":930,"height":410,"url":"https:\/\/kibrisdakik.com\/wp-content\/uploads\/2025\/03\/girne-belediyesi-740x410.jpg","type":"image\/jpeg"}],"author":"admin","twitter_card":"summary_large_image","twitter_misc":{"Yazan:":"admin","Tahmini okuma s\u00fcresi":"1 dakika"},"schema":{"@context":"https:\/\/schema.org","@graph":[{"@type":"Article","@id":"https:\/\/kibrisdakik.com\/?p=76899#article","isPartOf":{"@id":"https:\/\/kibrisdakik.com\/?p=76899"},"author":{"name":"admin","@id":"https:\/\/kibrisdakik.com\/#\/schema\/person\/9cd9d437bbb44f72b73ba127e06d8e79"},"headline":"\u201cCeketini Al Da Gel\u201c sanat \u00e7al\u0131\u015fmas\u0131 hayat buluyor","datePublished":"2025-03-03T11:18:00+00:00","mainEntityOfPage":{"@id":"https:\/\/kibrisdakik.com\/?p=76899"},"wordCount":116,"commentCount":0,"image":{"@id":"https:\/\/kibrisdakik.com\/?p=76899#primaryimage"},"thumbnailUrl":"https:\/\/kibrisdakik.com\/wp-content\/uploads\/2025\/03\/girne-belediyesi-740x410.jpg","articleSection":["G\u00fcndem","K\u0131br\u0131s","Man\u015fet"],"inLanguage":"tr","potentialAction":[{"@type":"CommentAction","name":"Comment","target":["https:\/\/kibrisdakik.com\/?p=76899#respond"]}]},{"@type":"WebPage","@id":"https:\/\/kibrisdakik.com\/?p=76899","url":"https:\/\/kibrisdakik.com\/?p=76899","name":"\u201cCeketini Al Da Gel\u201c sanat \u00e7al\u0131\u015fmas\u0131 hayat buluyor -","isPartOf":{"@id":"https:\/\/kibrisdakik.com\/#website"},"primaryImageOfPage":{"@id":"https:\/\/kibrisdakik.com\/?p=76899#primaryimage"},"image":{"@id":"https:\/\/kibrisdakik.com\/?p=76899#primaryimage"},"thumbnailUrl":"https:\/\/kibrisdakik.com\/wp-content\/uploads\/2025\/03\/girne-belediyesi-740x410.jpg","datePublished":"2025-03-03T11:18:00+00:00","author":{"@id":"https:\/\/kibrisdakik.com\/#\/schema\/person\/9cd9d437bbb44f72b73ba127e06d8e79"},"breadcrumb":{"@id":"https:\/\/kibrisdakik.com\/?p=76899#breadcrumb"},"inLanguage":"tr","potentialAction":[{"@type":"ReadAction","target":["https:\/\/kibrisdakik.com\/?p=76899"]}]},{"@type":"ImageObject","inLanguage":"tr","@id":"https:\/\/kibrisdakik.com\/?p=76899#primaryimage","url":"https:\/\/kibrisdakik.com\/wp-content\/uploads\/2025\/03\/girne-belediyesi-740x410.jpg","contentUrl":"https:\/\/kibrisdakik.com\/wp-content\/uploads\/2025\/03\/girne-belediyesi-740x410.jpg","width":930,"height":410},{"@type":"BreadcrumbList","@id":"https:\/\/kibrisdakik.com\/?p=76899#breadcrumb","itemListElement":[{"@type":"ListItem","position":1,"name":"Home","item":"https:\/\/kibrisdakik.com\/"},{"@type":"ListItem","position":2,"name":"\u201cCeketini Al Da Gel\u201c sanat \u00e7al\u0131\u015fmas\u0131 hayat buluyor"}]},{"@type":"WebSite","@id":"https:\/\/kibrisdakik.com\/#website","url":"https:\/\/kibrisdakik.com\/","name":"","description":"Tam vaktinde haber","potentialAction":[{"@type":"SearchAction","target":{"@type":"EntryPoint","urlTemplate":"https:\/\/kibrisdakik.com\/?s={search_term_string}"},"query-input":{"@type":"PropertyValueSpecification","valueRequired":true,"valueName":"search_term_string"}}],"inLanguage":"tr"},{"@type":"Person","@id":"https:\/\/kibrisdakik.com\/#\/schema\/person\/9cd9d437bbb44f72b73ba127e06d8e79","name":"admin","image":{"@type":"ImageObject","inLanguage":"tr","@id":"https:\/\/secure.gravatar.com\/avatar\/ccc17943b9d660506c869530f897617f7cb1c21a4bf30023f252596d83e1f007?s=96&d=mm&r=g","url":"https:\/\/secure.gravatar.com\/avatar\/ccc17943b9d660506c869530f897617f7cb1c21a4bf30023f252596d83e1f007?s=96&d=mm&r=g","contentUrl":"https:\/\/secure.gravatar.com\/avatar\/ccc17943b9d660506c869530f897617f7cb1c21a4bf30023f252596d83e1f007?s=96&d=mm&r=g","caption":"admin"},"sameAs":["https:\/\/kibrisdakik.com"],"url":"https:\/\/kibrisdakik.com\/?author=1"}]}},"_links":{"self":[{"href":"https:\/\/kibrisdakik.com\/index.php?rest_route=\/wp\/v2\/posts\/76899","targetHints":{"allow":["GET"]}}],"collection":[{"href":"https:\/\/kibrisdakik.com\/index.php?rest_route=\/wp\/v2\/posts"}],"about":[{"href":"https:\/\/kibrisdakik.com\/index.php?rest_route=\/wp\/v2\/types\/post"}],"author":[{"embeddable":true,"href":"https:\/\/kibrisdakik.com\/index.php?rest_route=\/wp\/v2\/users\/1"}],"replies":[{"embeddable":true,"href":"https:\/\/kibrisdakik.com\/index.php?rest_route=%2Fwp%2Fv2%2Fcomments&post=76899"}],"version-history":[{"count":0,"href":"https:\/\/kibrisdakik.com\/index.php?rest_route=\/wp\/v2\/posts\/76899\/revisions"}],"wp:featuredmedia":[{"embeddable":true,"href":"https:\/\/kibrisdakik.com\/index.php?rest_route=\/wp\/v2\/media\/76900"}],"wp:attachment":[{"href":"https:\/\/kibrisdakik.com\/index.php?rest_route=%2Fwp%2Fv2%2Fmedia&parent=76899"}],"wp:term":[{"taxonomy":"category","embeddable":true,"href":"https:\/\/kibrisdakik.com\/index.php?rest_route=%2Fwp%2Fv2%2Fcategories&post=76899"},{"taxonomy":"post_tag","embeddable":true,"href":"https:\/\/kibrisdakik.com\/index.php?rest_route=%2Fwp%2Fv2%2Ftags&post=76899"}],"curies":[{"name":"wp","href":"https:\/\/api.w.org\/{rel}","templated":true}]}}