{"id":76905,"date":"2025-03-03T15:30:59","date_gmt":"2025-03-03T12:30:59","guid":{"rendered":"https:\/\/kibrisdakik.com\/index.php\/2025\/03\/03\/bengihanercanda-ucus-guvenligini-tehlikeye-atan-cok-onemli-sorunlar-tespit-ettik\/"},"modified":"2025-03-03T15:30:59","modified_gmt":"2025-03-03T12:30:59","slug":"bengihanercanda-ucus-guvenligini-tehlikeye-atan-cok-onemli-sorunlar-tespit-ettik","status":"publish","type":"post","link":"https:\/\/kibrisdakik.com\/?p=76905","title":{"rendered":"Bengihan:Ercan\u2019da u\u00e7u\u015f g\u00fcvenli\u011fini tehlikeye atan \u00e7ok \u00f6nemli sorunlar tespit ettik"},"content":{"rendered":"<div>\n<div class=\"mariselle-image-container center\">\n                                            <\/div>\n<p>K\u0131br\u0131s \u0130\u015f\u00e7i ve Emek\u00e7i Sendikalar\u0131 Federasyonu (K\u0130EF) ve K\u0131br\u0131s T\u00fcrk Amme Memurlar\u0131 Sendikas\u0131 (KTAMS) Ba\u015fkan\u0131 G\u00fcven Bengihan, Ercan Havaalan\u0131\u2019nda \u201cu\u00e7u\u015f g\u00fcvenli\u011fini tehlikeye atan\u201d sorunlar tespit ettiklerini belirterek, \u201cherhangi bir kaza veya k\u0131r\u0131m sonucu can kayb\u0131 ya\u015fanmas\u0131n\u0131n sorumlulu\u011funun H\u00fck\u00fcmette olaca\u011f\u0131n\u0131\u201d kaydetti.<\/p>\n<p>K\u0130EF ve KTAMS Ba\u015fkan\u0131 G\u00fcven Bengihan yapt\u0131\u011f\u0131 yaz\u0131l\u0131 a\u00e7\u0131klamada, Ercan \u0130tfaiye Biriminde itfaiye ara\u00e7lar\u0131n\u0131n zaman\u0131nda m\u00fcdahale edemez ve \u00e7al\u0131\u015ft\u0131r\u0131lamaz durumda oldu\u011funu g\u00fcndeme getirdiklerini hat\u0131rlatarak, \u201cge\u00e7en on g\u00fcnde ara\u00e7lar\u0131n tamiri veya yenilenmesi y\u00f6n\u00fcnde hi\u00e7bir ad\u0131m at\u0131lmad\u0131\u201d dedi.<\/p>\n<p>Ercan Havaalan\u0131\u2019nda \u201cu\u00e7u\u015f g\u00fcvenli\u011fini tehlikeye atan \u00e7ok \u00f6nemli ba\u015fka sorunlar\u0131n oldu\u011funu da\u201d tespit ettiklerini belirten Bengihan, bunlar\u0131; \u201chavac\u0131l\u0131k sistemi elemanlar\u0131n\u0131n bir\u00e7o\u011funun yede\u011finin olmad\u0131\u011f\u0131, radarlar\u0131n yedeklerinin \u00e7al\u0131\u015fmad\u0131\u011f\u0131 ve havaalan\u0131 pistinin alt\u0131nda bulunan alt ge\u00e7idin \u0131\u015f\u0131klar\u0131n\u0131n yanmad\u0131\u011f\u0131\u201d \u015feklinde s\u0131ralad\u0131. Bengihan, \u201cTaraf\u0131m\u0131za gelen bilgiye g\u00f6re ilgili \u015firket buran\u0131n elektri\u011fini kesmi\u015f olup bu durum can g\u00fcvenli\u011fi a\u00e7\u0131s\u0131ndan b\u00fcy\u00fck tehlike arz etmektedir.\u201d diyerek, Havaalan\u0131n\u0131n i\u015fletmesi \u00f6zel \u015firkete devredildi\u011finden bu yana hi\u00e7bir bak\u0131m anla\u015fmas\u0131 yap\u0131lmad\u0131\u011f\u0131 gerek\u00e7esiyle  Ba\u015fbakan\u0131 ve Bay\u0131nd\u0131rl\u0131k ve Ula\u015ft\u0131rma Bakan\u0131n\u0131 Havaalan\u0131n\u0131n g\u00fcvenli\u011fi konusunda \u201cduyars\u0131z ve sorumsuz davranmakla\u201d  su\u00e7lad\u0131.<\/p>\n<p>Bengihan, \u201cCan g\u00fcvenli\u011finin s\u00f6z konusu oldu\u011fu bir konuda \u00f6zel \u015firkete s\u00f6z ge\u00e7irilememesi, hi\u00e7bir yapt\u0131r\u0131m uygulanamamas\u0131;   H\u00fck\u00fcmetin acizli\u011finin g\u00f6stergesidir. Uyar\u0131m\u0131z\u0131 bir kez daha tekrarl\u0131yoruz. Ercan Havaalan\u0131nda meydana gelebilecek herhangi bir kaza veya k\u0131r\u0131m sonucu can kayb\u0131 ya\u015fanmas\u0131n\u0131n sorumlulu\u011fu h\u00fck\u00fcmet edenlerin \u00fczerinde olacakt\u0131r.\u201d ifadelerini kulland\u0131.<\/p>\n<\/p><\/div>\n<p><script async\n                    defer\n                    crossorigin=\"anonymous\"\n                    src=\"https:\/\/connect.facebook.net\/tr_TR\/sdk.js#xfbml=1&#038;version=v3.3\"\n            ><\/script><\/p>\n","protected":false},"excerpt":{"rendered":"<p>K\u0131br\u0131s \u0130\u015f\u00e7i ve Emek\u00e7i Sendikalar\u0131 Federasyonu (K\u0130EF) ve K\u0131br\u0131s T\u00fcrk Amme Memurlar\u0131 Sendikas\u0131 (KTAMS) Ba\u015fkan\u0131 G\u00fcven Bengihan, Ercan Havaalan\u0131\u2019nda \u201cu\u00e7u\u015f g\u00fcvenli\u011fini tehlikeye atan\u201d sorunlar tespit ettiklerini belirterek, \u201cherhangi bir kaza veya k\u0131r\u0131m sonucu can kayb\u0131 ya\u015fanmas\u0131n\u0131n sorumlulu\u011funun H\u00fck\u00fcmette olaca\u011f\u0131n\u0131\u201d kaydetti. K\u0130EF ve KTAMS Ba\u015fkan\u0131 G\u00fcven Bengihan yapt\u0131\u011f\u0131 yaz\u0131l\u0131 a\u00e7\u0131klamada, Ercan \u0130tfaiye Biriminde itfaiye ara\u00e7lar\u0131n\u0131n zaman\u0131nda<\/p>\n","protected":false},"author":1,"featured_media":76120,"comment_status":"open","ping_status":"open","sticky":false,"template":"","format":"standard","meta":{"footnotes":""},"categories":[81,101],"tags":[],"class_list":["post-76905","post","type-post","status-publish","format-standard","has-post-thumbnail","hentry","category-kibris","category-manset"],"yoast_head":"<!-- This site is optimized with the Yoast SEO plugin v27.5 - https:\/\/yoast.com\/product\/yoast-seo-wordpress\/ -->\n<title>Bengihan:Ercan\u2019da u\u00e7u\u015f g\u00fcvenli\u011fini tehlikeye atan \u00e7ok \u00f6nemli sorunlar tespit ettik -<\/title>\n<meta name=\"robots\" content=\"index, follow, max-snippet:-1, max-image-preview:large, max-video-preview:-1\" \/>\n<link rel=\"canonical\" href=\"https:\/\/kibrisdakik.com\/?p=76905\" \/>\n<meta property=\"og:locale\" content=\"tr_TR\" \/>\n<meta property=\"og:type\" content=\"article\" \/>\n<meta property=\"og:title\" content=\"Bengihan:Ercan\u2019da u\u00e7u\u015f g\u00fcvenli\u011fini tehlikeye atan \u00e7ok \u00f6nemli sorunlar tespit ettik -\" \/>\n<meta property=\"og:description\" content=\"K\u0131br\u0131s \u0130\u015f\u00e7i ve Emek\u00e7i Sendikalar\u0131 Federasyonu (K\u0130EF) ve K\u0131br\u0131s T\u00fcrk Amme Memurlar\u0131 Sendikas\u0131 (KTAMS) Ba\u015fkan\u0131 G\u00fcven Bengihan, Ercan Havaalan\u0131\u2019nda \u201cu\u00e7u\u015f g\u00fcvenli\u011fini tehlikeye atan\u201d sorunlar tespit ettiklerini belirterek, \u201cherhangi bir kaza veya k\u0131r\u0131m sonucu can kayb\u0131 ya\u015fanmas\u0131n\u0131n sorumlulu\u011funun H\u00fck\u00fcmette olaca\u011f\u0131n\u0131\u201d kaydetti. K\u0130EF ve KTAMS Ba\u015fkan\u0131 G\u00fcven Bengihan yapt\u0131\u011f\u0131 yaz\u0131l\u0131 a\u00e7\u0131klamada, Ercan \u0130tfaiye Biriminde itfaiye ara\u00e7lar\u0131n\u0131n zaman\u0131nda\" \/>\n<meta property=\"og:url\" content=\"https:\/\/kibrisdakik.com\/?p=76905\" \/>\n<meta property=\"article:published_time\" content=\"2025-03-03T12:30:59+00:00\" \/>\n<meta property=\"og:image\" content=\"https:\/\/kibrisdakik.com\/wp-content\/uploads\/2025\/02\/1736180065294bengihan-740x420.jpg\" \/>\n\t<meta property=\"og:image:width\" content=\"880\" \/>\n\t<meta property=\"og:image:height\" content=\"440\" \/>\n\t<meta property=\"og:image:type\" content=\"image\/jpeg\" \/>\n<meta name=\"author\" content=\"admin\" \/>\n<meta name=\"twitter:card\" content=\"summary_large_image\" \/>\n<meta name=\"twitter:label1\" content=\"Yazan:\" \/>\n\t<meta name=\"twitter:data1\" content=\"admin\" \/>\n\t<meta name=\"twitter:label2\" content=\"Tahmini okuma s\u00fcresi\" \/>\n\t<meta name=\"twitter:data2\" content=\"2 dakika\" \/>\n<script type=\"application\/ld+json\" class=\"yoast-schema-graph\">{\"@context\":\"https:\\\/\\\/schema.org\",\"@graph\":[{\"@type\":\"Article\",\"@id\":\"https:\\\/\\\/kibrisdakik.com\\\/?p=76905#article\",\"isPartOf\":{\"@id\":\"https:\\\/\\\/kibrisdakik.com\\\/?p=76905\"},\"author\":{\"name\":\"admin\",\"@id\":\"https:\\\/\\\/kibrisdakik.com\\\/#\\\/schema\\\/person\\\/9cd9d437bbb44f72b73ba127e06d8e79\"},\"headline\":\"Bengihan:Ercan\u2019da u\u00e7u\u015f g\u00fcvenli\u011fini tehlikeye atan \u00e7ok \u00f6nemli sorunlar tespit ettik\",\"datePublished\":\"2025-03-03T12:30:59+00:00\",\"mainEntityOfPage\":{\"@id\":\"https:\\\/\\\/kibrisdakik.com\\\/?p=76905\"},\"wordCount\":345,\"commentCount\":0,\"image\":{\"@id\":\"https:\\\/\\\/kibrisdakik.com\\\/?p=76905#primaryimage\"},\"thumbnailUrl\":\"https:\\\/\\\/kibrisdakik.com\\\/wp-content\\\/uploads\\\/2025\\\/02\\\/1736180065294bengihan-740x420.jpg\",\"articleSection\":[\"K\u0131br\u0131s\",\"Man\u015fet\"],\"inLanguage\":\"tr\",\"potentialAction\":[{\"@type\":\"CommentAction\",\"name\":\"Comment\",\"target\":[\"https:\\\/\\\/kibrisdakik.com\\\/?p=76905#respond\"]}]},{\"@type\":\"WebPage\",\"@id\":\"https:\\\/\\\/kibrisdakik.com\\\/?p=76905\",\"url\":\"https:\\\/\\\/kibrisdakik.com\\\/?p=76905\",\"name\":\"Bengihan:Ercan\u2019da u\u00e7u\u015f g\u00fcvenli\u011fini tehlikeye atan \u00e7ok \u00f6nemli sorunlar tespit ettik -\",\"isPartOf\":{\"@id\":\"https:\\\/\\\/kibrisdakik.com\\\/#website\"},\"primaryImageOfPage\":{\"@id\":\"https:\\\/\\\/kibrisdakik.com\\\/?p=76905#primaryimage\"},\"image\":{\"@id\":\"https:\\\/\\\/kibrisdakik.com\\\/?p=76905#primaryimage\"},\"thumbnailUrl\":\"https:\\\/\\\/kibrisdakik.com\\\/wp-content\\\/uploads\\\/2025\\\/02\\\/1736180065294bengihan-740x420.jpg\",\"datePublished\":\"2025-03-03T12:30:59+00:00\",\"author\":{\"@id\":\"https:\\\/\\\/kibrisdakik.com\\\/#\\\/schema\\\/person\\\/9cd9d437bbb44f72b73ba127e06d8e79\"},\"breadcrumb\":{\"@id\":\"https:\\\/\\\/kibrisdakik.com\\\/?p=76905#breadcrumb\"},\"inLanguage\":\"tr\",\"potentialAction\":[{\"@type\":\"ReadAction\",\"target\":[\"https:\\\/\\\/kibrisdakik.com\\\/?p=76905\"]}]},{\"@type\":\"ImageObject\",\"inLanguage\":\"tr\",\"@id\":\"https:\\\/\\\/kibrisdakik.com\\\/?p=76905#primaryimage\",\"url\":\"https:\\\/\\\/kibrisdakik.com\\\/wp-content\\\/uploads\\\/2025\\\/02\\\/1736180065294bengihan-740x420.jpg\",\"contentUrl\":\"https:\\\/\\\/kibrisdakik.com\\\/wp-content\\\/uploads\\\/2025\\\/02\\\/1736180065294bengihan-740x420.jpg\",\"width\":880,\"height\":440},{\"@type\":\"BreadcrumbList\",\"@id\":\"https:\\\/\\\/kibrisdakik.com\\\/?p=76905#breadcrumb\",\"itemListElement\":[{\"@type\":\"ListItem\",\"position\":1,\"name\":\"Home\",\"item\":\"https:\\\/\\\/kibrisdakik.com\\\/\"},{\"@type\":\"ListItem\",\"position\":2,\"name\":\"Bengihan:Ercan\u2019da u\u00e7u\u015f g\u00fcvenli\u011fini tehlikeye atan \u00e7ok \u00f6nemli sorunlar tespit ettik\"}]},{\"@type\":\"WebSite\",\"@id\":\"https:\\\/\\\/kibrisdakik.com\\\/#website\",\"url\":\"https:\\\/\\\/kibrisdakik.com\\\/\",\"name\":\"\",\"description\":\"Tam vaktinde haber\",\"potentialAction\":[{\"@type\":\"SearchAction\",\"target\":{\"@type\":\"EntryPoint\",\"urlTemplate\":\"https:\\\/\\\/kibrisdakik.com\\\/?s={search_term_string}\"},\"query-input\":{\"@type\":\"PropertyValueSpecification\",\"valueRequired\":true,\"valueName\":\"search_term_string\"}}],\"inLanguage\":\"tr\"},{\"@type\":\"Person\",\"@id\":\"https:\\\/\\\/kibrisdakik.com\\\/#\\\/schema\\\/person\\\/9cd9d437bbb44f72b73ba127e06d8e79\",\"name\":\"admin\",\"image\":{\"@type\":\"ImageObject\",\"inLanguage\":\"tr\",\"@id\":\"https:\\\/\\\/secure.gravatar.com\\\/avatar\\\/ccc17943b9d660506c869530f897617f7cb1c21a4bf30023f252596d83e1f007?s=96&d=mm&r=g\",\"url\":\"https:\\\/\\\/secure.gravatar.com\\\/avatar\\\/ccc17943b9d660506c869530f897617f7cb1c21a4bf30023f252596d83e1f007?s=96&d=mm&r=g\",\"contentUrl\":\"https:\\\/\\\/secure.gravatar.com\\\/avatar\\\/ccc17943b9d660506c869530f897617f7cb1c21a4bf30023f252596d83e1f007?s=96&d=mm&r=g\",\"caption\":\"admin\"},\"sameAs\":[\"https:\\\/\\\/kibrisdakik.com\"],\"url\":\"https:\\\/\\\/kibrisdakik.com\\\/?author=1\"}]}<\/script>\n<!-- \/ Yoast SEO plugin. -->","yoast_head_json":{"title":"Bengihan:Ercan\u2019da u\u00e7u\u015f g\u00fcvenli\u011fini tehlikeye atan \u00e7ok \u00f6nemli sorunlar tespit ettik -","robots":{"index":"index","follow":"follow","max-snippet":"max-snippet:-1","max-image-preview":"max-image-preview:large","max-video-preview":"max-video-preview:-1"},"canonical":"https:\/\/kibrisdakik.com\/?p=76905","og_locale":"tr_TR","og_type":"article","og_title":"Bengihan:Ercan\u2019da u\u00e7u\u015f g\u00fcvenli\u011fini tehlikeye atan \u00e7ok \u00f6nemli sorunlar tespit ettik -","og_description":"K\u0131br\u0131s \u0130\u015f\u00e7i ve Emek\u00e7i Sendikalar\u0131 Federasyonu (K\u0130EF) ve K\u0131br\u0131s T\u00fcrk Amme Memurlar\u0131 Sendikas\u0131 (KTAMS) Ba\u015fkan\u0131 G\u00fcven Bengihan, Ercan Havaalan\u0131\u2019nda \u201cu\u00e7u\u015f g\u00fcvenli\u011fini tehlikeye atan\u201d sorunlar tespit ettiklerini belirterek, \u201cherhangi bir kaza veya k\u0131r\u0131m sonucu can kayb\u0131 ya\u015fanmas\u0131n\u0131n sorumlulu\u011funun H\u00fck\u00fcmette olaca\u011f\u0131n\u0131\u201d kaydetti. K\u0130EF ve KTAMS Ba\u015fkan\u0131 G\u00fcven Bengihan yapt\u0131\u011f\u0131 yaz\u0131l\u0131 a\u00e7\u0131klamada, Ercan \u0130tfaiye Biriminde itfaiye ara\u00e7lar\u0131n\u0131n zaman\u0131nda","og_url":"https:\/\/kibrisdakik.com\/?p=76905","article_published_time":"2025-03-03T12:30:59+00:00","og_image":[{"width":880,"height":440,"url":"https:\/\/kibrisdakik.com\/wp-content\/uploads\/2025\/02\/1736180065294bengihan-740x420.jpg","type":"image\/jpeg"}],"author":"admin","twitter_card":"summary_large_image","twitter_misc":{"Yazan:":"admin","Tahmini okuma s\u00fcresi":"2 dakika"},"schema":{"@context":"https:\/\/schema.org","@graph":[{"@type":"Article","@id":"https:\/\/kibrisdakik.com\/?p=76905#article","isPartOf":{"@id":"https:\/\/kibrisdakik.com\/?p=76905"},"author":{"name":"admin","@id":"https:\/\/kibrisdakik.com\/#\/schema\/person\/9cd9d437bbb44f72b73ba127e06d8e79"},"headline":"Bengihan:Ercan\u2019da u\u00e7u\u015f g\u00fcvenli\u011fini tehlikeye atan \u00e7ok \u00f6nemli sorunlar tespit ettik","datePublished":"2025-03-03T12:30:59+00:00","mainEntityOfPage":{"@id":"https:\/\/kibrisdakik.com\/?p=76905"},"wordCount":345,"commentCount":0,"image":{"@id":"https:\/\/kibrisdakik.com\/?p=76905#primaryimage"},"thumbnailUrl":"https:\/\/kibrisdakik.com\/wp-content\/uploads\/2025\/02\/1736180065294bengihan-740x420.jpg","articleSection":["K\u0131br\u0131s","Man\u015fet"],"inLanguage":"tr","potentialAction":[{"@type":"CommentAction","name":"Comment","target":["https:\/\/kibrisdakik.com\/?p=76905#respond"]}]},{"@type":"WebPage","@id":"https:\/\/kibrisdakik.com\/?p=76905","url":"https:\/\/kibrisdakik.com\/?p=76905","name":"Bengihan:Ercan\u2019da u\u00e7u\u015f g\u00fcvenli\u011fini tehlikeye atan \u00e7ok \u00f6nemli sorunlar tespit ettik -","isPartOf":{"@id":"https:\/\/kibrisdakik.com\/#website"},"primaryImageOfPage":{"@id":"https:\/\/kibrisdakik.com\/?p=76905#primaryimage"},"image":{"@id":"https:\/\/kibrisdakik.com\/?p=76905#primaryimage"},"thumbnailUrl":"https:\/\/kibrisdakik.com\/wp-content\/uploads\/2025\/02\/1736180065294bengihan-740x420.jpg","datePublished":"2025-03-03T12:30:59+00:00","author":{"@id":"https:\/\/kibrisdakik.com\/#\/schema\/person\/9cd9d437bbb44f72b73ba127e06d8e79"},"breadcrumb":{"@id":"https:\/\/kibrisdakik.com\/?p=76905#breadcrumb"},"inLanguage":"tr","potentialAction":[{"@type":"ReadAction","target":["https:\/\/kibrisdakik.com\/?p=76905"]}]},{"@type":"ImageObject","inLanguage":"tr","@id":"https:\/\/kibrisdakik.com\/?p=76905#primaryimage","url":"https:\/\/kibrisdakik.com\/wp-content\/uploads\/2025\/02\/1736180065294bengihan-740x420.jpg","contentUrl":"https:\/\/kibrisdakik.com\/wp-content\/uploads\/2025\/02\/1736180065294bengihan-740x420.jpg","width":880,"height":440},{"@type":"BreadcrumbList","@id":"https:\/\/kibrisdakik.com\/?p=76905#breadcrumb","itemListElement":[{"@type":"ListItem","position":1,"name":"Home","item":"https:\/\/kibrisdakik.com\/"},{"@type":"ListItem","position":2,"name":"Bengihan:Ercan\u2019da u\u00e7u\u015f g\u00fcvenli\u011fini tehlikeye atan \u00e7ok \u00f6nemli sorunlar tespit ettik"}]},{"@type":"WebSite","@id":"https:\/\/kibrisdakik.com\/#website","url":"https:\/\/kibrisdakik.com\/","name":"","description":"Tam vaktinde haber","potentialAction":[{"@type":"SearchAction","target":{"@type":"EntryPoint","urlTemplate":"https:\/\/kibrisdakik.com\/?s={search_term_string}"},"query-input":{"@type":"PropertyValueSpecification","valueRequired":true,"valueName":"search_term_string"}}],"inLanguage":"tr"},{"@type":"Person","@id":"https:\/\/kibrisdakik.com\/#\/schema\/person\/9cd9d437bbb44f72b73ba127e06d8e79","name":"admin","image":{"@type":"ImageObject","inLanguage":"tr","@id":"https:\/\/secure.gravatar.com\/avatar\/ccc17943b9d660506c869530f897617f7cb1c21a4bf30023f252596d83e1f007?s=96&d=mm&r=g","url":"https:\/\/secure.gravatar.com\/avatar\/ccc17943b9d660506c869530f897617f7cb1c21a4bf30023f252596d83e1f007?s=96&d=mm&r=g","contentUrl":"https:\/\/secure.gravatar.com\/avatar\/ccc17943b9d660506c869530f897617f7cb1c21a4bf30023f252596d83e1f007?s=96&d=mm&r=g","caption":"admin"},"sameAs":["https:\/\/kibrisdakik.com"],"url":"https:\/\/kibrisdakik.com\/?author=1"}]}},"_links":{"self":[{"href":"https:\/\/kibrisdakik.com\/index.php?rest_route=\/wp\/v2\/posts\/76905","targetHints":{"allow":["GET"]}}],"collection":[{"href":"https:\/\/kibrisdakik.com\/index.php?rest_route=\/wp\/v2\/posts"}],"about":[{"href":"https:\/\/kibrisdakik.com\/index.php?rest_route=\/wp\/v2\/types\/post"}],"author":[{"embeddable":true,"href":"https:\/\/kibrisdakik.com\/index.php?rest_route=\/wp\/v2\/users\/1"}],"replies":[{"embeddable":true,"href":"https:\/\/kibrisdakik.com\/index.php?rest_route=%2Fwp%2Fv2%2Fcomments&post=76905"}],"version-history":[{"count":0,"href":"https:\/\/kibrisdakik.com\/index.php?rest_route=\/wp\/v2\/posts\/76905\/revisions"}],"wp:featuredmedia":[{"embeddable":true,"href":"https:\/\/kibrisdakik.com\/index.php?rest_route=\/wp\/v2\/media\/76120"}],"wp:attachment":[{"href":"https:\/\/kibrisdakik.com\/index.php?rest_route=%2Fwp%2Fv2%2Fmedia&parent=76905"}],"wp:term":[{"taxonomy":"category","embeddable":true,"href":"https:\/\/kibrisdakik.com\/index.php?rest_route=%2Fwp%2Fv2%2Fcategories&post=76905"},{"taxonomy":"post_tag","embeddable":true,"href":"https:\/\/kibrisdakik.com\/index.php?rest_route=%2Fwp%2Fv2%2Ftags&post=76905"}],"curies":[{"name":"wp","href":"https:\/\/api.w.org\/{rel}","templated":true}]}}