{"id":7694,"date":"2023-05-27T16:34:35","date_gmt":"2023-05-27T16:34:35","guid":{"rendered":"https:\/\/kibrisdakik.com\/index.php\/2023\/05\/27\/iki-toplumlu-baris-inisiyatifi-yeni-gecis-kapilarinin-acilmasi-icin-eylem-duzenledi\/"},"modified":"2023-05-27T16:34:35","modified_gmt":"2023-05-27T16:34:35","slug":"iki-toplumlu-baris-inisiyatifi-yeni-gecis-kapilarinin-acilmasi-icin-eylem-duzenledi","status":"publish","type":"post","link":"https:\/\/kibrisdakik.com\/?p=7694","title":{"rendered":"\u0130ki Toplumlu Bar\u0131\u015f \u0130nisiyatifi, yeni ge\u00e7i\u015f kap\u0131lar\u0131n\u0131n a\u00e7\u0131lmas\u0131 i\u00e7in eylem d\u00fczenledi"},"content":{"rendered":"<p><\/p>\n<div>\n<div class=\"mariselle-image-container center\">\n                <img width=\"1654\" height=\"1104\" class=\"lazy-image\" alt=\"\" decoding=\"async\" loading=\"lazy\" sizes=\"auto, (max-width: 1654px) 100vw, 1654px\" src=\"https:\/\/brtk.net\/wp-content\/uploads\/2023\/05\/27\/arabolgedayanismaevi-1-ero-8-2.jpg?ver=6620fe43eee6be379191454542810a5e\" srcset=\"https:\/\/brtk.net\/wp-content\/uploads\/2023\/05\/27\/arabolgedayanismaevi-1-ero-8-2.jpg?ver=6620fe43eee6be379191454542810a5e 1654w, https:\/\/brtk.net\/wp-content\/uploads\/2023\/05\/27\/arabolgedayanismaevi-1-ero-8-2-300x200.jpg?ver=93126321f86bb48557952560f5abe09f 300w, https:\/\/brtk.net\/wp-content\/uploads\/2023\/05\/27\/arabolgedayanismaevi-1-ero-8-2-1024x683.jpg?ver=4f782e8906efa9f1cd7bf01a7bf1e741 1024w, https:\/\/brtk.net\/wp-content\/uploads\/2023\/05\/27\/arabolgedayanismaevi-1-ero-8-2-768x513.jpg?ver=4f782e8906efa9f1cd7bf01a7bf1e741 768w, https:\/\/brtk.net\/wp-content\/uploads\/2023\/05\/27\/arabolgedayanismaevi-1-ero-8-2-1536x1025.jpg?ver=4f782e8906efa9f1cd7bf01a7bf1e741 1536w\"\/>                            <\/div>\n<p>\u0130ki Toplumlu Bar\u0131\u015f \u0130nisiyatifi, Lefko\u015fa\u2019da BM kontrol\u00fcndeki Ledra Palace Otel kar\u015f\u0131s\u0131nda yer alan Dayan\u0131\u015fma Evi \u00f6n\u00fcnde, \u201cYeni kap\u0131lar\u0131n a\u00e7\u0131lmas\u0131, adan\u0131n birle\u015ftirilmesi, ekonomik, sosyal ve k\u00fclt\u00fcrel ili\u015fkilerin artt\u0131r\u0131lmas\u0131\u201d talebiyle eylem ger\u00e7ekle\u015ftirdi.<\/p>\n<p>Eyleme kat\u0131lan K\u0131br\u0131sl\u0131 T\u00fcrk \u00f6rg\u00fctler Lokmac\u0131 kap\u0131s\u0131nda toplanarak \u201cYeni Yollar A\u00e7\u0131yoruz, K\u0131br\u0131s\u2019\u0131 Birle\u015ftiriyoruz\u201d yaz\u0131l\u0131 pankart ta\u015f\u0131yarak, Dayan\u0131\u015fma Evi\u2019ne y\u00fcr\u00fcd\u00fc.<\/p>\n<p>Ayn\u0131 saatlerde eyleme destek veren Rum \u00f6rg\u00fctler de Ledra Caddesi\u2019nde bulu\u015farak, ayn\u0131 pankartla Dayan\u0131\u015fma Evi\u2019ne y\u00fcr\u00fcy\u00fc\u015fe ge\u00e7ti.<\/p>\n<p>Dayan\u0131\u015fma Evi \u00f6n\u00fcnde T\u00fcrk\u00e7e ve Rumca bas\u0131n a\u00e7\u0131klamalar\u0131 yap\u0131ld\u0131.<\/p>\n<p>\u0130ki Toplumlu Bar\u0131\u015f \u0130nisiyatifi ad\u0131na T\u00fcrk\u00e7e konu\u015fmay\u0131 yapan Ahmet Derya, ilk ge\u00e7i\u015f noktas\u0131n\u0131n a\u00e7\u0131lmas\u0131ndan 20 y\u0131l sonra, dikenli tellerin ikiye b\u00f6ld\u00fc\u011f\u00fc K\u0131br\u0131s\u2019ta, ge\u00e7i\u015f noktalar\u0131n\u0131n \u00f6nemine vurgu yapt\u0131.<\/p>\n<p>Derya, Lefko\u015fa\u2019da, Luricina\u2019da ve Erenk\u00f6y b\u00f6lgeleri ile di\u011fer b\u00f6lgelerde de yayalar ve ara\u00e7lar i\u00e7in yeni ge\u00e7i\u015f noktalar\u0131 a\u00e7\u0131lmas\u0131 gerekti\u011fini s\u00f6yledi.<\/p>\n<p>110\u2019dan fazla \u00f6rg\u00fct\u00fcn bu eyleme ili\u015fkin ortak bildiriye imza att\u0131\u011f\u0131n\u0131 da kaydeden Derya, bu talebin her iki taraf i\u00e7in ne kadar \u00f6nemli oldu\u011funun bir g\u00f6stergesi oldu\u011funu belirtti.<\/p>\n<p>Derya, K\u0131br\u0131s sorununun \u00e7\u00f6z\u00fcm\u00fcn\u00fcn, siyasi e\u015fitli\u011fe dayal\u0131, iki b\u00f6lgeli, iki toplumlu bir federasyon \u00e7er\u00e7evesinde yeniden birle\u015fmeyle m\u00fcmk\u00fcn olabilece\u011fini de ifade ederek, temas, ortak m\u00fccadele ve faaliyetin \u015fart oldu\u011funu vurgulad\u0131.<\/p>\n<p>Sonras\u0131nda barikatlar\u0131n a\u00e7\u0131lmamas\u0131ndan etkilenen b\u00f6lgelerden iki gen\u00e7, ya\u015fanan s\u0131k\u0131nt\u0131lar\u0131 dile getirdikleri birer konu\u015fma yapt\u0131lar.<\/p>\n<p>Luricina b\u00f6lgesinden T\u00fcrk taraf\u0131 ad\u0131na konu\u015fmay\u0131 \u0130smail \u00d6zyol ger\u00e7ekle\u015ftirdi.<\/p>\n<p>Konu\u015fmalar\u0131n ard\u0131ndan BM K\u0131br\u0131s \u00d6zel Temsilcisi Colin Stewart\u2019\u0131n etkinli\u011fe destek belirtti\u011fi vurgulan\u0131rken, \u0130ki Toplumlu Bar\u0131\u015f \u0130nisiyatifi ad\u0131na haz\u0131rlanan mektup etkinli\u011fe gelen BM temsilcisine teslim edildi.<\/p>\n<\/p><\/div>\n<p><script async\n                    defer\n                    crossorigin=\"anonymous\"\n                    src=\"https:\/\/connect.facebook.net\/tr_TR\/sdk.js#xfbml=1&#038;version=v3.3\"\n            ><\/script><\/p>\n","protected":false},"excerpt":{"rendered":"<p>\u0130ki Toplumlu Bar\u0131\u015f \u0130nisiyatifi, Lefko\u015fa\u2019da BM kontrol\u00fcndeki Ledra Palace Otel kar\u015f\u0131s\u0131nda yer alan Dayan\u0131\u015fma Evi \u00f6n\u00fcnde, \u201cYeni kap\u0131lar\u0131n a\u00e7\u0131lmas\u0131, adan\u0131n birle\u015ftirilmesi, ekonomik, sosyal ve k\u00fclt\u00fcrel ili\u015fkilerin artt\u0131r\u0131lmas\u0131\u201d talebiyle eylem ger\u00e7ekle\u015ftirdi. Eyleme kat\u0131lan K\u0131br\u0131sl\u0131 T\u00fcrk \u00f6rg\u00fctler Lokmac\u0131 kap\u0131s\u0131nda toplanarak \u201cYeni Yollar A\u00e7\u0131yoruz, K\u0131br\u0131s\u2019\u0131 Birle\u015ftiriyoruz\u201d yaz\u0131l\u0131 pankart ta\u015f\u0131yarak, Dayan\u0131\u015fma Evi\u2019ne y\u00fcr\u00fcd\u00fc. Ayn\u0131 saatlerde eyleme destek veren Rum<\/p>\n","protected":false},"author":1,"featured_media":7695,"comment_status":"open","ping_status":"open","sticky":false,"template":"","format":"standard","meta":{"footnotes":""},"categories":[1],"tags":[],"class_list":["post-7694","post","type-post","status-publish","format-standard","has-post-thumbnail","hentry","category-gundem"],"yoast_head":"<!-- This site is optimized with the Yoast SEO plugin v27.5 - https:\/\/yoast.com\/product\/yoast-seo-wordpress\/ -->\n<title>\u0130ki Toplumlu Bar\u0131\u015f \u0130nisiyatifi, yeni ge\u00e7i\u015f kap\u0131lar\u0131n\u0131n a\u00e7\u0131lmas\u0131 i\u00e7in eylem d\u00fczenledi -<\/title>\n<meta name=\"robots\" content=\"index, follow, max-snippet:-1, max-image-preview:large, max-video-preview:-1\" \/>\n<link rel=\"canonical\" href=\"https:\/\/kibrisdakik.com\/?p=7694\" \/>\n<meta property=\"og:locale\" content=\"tr_TR\" \/>\n<meta property=\"og:type\" content=\"article\" \/>\n<meta property=\"og:title\" content=\"\u0130ki Toplumlu Bar\u0131\u015f \u0130nisiyatifi, yeni ge\u00e7i\u015f kap\u0131lar\u0131n\u0131n a\u00e7\u0131lmas\u0131 i\u00e7in eylem d\u00fczenledi -\" \/>\n<meta property=\"og:description\" content=\"\u0130ki Toplumlu Bar\u0131\u015f \u0130nisiyatifi, Lefko\u015fa\u2019da BM kontrol\u00fcndeki Ledra Palace Otel kar\u015f\u0131s\u0131nda yer alan Dayan\u0131\u015fma Evi \u00f6n\u00fcnde, \u201cYeni kap\u0131lar\u0131n a\u00e7\u0131lmas\u0131, adan\u0131n birle\u015ftirilmesi, ekonomik, sosyal ve k\u00fclt\u00fcrel ili\u015fkilerin artt\u0131r\u0131lmas\u0131\u201d talebiyle eylem ger\u00e7ekle\u015ftirdi. Eyleme kat\u0131lan K\u0131br\u0131sl\u0131 T\u00fcrk \u00f6rg\u00fctler Lokmac\u0131 kap\u0131s\u0131nda toplanarak \u201cYeni Yollar A\u00e7\u0131yoruz, K\u0131br\u0131s\u2019\u0131 Birle\u015ftiriyoruz\u201d yaz\u0131l\u0131 pankart ta\u015f\u0131yarak, Dayan\u0131\u015fma Evi\u2019ne y\u00fcr\u00fcd\u00fc. Ayn\u0131 saatlerde eyleme destek veren Rum\" \/>\n<meta property=\"og:url\" content=\"https:\/\/kibrisdakik.com\/?p=7694\" \/>\n<meta property=\"article:published_time\" content=\"2023-05-27T16:34:35+00:00\" \/>\n<meta property=\"og:image\" content=\"https:\/\/kibrisdakik.com\/wp-content\/uploads\/2023\/05\/arabolgedayanismaevi-1-ero-8-2-740x420.jpg\" \/>\n\t<meta property=\"og:image:width\" content=\"1654\" \/>\n\t<meta property=\"og:image:height\" content=\"1104\" \/>\n\t<meta property=\"og:image:type\" content=\"image\/jpeg\" \/>\n<meta name=\"author\" content=\"admin\" \/>\n<meta name=\"twitter:card\" content=\"summary_large_image\" \/>\n<meta name=\"twitter:label1\" content=\"Yazan:\" \/>\n\t<meta name=\"twitter:data1\" content=\"admin\" \/>\n\t<meta name=\"twitter:label2\" content=\"Tahmini okuma s\u00fcresi\" \/>\n\t<meta name=\"twitter:data2\" content=\"2 dakika\" \/>\n<script type=\"application\/ld+json\" class=\"yoast-schema-graph\">{\"@context\":\"https:\\\/\\\/schema.org\",\"@graph\":[{\"@type\":\"Article\",\"@id\":\"https:\\\/\\\/kibrisdakik.com\\\/?p=7694#article\",\"isPartOf\":{\"@id\":\"https:\\\/\\\/kibrisdakik.com\\\/?p=7694\"},\"author\":{\"name\":\"admin\",\"@id\":\"https:\\\/\\\/kibrisdakik.com\\\/#\\\/schema\\\/person\\\/9cd9d437bbb44f72b73ba127e06d8e79\"},\"headline\":\"\u0130ki Toplumlu Bar\u0131\u015f \u0130nisiyatifi, yeni ge\u00e7i\u015f kap\u0131lar\u0131n\u0131n a\u00e7\u0131lmas\u0131 i\u00e7in eylem d\u00fczenledi\",\"datePublished\":\"2023-05-27T16:34:35+00:00\",\"mainEntityOfPage\":{\"@id\":\"https:\\\/\\\/kibrisdakik.com\\\/?p=7694\"},\"wordCount\":377,\"commentCount\":0,\"image\":{\"@id\":\"https:\\\/\\\/kibrisdakik.com\\\/?p=7694#primaryimage\"},\"thumbnailUrl\":\"https:\\\/\\\/kibrisdakik.com\\\/wp-content\\\/uploads\\\/2023\\\/05\\\/arabolgedayanismaevi-1-ero-8-2-740x420.jpg\",\"articleSection\":[\"G\u00fcndem\"],\"inLanguage\":\"tr\",\"potentialAction\":[{\"@type\":\"CommentAction\",\"name\":\"Comment\",\"target\":[\"https:\\\/\\\/kibrisdakik.com\\\/?p=7694#respond\"]}]},{\"@type\":\"WebPage\",\"@id\":\"https:\\\/\\\/kibrisdakik.com\\\/?p=7694\",\"url\":\"https:\\\/\\\/kibrisdakik.com\\\/?p=7694\",\"name\":\"\u0130ki Toplumlu Bar\u0131\u015f \u0130nisiyatifi, yeni ge\u00e7i\u015f kap\u0131lar\u0131n\u0131n a\u00e7\u0131lmas\u0131 i\u00e7in eylem d\u00fczenledi -\",\"isPartOf\":{\"@id\":\"https:\\\/\\\/kibrisdakik.com\\\/#website\"},\"primaryImageOfPage\":{\"@id\":\"https:\\\/\\\/kibrisdakik.com\\\/?p=7694#primaryimage\"},\"image\":{\"@id\":\"https:\\\/\\\/kibrisdakik.com\\\/?p=7694#primaryimage\"},\"thumbnailUrl\":\"https:\\\/\\\/kibrisdakik.com\\\/wp-content\\\/uploads\\\/2023\\\/05\\\/arabolgedayanismaevi-1-ero-8-2-740x420.jpg\",\"datePublished\":\"2023-05-27T16:34:35+00:00\",\"author\":{\"@id\":\"https:\\\/\\\/kibrisdakik.com\\\/#\\\/schema\\\/person\\\/9cd9d437bbb44f72b73ba127e06d8e79\"},\"breadcrumb\":{\"@id\":\"https:\\\/\\\/kibrisdakik.com\\\/?p=7694#breadcrumb\"},\"inLanguage\":\"tr\",\"potentialAction\":[{\"@type\":\"ReadAction\",\"target\":[\"https:\\\/\\\/kibrisdakik.com\\\/?p=7694\"]}]},{\"@type\":\"ImageObject\",\"inLanguage\":\"tr\",\"@id\":\"https:\\\/\\\/kibrisdakik.com\\\/?p=7694#primaryimage\",\"url\":\"https:\\\/\\\/kibrisdakik.com\\\/wp-content\\\/uploads\\\/2023\\\/05\\\/arabolgedayanismaevi-1-ero-8-2-740x420.jpg\",\"contentUrl\":\"https:\\\/\\\/kibrisdakik.com\\\/wp-content\\\/uploads\\\/2023\\\/05\\\/arabolgedayanismaevi-1-ero-8-2-740x420.jpg\",\"width\":1654,\"height\":1104},{\"@type\":\"BreadcrumbList\",\"@id\":\"https:\\\/\\\/kibrisdakik.com\\\/?p=7694#breadcrumb\",\"itemListElement\":[{\"@type\":\"ListItem\",\"position\":1,\"name\":\"Home\",\"item\":\"https:\\\/\\\/kibrisdakik.com\\\/\"},{\"@type\":\"ListItem\",\"position\":2,\"name\":\"\u0130ki Toplumlu Bar\u0131\u015f \u0130nisiyatifi, yeni ge\u00e7i\u015f kap\u0131lar\u0131n\u0131n a\u00e7\u0131lmas\u0131 i\u00e7in eylem d\u00fczenledi\"}]},{\"@type\":\"WebSite\",\"@id\":\"https:\\\/\\\/kibrisdakik.com\\\/#website\",\"url\":\"https:\\\/\\\/kibrisdakik.com\\\/\",\"name\":\"\",\"description\":\"Tam vaktinde haber\",\"potentialAction\":[{\"@type\":\"SearchAction\",\"target\":{\"@type\":\"EntryPoint\",\"urlTemplate\":\"https:\\\/\\\/kibrisdakik.com\\\/?s={search_term_string}\"},\"query-input\":{\"@type\":\"PropertyValueSpecification\",\"valueRequired\":true,\"valueName\":\"search_term_string\"}}],\"inLanguage\":\"tr\"},{\"@type\":\"Person\",\"@id\":\"https:\\\/\\\/kibrisdakik.com\\\/#\\\/schema\\\/person\\\/9cd9d437bbb44f72b73ba127e06d8e79\",\"name\":\"admin\",\"image\":{\"@type\":\"ImageObject\",\"inLanguage\":\"tr\",\"@id\":\"https:\\\/\\\/secure.gravatar.com\\\/avatar\\\/ccc17943b9d660506c869530f897617f7cb1c21a4bf30023f252596d83e1f007?s=96&d=mm&r=g\",\"url\":\"https:\\\/\\\/secure.gravatar.com\\\/avatar\\\/ccc17943b9d660506c869530f897617f7cb1c21a4bf30023f252596d83e1f007?s=96&d=mm&r=g\",\"contentUrl\":\"https:\\\/\\\/secure.gravatar.com\\\/avatar\\\/ccc17943b9d660506c869530f897617f7cb1c21a4bf30023f252596d83e1f007?s=96&d=mm&r=g\",\"caption\":\"admin\"},\"sameAs\":[\"https:\\\/\\\/kibrisdakik.com\"],\"url\":\"https:\\\/\\\/kibrisdakik.com\\\/?author=1\"}]}<\/script>\n<!-- \/ Yoast SEO plugin. -->","yoast_head_json":{"title":"\u0130ki Toplumlu Bar\u0131\u015f \u0130nisiyatifi, yeni ge\u00e7i\u015f kap\u0131lar\u0131n\u0131n a\u00e7\u0131lmas\u0131 i\u00e7in eylem d\u00fczenledi -","robots":{"index":"index","follow":"follow","max-snippet":"max-snippet:-1","max-image-preview":"max-image-preview:large","max-video-preview":"max-video-preview:-1"},"canonical":"https:\/\/kibrisdakik.com\/?p=7694","og_locale":"tr_TR","og_type":"article","og_title":"\u0130ki Toplumlu Bar\u0131\u015f \u0130nisiyatifi, yeni ge\u00e7i\u015f kap\u0131lar\u0131n\u0131n a\u00e7\u0131lmas\u0131 i\u00e7in eylem d\u00fczenledi -","og_description":"\u0130ki Toplumlu Bar\u0131\u015f \u0130nisiyatifi, Lefko\u015fa\u2019da BM kontrol\u00fcndeki Ledra Palace Otel kar\u015f\u0131s\u0131nda yer alan Dayan\u0131\u015fma Evi \u00f6n\u00fcnde, \u201cYeni kap\u0131lar\u0131n a\u00e7\u0131lmas\u0131, adan\u0131n birle\u015ftirilmesi, ekonomik, sosyal ve k\u00fclt\u00fcrel ili\u015fkilerin artt\u0131r\u0131lmas\u0131\u201d talebiyle eylem ger\u00e7ekle\u015ftirdi. Eyleme kat\u0131lan K\u0131br\u0131sl\u0131 T\u00fcrk \u00f6rg\u00fctler Lokmac\u0131 kap\u0131s\u0131nda toplanarak \u201cYeni Yollar A\u00e7\u0131yoruz, K\u0131br\u0131s\u2019\u0131 Birle\u015ftiriyoruz\u201d yaz\u0131l\u0131 pankart ta\u015f\u0131yarak, Dayan\u0131\u015fma Evi\u2019ne y\u00fcr\u00fcd\u00fc. Ayn\u0131 saatlerde eyleme destek veren Rum","og_url":"https:\/\/kibrisdakik.com\/?p=7694","article_published_time":"2023-05-27T16:34:35+00:00","og_image":[{"width":1654,"height":1104,"url":"https:\/\/kibrisdakik.com\/wp-content\/uploads\/2023\/05\/arabolgedayanismaevi-1-ero-8-2-740x420.jpg","type":"image\/jpeg"}],"author":"admin","twitter_card":"summary_large_image","twitter_misc":{"Yazan:":"admin","Tahmini okuma s\u00fcresi":"2 dakika"},"schema":{"@context":"https:\/\/schema.org","@graph":[{"@type":"Article","@id":"https:\/\/kibrisdakik.com\/?p=7694#article","isPartOf":{"@id":"https:\/\/kibrisdakik.com\/?p=7694"},"author":{"name":"admin","@id":"https:\/\/kibrisdakik.com\/#\/schema\/person\/9cd9d437bbb44f72b73ba127e06d8e79"},"headline":"\u0130ki Toplumlu Bar\u0131\u015f \u0130nisiyatifi, yeni ge\u00e7i\u015f kap\u0131lar\u0131n\u0131n a\u00e7\u0131lmas\u0131 i\u00e7in eylem d\u00fczenledi","datePublished":"2023-05-27T16:34:35+00:00","mainEntityOfPage":{"@id":"https:\/\/kibrisdakik.com\/?p=7694"},"wordCount":377,"commentCount":0,"image":{"@id":"https:\/\/kibrisdakik.com\/?p=7694#primaryimage"},"thumbnailUrl":"https:\/\/kibrisdakik.com\/wp-content\/uploads\/2023\/05\/arabolgedayanismaevi-1-ero-8-2-740x420.jpg","articleSection":["G\u00fcndem"],"inLanguage":"tr","potentialAction":[{"@type":"CommentAction","name":"Comment","target":["https:\/\/kibrisdakik.com\/?p=7694#respond"]}]},{"@type":"WebPage","@id":"https:\/\/kibrisdakik.com\/?p=7694","url":"https:\/\/kibrisdakik.com\/?p=7694","name":"\u0130ki Toplumlu Bar\u0131\u015f \u0130nisiyatifi, yeni ge\u00e7i\u015f kap\u0131lar\u0131n\u0131n a\u00e7\u0131lmas\u0131 i\u00e7in eylem d\u00fczenledi -","isPartOf":{"@id":"https:\/\/kibrisdakik.com\/#website"},"primaryImageOfPage":{"@id":"https:\/\/kibrisdakik.com\/?p=7694#primaryimage"},"image":{"@id":"https:\/\/kibrisdakik.com\/?p=7694#primaryimage"},"thumbnailUrl":"https:\/\/kibrisdakik.com\/wp-content\/uploads\/2023\/05\/arabolgedayanismaevi-1-ero-8-2-740x420.jpg","datePublished":"2023-05-27T16:34:35+00:00","author":{"@id":"https:\/\/kibrisdakik.com\/#\/schema\/person\/9cd9d437bbb44f72b73ba127e06d8e79"},"breadcrumb":{"@id":"https:\/\/kibrisdakik.com\/?p=7694#breadcrumb"},"inLanguage":"tr","potentialAction":[{"@type":"ReadAction","target":["https:\/\/kibrisdakik.com\/?p=7694"]}]},{"@type":"ImageObject","inLanguage":"tr","@id":"https:\/\/kibrisdakik.com\/?p=7694#primaryimage","url":"https:\/\/kibrisdakik.com\/wp-content\/uploads\/2023\/05\/arabolgedayanismaevi-1-ero-8-2-740x420.jpg","contentUrl":"https:\/\/kibrisdakik.com\/wp-content\/uploads\/2023\/05\/arabolgedayanismaevi-1-ero-8-2-740x420.jpg","width":1654,"height":1104},{"@type":"BreadcrumbList","@id":"https:\/\/kibrisdakik.com\/?p=7694#breadcrumb","itemListElement":[{"@type":"ListItem","position":1,"name":"Home","item":"https:\/\/kibrisdakik.com\/"},{"@type":"ListItem","position":2,"name":"\u0130ki Toplumlu Bar\u0131\u015f \u0130nisiyatifi, yeni ge\u00e7i\u015f kap\u0131lar\u0131n\u0131n a\u00e7\u0131lmas\u0131 i\u00e7in eylem d\u00fczenledi"}]},{"@type":"WebSite","@id":"https:\/\/kibrisdakik.com\/#website","url":"https:\/\/kibrisdakik.com\/","name":"","description":"Tam vaktinde haber","potentialAction":[{"@type":"SearchAction","target":{"@type":"EntryPoint","urlTemplate":"https:\/\/kibrisdakik.com\/?s={search_term_string}"},"query-input":{"@type":"PropertyValueSpecification","valueRequired":true,"valueName":"search_term_string"}}],"inLanguage":"tr"},{"@type":"Person","@id":"https:\/\/kibrisdakik.com\/#\/schema\/person\/9cd9d437bbb44f72b73ba127e06d8e79","name":"admin","image":{"@type":"ImageObject","inLanguage":"tr","@id":"https:\/\/secure.gravatar.com\/avatar\/ccc17943b9d660506c869530f897617f7cb1c21a4bf30023f252596d83e1f007?s=96&d=mm&r=g","url":"https:\/\/secure.gravatar.com\/avatar\/ccc17943b9d660506c869530f897617f7cb1c21a4bf30023f252596d83e1f007?s=96&d=mm&r=g","contentUrl":"https:\/\/secure.gravatar.com\/avatar\/ccc17943b9d660506c869530f897617f7cb1c21a4bf30023f252596d83e1f007?s=96&d=mm&r=g","caption":"admin"},"sameAs":["https:\/\/kibrisdakik.com"],"url":"https:\/\/kibrisdakik.com\/?author=1"}]}},"_links":{"self":[{"href":"https:\/\/kibrisdakik.com\/index.php?rest_route=\/wp\/v2\/posts\/7694","targetHints":{"allow":["GET"]}}],"collection":[{"href":"https:\/\/kibrisdakik.com\/index.php?rest_route=\/wp\/v2\/posts"}],"about":[{"href":"https:\/\/kibrisdakik.com\/index.php?rest_route=\/wp\/v2\/types\/post"}],"author":[{"embeddable":true,"href":"https:\/\/kibrisdakik.com\/index.php?rest_route=\/wp\/v2\/users\/1"}],"replies":[{"embeddable":true,"href":"https:\/\/kibrisdakik.com\/index.php?rest_route=%2Fwp%2Fv2%2Fcomments&post=7694"}],"version-history":[{"count":0,"href":"https:\/\/kibrisdakik.com\/index.php?rest_route=\/wp\/v2\/posts\/7694\/revisions"}],"wp:featuredmedia":[{"embeddable":true,"href":"https:\/\/kibrisdakik.com\/index.php?rest_route=\/wp\/v2\/media\/7695"}],"wp:attachment":[{"href":"https:\/\/kibrisdakik.com\/index.php?rest_route=%2Fwp%2Fv2%2Fmedia&parent=7694"}],"wp:term":[{"taxonomy":"category","embeddable":true,"href":"https:\/\/kibrisdakik.com\/index.php?rest_route=%2Fwp%2Fv2%2Fcategories&post=7694"},{"taxonomy":"post_tag","embeddable":true,"href":"https:\/\/kibrisdakik.com\/index.php?rest_route=%2Fwp%2Fv2%2Ftags&post=7694"}],"curies":[{"name":"wp","href":"https:\/\/api.w.org\/{rel}","templated":true}]}}