{"id":76973,"date":"2025-03-04T12:45:00","date_gmt":"2025-03-04T09:45:00","guid":{"rendered":"https:\/\/kibrisdakik.com\/index.php\/2025\/03\/04\/cumhurbaskani-tatar-cagdas-magusa-gravurleri-soylesi-ve-kitap-tanitim-etkinligine-katildi\/"},"modified":"2025-03-04T12:45:00","modified_gmt":"2025-03-04T09:45:00","slug":"cumhurbaskani-tatar-cagdas-magusa-gravurleri-soylesi-ve-kitap-tanitim-etkinligine-katildi","status":"publish","type":"post","link":"https:\/\/kibrisdakik.com\/?p=76973","title":{"rendered":"Cumhurba\u015fkan\u0131 Tatar, \u201c\u00c7a\u011fda\u015f Ma\u011fusa Grav\u00fcrleri\u201d s\u00f6yle\u015fi ve kitap tan\u0131t\u0131m etkinli\u011fine kat\u0131ld\u0131"},"content":{"rendered":"<p> <br \/>\n<\/p>\n<div>\n<div class=\"mariselle-image-container center\">\n                <img loading=\"lazy\" decoding=\"async\" width=\"2560\" height=\"1706\" class=\"lazy-image\" alt=\"\" sizes=\"auto, (max-width: 2560px) 100vw, 2560px\" src=\"https:\/\/brtk.net\/wp-content\/uploads\/2025\/03\/04\/1741078154769Cumhurbaskani-Ersin-Tatar-Cagdas-Magusa-Gravurleri-soylesi-ve-kitap-tanitim-etkinligine-katildi-1.jpeg?ver=8d2090218cf5c9fbfc902cb4ee0aacfb\" srcset=\"https:\/\/brtk.net\/wp-content\/uploads\/2025\/03\/04\/1741078154769Cumhurbaskani-Ersin-Tatar-Cagdas-Magusa-Gravurleri-soylesi-ve-kitap-tanitim-etkinligine-katildi-1.jpeg?ver=8d2090218cf5c9fbfc902cb4ee0aacfb 2560w, https:\/\/brtk.net\/wp-content\/uploads\/2025\/03\/04\/1741078154769Cumhurbaskani-Ersin-Tatar-Cagdas-Magusa-Gravurleri-soylesi-ve-kitap-tanitim-etkinligine-katildi-1-300x200.jpeg?ver=c0cc8e57daaf5a34f6b4ab4bb1be8ee9 300w, https:\/\/brtk.net\/wp-content\/uploads\/2025\/03\/04\/1741078154769Cumhurbaskani-Ersin-Tatar-Cagdas-Magusa-Gravurleri-soylesi-ve-kitap-tanitim-etkinligine-katildi-1-1024x682.jpeg?ver=4c2fa3177a8f5b2e7dcfcd7cde65cd7b 1024w, https:\/\/brtk.net\/wp-content\/uploads\/2025\/03\/04\/1741078154769Cumhurbaskani-Ersin-Tatar-Cagdas-Magusa-Gravurleri-soylesi-ve-kitap-tanitim-etkinligine-katildi-1-768x512.jpeg?ver=4c2fa3177a8f5b2e7dcfcd7cde65cd7b 768w, https:\/\/brtk.net\/wp-content\/uploads\/2025\/03\/04\/1741078154769Cumhurbaskani-Ersin-Tatar-Cagdas-Magusa-Gravurleri-soylesi-ve-kitap-tanitim-etkinligine-katildi-1-1536x1024.jpeg?ver=0edf0d95ef73fc69ae321ef56476a6bb 1536w, https:\/\/brtk.net\/wp-content\/uploads\/2025\/03\/04\/1741078154769Cumhurbaskani-Ersin-Tatar-Cagdas-Magusa-Gravurleri-soylesi-ve-kitap-tanitim-etkinligine-katildi-1-2048x1365.jpeg?ver=4d4e949c929b8c3b39bbb44957ea3288 2048w\"\/>                            <\/div>\n<p>Cumhurba\u015fkan\u0131 Ersin Tatar, Do\u011fu Akdeniz \u00dcniversitesi (DA\u00dc) Yay\u0131nevi ile Sosyal ve K\u00fclt\u00fcrel Aktiviteler M\u00fcd\u00fcrl\u00fc\u011f\u00fc taraf\u0131ndan d\u00fczenlenen \u201c\u00c7a\u011fda\u015f Ma\u011fusa Grav\u00fcrleri\u201d s\u00f6yle\u015fi ve kitap tan\u0131t\u0131m etkinli\u011fine kat\u0131ld\u0131.<\/p>\n<div class=\"mariselle-image-container center\">\n                <img loading=\"lazy\" decoding=\"async\" width=\"2560\" height=\"1706\" class=\"lazy-image\" alt=\"\" sizes=\"auto, (max-width: 2560px) 100vw, 2560px\" src=\"https:\/\/brtk.net\/wp-content\/uploads\/2025\/03\/04\/1741078154771Cumhurbaskani-Ersin-Tatar-Cagdas-Magusa-Gravurleri-soylesi-ve-kitap-tanitim-etkinligine-katildi-3.jpeg?ver=9ccabe7886df2cda95e45e789f639f68\" srcset=\"https:\/\/brtk.net\/wp-content\/uploads\/2025\/03\/04\/1741078154771Cumhurbaskani-Ersin-Tatar-Cagdas-Magusa-Gravurleri-soylesi-ve-kitap-tanitim-etkinligine-katildi-3.jpeg?ver=9ccabe7886df2cda95e45e789f639f68 2560w, https:\/\/brtk.net\/wp-content\/uploads\/2025\/03\/04\/1741078154771Cumhurbaskani-Ersin-Tatar-Cagdas-Magusa-Gravurleri-soylesi-ve-kitap-tanitim-etkinligine-katildi-3-300x200.jpeg?ver=9ccabe7886df2cda95e45e789f639f68 300w, https:\/\/brtk.net\/wp-content\/uploads\/2025\/03\/04\/1741078154771Cumhurbaskani-Ersin-Tatar-Cagdas-Magusa-Gravurleri-soylesi-ve-kitap-tanitim-etkinligine-katildi-3-1024x682.jpeg?ver=2e506963414ac921d144261c67bfde95 1024w, https:\/\/brtk.net\/wp-content\/uploads\/2025\/03\/04\/1741078154771Cumhurbaskani-Ersin-Tatar-Cagdas-Magusa-Gravurleri-soylesi-ve-kitap-tanitim-etkinligine-katildi-3-768x512.jpeg?ver=2e506963414ac921d144261c67bfde95 768w, https:\/\/brtk.net\/wp-content\/uploads\/2025\/03\/04\/1741078154771Cumhurbaskani-Ersin-Tatar-Cagdas-Magusa-Gravurleri-soylesi-ve-kitap-tanitim-etkinligine-katildi-3-1536x1024.jpeg?ver=fb6fd0631a6d898a1e24f35b442ca946 1536w, https:\/\/brtk.net\/wp-content\/uploads\/2025\/03\/04\/1741078154771Cumhurbaskani-Ersin-Tatar-Cagdas-Magusa-Gravurleri-soylesi-ve-kitap-tanitim-etkinligine-katildi-3-2048x1365.jpeg?ver=7673eae1c5d51bfc6860a21234c5f0e7 2048w\"\/>                            <\/div>\n<p>Cumhurba\u015fkanl\u0131\u011f\u0131\u2019ndan yap\u0131lan a\u00e7\u0131klamaya g\u00f6re, Cumhurba\u015fkan\u0131 Ersin Tatar, Lefko\u015fa R\u00fcstem Kitabevi\u2019nde ger\u00e7ekle\u015fen etkinlikte s\u00f6yle\u015fiyi ger\u00e7ekle\u015ftiren Ayhatun Ate\u015fin, Okan Da\u011fl\u0131 ve Do\u00e7. Dr. Ege Uluca\u2019ya te\u015fekk\u00fcr ederek, kitapta eme\u011fi ge\u00e7enleri tebrik etti.<\/p>\n<div class=\"mariselle-image-container center\">\n                <img loading=\"lazy\" decoding=\"async\" width=\"2560\" height=\"1706\" class=\"lazy-image\" alt=\"\" sizes=\"auto, (max-width: 2560px) 100vw, 2560px\" src=\"https:\/\/brtk.net\/wp-content\/uploads\/2025\/03\/04\/1741078154775Cumhurbaskani-Ersin-Tatar-Cagdas-Magusa-Gravurleri-soylesi-ve-kitap-tanitim-etkinligine-katildi-5.jpeg?ver=70cd862df901c8c355b4ef37e4754499\" srcset=\"https:\/\/brtk.net\/wp-content\/uploads\/2025\/03\/04\/1741078154775Cumhurbaskani-Ersin-Tatar-Cagdas-Magusa-Gravurleri-soylesi-ve-kitap-tanitim-etkinligine-katildi-5.jpeg?ver=70cd862df901c8c355b4ef37e4754499 2560w, https:\/\/brtk.net\/wp-content\/uploads\/2025\/03\/04\/1741078154775Cumhurbaskani-Ersin-Tatar-Cagdas-Magusa-Gravurleri-soylesi-ve-kitap-tanitim-etkinligine-katildi-5-300x200.jpeg?ver=da0b4f0d9ae19ae5f45fd13308911ba0 300w, https:\/\/brtk.net\/wp-content\/uploads\/2025\/03\/04\/1741078154775Cumhurbaskani-Ersin-Tatar-Cagdas-Magusa-Gravurleri-soylesi-ve-kitap-tanitim-etkinligine-katildi-5-1024x682.jpeg?ver=da0b4f0d9ae19ae5f45fd13308911ba0 1024w, https:\/\/brtk.net\/wp-content\/uploads\/2025\/03\/04\/1741078154775Cumhurbaskani-Ersin-Tatar-Cagdas-Magusa-Gravurleri-soylesi-ve-kitap-tanitim-etkinligine-katildi-5-768x512.jpeg?ver=2724cffcf864a64830940b97c1fbcffb 768w, https:\/\/brtk.net\/wp-content\/uploads\/2025\/03\/04\/1741078154775Cumhurbaskani-Ersin-Tatar-Cagdas-Magusa-Gravurleri-soylesi-ve-kitap-tanitim-etkinligine-katildi-5-1536x1024.jpeg?ver=02fd76e94ce66807bed0bf7f024c0c85 1536w, https:\/\/brtk.net\/wp-content\/uploads\/2025\/03\/04\/1741078154775Cumhurbaskani-Ersin-Tatar-Cagdas-Magusa-Gravurleri-soylesi-ve-kitap-tanitim-etkinligine-katildi-5-2048x1365.jpeg?ver=b7cadd5b9c0e0554a149aecdefb3ed15 2048w\"\/>                            <\/div>\n<\/p><\/div>\n<p><script async\n                    defer\n                    crossorigin=\"anonymous\"\n                    src=\"https:\/\/connect.facebook.net\/tr_TR\/sdk.js#xfbml=1&#038;version=v3.3\"\n            ><\/script><br \/>\n<br \/><br \/>\n<br \/><a href=\"https:\/\/brtk.net\/cumhurbaskani-tatar-cagdas-magusa-gravurleri-soylesi-ve-kitap-tanitim-etkinligine-katildi\/\">kpostasi <\/a><\/p>\n","protected":false},"excerpt":{"rendered":"<p>Cumhurba\u015fkan\u0131 Ersin Tatar, Do\u011fu Akdeniz \u00dcniversitesi (DA\u00dc) Yay\u0131nevi ile Sosyal ve K\u00fclt\u00fcrel Aktiviteler M\u00fcd\u00fcrl\u00fc\u011f\u00fc taraf\u0131ndan d\u00fczenlenen \u201c\u00c7a\u011fda\u015f Ma\u011fusa Grav\u00fcrleri\u201d s\u00f6yle\u015fi ve kitap tan\u0131t\u0131m etkinli\u011fine kat\u0131ld\u0131. Cumhurba\u015fkanl\u0131\u011f\u0131\u2019ndan yap\u0131lan a\u00e7\u0131klamaya g\u00f6re, Cumhurba\u015fkan\u0131 Ersin Tatar, Lefko\u015fa R\u00fcstem Kitabevi\u2019nde ger\u00e7ekle\u015fen etkinlikte s\u00f6yle\u015fiyi ger\u00e7ekle\u015ftiren Ayhatun Ate\u015fin, Okan Da\u011fl\u0131 ve Do\u00e7. Dr. Ege Uluca\u2019ya te\u015fekk\u00fcr ederek, kitapta eme\u011fi ge\u00e7enleri tebrik etti.<\/p>\n","protected":false},"author":1,"featured_media":76974,"comment_status":"open","ping_status":"open","sticky":false,"template":"","format":"standard","meta":{"footnotes":""},"categories":[1,81,101],"tags":[],"class_list":["post-76973","post","type-post","status-publish","format-standard","has-post-thumbnail","hentry","category-gundem","category-kibris","category-manset"],"yoast_head":"<!-- This site is optimized with the Yoast SEO plugin v27.4 - https:\/\/yoast.com\/product\/yoast-seo-wordpress\/ -->\n<title>Cumhurba\u015fkan\u0131 Tatar, \u201c\u00c7a\u011fda\u015f Ma\u011fusa Grav\u00fcrleri\u201d s\u00f6yle\u015fi ve kitap tan\u0131t\u0131m etkinli\u011fine kat\u0131ld\u0131 -<\/title>\n<meta name=\"robots\" content=\"index, follow, max-snippet:-1, max-image-preview:large, max-video-preview:-1\" \/>\n<link rel=\"canonical\" href=\"https:\/\/kibrisdakik.com\/?p=76973\" \/>\n<meta property=\"og:locale\" content=\"tr_TR\" \/>\n<meta property=\"og:type\" content=\"article\" \/>\n<meta property=\"og:title\" content=\"Cumhurba\u015fkan\u0131 Tatar, \u201c\u00c7a\u011fda\u015f Ma\u011fusa Grav\u00fcrleri\u201d s\u00f6yle\u015fi ve kitap tan\u0131t\u0131m etkinli\u011fine kat\u0131ld\u0131 -\" \/>\n<meta property=\"og:description\" content=\"Cumhurba\u015fkan\u0131 Ersin Tatar, Do\u011fu Akdeniz \u00dcniversitesi (DA\u00dc) Yay\u0131nevi ile Sosyal ve K\u00fclt\u00fcrel Aktiviteler M\u00fcd\u00fcrl\u00fc\u011f\u00fc taraf\u0131ndan d\u00fczenlenen \u201c\u00c7a\u011fda\u015f Ma\u011fusa Grav\u00fcrleri\u201d s\u00f6yle\u015fi ve kitap tan\u0131t\u0131m etkinli\u011fine kat\u0131ld\u0131. Cumhurba\u015fkanl\u0131\u011f\u0131\u2019ndan yap\u0131lan a\u00e7\u0131klamaya g\u00f6re, Cumhurba\u015fkan\u0131 Ersin Tatar, Lefko\u015fa R\u00fcstem Kitabevi\u2019nde ger\u00e7ekle\u015fen etkinlikte s\u00f6yle\u015fiyi ger\u00e7ekle\u015ftiren Ayhatun Ate\u015fin, Okan Da\u011fl\u0131 ve Do\u00e7. Dr. Ege Uluca\u2019ya te\u015fekk\u00fcr ederek, kitapta eme\u011fi ge\u00e7enleri tebrik etti.\" \/>\n<meta property=\"og:url\" content=\"https:\/\/kibrisdakik.com\/?p=76973\" \/>\n<meta property=\"article:published_time\" content=\"2025-03-04T09:45:00+00:00\" \/>\n<meta property=\"og:image\" content=\"https:\/\/kibrisdakik.com\/wp-content\/uploads\/2025\/03\/1741078154769Cumhurbaskani-Ersin-Tatar-Cagdas-Magusa-Gravurleri-soylesi-ve-kitap-tanitim-etkinligine-740x420.jpeg\" \/>\n\t<meta property=\"og:image:width\" content=\"2560\" \/>\n\t<meta property=\"og:image:height\" content=\"1706\" \/>\n\t<meta property=\"og:image:type\" content=\"image\/jpeg\" \/>\n<meta name=\"author\" content=\"admin\" \/>\n<meta name=\"twitter:card\" content=\"summary_large_image\" \/>\n<meta name=\"twitter:label1\" content=\"Yazan:\" \/>\n\t<meta name=\"twitter:data1\" content=\"admin\" \/>\n<script type=\"application\/ld+json\" class=\"yoast-schema-graph\">{\"@context\":\"https:\\\/\\\/schema.org\",\"@graph\":[{\"@type\":\"Article\",\"@id\":\"https:\\\/\\\/kibrisdakik.com\\\/?p=76973#article\",\"isPartOf\":{\"@id\":\"https:\\\/\\\/kibrisdakik.com\\\/?p=76973\"},\"author\":{\"name\":\"admin\",\"@id\":\"https:\\\/\\\/kibrisdakik.com\\\/#\\\/schema\\\/person\\\/9cd9d437bbb44f72b73ba127e06d8e79\"},\"headline\":\"Cumhurba\u015fkan\u0131 Tatar, \u201c\u00c7a\u011fda\u015f Ma\u011fusa Grav\u00fcrleri\u201d s\u00f6yle\u015fi ve kitap tan\u0131t\u0131m etkinli\u011fine kat\u0131ld\u0131\",\"datePublished\":\"2025-03-04T09:45:00+00:00\",\"mainEntityOfPage\":{\"@id\":\"https:\\\/\\\/kibrisdakik.com\\\/?p=76973\"},\"wordCount\":119,\"commentCount\":0,\"image\":{\"@id\":\"https:\\\/\\\/kibrisdakik.com\\\/?p=76973#primaryimage\"},\"thumbnailUrl\":\"https:\\\/\\\/kibrisdakik.com\\\/wp-content\\\/uploads\\\/2025\\\/03\\\/1741078154769Cumhurbaskani-Ersin-Tatar-Cagdas-Magusa-Gravurleri-soylesi-ve-kitap-tanitim-etkinligine-740x420.jpeg\",\"articleSection\":[\"G\u00fcndem\",\"K\u0131br\u0131s\",\"Man\u015fet\"],\"inLanguage\":\"tr\",\"potentialAction\":[{\"@type\":\"CommentAction\",\"name\":\"Comment\",\"target\":[\"https:\\\/\\\/kibrisdakik.com\\\/?p=76973#respond\"]}]},{\"@type\":\"WebPage\",\"@id\":\"https:\\\/\\\/kibrisdakik.com\\\/?p=76973\",\"url\":\"https:\\\/\\\/kibrisdakik.com\\\/?p=76973\",\"name\":\"Cumhurba\u015fkan\u0131 Tatar, \u201c\u00c7a\u011fda\u015f Ma\u011fusa Grav\u00fcrleri\u201d s\u00f6yle\u015fi ve kitap tan\u0131t\u0131m etkinli\u011fine kat\u0131ld\u0131 -\",\"isPartOf\":{\"@id\":\"https:\\\/\\\/kibrisdakik.com\\\/#website\"},\"primaryImageOfPage\":{\"@id\":\"https:\\\/\\\/kibrisdakik.com\\\/?p=76973#primaryimage\"},\"image\":{\"@id\":\"https:\\\/\\\/kibrisdakik.com\\\/?p=76973#primaryimage\"},\"thumbnailUrl\":\"https:\\\/\\\/kibrisdakik.com\\\/wp-content\\\/uploads\\\/2025\\\/03\\\/1741078154769Cumhurbaskani-Ersin-Tatar-Cagdas-Magusa-Gravurleri-soylesi-ve-kitap-tanitim-etkinligine-740x420.jpeg\",\"datePublished\":\"2025-03-04T09:45:00+00:00\",\"author\":{\"@id\":\"https:\\\/\\\/kibrisdakik.com\\\/#\\\/schema\\\/person\\\/9cd9d437bbb44f72b73ba127e06d8e79\"},\"breadcrumb\":{\"@id\":\"https:\\\/\\\/kibrisdakik.com\\\/?p=76973#breadcrumb\"},\"inLanguage\":\"tr\",\"potentialAction\":[{\"@type\":\"ReadAction\",\"target\":[\"https:\\\/\\\/kibrisdakik.com\\\/?p=76973\"]}]},{\"@type\":\"ImageObject\",\"inLanguage\":\"tr\",\"@id\":\"https:\\\/\\\/kibrisdakik.com\\\/?p=76973#primaryimage\",\"url\":\"https:\\\/\\\/kibrisdakik.com\\\/wp-content\\\/uploads\\\/2025\\\/03\\\/1741078154769Cumhurbaskani-Ersin-Tatar-Cagdas-Magusa-Gravurleri-soylesi-ve-kitap-tanitim-etkinligine-740x420.jpeg\",\"contentUrl\":\"https:\\\/\\\/kibrisdakik.com\\\/wp-content\\\/uploads\\\/2025\\\/03\\\/1741078154769Cumhurbaskani-Ersin-Tatar-Cagdas-Magusa-Gravurleri-soylesi-ve-kitap-tanitim-etkinligine-740x420.jpeg\",\"width\":2560,\"height\":1706},{\"@type\":\"BreadcrumbList\",\"@id\":\"https:\\\/\\\/kibrisdakik.com\\\/?p=76973#breadcrumb\",\"itemListElement\":[{\"@type\":\"ListItem\",\"position\":1,\"name\":\"Home\",\"item\":\"https:\\\/\\\/kibrisdakik.com\\\/\"},{\"@type\":\"ListItem\",\"position\":2,\"name\":\"Cumhurba\u015fkan\u0131 Tatar, \u201c\u00c7a\u011fda\u015f Ma\u011fusa Grav\u00fcrleri\u201d s\u00f6yle\u015fi ve kitap tan\u0131t\u0131m etkinli\u011fine kat\u0131ld\u0131\"}]},{\"@type\":\"WebSite\",\"@id\":\"https:\\\/\\\/kibrisdakik.com\\\/#website\",\"url\":\"https:\\\/\\\/kibrisdakik.com\\\/\",\"name\":\"\",\"description\":\"Tam vaktinde haber\",\"potentialAction\":[{\"@type\":\"SearchAction\",\"target\":{\"@type\":\"EntryPoint\",\"urlTemplate\":\"https:\\\/\\\/kibrisdakik.com\\\/?s={search_term_string}\"},\"query-input\":{\"@type\":\"PropertyValueSpecification\",\"valueRequired\":true,\"valueName\":\"search_term_string\"}}],\"inLanguage\":\"tr\"},{\"@type\":\"Person\",\"@id\":\"https:\\\/\\\/kibrisdakik.com\\\/#\\\/schema\\\/person\\\/9cd9d437bbb44f72b73ba127e06d8e79\",\"name\":\"admin\",\"image\":{\"@type\":\"ImageObject\",\"inLanguage\":\"tr\",\"@id\":\"https:\\\/\\\/secure.gravatar.com\\\/avatar\\\/ccc17943b9d660506c869530f897617f7cb1c21a4bf30023f252596d83e1f007?s=96&d=mm&r=g\",\"url\":\"https:\\\/\\\/secure.gravatar.com\\\/avatar\\\/ccc17943b9d660506c869530f897617f7cb1c21a4bf30023f252596d83e1f007?s=96&d=mm&r=g\",\"contentUrl\":\"https:\\\/\\\/secure.gravatar.com\\\/avatar\\\/ccc17943b9d660506c869530f897617f7cb1c21a4bf30023f252596d83e1f007?s=96&d=mm&r=g\",\"caption\":\"admin\"},\"sameAs\":[\"https:\\\/\\\/kibrisdakik.com\"],\"url\":\"https:\\\/\\\/kibrisdakik.com\\\/?author=1\"}]}<\/script>\n<!-- \/ Yoast SEO plugin. -->","yoast_head_json":{"title":"Cumhurba\u015fkan\u0131 Tatar, \u201c\u00c7a\u011fda\u015f Ma\u011fusa Grav\u00fcrleri\u201d s\u00f6yle\u015fi ve kitap tan\u0131t\u0131m etkinli\u011fine kat\u0131ld\u0131 -","robots":{"index":"index","follow":"follow","max-snippet":"max-snippet:-1","max-image-preview":"max-image-preview:large","max-video-preview":"max-video-preview:-1"},"canonical":"https:\/\/kibrisdakik.com\/?p=76973","og_locale":"tr_TR","og_type":"article","og_title":"Cumhurba\u015fkan\u0131 Tatar, \u201c\u00c7a\u011fda\u015f Ma\u011fusa Grav\u00fcrleri\u201d s\u00f6yle\u015fi ve kitap tan\u0131t\u0131m etkinli\u011fine kat\u0131ld\u0131 -","og_description":"Cumhurba\u015fkan\u0131 Ersin Tatar, Do\u011fu Akdeniz \u00dcniversitesi (DA\u00dc) Yay\u0131nevi ile Sosyal ve K\u00fclt\u00fcrel Aktiviteler M\u00fcd\u00fcrl\u00fc\u011f\u00fc taraf\u0131ndan d\u00fczenlenen \u201c\u00c7a\u011fda\u015f Ma\u011fusa Grav\u00fcrleri\u201d s\u00f6yle\u015fi ve kitap tan\u0131t\u0131m etkinli\u011fine kat\u0131ld\u0131. Cumhurba\u015fkanl\u0131\u011f\u0131\u2019ndan yap\u0131lan a\u00e7\u0131klamaya g\u00f6re, Cumhurba\u015fkan\u0131 Ersin Tatar, Lefko\u015fa R\u00fcstem Kitabevi\u2019nde ger\u00e7ekle\u015fen etkinlikte s\u00f6yle\u015fiyi ger\u00e7ekle\u015ftiren Ayhatun Ate\u015fin, Okan Da\u011fl\u0131 ve Do\u00e7. Dr. Ege Uluca\u2019ya te\u015fekk\u00fcr ederek, kitapta eme\u011fi ge\u00e7enleri tebrik etti.","og_url":"https:\/\/kibrisdakik.com\/?p=76973","article_published_time":"2025-03-04T09:45:00+00:00","og_image":[{"width":2560,"height":1706,"url":"https:\/\/kibrisdakik.com\/wp-content\/uploads\/2025\/03\/1741078154769Cumhurbaskani-Ersin-Tatar-Cagdas-Magusa-Gravurleri-soylesi-ve-kitap-tanitim-etkinligine-740x420.jpeg","type":"image\/jpeg"}],"author":"admin","twitter_card":"summary_large_image","twitter_misc":{"Yazan:":"admin"},"schema":{"@context":"https:\/\/schema.org","@graph":[{"@type":"Article","@id":"https:\/\/kibrisdakik.com\/?p=76973#article","isPartOf":{"@id":"https:\/\/kibrisdakik.com\/?p=76973"},"author":{"name":"admin","@id":"https:\/\/kibrisdakik.com\/#\/schema\/person\/9cd9d437bbb44f72b73ba127e06d8e79"},"headline":"Cumhurba\u015fkan\u0131 Tatar, \u201c\u00c7a\u011fda\u015f Ma\u011fusa Grav\u00fcrleri\u201d s\u00f6yle\u015fi ve kitap tan\u0131t\u0131m etkinli\u011fine kat\u0131ld\u0131","datePublished":"2025-03-04T09:45:00+00:00","mainEntityOfPage":{"@id":"https:\/\/kibrisdakik.com\/?p=76973"},"wordCount":119,"commentCount":0,"image":{"@id":"https:\/\/kibrisdakik.com\/?p=76973#primaryimage"},"thumbnailUrl":"https:\/\/kibrisdakik.com\/wp-content\/uploads\/2025\/03\/1741078154769Cumhurbaskani-Ersin-Tatar-Cagdas-Magusa-Gravurleri-soylesi-ve-kitap-tanitim-etkinligine-740x420.jpeg","articleSection":["G\u00fcndem","K\u0131br\u0131s","Man\u015fet"],"inLanguage":"tr","potentialAction":[{"@type":"CommentAction","name":"Comment","target":["https:\/\/kibrisdakik.com\/?p=76973#respond"]}]},{"@type":"WebPage","@id":"https:\/\/kibrisdakik.com\/?p=76973","url":"https:\/\/kibrisdakik.com\/?p=76973","name":"Cumhurba\u015fkan\u0131 Tatar, \u201c\u00c7a\u011fda\u015f Ma\u011fusa Grav\u00fcrleri\u201d s\u00f6yle\u015fi ve kitap tan\u0131t\u0131m etkinli\u011fine kat\u0131ld\u0131 -","isPartOf":{"@id":"https:\/\/kibrisdakik.com\/#website"},"primaryImageOfPage":{"@id":"https:\/\/kibrisdakik.com\/?p=76973#primaryimage"},"image":{"@id":"https:\/\/kibrisdakik.com\/?p=76973#primaryimage"},"thumbnailUrl":"https:\/\/kibrisdakik.com\/wp-content\/uploads\/2025\/03\/1741078154769Cumhurbaskani-Ersin-Tatar-Cagdas-Magusa-Gravurleri-soylesi-ve-kitap-tanitim-etkinligine-740x420.jpeg","datePublished":"2025-03-04T09:45:00+00:00","author":{"@id":"https:\/\/kibrisdakik.com\/#\/schema\/person\/9cd9d437bbb44f72b73ba127e06d8e79"},"breadcrumb":{"@id":"https:\/\/kibrisdakik.com\/?p=76973#breadcrumb"},"inLanguage":"tr","potentialAction":[{"@type":"ReadAction","target":["https:\/\/kibrisdakik.com\/?p=76973"]}]},{"@type":"ImageObject","inLanguage":"tr","@id":"https:\/\/kibrisdakik.com\/?p=76973#primaryimage","url":"https:\/\/kibrisdakik.com\/wp-content\/uploads\/2025\/03\/1741078154769Cumhurbaskani-Ersin-Tatar-Cagdas-Magusa-Gravurleri-soylesi-ve-kitap-tanitim-etkinligine-740x420.jpeg","contentUrl":"https:\/\/kibrisdakik.com\/wp-content\/uploads\/2025\/03\/1741078154769Cumhurbaskani-Ersin-Tatar-Cagdas-Magusa-Gravurleri-soylesi-ve-kitap-tanitim-etkinligine-740x420.jpeg","width":2560,"height":1706},{"@type":"BreadcrumbList","@id":"https:\/\/kibrisdakik.com\/?p=76973#breadcrumb","itemListElement":[{"@type":"ListItem","position":1,"name":"Home","item":"https:\/\/kibrisdakik.com\/"},{"@type":"ListItem","position":2,"name":"Cumhurba\u015fkan\u0131 Tatar, \u201c\u00c7a\u011fda\u015f Ma\u011fusa Grav\u00fcrleri\u201d s\u00f6yle\u015fi ve kitap tan\u0131t\u0131m etkinli\u011fine kat\u0131ld\u0131"}]},{"@type":"WebSite","@id":"https:\/\/kibrisdakik.com\/#website","url":"https:\/\/kibrisdakik.com\/","name":"","description":"Tam vaktinde haber","potentialAction":[{"@type":"SearchAction","target":{"@type":"EntryPoint","urlTemplate":"https:\/\/kibrisdakik.com\/?s={search_term_string}"},"query-input":{"@type":"PropertyValueSpecification","valueRequired":true,"valueName":"search_term_string"}}],"inLanguage":"tr"},{"@type":"Person","@id":"https:\/\/kibrisdakik.com\/#\/schema\/person\/9cd9d437bbb44f72b73ba127e06d8e79","name":"admin","image":{"@type":"ImageObject","inLanguage":"tr","@id":"https:\/\/secure.gravatar.com\/avatar\/ccc17943b9d660506c869530f897617f7cb1c21a4bf30023f252596d83e1f007?s=96&d=mm&r=g","url":"https:\/\/secure.gravatar.com\/avatar\/ccc17943b9d660506c869530f897617f7cb1c21a4bf30023f252596d83e1f007?s=96&d=mm&r=g","contentUrl":"https:\/\/secure.gravatar.com\/avatar\/ccc17943b9d660506c869530f897617f7cb1c21a4bf30023f252596d83e1f007?s=96&d=mm&r=g","caption":"admin"},"sameAs":["https:\/\/kibrisdakik.com"],"url":"https:\/\/kibrisdakik.com\/?author=1"}]}},"_links":{"self":[{"href":"https:\/\/kibrisdakik.com\/index.php?rest_route=\/wp\/v2\/posts\/76973","targetHints":{"allow":["GET"]}}],"collection":[{"href":"https:\/\/kibrisdakik.com\/index.php?rest_route=\/wp\/v2\/posts"}],"about":[{"href":"https:\/\/kibrisdakik.com\/index.php?rest_route=\/wp\/v2\/types\/post"}],"author":[{"embeddable":true,"href":"https:\/\/kibrisdakik.com\/index.php?rest_route=\/wp\/v2\/users\/1"}],"replies":[{"embeddable":true,"href":"https:\/\/kibrisdakik.com\/index.php?rest_route=%2Fwp%2Fv2%2Fcomments&post=76973"}],"version-history":[{"count":0,"href":"https:\/\/kibrisdakik.com\/index.php?rest_route=\/wp\/v2\/posts\/76973\/revisions"}],"wp:featuredmedia":[{"embeddable":true,"href":"https:\/\/kibrisdakik.com\/index.php?rest_route=\/wp\/v2\/media\/76974"}],"wp:attachment":[{"href":"https:\/\/kibrisdakik.com\/index.php?rest_route=%2Fwp%2Fv2%2Fmedia&parent=76973"}],"wp:term":[{"taxonomy":"category","embeddable":true,"href":"https:\/\/kibrisdakik.com\/index.php?rest_route=%2Fwp%2Fv2%2Fcategories&post=76973"},{"taxonomy":"post_tag","embeddable":true,"href":"https:\/\/kibrisdakik.com\/index.php?rest_route=%2Fwp%2Fv2%2Ftags&post=76973"}],"curies":[{"name":"wp","href":"https:\/\/api.w.org\/{rel}","templated":true}]}}