{"id":77006,"date":"2025-03-04T15:29:26","date_gmt":"2025-03-04T12:29:26","guid":{"rendered":"https:\/\/kibrisdakik.com\/index.php\/2025\/03\/04\/genel-kurulda-gece-kulupleri-konusuldu\/"},"modified":"2025-03-04T15:29:26","modified_gmt":"2025-03-04T12:29:26","slug":"genel-kurulda-gece-kulupleri-konusuldu","status":"publish","type":"post","link":"https:\/\/kibrisdakik.com\/?p=77006","title":{"rendered":"Genel Kurulda gece kul\u00fcpleri konu\u015fuldu"},"content":{"rendered":"<div>\n<div class=\"mariselle-image-container center\">\n                                            <\/div>\n<p>Cumhuriyet Meclis Genel Kurulu\u2019nda g\u00fcncel konu\u015fmalar devam ediyor.<\/p>\n<p>CTP Milletvekili Do\u011fu\u015f Derya Genel Kurulda s\u00f6z alarak, d\u00fcn ak\u015fam bir gece kul\u00fcb\u00fcnde ya\u015fanan \u00f6l\u00fcme i\u015faret etti.<\/p>\n<p>Bu \u00f6l\u00fcm\u00fcn intihar oldu\u011funu savunan Derya, gece kul\u00fcb\u00fcndeki kad\u0131nlara uyu\u015fturucu verildi\u011fini de iddia etti.<\/p>\n<p>8 Mart\u2019\u0131n, Kad\u0131nlar G\u00fcn\u00fc\u2019n\u00fcn yakla\u015ft\u0131\u011f\u0131na dikkat \u00e7eken Derya, h\u00fck\u00fcmetin bu g\u00fcn i\u00e7in olumlu c\u00fcmleler s\u0131ralayaca\u011f\u0131n\u0131 s\u00f6yleyerek, \u201c\u00c7eyrek as\u0131rd\u0131r bu \u00fclkede devlet eliyle seks k\u00f6leli\u011fi yap\u0131l\u0131yor.\u201d ifadesini kulland\u0131.<\/p>\n<p>Ge\u00e7mi\u015fte de bu konuda Meclis k\u00fcrs\u00fcs\u00fcnden bir\u00e7ok konu\u015fma yapt\u0131\u011f\u0131n\u0131, gece kul\u00fcb\u00fc sahiplerinin de hedefi haline geldi\u011fini Derya, baz\u0131 iddialar\u0131 da dile getirdi.<\/p>\n<p>\u00dclkede 18 ya\u015f\u0131ndan k\u00fc\u00e7\u00fck insanlar\u0131n da seks k\u00f6lesi haline getirildi\u011fini, bu insanlar\u0131n pasaportlar\u0131na el kondu\u011funu savunan Derya, internette KKTC\u2019deki gece kul\u00fcpleriyle ilgili siteler oldu\u011funu, buralarda kad\u0131nlarla ilgili katalog payla\u015f\u0131ld\u0131\u011f\u0131n\u0131 da s\u00f6yledi.<\/p>\n<p>Gece kul\u00fcplerinde 12 konsomatris s\u0131n\u0131r\u0131 oldu\u011funu s\u00f6yleyen Derya, \u00f6\u011frenci olarak kaydettirilen baz\u0131 kad\u0131nlar\u0131n apartmanlarda seks k\u00f6lesi olarak \u00e7al\u0131\u015ft\u0131r\u0131ld\u0131\u011f\u0131n\u0131,  insan hakk\u0131 ihlallerine devlet taraf\u0131ndan g\u00f6z yumuldu\u011funu iddia etti.<\/p>\n<p>Ba\u015fka \u00fclkelerde seks i\u015f\u00e7ili\u011finin meslek olarak tan\u0131mland\u0131\u011f\u0131n\u0131, bu kad\u0131nlar\u0131n haklar\u0131 oldu\u011funu s\u00f6yleyen Derya, \u201cBizim \u00fclkemizde fuhu\u015f yasak ama kad\u0131nlar\u0131n pasaportlar\u0131na el konarak onlara 7\/24 fuhu\u015f yapt\u0131r\u0131l\u0131yor.\u201d ifadesini kulland\u0131.<\/p>\n<p>\u00dclkede \u00e7ocuklar\u0131n cinsel istismara u\u011frad\u0131\u011f\u0131n\u0131, topraklar\u0131n ve kaynaklar\u0131n pe\u015fke\u015f \u00e7ekildi\u011fini iddia eden Derya, \u201cko\u015fullar b\u00f6yleyken ve ba\u015fta b\u00f6yle bir h\u00fck\u00fcmet varken art\u0131k gece kul\u00fcplerinin kapat\u0131lmas\u0131 gerekti\u011fini\u201d d\u00fc\u015f\u00fcnd\u00fc\u011f\u00fcn\u00fc s\u00f6yledi.<\/p>\n<div class=\"mariselle-image-container center\">\n                <img loading=\"lazy\" decoding=\"async\" width=\"2560\" height=\"1797\" class=\"lazy-image\" alt=\"\" sizes=\"auto, (max-width: 2560px) 100vw, 2560px\" src=\"https:\/\/brtk.net\/wp-content\/uploads\/2025\/03\/04\/1741088928139WhatsApp-Image-2025-03-04-at-12.23.01-1-scaled.jpeg?ver=6bdc766a681b9883b07c5a7b09d9abe5\" srcset=\"https:\/\/brtk.net\/wp-content\/uploads\/2025\/03\/04\/1741088928139WhatsApp-Image-2025-03-04-at-12.23.01-1-scaled.jpeg?ver=6bdc766a681b9883b07c5a7b09d9abe5 2560w, https:\/\/brtk.net\/wp-content\/uploads\/2025\/03\/04\/1741088928139WhatsApp-Image-2025-03-04-at-12.23.01-1-300x211.jpeg?ver=6bdc766a681b9883b07c5a7b09d9abe5 300w, https:\/\/brtk.net\/wp-content\/uploads\/2025\/03\/04\/1741088928139WhatsApp-Image-2025-03-04-at-12.23.01-1-1024x719.jpeg?ver=c6856c82d480f7809ec82a29b264cbe1 1024w, https:\/\/brtk.net\/wp-content\/uploads\/2025\/03\/04\/1741088928139WhatsApp-Image-2025-03-04-at-12.23.01-1-768x539.jpeg?ver=2b687124a8b5fe0df05081817550e75a 768w, https:\/\/brtk.net\/wp-content\/uploads\/2025\/03\/04\/1741088928139WhatsApp-Image-2025-03-04-at-12.23.01-1-1536x1078.jpeg?ver=496bbe775a99892267ee4e5b830a9217 1536w, https:\/\/brtk.net\/wp-content\/uploads\/2025\/03\/04\/1741088928139WhatsApp-Image-2025-03-04-at-12.23.01-1-2048x1437.jpeg?ver=2a2ea6b6c6db5cbe468af54dc42fdcb2 2048w\"\/>                            <\/div>\n<p>Derya, insanlar\u0131n \u00f6lmesine, istismar edilmesi, tecav\u00fcze u\u011framas\u0131na izin verilmemesi gerekti\u011fini s\u00f6yledi.<\/p>\n<p>\u00dclkedeki gece kul\u00fcb\u00fcnde \u00e7al\u0131\u015fan bir kad\u0131n\u0131n annesine ula\u015farak durumuyla ilgili ihbarda bulundu\u011funu, annesinin de harekete ge\u00e7erek ilgili yerlere haber verdi\u011fini, bilginin kendisine ula\u015fmas\u0131yla kad\u0131n\u0131 aramaya gitti\u011fini anlatan Derya, \u00fclkeden \u00e7\u0131k\u0131\u015f da yapmayan s\u00f6z konusu  kad\u0131na 2016\u2019dan bu yana ula\u015famad\u0131\u011f\u0131n\u0131 s\u00f6yledi.<\/p>\n<p>\u0130\u00e7i\u015fleri Bakan\u0131 Dursun O\u011fuz, Derya\u2019y\u0131 yan\u0131tlad\u0131\u011f\u0131 konu\u015fmas\u0131nda gece kul\u00fcb\u00fcndeki \u00f6l\u00fcmle ilgili polis soru\u015fturmas\u0131n\u0131n devam etti\u011fini s\u00f6yledi.<\/p>\n<p>Konunun hassas oldu\u011funu, Do\u011fu\u015f Derya\u2019n\u0131n anlatt\u0131klar\u0131n\u0131n baz\u0131lar\u0131n\u0131 ihbar olarak kabul etti\u011fini belirten O\u011fuz, s\u00fcrecin de takip\u00e7isi olaca\u011f\u0131n\u0131 kaydetti.<\/p>\n<p>\u00dclkedeki gece kul\u00fcb\u00fc say\u0131s\u0131n\u0131n 27 oldu\u011funu belirten O\u011fuz, belediyelerin ve polisin buralardaki denetimlerinin s\u00fcrd\u00fc\u011f\u00fcn\u00fc ifade etti.<\/p>\n<p>\u0130nsan haklar\u0131 boyutunda ya\u015fananlar\u0131n incelenece\u011fini de kaydeden \u0130\u00e7i\u015fleri Bakan\u0131 O\u011fuz, yasal \u00e7er\u00e7evede neler yapabilece\u011fini de\u011ferlendireceklerini s\u00f6yledi.<\/p>\n<p>H\u00fck\u00fcmetin ve devletin bu konu \u00fczerinden ele\u015ftirilmesinin do\u011fru olmad\u0131\u011f\u0131n\u0131 belirten O\u011fuz, \u201cBu \u00fclke hepimizin. \u0130nsan hayat\u0131 ve gelecekle ilgili gaile ta\u015f\u0131yoruz. Devleti, h\u00fck\u00fcmeti ve polisi  bu \u015fekilde su\u00e7lamak do\u011fru de\u011fil.\u201d dedi.<\/p>\n<\/p><\/div>\n<p><script async\n                    defer\n                    crossorigin=\"anonymous\"\n                    src=\"https:\/\/connect.facebook.net\/tr_TR\/sdk.js#xfbml=1&#038;version=v3.3\"\n            ><\/script><\/p>\n","protected":false},"excerpt":{"rendered":"<p>Cumhuriyet Meclis Genel Kurulu\u2019nda g\u00fcncel konu\u015fmalar devam ediyor. CTP Milletvekili Do\u011fu\u015f Derya Genel Kurulda s\u00f6z alarak, d\u00fcn ak\u015fam bir gece kul\u00fcb\u00fcnde ya\u015fanan \u00f6l\u00fcme i\u015faret etti. Bu \u00f6l\u00fcm\u00fcn intihar oldu\u011funu savunan Derya, gece kul\u00fcb\u00fcndeki kad\u0131nlara uyu\u015fturucu verildi\u011fini de iddia etti. 8 Mart\u2019\u0131n, Kad\u0131nlar G\u00fcn\u00fc\u2019n\u00fcn yakla\u015ft\u0131\u011f\u0131na dikkat \u00e7eken Derya, h\u00fck\u00fcmetin bu g\u00fcn i\u00e7in olumlu c\u00fcmleler s\u0131ralayaca\u011f\u0131n\u0131 s\u00f6yleyerek,<\/p>\n","protected":false},"author":1,"featured_media":77007,"comment_status":"open","ping_status":"open","sticky":false,"template":"","format":"standard","meta":{"footnotes":""},"categories":[81,101],"tags":[],"class_list":["post-77006","post","type-post","status-publish","format-standard","has-post-thumbnail","hentry","category-kibris","category-manset"],"yoast_head":"<!-- This site is optimized with the Yoast SEO plugin v27.4 - https:\/\/yoast.com\/product\/yoast-seo-wordpress\/ -->\n<title>Genel Kurulda gece kul\u00fcpleri konu\u015fuldu -<\/title>\n<meta name=\"robots\" content=\"index, follow, max-snippet:-1, max-image-preview:large, max-video-preview:-1\" \/>\n<link rel=\"canonical\" href=\"https:\/\/kibrisdakik.com\/?p=77006\" \/>\n<meta property=\"og:locale\" content=\"tr_TR\" \/>\n<meta property=\"og:type\" content=\"article\" \/>\n<meta property=\"og:title\" content=\"Genel Kurulda gece kul\u00fcpleri konu\u015fuldu -\" \/>\n<meta property=\"og:description\" content=\"Cumhuriyet Meclis Genel Kurulu\u2019nda g\u00fcncel konu\u015fmalar devam ediyor. CTP Milletvekili Do\u011fu\u015f Derya Genel Kurulda s\u00f6z alarak, d\u00fcn ak\u015fam bir gece kul\u00fcb\u00fcnde ya\u015fanan \u00f6l\u00fcme i\u015faret etti. Bu \u00f6l\u00fcm\u00fcn intihar oldu\u011funu savunan Derya, gece kul\u00fcb\u00fcndeki kad\u0131nlara uyu\u015fturucu verildi\u011fini de iddia etti. 8 Mart\u2019\u0131n, Kad\u0131nlar G\u00fcn\u00fc\u2019n\u00fcn yakla\u015ft\u0131\u011f\u0131na dikkat \u00e7eken Derya, h\u00fck\u00fcmetin bu g\u00fcn i\u00e7in olumlu c\u00fcmleler s\u0131ralayaca\u011f\u0131n\u0131 s\u00f6yleyerek,\" \/>\n<meta property=\"og:url\" content=\"https:\/\/kibrisdakik.com\/?p=77006\" \/>\n<meta property=\"article:published_time\" content=\"2025-03-04T12:29:26+00:00\" \/>\n<meta property=\"og:image\" content=\"https:\/\/kibrisdakik.com\/wp-content\/uploads\/2025\/03\/1741088928141WhatsApp-Image-2025-03-04-at-12.40.29-scaled-740x420.jpeg\" \/>\n\t<meta property=\"og:image:width\" content=\"2560\" \/>\n\t<meta property=\"og:image:height\" content=\"1507\" \/>\n\t<meta property=\"og:image:type\" content=\"image\/jpeg\" \/>\n<meta name=\"author\" content=\"admin\" \/>\n<meta name=\"twitter:card\" content=\"summary_large_image\" \/>\n<meta name=\"twitter:label1\" content=\"Yazan:\" \/>\n\t<meta name=\"twitter:data1\" content=\"admin\" \/>\n\t<meta name=\"twitter:label2\" content=\"Tahmini okuma s\u00fcresi\" \/>\n\t<meta name=\"twitter:data2\" content=\"3 dakika\" \/>\n<script type=\"application\/ld+json\" class=\"yoast-schema-graph\">{\"@context\":\"https:\\\/\\\/schema.org\",\"@graph\":[{\"@type\":\"Article\",\"@id\":\"https:\\\/\\\/kibrisdakik.com\\\/?p=77006#article\",\"isPartOf\":{\"@id\":\"https:\\\/\\\/kibrisdakik.com\\\/?p=77006\"},\"author\":{\"name\":\"admin\",\"@id\":\"https:\\\/\\\/kibrisdakik.com\\\/#\\\/schema\\\/person\\\/9cd9d437bbb44f72b73ba127e06d8e79\"},\"headline\":\"Genel Kurulda gece kul\u00fcpleri konu\u015fuldu\",\"datePublished\":\"2025-03-04T12:29:26+00:00\",\"mainEntityOfPage\":{\"@id\":\"https:\\\/\\\/kibrisdakik.com\\\/?p=77006\"},\"wordCount\":549,\"commentCount\":0,\"image\":{\"@id\":\"https:\\\/\\\/kibrisdakik.com\\\/?p=77006#primaryimage\"},\"thumbnailUrl\":\"https:\\\/\\\/kibrisdakik.com\\\/wp-content\\\/uploads\\\/2025\\\/03\\\/1741088928141WhatsApp-Image-2025-03-04-at-12.40.29-scaled-740x420.jpeg\",\"articleSection\":[\"K\u0131br\u0131s\",\"Man\u015fet\"],\"inLanguage\":\"tr\",\"potentialAction\":[{\"@type\":\"CommentAction\",\"name\":\"Comment\",\"target\":[\"https:\\\/\\\/kibrisdakik.com\\\/?p=77006#respond\"]}]},{\"@type\":\"WebPage\",\"@id\":\"https:\\\/\\\/kibrisdakik.com\\\/?p=77006\",\"url\":\"https:\\\/\\\/kibrisdakik.com\\\/?p=77006\",\"name\":\"Genel Kurulda gece kul\u00fcpleri konu\u015fuldu -\",\"isPartOf\":{\"@id\":\"https:\\\/\\\/kibrisdakik.com\\\/#website\"},\"primaryImageOfPage\":{\"@id\":\"https:\\\/\\\/kibrisdakik.com\\\/?p=77006#primaryimage\"},\"image\":{\"@id\":\"https:\\\/\\\/kibrisdakik.com\\\/?p=77006#primaryimage\"},\"thumbnailUrl\":\"https:\\\/\\\/kibrisdakik.com\\\/wp-content\\\/uploads\\\/2025\\\/03\\\/1741088928141WhatsApp-Image-2025-03-04-at-12.40.29-scaled-740x420.jpeg\",\"datePublished\":\"2025-03-04T12:29:26+00:00\",\"author\":{\"@id\":\"https:\\\/\\\/kibrisdakik.com\\\/#\\\/schema\\\/person\\\/9cd9d437bbb44f72b73ba127e06d8e79\"},\"breadcrumb\":{\"@id\":\"https:\\\/\\\/kibrisdakik.com\\\/?p=77006#breadcrumb\"},\"inLanguage\":\"tr\",\"potentialAction\":[{\"@type\":\"ReadAction\",\"target\":[\"https:\\\/\\\/kibrisdakik.com\\\/?p=77006\"]}]},{\"@type\":\"ImageObject\",\"inLanguage\":\"tr\",\"@id\":\"https:\\\/\\\/kibrisdakik.com\\\/?p=77006#primaryimage\",\"url\":\"https:\\\/\\\/kibrisdakik.com\\\/wp-content\\\/uploads\\\/2025\\\/03\\\/1741088928141WhatsApp-Image-2025-03-04-at-12.40.29-scaled-740x420.jpeg\",\"contentUrl\":\"https:\\\/\\\/kibrisdakik.com\\\/wp-content\\\/uploads\\\/2025\\\/03\\\/1741088928141WhatsApp-Image-2025-03-04-at-12.40.29-scaled-740x420.jpeg\",\"width\":2560,\"height\":1507},{\"@type\":\"BreadcrumbList\",\"@id\":\"https:\\\/\\\/kibrisdakik.com\\\/?p=77006#breadcrumb\",\"itemListElement\":[{\"@type\":\"ListItem\",\"position\":1,\"name\":\"Home\",\"item\":\"https:\\\/\\\/kibrisdakik.com\\\/\"},{\"@type\":\"ListItem\",\"position\":2,\"name\":\"Genel Kurulda gece kul\u00fcpleri konu\u015fuldu\"}]},{\"@type\":\"WebSite\",\"@id\":\"https:\\\/\\\/kibrisdakik.com\\\/#website\",\"url\":\"https:\\\/\\\/kibrisdakik.com\\\/\",\"name\":\"\",\"description\":\"Tam vaktinde haber\",\"potentialAction\":[{\"@type\":\"SearchAction\",\"target\":{\"@type\":\"EntryPoint\",\"urlTemplate\":\"https:\\\/\\\/kibrisdakik.com\\\/?s={search_term_string}\"},\"query-input\":{\"@type\":\"PropertyValueSpecification\",\"valueRequired\":true,\"valueName\":\"search_term_string\"}}],\"inLanguage\":\"tr\"},{\"@type\":\"Person\",\"@id\":\"https:\\\/\\\/kibrisdakik.com\\\/#\\\/schema\\\/person\\\/9cd9d437bbb44f72b73ba127e06d8e79\",\"name\":\"admin\",\"image\":{\"@type\":\"ImageObject\",\"inLanguage\":\"tr\",\"@id\":\"https:\\\/\\\/secure.gravatar.com\\\/avatar\\\/ccc17943b9d660506c869530f897617f7cb1c21a4bf30023f252596d83e1f007?s=96&d=mm&r=g\",\"url\":\"https:\\\/\\\/secure.gravatar.com\\\/avatar\\\/ccc17943b9d660506c869530f897617f7cb1c21a4bf30023f252596d83e1f007?s=96&d=mm&r=g\",\"contentUrl\":\"https:\\\/\\\/secure.gravatar.com\\\/avatar\\\/ccc17943b9d660506c869530f897617f7cb1c21a4bf30023f252596d83e1f007?s=96&d=mm&r=g\",\"caption\":\"admin\"},\"sameAs\":[\"https:\\\/\\\/kibrisdakik.com\"],\"url\":\"https:\\\/\\\/kibrisdakik.com\\\/?author=1\"}]}<\/script>\n<!-- \/ Yoast SEO plugin. -->","yoast_head_json":{"title":"Genel Kurulda gece kul\u00fcpleri konu\u015fuldu -","robots":{"index":"index","follow":"follow","max-snippet":"max-snippet:-1","max-image-preview":"max-image-preview:large","max-video-preview":"max-video-preview:-1"},"canonical":"https:\/\/kibrisdakik.com\/?p=77006","og_locale":"tr_TR","og_type":"article","og_title":"Genel Kurulda gece kul\u00fcpleri konu\u015fuldu -","og_description":"Cumhuriyet Meclis Genel Kurulu\u2019nda g\u00fcncel konu\u015fmalar devam ediyor. CTP Milletvekili Do\u011fu\u015f Derya Genel Kurulda s\u00f6z alarak, d\u00fcn ak\u015fam bir gece kul\u00fcb\u00fcnde ya\u015fanan \u00f6l\u00fcme i\u015faret etti. Bu \u00f6l\u00fcm\u00fcn intihar oldu\u011funu savunan Derya, gece kul\u00fcb\u00fcndeki kad\u0131nlara uyu\u015fturucu verildi\u011fini de iddia etti. 8 Mart\u2019\u0131n, Kad\u0131nlar G\u00fcn\u00fc\u2019n\u00fcn yakla\u015ft\u0131\u011f\u0131na dikkat \u00e7eken Derya, h\u00fck\u00fcmetin bu g\u00fcn i\u00e7in olumlu c\u00fcmleler s\u0131ralayaca\u011f\u0131n\u0131 s\u00f6yleyerek,","og_url":"https:\/\/kibrisdakik.com\/?p=77006","article_published_time":"2025-03-04T12:29:26+00:00","og_image":[{"width":2560,"height":1507,"url":"https:\/\/kibrisdakik.com\/wp-content\/uploads\/2025\/03\/1741088928141WhatsApp-Image-2025-03-04-at-12.40.29-scaled-740x420.jpeg","type":"image\/jpeg"}],"author":"admin","twitter_card":"summary_large_image","twitter_misc":{"Yazan:":"admin","Tahmini okuma s\u00fcresi":"3 dakika"},"schema":{"@context":"https:\/\/schema.org","@graph":[{"@type":"Article","@id":"https:\/\/kibrisdakik.com\/?p=77006#article","isPartOf":{"@id":"https:\/\/kibrisdakik.com\/?p=77006"},"author":{"name":"admin","@id":"https:\/\/kibrisdakik.com\/#\/schema\/person\/9cd9d437bbb44f72b73ba127e06d8e79"},"headline":"Genel Kurulda gece kul\u00fcpleri konu\u015fuldu","datePublished":"2025-03-04T12:29:26+00:00","mainEntityOfPage":{"@id":"https:\/\/kibrisdakik.com\/?p=77006"},"wordCount":549,"commentCount":0,"image":{"@id":"https:\/\/kibrisdakik.com\/?p=77006#primaryimage"},"thumbnailUrl":"https:\/\/kibrisdakik.com\/wp-content\/uploads\/2025\/03\/1741088928141WhatsApp-Image-2025-03-04-at-12.40.29-scaled-740x420.jpeg","articleSection":["K\u0131br\u0131s","Man\u015fet"],"inLanguage":"tr","potentialAction":[{"@type":"CommentAction","name":"Comment","target":["https:\/\/kibrisdakik.com\/?p=77006#respond"]}]},{"@type":"WebPage","@id":"https:\/\/kibrisdakik.com\/?p=77006","url":"https:\/\/kibrisdakik.com\/?p=77006","name":"Genel Kurulda gece kul\u00fcpleri konu\u015fuldu -","isPartOf":{"@id":"https:\/\/kibrisdakik.com\/#website"},"primaryImageOfPage":{"@id":"https:\/\/kibrisdakik.com\/?p=77006#primaryimage"},"image":{"@id":"https:\/\/kibrisdakik.com\/?p=77006#primaryimage"},"thumbnailUrl":"https:\/\/kibrisdakik.com\/wp-content\/uploads\/2025\/03\/1741088928141WhatsApp-Image-2025-03-04-at-12.40.29-scaled-740x420.jpeg","datePublished":"2025-03-04T12:29:26+00:00","author":{"@id":"https:\/\/kibrisdakik.com\/#\/schema\/person\/9cd9d437bbb44f72b73ba127e06d8e79"},"breadcrumb":{"@id":"https:\/\/kibrisdakik.com\/?p=77006#breadcrumb"},"inLanguage":"tr","potentialAction":[{"@type":"ReadAction","target":["https:\/\/kibrisdakik.com\/?p=77006"]}]},{"@type":"ImageObject","inLanguage":"tr","@id":"https:\/\/kibrisdakik.com\/?p=77006#primaryimage","url":"https:\/\/kibrisdakik.com\/wp-content\/uploads\/2025\/03\/1741088928141WhatsApp-Image-2025-03-04-at-12.40.29-scaled-740x420.jpeg","contentUrl":"https:\/\/kibrisdakik.com\/wp-content\/uploads\/2025\/03\/1741088928141WhatsApp-Image-2025-03-04-at-12.40.29-scaled-740x420.jpeg","width":2560,"height":1507},{"@type":"BreadcrumbList","@id":"https:\/\/kibrisdakik.com\/?p=77006#breadcrumb","itemListElement":[{"@type":"ListItem","position":1,"name":"Home","item":"https:\/\/kibrisdakik.com\/"},{"@type":"ListItem","position":2,"name":"Genel Kurulda gece kul\u00fcpleri konu\u015fuldu"}]},{"@type":"WebSite","@id":"https:\/\/kibrisdakik.com\/#website","url":"https:\/\/kibrisdakik.com\/","name":"","description":"Tam vaktinde haber","potentialAction":[{"@type":"SearchAction","target":{"@type":"EntryPoint","urlTemplate":"https:\/\/kibrisdakik.com\/?s={search_term_string}"},"query-input":{"@type":"PropertyValueSpecification","valueRequired":true,"valueName":"search_term_string"}}],"inLanguage":"tr"},{"@type":"Person","@id":"https:\/\/kibrisdakik.com\/#\/schema\/person\/9cd9d437bbb44f72b73ba127e06d8e79","name":"admin","image":{"@type":"ImageObject","inLanguage":"tr","@id":"https:\/\/secure.gravatar.com\/avatar\/ccc17943b9d660506c869530f897617f7cb1c21a4bf30023f252596d83e1f007?s=96&d=mm&r=g","url":"https:\/\/secure.gravatar.com\/avatar\/ccc17943b9d660506c869530f897617f7cb1c21a4bf30023f252596d83e1f007?s=96&d=mm&r=g","contentUrl":"https:\/\/secure.gravatar.com\/avatar\/ccc17943b9d660506c869530f897617f7cb1c21a4bf30023f252596d83e1f007?s=96&d=mm&r=g","caption":"admin"},"sameAs":["https:\/\/kibrisdakik.com"],"url":"https:\/\/kibrisdakik.com\/?author=1"}]}},"_links":{"self":[{"href":"https:\/\/kibrisdakik.com\/index.php?rest_route=\/wp\/v2\/posts\/77006","targetHints":{"allow":["GET"]}}],"collection":[{"href":"https:\/\/kibrisdakik.com\/index.php?rest_route=\/wp\/v2\/posts"}],"about":[{"href":"https:\/\/kibrisdakik.com\/index.php?rest_route=\/wp\/v2\/types\/post"}],"author":[{"embeddable":true,"href":"https:\/\/kibrisdakik.com\/index.php?rest_route=\/wp\/v2\/users\/1"}],"replies":[{"embeddable":true,"href":"https:\/\/kibrisdakik.com\/index.php?rest_route=%2Fwp%2Fv2%2Fcomments&post=77006"}],"version-history":[{"count":0,"href":"https:\/\/kibrisdakik.com\/index.php?rest_route=\/wp\/v2\/posts\/77006\/revisions"}],"wp:featuredmedia":[{"embeddable":true,"href":"https:\/\/kibrisdakik.com\/index.php?rest_route=\/wp\/v2\/media\/77007"}],"wp:attachment":[{"href":"https:\/\/kibrisdakik.com\/index.php?rest_route=%2Fwp%2Fv2%2Fmedia&parent=77006"}],"wp:term":[{"taxonomy":"category","embeddable":true,"href":"https:\/\/kibrisdakik.com\/index.php?rest_route=%2Fwp%2Fv2%2Fcategories&post=77006"},{"taxonomy":"post_tag","embeddable":true,"href":"https:\/\/kibrisdakik.com\/index.php?rest_route=%2Fwp%2Fv2%2Ftags&post=77006"}],"curies":[{"name":"wp","href":"https:\/\/api.w.org\/{rel}","templated":true}]}}