{"id":77010,"date":"2025-03-04T15:57:08","date_gmt":"2025-03-04T12:57:08","guid":{"rendered":"https:\/\/kibrisdakik.com\/index.php\/2025\/03\/04\/ctp-kadin-orgutunden-hukumete-cagri-insan-ticareti-ve-kadin-somurusune-son-verecek-somut-adimlar-atin\/"},"modified":"2025-03-04T15:57:08","modified_gmt":"2025-03-04T12:57:08","slug":"ctp-kadin-orgutunden-hukumete-cagri-insan-ticareti-ve-kadin-somurusune-son-verecek-somut-adimlar-atin","status":"publish","type":"post","link":"https:\/\/kibrisdakik.com\/?p=77010","title":{"rendered":"CTP Kad\u0131n \u00d6rg\u00fct\u00fc\u2019nden h\u00fck\u00fcmete \u00e7a\u011fr\u0131: \u201c\u0130nsan ticareti ve kad\u0131n so\u0308mu\u0308ru\u0308su\u0308ne son verecek somut ad\u0131mlar at\u0131n\u201d"},"content":{"rendered":"<div>\n<div class=\"mariselle-image-container center\">\n                                            <\/div>\n<p>Cumhuriyetc\u0327i Tu\u0308rk Partisi (CTP) Kad\u0131n \u00d6rg\u00fct\u00fc, hu\u0308ku\u0308mete, sorumluluk alarak \u201cinsan ticaretine ve kad\u0131n so\u0308mu\u0308ru\u0308su\u0308ne\u201d son verecek somut ad\u0131mlar atma \u00e7a\u011fr\u0131s\u0131nda bulundu.<\/p>\n<p>CTP Kad\u0131n \u00d6rg\u00fct\u00fc taraf\u0131ndan yap\u0131lan a\u00e7\u0131klamada, yetkililer, vicdana, hukuka ve insan haklar\u0131na uygun hareket etmeye davet edildi.<\/p>\n<p>Alayko\u0308y\u2019de faaliyet g\u00f6steren bir gece kulu\u0308bu\u0308nde c\u0327al\u0131s\u0327an bir kad\u0131n\u0131n o\u0308lu\u0308m\u00fc \u00fczerine yap\u0131lan a\u00e7\u0131klamada, bu \u00f6l\u00fcm\u00fcn \u201csistematik s\u0327iddetin ve so\u0308mu\u0308ru\u0308nu\u0308n kanl\u0131 bir sonucu\u201d oldu\u011fu belirtildi.<\/p>\n<p>A\u00e7\u0131klamada, gece kulu\u0308plerinde c\u0327al\u0131s\u0327an kad\u0131nlar\u0131n, \u201ctaciz, ko\u0308tu\u0308 muamele ve insanl\u0131k d\u0131s\u0327\u0131 s\u0327artlara maruz kald\u0131g\u0306\u0131\u201d savunularak,  yetkililerin bu konuda yap\u0131lan uyar\u0131lara ve c\u0327ag\u0306r\u0131lara \u201ckulaklar\u0131n\u0131 t\u0131kad\u0131\u011f\u0131, insan ticaretine ve so\u0308mu\u0308ru\u0308ye go\u0308z yumdu\u011fu\u201d iddia edildi.<\/p>\n<p>A\u00e7\u0131klamada, \u201cCumhuriyetc\u0327i Tu\u0308rk Partisi (CTP) Kad\u0131n \u00d6rg\u00fct\u00fc olarak, bu korkunc\u0327 olay kars\u0327\u0131s\u0131nda sessiz kalmayacag\u0306\u0131m\u0131z\u0131 bir kez daha vurguluyoruz. Kad\u0131nlar\u0131n al\u0131n\u0131p sat\u0131ld\u0131g\u0306\u0131, zorla c\u0327al\u0131s\u0327t\u0131r\u0131ld\u0131g\u0306\u0131 ve yas\u0327am haklar\u0131n\u0131n ellerinden al\u0131nd\u0131g\u0306\u0131 bu d\u00fczenin devam etmesine izin vermeyece\u011fiz\u201d ifadelerine de yer verildi.<\/p>\n<p>Meclis\u2019te ve sokakta mu\u0308cadelenin s\u00fcrd\u00fcr\u00fclece\u011fi belirtilen a\u00e7\u0131klamada, \u201cKad\u0131nlar yaln\u0131z deg\u0306ildir. Susmuyoruz, korkmuyoruz, itaat etmiyoruz\u201d denildi.<\/p>\n<\/p><\/div>\n<p><script async\n                    defer\n                    crossorigin=\"anonymous\"\n                    src=\"https:\/\/connect.facebook.net\/tr_TR\/sdk.js#xfbml=1&#038;version=v3.3\"\n            ><\/script><\/p>\n","protected":false},"excerpt":{"rendered":"<p>Cumhuriyetc\u0327i Tu\u0308rk Partisi (CTP) Kad\u0131n \u00d6rg\u00fct\u00fc, hu\u0308ku\u0308mete, sorumluluk alarak \u201cinsan ticaretine ve kad\u0131n so\u0308mu\u0308ru\u0308su\u0308ne\u201d son verecek somut ad\u0131mlar atma \u00e7a\u011fr\u0131s\u0131nda bulundu. CTP Kad\u0131n \u00d6rg\u00fct\u00fc taraf\u0131ndan yap\u0131lan a\u00e7\u0131klamada, yetkililer, vicdana, hukuka ve insan haklar\u0131na uygun hareket etmeye davet edildi. Alayko\u0308y\u2019de faaliyet g\u00f6steren bir gece kulu\u0308bu\u0308nde c\u0327al\u0131s\u0327an bir kad\u0131n\u0131n o\u0308lu\u0308m\u00fc \u00fczerine yap\u0131lan a\u00e7\u0131klamada, bu \u00f6l\u00fcm\u00fcn \u201csistematik s\u0327iddetin<\/p>\n","protected":false},"author":1,"featured_media":68814,"comment_status":"open","ping_status":"open","sticky":false,"template":"","format":"standard","meta":{"footnotes":""},"categories":[81,101],"tags":[],"class_list":["post-77010","post","type-post","status-publish","format-standard","has-post-thumbnail","hentry","category-kibris","category-manset"],"yoast_head":"<!-- This site is optimized with the Yoast SEO plugin v27.4 - https:\/\/yoast.com\/product\/yoast-seo-wordpress\/ -->\n<title>CTP Kad\u0131n \u00d6rg\u00fct\u00fc\u2019nden h\u00fck\u00fcmete \u00e7a\u011fr\u0131: \u201c\u0130nsan ticareti ve kad\u0131n so\u0308mu\u0308ru\u0308su\u0308ne son verecek somut ad\u0131mlar at\u0131n\u201d -<\/title>\n<meta name=\"robots\" content=\"index, follow, max-snippet:-1, max-image-preview:large, max-video-preview:-1\" \/>\n<link rel=\"canonical\" href=\"https:\/\/kibrisdakik.com\/?p=77010\" \/>\n<meta property=\"og:locale\" content=\"tr_TR\" \/>\n<meta property=\"og:type\" content=\"article\" \/>\n<meta property=\"og:title\" content=\"CTP Kad\u0131n \u00d6rg\u00fct\u00fc\u2019nden h\u00fck\u00fcmete \u00e7a\u011fr\u0131: \u201c\u0130nsan ticareti ve kad\u0131n so\u0308mu\u0308ru\u0308su\u0308ne son verecek somut ad\u0131mlar at\u0131n\u201d -\" \/>\n<meta property=\"og:description\" content=\"Cumhuriyetc\u0327i Tu\u0308rk Partisi (CTP) Kad\u0131n \u00d6rg\u00fct\u00fc, hu\u0308ku\u0308mete, sorumluluk alarak \u201cinsan ticaretine ve kad\u0131n so\u0308mu\u0308ru\u0308su\u0308ne\u201d son verecek somut ad\u0131mlar atma \u00e7a\u011fr\u0131s\u0131nda bulundu. CTP Kad\u0131n \u00d6rg\u00fct\u00fc taraf\u0131ndan yap\u0131lan a\u00e7\u0131klamada, yetkililer, vicdana, hukuka ve insan haklar\u0131na uygun hareket etmeye davet edildi. Alayko\u0308y\u2019de faaliyet g\u00f6steren bir gece kulu\u0308bu\u0308nde c\u0327al\u0131s\u0327an bir kad\u0131n\u0131n o\u0308lu\u0308m\u00fc \u00fczerine yap\u0131lan a\u00e7\u0131klamada, bu \u00f6l\u00fcm\u00fcn \u201csistematik s\u0327iddetin\" \/>\n<meta property=\"og:url\" content=\"https:\/\/kibrisdakik.com\/?p=77010\" \/>\n<meta property=\"article:published_time\" content=\"2025-03-04T12:57:08+00:00\" \/>\n<meta property=\"og:image\" content=\"https:\/\/kibrisdakik.com\/wp-content\/uploads\/2024\/11\/ctp-logo2-740x420.jpg\" \/>\n\t<meta property=\"og:image:width\" content=\"800\" \/>\n\t<meta property=\"og:image:height\" content=\"450\" \/>\n\t<meta property=\"og:image:type\" content=\"image\/jpeg\" \/>\n<meta name=\"author\" content=\"admin\" \/>\n<meta name=\"twitter:card\" content=\"summary_large_image\" \/>\n<meta name=\"twitter:label1\" content=\"Yazan:\" \/>\n\t<meta name=\"twitter:data1\" content=\"admin\" \/>\n\t<meta name=\"twitter:label2\" content=\"Tahmini okuma s\u00fcresi\" \/>\n\t<meta name=\"twitter:data2\" content=\"1 dakika\" \/>\n<script type=\"application\/ld+json\" class=\"yoast-schema-graph\">{\"@context\":\"https:\\\/\\\/schema.org\",\"@graph\":[{\"@type\":\"Article\",\"@id\":\"https:\\\/\\\/kibrisdakik.com\\\/?p=77010#article\",\"isPartOf\":{\"@id\":\"https:\\\/\\\/kibrisdakik.com\\\/?p=77010\"},\"author\":{\"name\":\"admin\",\"@id\":\"https:\\\/\\\/kibrisdakik.com\\\/#\\\/schema\\\/person\\\/9cd9d437bbb44f72b73ba127e06d8e79\"},\"headline\":\"CTP Kad\u0131n \u00d6rg\u00fct\u00fc\u2019nden h\u00fck\u00fcmete \u00e7a\u011fr\u0131: \u201c\u0130nsan ticareti ve kad\u0131n so\u0308mu\u0308ru\u0308su\u0308ne son verecek somut ad\u0131mlar at\u0131n\u201d\",\"datePublished\":\"2025-03-04T12:57:08+00:00\",\"mainEntityOfPage\":{\"@id\":\"https:\\\/\\\/kibrisdakik.com\\\/?p=77010\"},\"wordCount\":280,\"commentCount\":0,\"image\":{\"@id\":\"https:\\\/\\\/kibrisdakik.com\\\/?p=77010#primaryimage\"},\"thumbnailUrl\":\"https:\\\/\\\/kibrisdakik.com\\\/wp-content\\\/uploads\\\/2024\\\/11\\\/ctp-logo2-740x420.jpg\",\"articleSection\":[\"K\u0131br\u0131s\",\"Man\u015fet\"],\"inLanguage\":\"tr\",\"potentialAction\":[{\"@type\":\"CommentAction\",\"name\":\"Comment\",\"target\":[\"https:\\\/\\\/kibrisdakik.com\\\/?p=77010#respond\"]}]},{\"@type\":\"WebPage\",\"@id\":\"https:\\\/\\\/kibrisdakik.com\\\/?p=77010\",\"url\":\"https:\\\/\\\/kibrisdakik.com\\\/?p=77010\",\"name\":\"CTP Kad\u0131n \u00d6rg\u00fct\u00fc\u2019nden h\u00fck\u00fcmete \u00e7a\u011fr\u0131: \u201c\u0130nsan ticareti ve kad\u0131n so\u0308mu\u0308ru\u0308su\u0308ne son verecek somut ad\u0131mlar at\u0131n\u201d -\",\"isPartOf\":{\"@id\":\"https:\\\/\\\/kibrisdakik.com\\\/#website\"},\"primaryImageOfPage\":{\"@id\":\"https:\\\/\\\/kibrisdakik.com\\\/?p=77010#primaryimage\"},\"image\":{\"@id\":\"https:\\\/\\\/kibrisdakik.com\\\/?p=77010#primaryimage\"},\"thumbnailUrl\":\"https:\\\/\\\/kibrisdakik.com\\\/wp-content\\\/uploads\\\/2024\\\/11\\\/ctp-logo2-740x420.jpg\",\"datePublished\":\"2025-03-04T12:57:08+00:00\",\"author\":{\"@id\":\"https:\\\/\\\/kibrisdakik.com\\\/#\\\/schema\\\/person\\\/9cd9d437bbb44f72b73ba127e06d8e79\"},\"breadcrumb\":{\"@id\":\"https:\\\/\\\/kibrisdakik.com\\\/?p=77010#breadcrumb\"},\"inLanguage\":\"tr\",\"potentialAction\":[{\"@type\":\"ReadAction\",\"target\":[\"https:\\\/\\\/kibrisdakik.com\\\/?p=77010\"]}]},{\"@type\":\"ImageObject\",\"inLanguage\":\"tr\",\"@id\":\"https:\\\/\\\/kibrisdakik.com\\\/?p=77010#primaryimage\",\"url\":\"https:\\\/\\\/kibrisdakik.com\\\/wp-content\\\/uploads\\\/2024\\\/11\\\/ctp-logo2-740x420.jpg\",\"contentUrl\":\"https:\\\/\\\/kibrisdakik.com\\\/wp-content\\\/uploads\\\/2024\\\/11\\\/ctp-logo2-740x420.jpg\",\"width\":800,\"height\":450},{\"@type\":\"BreadcrumbList\",\"@id\":\"https:\\\/\\\/kibrisdakik.com\\\/?p=77010#breadcrumb\",\"itemListElement\":[{\"@type\":\"ListItem\",\"position\":1,\"name\":\"Home\",\"item\":\"https:\\\/\\\/kibrisdakik.com\\\/\"},{\"@type\":\"ListItem\",\"position\":2,\"name\":\"CTP Kad\u0131n \u00d6rg\u00fct\u00fc\u2019nden h\u00fck\u00fcmete \u00e7a\u011fr\u0131: \u201c\u0130nsan ticareti ve kad\u0131n so\u0308mu\u0308ru\u0308su\u0308ne son verecek somut ad\u0131mlar at\u0131n\u201d\"}]},{\"@type\":\"WebSite\",\"@id\":\"https:\\\/\\\/kibrisdakik.com\\\/#website\",\"url\":\"https:\\\/\\\/kibrisdakik.com\\\/\",\"name\":\"\",\"description\":\"Tam vaktinde haber\",\"potentialAction\":[{\"@type\":\"SearchAction\",\"target\":{\"@type\":\"EntryPoint\",\"urlTemplate\":\"https:\\\/\\\/kibrisdakik.com\\\/?s={search_term_string}\"},\"query-input\":{\"@type\":\"PropertyValueSpecification\",\"valueRequired\":true,\"valueName\":\"search_term_string\"}}],\"inLanguage\":\"tr\"},{\"@type\":\"Person\",\"@id\":\"https:\\\/\\\/kibrisdakik.com\\\/#\\\/schema\\\/person\\\/9cd9d437bbb44f72b73ba127e06d8e79\",\"name\":\"admin\",\"image\":{\"@type\":\"ImageObject\",\"inLanguage\":\"tr\",\"@id\":\"https:\\\/\\\/secure.gravatar.com\\\/avatar\\\/ccc17943b9d660506c869530f897617f7cb1c21a4bf30023f252596d83e1f007?s=96&d=mm&r=g\",\"url\":\"https:\\\/\\\/secure.gravatar.com\\\/avatar\\\/ccc17943b9d660506c869530f897617f7cb1c21a4bf30023f252596d83e1f007?s=96&d=mm&r=g\",\"contentUrl\":\"https:\\\/\\\/secure.gravatar.com\\\/avatar\\\/ccc17943b9d660506c869530f897617f7cb1c21a4bf30023f252596d83e1f007?s=96&d=mm&r=g\",\"caption\":\"admin\"},\"sameAs\":[\"https:\\\/\\\/kibrisdakik.com\"],\"url\":\"https:\\\/\\\/kibrisdakik.com\\\/?author=1\"}]}<\/script>\n<!-- \/ Yoast SEO plugin. -->","yoast_head_json":{"title":"CTP Kad\u0131n \u00d6rg\u00fct\u00fc\u2019nden h\u00fck\u00fcmete \u00e7a\u011fr\u0131: \u201c\u0130nsan ticareti ve kad\u0131n so\u0308mu\u0308ru\u0308su\u0308ne son verecek somut ad\u0131mlar at\u0131n\u201d -","robots":{"index":"index","follow":"follow","max-snippet":"max-snippet:-1","max-image-preview":"max-image-preview:large","max-video-preview":"max-video-preview:-1"},"canonical":"https:\/\/kibrisdakik.com\/?p=77010","og_locale":"tr_TR","og_type":"article","og_title":"CTP Kad\u0131n \u00d6rg\u00fct\u00fc\u2019nden h\u00fck\u00fcmete \u00e7a\u011fr\u0131: \u201c\u0130nsan ticareti ve kad\u0131n so\u0308mu\u0308ru\u0308su\u0308ne son verecek somut ad\u0131mlar at\u0131n\u201d -","og_description":"Cumhuriyetc\u0327i Tu\u0308rk Partisi (CTP) Kad\u0131n \u00d6rg\u00fct\u00fc, hu\u0308ku\u0308mete, sorumluluk alarak \u201cinsan ticaretine ve kad\u0131n so\u0308mu\u0308ru\u0308su\u0308ne\u201d son verecek somut ad\u0131mlar atma \u00e7a\u011fr\u0131s\u0131nda bulundu. CTP Kad\u0131n \u00d6rg\u00fct\u00fc taraf\u0131ndan yap\u0131lan a\u00e7\u0131klamada, yetkililer, vicdana, hukuka ve insan haklar\u0131na uygun hareket etmeye davet edildi. Alayko\u0308y\u2019de faaliyet g\u00f6steren bir gece kulu\u0308bu\u0308nde c\u0327al\u0131s\u0327an bir kad\u0131n\u0131n o\u0308lu\u0308m\u00fc \u00fczerine yap\u0131lan a\u00e7\u0131klamada, bu \u00f6l\u00fcm\u00fcn \u201csistematik s\u0327iddetin","og_url":"https:\/\/kibrisdakik.com\/?p=77010","article_published_time":"2025-03-04T12:57:08+00:00","og_image":[{"width":800,"height":450,"url":"https:\/\/kibrisdakik.com\/wp-content\/uploads\/2024\/11\/ctp-logo2-740x420.jpg","type":"image\/jpeg"}],"author":"admin","twitter_card":"summary_large_image","twitter_misc":{"Yazan:":"admin","Tahmini okuma s\u00fcresi":"1 dakika"},"schema":{"@context":"https:\/\/schema.org","@graph":[{"@type":"Article","@id":"https:\/\/kibrisdakik.com\/?p=77010#article","isPartOf":{"@id":"https:\/\/kibrisdakik.com\/?p=77010"},"author":{"name":"admin","@id":"https:\/\/kibrisdakik.com\/#\/schema\/person\/9cd9d437bbb44f72b73ba127e06d8e79"},"headline":"CTP Kad\u0131n \u00d6rg\u00fct\u00fc\u2019nden h\u00fck\u00fcmete \u00e7a\u011fr\u0131: \u201c\u0130nsan ticareti ve kad\u0131n so\u0308mu\u0308ru\u0308su\u0308ne son verecek somut ad\u0131mlar at\u0131n\u201d","datePublished":"2025-03-04T12:57:08+00:00","mainEntityOfPage":{"@id":"https:\/\/kibrisdakik.com\/?p=77010"},"wordCount":280,"commentCount":0,"image":{"@id":"https:\/\/kibrisdakik.com\/?p=77010#primaryimage"},"thumbnailUrl":"https:\/\/kibrisdakik.com\/wp-content\/uploads\/2024\/11\/ctp-logo2-740x420.jpg","articleSection":["K\u0131br\u0131s","Man\u015fet"],"inLanguage":"tr","potentialAction":[{"@type":"CommentAction","name":"Comment","target":["https:\/\/kibrisdakik.com\/?p=77010#respond"]}]},{"@type":"WebPage","@id":"https:\/\/kibrisdakik.com\/?p=77010","url":"https:\/\/kibrisdakik.com\/?p=77010","name":"CTP Kad\u0131n \u00d6rg\u00fct\u00fc\u2019nden h\u00fck\u00fcmete \u00e7a\u011fr\u0131: \u201c\u0130nsan ticareti ve kad\u0131n so\u0308mu\u0308ru\u0308su\u0308ne son verecek somut ad\u0131mlar at\u0131n\u201d -","isPartOf":{"@id":"https:\/\/kibrisdakik.com\/#website"},"primaryImageOfPage":{"@id":"https:\/\/kibrisdakik.com\/?p=77010#primaryimage"},"image":{"@id":"https:\/\/kibrisdakik.com\/?p=77010#primaryimage"},"thumbnailUrl":"https:\/\/kibrisdakik.com\/wp-content\/uploads\/2024\/11\/ctp-logo2-740x420.jpg","datePublished":"2025-03-04T12:57:08+00:00","author":{"@id":"https:\/\/kibrisdakik.com\/#\/schema\/person\/9cd9d437bbb44f72b73ba127e06d8e79"},"breadcrumb":{"@id":"https:\/\/kibrisdakik.com\/?p=77010#breadcrumb"},"inLanguage":"tr","potentialAction":[{"@type":"ReadAction","target":["https:\/\/kibrisdakik.com\/?p=77010"]}]},{"@type":"ImageObject","inLanguage":"tr","@id":"https:\/\/kibrisdakik.com\/?p=77010#primaryimage","url":"https:\/\/kibrisdakik.com\/wp-content\/uploads\/2024\/11\/ctp-logo2-740x420.jpg","contentUrl":"https:\/\/kibrisdakik.com\/wp-content\/uploads\/2024\/11\/ctp-logo2-740x420.jpg","width":800,"height":450},{"@type":"BreadcrumbList","@id":"https:\/\/kibrisdakik.com\/?p=77010#breadcrumb","itemListElement":[{"@type":"ListItem","position":1,"name":"Home","item":"https:\/\/kibrisdakik.com\/"},{"@type":"ListItem","position":2,"name":"CTP Kad\u0131n \u00d6rg\u00fct\u00fc\u2019nden h\u00fck\u00fcmete \u00e7a\u011fr\u0131: \u201c\u0130nsan ticareti ve kad\u0131n so\u0308mu\u0308ru\u0308su\u0308ne son verecek somut ad\u0131mlar at\u0131n\u201d"}]},{"@type":"WebSite","@id":"https:\/\/kibrisdakik.com\/#website","url":"https:\/\/kibrisdakik.com\/","name":"","description":"Tam vaktinde haber","potentialAction":[{"@type":"SearchAction","target":{"@type":"EntryPoint","urlTemplate":"https:\/\/kibrisdakik.com\/?s={search_term_string}"},"query-input":{"@type":"PropertyValueSpecification","valueRequired":true,"valueName":"search_term_string"}}],"inLanguage":"tr"},{"@type":"Person","@id":"https:\/\/kibrisdakik.com\/#\/schema\/person\/9cd9d437bbb44f72b73ba127e06d8e79","name":"admin","image":{"@type":"ImageObject","inLanguage":"tr","@id":"https:\/\/secure.gravatar.com\/avatar\/ccc17943b9d660506c869530f897617f7cb1c21a4bf30023f252596d83e1f007?s=96&d=mm&r=g","url":"https:\/\/secure.gravatar.com\/avatar\/ccc17943b9d660506c869530f897617f7cb1c21a4bf30023f252596d83e1f007?s=96&d=mm&r=g","contentUrl":"https:\/\/secure.gravatar.com\/avatar\/ccc17943b9d660506c869530f897617f7cb1c21a4bf30023f252596d83e1f007?s=96&d=mm&r=g","caption":"admin"},"sameAs":["https:\/\/kibrisdakik.com"],"url":"https:\/\/kibrisdakik.com\/?author=1"}]}},"_links":{"self":[{"href":"https:\/\/kibrisdakik.com\/index.php?rest_route=\/wp\/v2\/posts\/77010","targetHints":{"allow":["GET"]}}],"collection":[{"href":"https:\/\/kibrisdakik.com\/index.php?rest_route=\/wp\/v2\/posts"}],"about":[{"href":"https:\/\/kibrisdakik.com\/index.php?rest_route=\/wp\/v2\/types\/post"}],"author":[{"embeddable":true,"href":"https:\/\/kibrisdakik.com\/index.php?rest_route=\/wp\/v2\/users\/1"}],"replies":[{"embeddable":true,"href":"https:\/\/kibrisdakik.com\/index.php?rest_route=%2Fwp%2Fv2%2Fcomments&post=77010"}],"version-history":[{"count":0,"href":"https:\/\/kibrisdakik.com\/index.php?rest_route=\/wp\/v2\/posts\/77010\/revisions"}],"wp:featuredmedia":[{"embeddable":true,"href":"https:\/\/kibrisdakik.com\/index.php?rest_route=\/wp\/v2\/media\/68814"}],"wp:attachment":[{"href":"https:\/\/kibrisdakik.com\/index.php?rest_route=%2Fwp%2Fv2%2Fmedia&parent=77010"}],"wp:term":[{"taxonomy":"category","embeddable":true,"href":"https:\/\/kibrisdakik.com\/index.php?rest_route=%2Fwp%2Fv2%2Fcategories&post=77010"},{"taxonomy":"post_tag","embeddable":true,"href":"https:\/\/kibrisdakik.com\/index.php?rest_route=%2Fwp%2Fv2%2Ftags&post=77010"}],"curies":[{"name":"wp","href":"https:\/\/api.w.org\/{rel}","templated":true}]}}