{"id":7702,"date":"2023-05-27T18:37:01","date_gmt":"2023-05-27T18:37:01","guid":{"rendered":"https:\/\/kibrisdakik.com\/index.php\/2023\/05\/27\/gazimagusa-tuzla-ve-guvercinlikde-koyun-keci-cicek-hastaligina-karsi-onlem\/"},"modified":"2023-05-27T18:37:01","modified_gmt":"2023-05-27T18:37:01","slug":"gazimagusa-tuzla-ve-guvercinlikde-koyun-keci-cicek-hastaligina-karsi-onlem","status":"publish","type":"post","link":"https:\/\/kibrisdakik.com\/?p=7702","title":{"rendered":"Gazima\u011fusa, Tuzla ve G\u00fcvercinlik\u2019de Koyun Ke\u00e7i \u00c7i\u00e7ek Hastal\u0131\u011f\u0131na kar\u015f\u0131 \u00f6nlem!"},"content":{"rendered":"<p><\/p>\n<div>\n<div class=\"mariselle-image-container center\">\n                <img width=\"660\" height=\"279\" class=\"lazy-image\" alt=\"\" decoding=\"async\" loading=\"lazy\" sizes=\"auto, (max-width: 660px) 100vw, 660px\" src=\"https:\/\/brtk.net\/wp-content\/uploads\/2023\/05\/27\/FB_IMG_1685211775912.jpg?ver=3594b6aa30f55906d09490f2839f4a45\" srcset=\"https:\/\/brtk.net\/wp-content\/uploads\/2023\/05\/27\/FB_IMG_1685211775912.jpg?ver=3594b6aa30f55906d09490f2839f4a45 660w, https:\/\/brtk.net\/wp-content\/uploads\/2023\/05\/27\/FB_IMG_1685211775912-300x127.jpg?ver=3594b6aa30f55906d09490f2839f4a45 300w\"\/>                            <\/div>\n<p>Gazima\u011fusa Organize Hayvanc\u0131l\u0131k b\u00f6lgesinde iki adet k\u00fc\u00e7\u00fckba\u015f \u00e7iftli\u011finde bula\u015f\u0131c\u0131 hastal\u0131klardan olan Koyun Ke\u00e7i \u00c7i\u00e7ek Hastal\u0131\u011f\u0131 tespit edilmi\u015ftir. <\/p>\n<p>Hastal\u0131\u011f\u0131na kar\u015f\u0131 27 May\u0131s 2023 tarihinden itibaren Gazima\u011fusa ile Tuzla ve G\u00fcvercinlik k\u00f6ylerini kapsayan b\u00f6lgeler karantina alt\u0131na al\u0131nm\u0131\u015ft\u0131r. <\/p>\n<div class=\"mariselle-image-container center\">\n                <img width=\"768\" height=\"1024\" class=\"lazy-image\" alt=\"\" decoding=\"async\" loading=\"lazy\" sizes=\"auto, (max-width: 768px) 100vw, 768px\" src=\"https:\/\/brtk.net\/wp-content\/uploads\/2023\/05\/27\/FB_IMG_1685211784059.jpg?ver=0bb9a1b45dd41834a9f7b2944d6514d0\" srcset=\"https:\/\/brtk.net\/wp-content\/uploads\/2023\/05\/27\/FB_IMG_1685211784059.jpg?ver=0bb9a1b45dd41834a9f7b2944d6514d0 768w, https:\/\/brtk.net\/wp-content\/uploads\/2023\/05\/27\/FB_IMG_1685211784059-225x300.jpg?ver=226807e4bd5c0383c6f23b66f3bdee78 225w\"\/>                            <\/div>\n<p>Tar\u0131m ve Do\u011fal Kaynaklar Bakanl\u0131\u011f\u0131\u2019nda ivedi \u015fekilde Hayvanc\u0131l\u0131k komitesi toplanm\u0131\u015ft\u0131r. <\/p>\n<p>Komitede Prof. Dr. H\u00fcriye Horoz, Bakanl\u0131k M\u00fcr\u00fcd\u00fc Mehmet Ercilasun, Hayvanc\u0131l\u0131k Dairesi M\u00fcd\u00fcr\u00fc G\u00f6nen Vurana, Devlet \u00dcretme \u00c7iftlikleri M\u00fcd\u00fcr\u00fc Salih Abbaso\u011flu, Veteriner Hekim Naz\u0131m Ak\u00e7aba, Ma\u011fusa Kaza Veteriner Dairesi Sorumlusu Veteriner Hekim Tamer Alt\u0131no\u011flu, Veteriner Hekim Dr. Mehmet Demirpen\u00e7e, Veteriner Hekim Hasan Balo\u011flu ve Veteriner Hekim Egemen \u00d6nder yer ald\u0131.<\/p>\n<div class=\"mariselle-image-container center\">\n                <img width=\"946\" height=\"1339\" class=\"lazy-image\" alt=\"\" decoding=\"async\" loading=\"lazy\" sizes=\"auto, (max-width: 946px) 100vw, 946px\" src=\"https:\/\/brtk.net\/wp-content\/uploads\/2023\/05\/27\/FB_IMG_1685211778894.jpg?ver=1857db12c948cc4abdd66aaecb7f12d1\" srcset=\"https:\/\/brtk.net\/wp-content\/uploads\/2023\/05\/27\/FB_IMG_1685211778894.jpg?ver=1857db12c948cc4abdd66aaecb7f12d1 946w, https:\/\/brtk.net\/wp-content\/uploads\/2023\/05\/27\/FB_IMG_1685211778894-212x300.jpg?ver=1857db12c948cc4abdd66aaecb7f12d1 212w, https:\/\/brtk.net\/wp-content\/uploads\/2023\/05\/27\/FB_IMG_1685211778894-723x1024.jpg?ver=ad14fd378cc39a27dd59f011d2144079 723w, https:\/\/brtk.net\/wp-content\/uploads\/2023\/05\/27\/FB_IMG_1685211778894-768x1087.jpg?ver=ad14fd378cc39a27dd59f011d2144079 768w\"\/>                            <\/div>\n<p>Hayvan sa\u011fl\u0131\u011f\u0131 yasas\u0131 nezinde a\u015fa\u011f\u0131daki tedbirler al\u0131nm\u0131\u015ft\u0131r:<\/p>\n<p>\u2022 Gazima\u011fusa organize hayvanc\u0131l\u0131k b\u00f6lgesi Tuzla ve G\u00fcvercinlik b\u00f6lgelerinde karantina tedbirleri uygulanmas\u0131na karar verilmi\u015ftir. Bu ba\u011flamda 27 May\u0131s \u2013 27 Temmuz tarihleri aras\u0131nda b\u00f6lgede karantina kurallar\u0131 ge\u00e7erli olacakt\u0131r.<\/p>\n<p>\u2022 Karantina kurallar\u0131 uyar\u0131nca b\u00f6lgeye hayvan giri\u015f \u00e7\u0131k\u0131\u015f tarihleri 27 Temmuz tarihine kadar yasaklanm\u0131\u015ft\u0131r.<\/p>\n<p>\u2022 Karantina alt\u0131ndaki b\u00f6lgelerdeki (Gazima\u011fusa, Tuzla, G\u00fczercinlik) hayvanlar\u0131n kesimler i\u015flemleri sadece Gazima\u011fusa mezbahas\u0131nda yap\u0131lacakt\u0131r. <\/p>\n<p>Kesimler Per\u015fembe ak\u015fam\u0131 teslim Cuma sabah\u0131 kesim \u015feklinde uygulanacakt\u0131r. <\/p>\n<p>Gazima\u011fusa mezbahas\u0131nda belirtilen g\u00fcnde di\u011fer b\u00f6lgelerden kesim kabul edilmeyecektir.<\/p>\n<p>\u2022 Genel Tar\u0131m Sigortas\u0131 Fonu taraf\u0131ndan telef olan hayvanlar\u0131n tazminatlar\u0131 kar\u015f\u0131lanacakt\u0131r.<\/p>\n<p>\u2022 B\u00f6lgedeki k\u00fc\u00e7\u00fckba\u015f hayvanlar\u0131n a\u015f\u0131lanmas\u0131na ivedi bir \u015fekilde ba\u015flanacakt\u0131r.<\/p>\n<p>B\u00f6lge halk\u0131n\u0131n hastal\u0131k konusunda hassasiyet g\u00f6stermesini, kurallara ciddiyetle uyulmas\u0131n\u0131 ve konuyla ilgili b\u00f6lgede yap\u0131lacak \u00e7al\u0131\u015fmalara yard\u0131mc\u0131 olmalar\u0131n\u0131 \u00f6nemle duyrulur.<\/p>\n<\/p><\/div>\n<p><script async\n                    defer\n                    crossorigin=\"anonymous\"\n                    src=\"https:\/\/connect.facebook.net\/tr_TR\/sdk.js#xfbml=1&#038;version=v3.3\"\n            ><\/script><\/p>\n","protected":false},"excerpt":{"rendered":"<p>Gazima\u011fusa Organize Hayvanc\u0131l\u0131k b\u00f6lgesinde iki adet k\u00fc\u00e7\u00fckba\u015f \u00e7iftli\u011finde bula\u015f\u0131c\u0131 hastal\u0131klardan olan Koyun Ke\u00e7i \u00c7i\u00e7ek Hastal\u0131\u011f\u0131 tespit edilmi\u015ftir. Hastal\u0131\u011f\u0131na kar\u015f\u0131 27 May\u0131s 2023 tarihinden itibaren Gazima\u011fusa ile Tuzla ve G\u00fcvercinlik k\u00f6ylerini kapsayan b\u00f6lgeler karantina alt\u0131na al\u0131nm\u0131\u015ft\u0131r. Tar\u0131m ve Do\u011fal Kaynaklar Bakanl\u0131\u011f\u0131\u2019nda ivedi \u015fekilde Hayvanc\u0131l\u0131k komitesi toplanm\u0131\u015ft\u0131r. Komitede Prof. Dr. H\u00fcriye Horoz, Bakanl\u0131k M\u00fcr\u00fcd\u00fc Mehmet Ercilasun, Hayvanc\u0131l\u0131k<\/p>\n","protected":false},"author":1,"featured_media":7703,"comment_status":"open","ping_status":"open","sticky":false,"template":"","format":"standard","meta":{"footnotes":""},"categories":[1],"tags":[],"class_list":["post-7702","post","type-post","status-publish","format-standard","has-post-thumbnail","hentry","category-gundem"],"yoast_head":"<!-- This site is optimized with the Yoast SEO plugin v27.5 - https:\/\/yoast.com\/product\/yoast-seo-wordpress\/ -->\n<title>Gazima\u011fusa, Tuzla ve G\u00fcvercinlik\u2019de Koyun Ke\u00e7i \u00c7i\u00e7ek Hastal\u0131\u011f\u0131na kar\u015f\u0131 \u00f6nlem! -<\/title>\n<meta name=\"robots\" content=\"index, follow, max-snippet:-1, max-image-preview:large, max-video-preview:-1\" \/>\n<link rel=\"canonical\" href=\"https:\/\/kibrisdakik.com\/?p=7702\" \/>\n<meta property=\"og:locale\" content=\"tr_TR\" \/>\n<meta property=\"og:type\" content=\"article\" \/>\n<meta property=\"og:title\" content=\"Gazima\u011fusa, Tuzla ve G\u00fcvercinlik\u2019de Koyun Ke\u00e7i \u00c7i\u00e7ek Hastal\u0131\u011f\u0131na kar\u015f\u0131 \u00f6nlem! -\" \/>\n<meta property=\"og:description\" content=\"Gazima\u011fusa Organize Hayvanc\u0131l\u0131k b\u00f6lgesinde iki adet k\u00fc\u00e7\u00fckba\u015f \u00e7iftli\u011finde bula\u015f\u0131c\u0131 hastal\u0131klardan olan Koyun Ke\u00e7i \u00c7i\u00e7ek Hastal\u0131\u011f\u0131 tespit edilmi\u015ftir. Hastal\u0131\u011f\u0131na kar\u015f\u0131 27 May\u0131s 2023 tarihinden itibaren Gazima\u011fusa ile Tuzla ve G\u00fcvercinlik k\u00f6ylerini kapsayan b\u00f6lgeler karantina alt\u0131na al\u0131nm\u0131\u015ft\u0131r. Tar\u0131m ve Do\u011fal Kaynaklar Bakanl\u0131\u011f\u0131\u2019nda ivedi \u015fekilde Hayvanc\u0131l\u0131k komitesi toplanm\u0131\u015ft\u0131r. Komitede Prof. Dr. H\u00fcriye Horoz, Bakanl\u0131k M\u00fcr\u00fcd\u00fc Mehmet Ercilasun, Hayvanc\u0131l\u0131k\" \/>\n<meta property=\"og:url\" content=\"https:\/\/kibrisdakik.com\/?p=7702\" \/>\n<meta property=\"article:published_time\" content=\"2023-05-27T18:37:01+00:00\" \/>\n<meta property=\"og:image\" content=\"https:\/\/kibrisdakik.com\/wp-content\/uploads\/2023\/05\/InShot_20230527_212617955-scaled-740x420.jpg\" \/>\n\t<meta property=\"og:image:width\" content=\"2560\" \/>\n\t<meta property=\"og:image:height\" content=\"1439\" \/>\n\t<meta property=\"og:image:type\" content=\"image\/jpeg\" \/>\n<meta name=\"author\" content=\"admin\" \/>\n<meta name=\"twitter:card\" content=\"summary_large_image\" \/>\n<meta name=\"twitter:label1\" content=\"Yazan:\" \/>\n\t<meta name=\"twitter:data1\" content=\"admin\" \/>\n\t<meta name=\"twitter:label2\" content=\"Tahmini okuma s\u00fcresi\" \/>\n\t<meta name=\"twitter:data2\" content=\"2 dakika\" \/>\n<script type=\"application\/ld+json\" class=\"yoast-schema-graph\">{\"@context\":\"https:\\\/\\\/schema.org\",\"@graph\":[{\"@type\":\"Article\",\"@id\":\"https:\\\/\\\/kibrisdakik.com\\\/?p=7702#article\",\"isPartOf\":{\"@id\":\"https:\\\/\\\/kibrisdakik.com\\\/?p=7702\"},\"author\":{\"name\":\"admin\",\"@id\":\"https:\\\/\\\/kibrisdakik.com\\\/#\\\/schema\\\/person\\\/9cd9d437bbb44f72b73ba127e06d8e79\"},\"headline\":\"Gazima\u011fusa, Tuzla ve G\u00fcvercinlik\u2019de Koyun Ke\u00e7i \u00c7i\u00e7ek Hastal\u0131\u011f\u0131na kar\u015f\u0131 \u00f6nlem!\",\"datePublished\":\"2023-05-27T18:37:01+00:00\",\"mainEntityOfPage\":{\"@id\":\"https:\\\/\\\/kibrisdakik.com\\\/?p=7702\"},\"wordCount\":331,\"commentCount\":0,\"image\":{\"@id\":\"https:\\\/\\\/kibrisdakik.com\\\/?p=7702#primaryimage\"},\"thumbnailUrl\":\"https:\\\/\\\/kibrisdakik.com\\\/wp-content\\\/uploads\\\/2023\\\/05\\\/InShot_20230527_212617955-scaled-740x420.jpg\",\"articleSection\":[\"G\u00fcndem\"],\"inLanguage\":\"tr\",\"potentialAction\":[{\"@type\":\"CommentAction\",\"name\":\"Comment\",\"target\":[\"https:\\\/\\\/kibrisdakik.com\\\/?p=7702#respond\"]}]},{\"@type\":\"WebPage\",\"@id\":\"https:\\\/\\\/kibrisdakik.com\\\/?p=7702\",\"url\":\"https:\\\/\\\/kibrisdakik.com\\\/?p=7702\",\"name\":\"Gazima\u011fusa, Tuzla ve G\u00fcvercinlik\u2019de Koyun Ke\u00e7i \u00c7i\u00e7ek Hastal\u0131\u011f\u0131na kar\u015f\u0131 \u00f6nlem! -\",\"isPartOf\":{\"@id\":\"https:\\\/\\\/kibrisdakik.com\\\/#website\"},\"primaryImageOfPage\":{\"@id\":\"https:\\\/\\\/kibrisdakik.com\\\/?p=7702#primaryimage\"},\"image\":{\"@id\":\"https:\\\/\\\/kibrisdakik.com\\\/?p=7702#primaryimage\"},\"thumbnailUrl\":\"https:\\\/\\\/kibrisdakik.com\\\/wp-content\\\/uploads\\\/2023\\\/05\\\/InShot_20230527_212617955-scaled-740x420.jpg\",\"datePublished\":\"2023-05-27T18:37:01+00:00\",\"author\":{\"@id\":\"https:\\\/\\\/kibrisdakik.com\\\/#\\\/schema\\\/person\\\/9cd9d437bbb44f72b73ba127e06d8e79\"},\"breadcrumb\":{\"@id\":\"https:\\\/\\\/kibrisdakik.com\\\/?p=7702#breadcrumb\"},\"inLanguage\":\"tr\",\"potentialAction\":[{\"@type\":\"ReadAction\",\"target\":[\"https:\\\/\\\/kibrisdakik.com\\\/?p=7702\"]}]},{\"@type\":\"ImageObject\",\"inLanguage\":\"tr\",\"@id\":\"https:\\\/\\\/kibrisdakik.com\\\/?p=7702#primaryimage\",\"url\":\"https:\\\/\\\/kibrisdakik.com\\\/wp-content\\\/uploads\\\/2023\\\/05\\\/InShot_20230527_212617955-scaled-740x420.jpg\",\"contentUrl\":\"https:\\\/\\\/kibrisdakik.com\\\/wp-content\\\/uploads\\\/2023\\\/05\\\/InShot_20230527_212617955-scaled-740x420.jpg\",\"width\":2560,\"height\":1439},{\"@type\":\"BreadcrumbList\",\"@id\":\"https:\\\/\\\/kibrisdakik.com\\\/?p=7702#breadcrumb\",\"itemListElement\":[{\"@type\":\"ListItem\",\"position\":1,\"name\":\"Home\",\"item\":\"https:\\\/\\\/kibrisdakik.com\\\/\"},{\"@type\":\"ListItem\",\"position\":2,\"name\":\"Gazima\u011fusa, Tuzla ve G\u00fcvercinlik\u2019de Koyun Ke\u00e7i \u00c7i\u00e7ek Hastal\u0131\u011f\u0131na kar\u015f\u0131 \u00f6nlem!\"}]},{\"@type\":\"WebSite\",\"@id\":\"https:\\\/\\\/kibrisdakik.com\\\/#website\",\"url\":\"https:\\\/\\\/kibrisdakik.com\\\/\",\"name\":\"\",\"description\":\"Tam vaktinde haber\",\"potentialAction\":[{\"@type\":\"SearchAction\",\"target\":{\"@type\":\"EntryPoint\",\"urlTemplate\":\"https:\\\/\\\/kibrisdakik.com\\\/?s={search_term_string}\"},\"query-input\":{\"@type\":\"PropertyValueSpecification\",\"valueRequired\":true,\"valueName\":\"search_term_string\"}}],\"inLanguage\":\"tr\"},{\"@type\":\"Person\",\"@id\":\"https:\\\/\\\/kibrisdakik.com\\\/#\\\/schema\\\/person\\\/9cd9d437bbb44f72b73ba127e06d8e79\",\"name\":\"admin\",\"image\":{\"@type\":\"ImageObject\",\"inLanguage\":\"tr\",\"@id\":\"https:\\\/\\\/secure.gravatar.com\\\/avatar\\\/ccc17943b9d660506c869530f897617f7cb1c21a4bf30023f252596d83e1f007?s=96&d=mm&r=g\",\"url\":\"https:\\\/\\\/secure.gravatar.com\\\/avatar\\\/ccc17943b9d660506c869530f897617f7cb1c21a4bf30023f252596d83e1f007?s=96&d=mm&r=g\",\"contentUrl\":\"https:\\\/\\\/secure.gravatar.com\\\/avatar\\\/ccc17943b9d660506c869530f897617f7cb1c21a4bf30023f252596d83e1f007?s=96&d=mm&r=g\",\"caption\":\"admin\"},\"sameAs\":[\"https:\\\/\\\/kibrisdakik.com\"],\"url\":\"https:\\\/\\\/kibrisdakik.com\\\/?author=1\"}]}<\/script>\n<!-- \/ Yoast SEO plugin. -->","yoast_head_json":{"title":"Gazima\u011fusa, Tuzla ve G\u00fcvercinlik\u2019de Koyun Ke\u00e7i \u00c7i\u00e7ek Hastal\u0131\u011f\u0131na kar\u015f\u0131 \u00f6nlem! -","robots":{"index":"index","follow":"follow","max-snippet":"max-snippet:-1","max-image-preview":"max-image-preview:large","max-video-preview":"max-video-preview:-1"},"canonical":"https:\/\/kibrisdakik.com\/?p=7702","og_locale":"tr_TR","og_type":"article","og_title":"Gazima\u011fusa, Tuzla ve G\u00fcvercinlik\u2019de Koyun Ke\u00e7i \u00c7i\u00e7ek Hastal\u0131\u011f\u0131na kar\u015f\u0131 \u00f6nlem! -","og_description":"Gazima\u011fusa Organize Hayvanc\u0131l\u0131k b\u00f6lgesinde iki adet k\u00fc\u00e7\u00fckba\u015f \u00e7iftli\u011finde bula\u015f\u0131c\u0131 hastal\u0131klardan olan Koyun Ke\u00e7i \u00c7i\u00e7ek Hastal\u0131\u011f\u0131 tespit edilmi\u015ftir. Hastal\u0131\u011f\u0131na kar\u015f\u0131 27 May\u0131s 2023 tarihinden itibaren Gazima\u011fusa ile Tuzla ve G\u00fcvercinlik k\u00f6ylerini kapsayan b\u00f6lgeler karantina alt\u0131na al\u0131nm\u0131\u015ft\u0131r. Tar\u0131m ve Do\u011fal Kaynaklar Bakanl\u0131\u011f\u0131\u2019nda ivedi \u015fekilde Hayvanc\u0131l\u0131k komitesi toplanm\u0131\u015ft\u0131r. Komitede Prof. Dr. H\u00fcriye Horoz, Bakanl\u0131k M\u00fcr\u00fcd\u00fc Mehmet Ercilasun, Hayvanc\u0131l\u0131k","og_url":"https:\/\/kibrisdakik.com\/?p=7702","article_published_time":"2023-05-27T18:37:01+00:00","og_image":[{"width":2560,"height":1439,"url":"https:\/\/kibrisdakik.com\/wp-content\/uploads\/2023\/05\/InShot_20230527_212617955-scaled-740x420.jpg","type":"image\/jpeg"}],"author":"admin","twitter_card":"summary_large_image","twitter_misc":{"Yazan:":"admin","Tahmini okuma s\u00fcresi":"2 dakika"},"schema":{"@context":"https:\/\/schema.org","@graph":[{"@type":"Article","@id":"https:\/\/kibrisdakik.com\/?p=7702#article","isPartOf":{"@id":"https:\/\/kibrisdakik.com\/?p=7702"},"author":{"name":"admin","@id":"https:\/\/kibrisdakik.com\/#\/schema\/person\/9cd9d437bbb44f72b73ba127e06d8e79"},"headline":"Gazima\u011fusa, Tuzla ve G\u00fcvercinlik\u2019de Koyun Ke\u00e7i \u00c7i\u00e7ek Hastal\u0131\u011f\u0131na kar\u015f\u0131 \u00f6nlem!","datePublished":"2023-05-27T18:37:01+00:00","mainEntityOfPage":{"@id":"https:\/\/kibrisdakik.com\/?p=7702"},"wordCount":331,"commentCount":0,"image":{"@id":"https:\/\/kibrisdakik.com\/?p=7702#primaryimage"},"thumbnailUrl":"https:\/\/kibrisdakik.com\/wp-content\/uploads\/2023\/05\/InShot_20230527_212617955-scaled-740x420.jpg","articleSection":["G\u00fcndem"],"inLanguage":"tr","potentialAction":[{"@type":"CommentAction","name":"Comment","target":["https:\/\/kibrisdakik.com\/?p=7702#respond"]}]},{"@type":"WebPage","@id":"https:\/\/kibrisdakik.com\/?p=7702","url":"https:\/\/kibrisdakik.com\/?p=7702","name":"Gazima\u011fusa, Tuzla ve G\u00fcvercinlik\u2019de Koyun Ke\u00e7i \u00c7i\u00e7ek Hastal\u0131\u011f\u0131na kar\u015f\u0131 \u00f6nlem! -","isPartOf":{"@id":"https:\/\/kibrisdakik.com\/#website"},"primaryImageOfPage":{"@id":"https:\/\/kibrisdakik.com\/?p=7702#primaryimage"},"image":{"@id":"https:\/\/kibrisdakik.com\/?p=7702#primaryimage"},"thumbnailUrl":"https:\/\/kibrisdakik.com\/wp-content\/uploads\/2023\/05\/InShot_20230527_212617955-scaled-740x420.jpg","datePublished":"2023-05-27T18:37:01+00:00","author":{"@id":"https:\/\/kibrisdakik.com\/#\/schema\/person\/9cd9d437bbb44f72b73ba127e06d8e79"},"breadcrumb":{"@id":"https:\/\/kibrisdakik.com\/?p=7702#breadcrumb"},"inLanguage":"tr","potentialAction":[{"@type":"ReadAction","target":["https:\/\/kibrisdakik.com\/?p=7702"]}]},{"@type":"ImageObject","inLanguage":"tr","@id":"https:\/\/kibrisdakik.com\/?p=7702#primaryimage","url":"https:\/\/kibrisdakik.com\/wp-content\/uploads\/2023\/05\/InShot_20230527_212617955-scaled-740x420.jpg","contentUrl":"https:\/\/kibrisdakik.com\/wp-content\/uploads\/2023\/05\/InShot_20230527_212617955-scaled-740x420.jpg","width":2560,"height":1439},{"@type":"BreadcrumbList","@id":"https:\/\/kibrisdakik.com\/?p=7702#breadcrumb","itemListElement":[{"@type":"ListItem","position":1,"name":"Home","item":"https:\/\/kibrisdakik.com\/"},{"@type":"ListItem","position":2,"name":"Gazima\u011fusa, Tuzla ve G\u00fcvercinlik\u2019de Koyun Ke\u00e7i \u00c7i\u00e7ek Hastal\u0131\u011f\u0131na kar\u015f\u0131 \u00f6nlem!"}]},{"@type":"WebSite","@id":"https:\/\/kibrisdakik.com\/#website","url":"https:\/\/kibrisdakik.com\/","name":"","description":"Tam vaktinde haber","potentialAction":[{"@type":"SearchAction","target":{"@type":"EntryPoint","urlTemplate":"https:\/\/kibrisdakik.com\/?s={search_term_string}"},"query-input":{"@type":"PropertyValueSpecification","valueRequired":true,"valueName":"search_term_string"}}],"inLanguage":"tr"},{"@type":"Person","@id":"https:\/\/kibrisdakik.com\/#\/schema\/person\/9cd9d437bbb44f72b73ba127e06d8e79","name":"admin","image":{"@type":"ImageObject","inLanguage":"tr","@id":"https:\/\/secure.gravatar.com\/avatar\/ccc17943b9d660506c869530f897617f7cb1c21a4bf30023f252596d83e1f007?s=96&d=mm&r=g","url":"https:\/\/secure.gravatar.com\/avatar\/ccc17943b9d660506c869530f897617f7cb1c21a4bf30023f252596d83e1f007?s=96&d=mm&r=g","contentUrl":"https:\/\/secure.gravatar.com\/avatar\/ccc17943b9d660506c869530f897617f7cb1c21a4bf30023f252596d83e1f007?s=96&d=mm&r=g","caption":"admin"},"sameAs":["https:\/\/kibrisdakik.com"],"url":"https:\/\/kibrisdakik.com\/?author=1"}]}},"_links":{"self":[{"href":"https:\/\/kibrisdakik.com\/index.php?rest_route=\/wp\/v2\/posts\/7702","targetHints":{"allow":["GET"]}}],"collection":[{"href":"https:\/\/kibrisdakik.com\/index.php?rest_route=\/wp\/v2\/posts"}],"about":[{"href":"https:\/\/kibrisdakik.com\/index.php?rest_route=\/wp\/v2\/types\/post"}],"author":[{"embeddable":true,"href":"https:\/\/kibrisdakik.com\/index.php?rest_route=\/wp\/v2\/users\/1"}],"replies":[{"embeddable":true,"href":"https:\/\/kibrisdakik.com\/index.php?rest_route=%2Fwp%2Fv2%2Fcomments&post=7702"}],"version-history":[{"count":0,"href":"https:\/\/kibrisdakik.com\/index.php?rest_route=\/wp\/v2\/posts\/7702\/revisions"}],"wp:featuredmedia":[{"embeddable":true,"href":"https:\/\/kibrisdakik.com\/index.php?rest_route=\/wp\/v2\/media\/7703"}],"wp:attachment":[{"href":"https:\/\/kibrisdakik.com\/index.php?rest_route=%2Fwp%2Fv2%2Fmedia&parent=7702"}],"wp:term":[{"taxonomy":"category","embeddable":true,"href":"https:\/\/kibrisdakik.com\/index.php?rest_route=%2Fwp%2Fv2%2Fcategories&post=7702"},{"taxonomy":"post_tag","embeddable":true,"href":"https:\/\/kibrisdakik.com\/index.php?rest_route=%2Fwp%2Fv2%2Ftags&post=7702"}],"curies":[{"name":"wp","href":"https:\/\/api.w.org\/{rel}","templated":true}]}}