{"id":77071,"date":"2025-03-05T15:57:30","date_gmt":"2025-03-05T12:57:30","guid":{"rendered":"https:\/\/kibrisdakik.com\/index.php\/2025\/03\/05\/cavusogluturk-isaret-dilinin-ogretilmesi-konusunda-adimlar-atacagiz\/"},"modified":"2025-03-05T15:57:30","modified_gmt":"2025-03-05T12:57:30","slug":"cavusogluturk-isaret-dilinin-ogretilmesi-konusunda-adimlar-atacagiz","status":"publish","type":"post","link":"https:\/\/kibrisdakik.com\/?p=77071","title":{"rendered":"\u00c7avu\u015fo\u011flu:T\u00fcrk \u0130\u015faret Dili\u2019nin \u00f6\u011fretilmesi konusunda ad\u0131mlar ataca\u011f\u0131z"},"content":{"rendered":"<div>\n<div class=\"mariselle-image-container center\">\n                                            <\/div>\n<p>Milli E\u011fitim Bakan\u0131 Naz\u0131m \u00c7avu\u015fo\u011flu, \u201cT\u00fcrk \u0130\u015faret Dili\u2019nin \u00f6\u011fretilmesi konusunda ad\u0131mlar ataca\u011f\u0131z.\u201d dedi.<\/p>\n<p>Milli E\u011fitim Bakanl\u0131\u011f\u0131\u2019ndan yap\u0131lan a\u00e7\u0131klamaya g\u00f6re, Bakan \u00c7avu\u015fo\u011flu, K\u0131br\u0131s \u0130\u015fitme Konu\u015fma Engelliler Vakf\u0131 (K\u0130KEV) Ba\u015fkan\u0131 Bahire Do\u011fru ve Y\u00f6netim Kurulu \u00fcyelerini kabul etti.<\/p>\n<p>K\u0130KEV Ba\u015fkan\u0131 Do\u011fru, \u201cSeni Seviyorum, Sesin Oluyorum\u201d projesi hakk\u0131nda \u00c7avu\u015fo\u011flu\u2019na bilgi vererek, T\u00fcrk \u0130\u015faret Dili\u2019ni \u00e7ocuklarla ve toplumun geneliyle bulu\u015fturmak amac\u0131yla fark\u0131ndal\u0131k olu\u015fturmay\u0131 hedeflediklerini kaydetti.<\/p>\n<p>Vakf\u0131n, T\u00fcrk \u0130\u015faret Dili\u2019ni topluma tan\u0131tmak ve \u00f6\u011fretmek i\u00e7in haz\u0131rlad\u0131\u011f\u0131 videonun Milli E\u011fitim Bakanl\u0131\u011f\u0131 E\u011fitim Portal\u0131\u2019nda yay\u0131nlanmas\u0131n\u0131 ve okullara da\u011f\u0131t\u0131lmas\u0131n\u0131 talep eden K\u0130KEV y\u00f6netimi, tan\u0131t\u0131m filmini Bakan \u00c7avu\u015fo\u011flu\u2019na sundu.<\/p>\n<p><strong>\u2013 \u00c7avu\u015fo\u011flu: \u201cDestek olmak asli g\u00f6revimiz\u201d<\/strong><\/p>\n<p>Bakan \u00c7avu\u015fo\u011flu, kabulde yapt\u0131\u011f\u0131 konu\u015fmada, engelli bireylere destek olman\u0131n asli bir g\u00f6rev oldu\u011funu vurgulayarak, Milli E\u011fitim Bakanl\u0131\u011f\u0131 olarak engelli vatanda\u015flar\u0131n e\u011fitim alan\u0131nda ya\u015fad\u0131\u011f\u0131 sorunlar\u0131 gidermek ve onlara destek olmak ad\u0131na \u00e7e\u015fitli \u00e7al\u0131\u015fmalar y\u00fcr\u00fctt\u00fcklerini belirtti.<\/p>\n<p>T\u00fcm \u00f6\u011frencilerin sorumluluk, empati, yard\u0131mla\u015fma ve dayan\u0131\u015fma duygular\u0131na sahip bireyler olarak yeti\u015fmesi i\u00e7in \u00e7aba g\u00f6sterdiklerine dikkat \u00e7eken \u00c7avu\u015fo\u011flu, K\u0130KEV ile i\u015f birli\u011fi i\u00e7inde seminer ve e\u011fitimler d\u00fczenlenmesi konusunda ad\u0131m atacaklar\u0131n\u0131 s\u00f6yledi.<\/p>\n<p>\u00c7avu\u015fo\u011flu, vakf\u0131n haz\u0131rlad\u0131\u011f\u0131 videonun Milli E\u011fitim Bakanl\u0131\u011f\u0131 Portal\u0131\u2019na eklenece\u011fini de s\u00f6zlerine ekledi.<\/p>\n<\/p><\/div>\n<p><script async\n                    defer\n                    crossorigin=\"anonymous\"\n                    src=\"https:\/\/connect.facebook.net\/tr_TR\/sdk.js#xfbml=1&#038;version=v3.3\"\n            ><\/script><\/p>\n","protected":false},"excerpt":{"rendered":"<p>Milli E\u011fitim Bakan\u0131 Naz\u0131m \u00c7avu\u015fo\u011flu, \u201cT\u00fcrk \u0130\u015faret Dili\u2019nin \u00f6\u011fretilmesi konusunda ad\u0131mlar ataca\u011f\u0131z.\u201d dedi. Milli E\u011fitim Bakanl\u0131\u011f\u0131\u2019ndan yap\u0131lan a\u00e7\u0131klamaya g\u00f6re, Bakan \u00c7avu\u015fo\u011flu, K\u0131br\u0131s \u0130\u015fitme Konu\u015fma Engelliler Vakf\u0131 (K\u0130KEV) Ba\u015fkan\u0131 Bahire Do\u011fru ve Y\u00f6netim Kurulu \u00fcyelerini kabul etti. K\u0130KEV Ba\u015fkan\u0131 Do\u011fru, \u201cSeni Seviyorum, Sesin Oluyorum\u201d projesi hakk\u0131nda \u00c7avu\u015fo\u011flu\u2019na bilgi vererek, T\u00fcrk \u0130\u015faret Dili\u2019ni \u00e7ocuklarla ve toplumun geneliyle<\/p>\n","protected":false},"author":1,"featured_media":77072,"comment_status":"open","ping_status":"open","sticky":false,"template":"","format":"standard","meta":{"footnotes":""},"categories":[81,101],"tags":[],"class_list":["post-77071","post","type-post","status-publish","format-standard","has-post-thumbnail","hentry","category-kibris","category-manset"],"yoast_head":"<!-- This site is optimized with the Yoast SEO plugin v27.4 - https:\/\/yoast.com\/product\/yoast-seo-wordpress\/ -->\n<title>\u00c7avu\u015fo\u011flu:T\u00fcrk \u0130\u015faret Dili\u2019nin \u00f6\u011fretilmesi konusunda ad\u0131mlar ataca\u011f\u0131z -<\/title>\n<meta name=\"robots\" content=\"index, follow, max-snippet:-1, max-image-preview:large, max-video-preview:-1\" \/>\n<link rel=\"canonical\" href=\"https:\/\/kibrisdakik.com\/?p=77071\" \/>\n<meta property=\"og:locale\" content=\"tr_TR\" \/>\n<meta property=\"og:type\" content=\"article\" \/>\n<meta property=\"og:title\" content=\"\u00c7avu\u015fo\u011flu:T\u00fcrk \u0130\u015faret Dili\u2019nin \u00f6\u011fretilmesi konusunda ad\u0131mlar ataca\u011f\u0131z -\" \/>\n<meta property=\"og:description\" content=\"Milli E\u011fitim Bakan\u0131 Naz\u0131m \u00c7avu\u015fo\u011flu, \u201cT\u00fcrk \u0130\u015faret Dili\u2019nin \u00f6\u011fretilmesi konusunda ad\u0131mlar ataca\u011f\u0131z.\u201d dedi. Milli E\u011fitim Bakanl\u0131\u011f\u0131\u2019ndan yap\u0131lan a\u00e7\u0131klamaya g\u00f6re, Bakan \u00c7avu\u015fo\u011flu, K\u0131br\u0131s \u0130\u015fitme Konu\u015fma Engelliler Vakf\u0131 (K\u0130KEV) Ba\u015fkan\u0131 Bahire Do\u011fru ve Y\u00f6netim Kurulu \u00fcyelerini kabul etti. K\u0130KEV Ba\u015fkan\u0131 Do\u011fru, \u201cSeni Seviyorum, Sesin Oluyorum\u201d projesi hakk\u0131nda \u00c7avu\u015fo\u011flu\u2019na bilgi vererek, T\u00fcrk \u0130\u015faret Dili\u2019ni \u00e7ocuklarla ve toplumun geneliyle\" \/>\n<meta property=\"og:url\" content=\"https:\/\/kibrisdakik.com\/?p=77071\" \/>\n<meta property=\"article:published_time\" content=\"2025-03-05T12:57:30+00:00\" \/>\n<meta property=\"og:image\" content=\"https:\/\/kibrisdakik.com\/wp-content\/uploads\/2025\/03\/84108401-scaled-740x420.jpg\" \/>\n\t<meta property=\"og:image:width\" content=\"2560\" \/>\n\t<meta property=\"og:image:height\" content=\"1437\" \/>\n\t<meta property=\"og:image:type\" content=\"image\/jpeg\" \/>\n<meta name=\"author\" content=\"admin\" \/>\n<meta name=\"twitter:card\" content=\"summary_large_image\" \/>\n<meta name=\"twitter:label1\" content=\"Yazan:\" \/>\n\t<meta name=\"twitter:data1\" content=\"admin\" \/>\n\t<meta name=\"twitter:label2\" content=\"Tahmini okuma s\u00fcresi\" \/>\n\t<meta name=\"twitter:data2\" content=\"1 dakika\" \/>\n<script type=\"application\/ld+json\" class=\"yoast-schema-graph\">{\"@context\":\"https:\\\/\\\/schema.org\",\"@graph\":[{\"@type\":\"Article\",\"@id\":\"https:\\\/\\\/kibrisdakik.com\\\/?p=77071#article\",\"isPartOf\":{\"@id\":\"https:\\\/\\\/kibrisdakik.com\\\/?p=77071\"},\"author\":{\"name\":\"admin\",\"@id\":\"https:\\\/\\\/kibrisdakik.com\\\/#\\\/schema\\\/person\\\/9cd9d437bbb44f72b73ba127e06d8e79\"},\"headline\":\"\u00c7avu\u015fo\u011flu:T\u00fcrk \u0130\u015faret Dili\u2019nin \u00f6\u011fretilmesi konusunda ad\u0131mlar ataca\u011f\u0131z\",\"datePublished\":\"2025-03-05T12:57:30+00:00\",\"mainEntityOfPage\":{\"@id\":\"https:\\\/\\\/kibrisdakik.com\\\/?p=77071\"},\"wordCount\":290,\"commentCount\":0,\"image\":{\"@id\":\"https:\\\/\\\/kibrisdakik.com\\\/?p=77071#primaryimage\"},\"thumbnailUrl\":\"https:\\\/\\\/kibrisdakik.com\\\/wp-content\\\/uploads\\\/2025\\\/03\\\/84108401-scaled-740x420.jpg\",\"articleSection\":[\"K\u0131br\u0131s\",\"Man\u015fet\"],\"inLanguage\":\"tr\",\"potentialAction\":[{\"@type\":\"CommentAction\",\"name\":\"Comment\",\"target\":[\"https:\\\/\\\/kibrisdakik.com\\\/?p=77071#respond\"]}]},{\"@type\":\"WebPage\",\"@id\":\"https:\\\/\\\/kibrisdakik.com\\\/?p=77071\",\"url\":\"https:\\\/\\\/kibrisdakik.com\\\/?p=77071\",\"name\":\"\u00c7avu\u015fo\u011flu:T\u00fcrk \u0130\u015faret Dili\u2019nin \u00f6\u011fretilmesi konusunda ad\u0131mlar ataca\u011f\u0131z -\",\"isPartOf\":{\"@id\":\"https:\\\/\\\/kibrisdakik.com\\\/#website\"},\"primaryImageOfPage\":{\"@id\":\"https:\\\/\\\/kibrisdakik.com\\\/?p=77071#primaryimage\"},\"image\":{\"@id\":\"https:\\\/\\\/kibrisdakik.com\\\/?p=77071#primaryimage\"},\"thumbnailUrl\":\"https:\\\/\\\/kibrisdakik.com\\\/wp-content\\\/uploads\\\/2025\\\/03\\\/84108401-scaled-740x420.jpg\",\"datePublished\":\"2025-03-05T12:57:30+00:00\",\"author\":{\"@id\":\"https:\\\/\\\/kibrisdakik.com\\\/#\\\/schema\\\/person\\\/9cd9d437bbb44f72b73ba127e06d8e79\"},\"breadcrumb\":{\"@id\":\"https:\\\/\\\/kibrisdakik.com\\\/?p=77071#breadcrumb\"},\"inLanguage\":\"tr\",\"potentialAction\":[{\"@type\":\"ReadAction\",\"target\":[\"https:\\\/\\\/kibrisdakik.com\\\/?p=77071\"]}]},{\"@type\":\"ImageObject\",\"inLanguage\":\"tr\",\"@id\":\"https:\\\/\\\/kibrisdakik.com\\\/?p=77071#primaryimage\",\"url\":\"https:\\\/\\\/kibrisdakik.com\\\/wp-content\\\/uploads\\\/2025\\\/03\\\/84108401-scaled-740x420.jpg\",\"contentUrl\":\"https:\\\/\\\/kibrisdakik.com\\\/wp-content\\\/uploads\\\/2025\\\/03\\\/84108401-scaled-740x420.jpg\",\"width\":2560,\"height\":1437},{\"@type\":\"BreadcrumbList\",\"@id\":\"https:\\\/\\\/kibrisdakik.com\\\/?p=77071#breadcrumb\",\"itemListElement\":[{\"@type\":\"ListItem\",\"position\":1,\"name\":\"Home\",\"item\":\"https:\\\/\\\/kibrisdakik.com\\\/\"},{\"@type\":\"ListItem\",\"position\":2,\"name\":\"\u00c7avu\u015fo\u011flu:T\u00fcrk \u0130\u015faret Dili\u2019nin \u00f6\u011fretilmesi konusunda ad\u0131mlar ataca\u011f\u0131z\"}]},{\"@type\":\"WebSite\",\"@id\":\"https:\\\/\\\/kibrisdakik.com\\\/#website\",\"url\":\"https:\\\/\\\/kibrisdakik.com\\\/\",\"name\":\"\",\"description\":\"Tam vaktinde haber\",\"potentialAction\":[{\"@type\":\"SearchAction\",\"target\":{\"@type\":\"EntryPoint\",\"urlTemplate\":\"https:\\\/\\\/kibrisdakik.com\\\/?s={search_term_string}\"},\"query-input\":{\"@type\":\"PropertyValueSpecification\",\"valueRequired\":true,\"valueName\":\"search_term_string\"}}],\"inLanguage\":\"tr\"},{\"@type\":\"Person\",\"@id\":\"https:\\\/\\\/kibrisdakik.com\\\/#\\\/schema\\\/person\\\/9cd9d437bbb44f72b73ba127e06d8e79\",\"name\":\"admin\",\"image\":{\"@type\":\"ImageObject\",\"inLanguage\":\"tr\",\"@id\":\"https:\\\/\\\/secure.gravatar.com\\\/avatar\\\/ccc17943b9d660506c869530f897617f7cb1c21a4bf30023f252596d83e1f007?s=96&d=mm&r=g\",\"url\":\"https:\\\/\\\/secure.gravatar.com\\\/avatar\\\/ccc17943b9d660506c869530f897617f7cb1c21a4bf30023f252596d83e1f007?s=96&d=mm&r=g\",\"contentUrl\":\"https:\\\/\\\/secure.gravatar.com\\\/avatar\\\/ccc17943b9d660506c869530f897617f7cb1c21a4bf30023f252596d83e1f007?s=96&d=mm&r=g\",\"caption\":\"admin\"},\"sameAs\":[\"https:\\\/\\\/kibrisdakik.com\"],\"url\":\"https:\\\/\\\/kibrisdakik.com\\\/?author=1\"}]}<\/script>\n<!-- \/ Yoast SEO plugin. -->","yoast_head_json":{"title":"\u00c7avu\u015fo\u011flu:T\u00fcrk \u0130\u015faret Dili\u2019nin \u00f6\u011fretilmesi konusunda ad\u0131mlar ataca\u011f\u0131z -","robots":{"index":"index","follow":"follow","max-snippet":"max-snippet:-1","max-image-preview":"max-image-preview:large","max-video-preview":"max-video-preview:-1"},"canonical":"https:\/\/kibrisdakik.com\/?p=77071","og_locale":"tr_TR","og_type":"article","og_title":"\u00c7avu\u015fo\u011flu:T\u00fcrk \u0130\u015faret Dili\u2019nin \u00f6\u011fretilmesi konusunda ad\u0131mlar ataca\u011f\u0131z -","og_description":"Milli E\u011fitim Bakan\u0131 Naz\u0131m \u00c7avu\u015fo\u011flu, \u201cT\u00fcrk \u0130\u015faret Dili\u2019nin \u00f6\u011fretilmesi konusunda ad\u0131mlar ataca\u011f\u0131z.\u201d dedi. Milli E\u011fitim Bakanl\u0131\u011f\u0131\u2019ndan yap\u0131lan a\u00e7\u0131klamaya g\u00f6re, Bakan \u00c7avu\u015fo\u011flu, K\u0131br\u0131s \u0130\u015fitme Konu\u015fma Engelliler Vakf\u0131 (K\u0130KEV) Ba\u015fkan\u0131 Bahire Do\u011fru ve Y\u00f6netim Kurulu \u00fcyelerini kabul etti. K\u0130KEV Ba\u015fkan\u0131 Do\u011fru, \u201cSeni Seviyorum, Sesin Oluyorum\u201d projesi hakk\u0131nda \u00c7avu\u015fo\u011flu\u2019na bilgi vererek, T\u00fcrk \u0130\u015faret Dili\u2019ni \u00e7ocuklarla ve toplumun geneliyle","og_url":"https:\/\/kibrisdakik.com\/?p=77071","article_published_time":"2025-03-05T12:57:30+00:00","og_image":[{"width":2560,"height":1437,"url":"https:\/\/kibrisdakik.com\/wp-content\/uploads\/2025\/03\/84108401-scaled-740x420.jpg","type":"image\/jpeg"}],"author":"admin","twitter_card":"summary_large_image","twitter_misc":{"Yazan:":"admin","Tahmini okuma s\u00fcresi":"1 dakika"},"schema":{"@context":"https:\/\/schema.org","@graph":[{"@type":"Article","@id":"https:\/\/kibrisdakik.com\/?p=77071#article","isPartOf":{"@id":"https:\/\/kibrisdakik.com\/?p=77071"},"author":{"name":"admin","@id":"https:\/\/kibrisdakik.com\/#\/schema\/person\/9cd9d437bbb44f72b73ba127e06d8e79"},"headline":"\u00c7avu\u015fo\u011flu:T\u00fcrk \u0130\u015faret Dili\u2019nin \u00f6\u011fretilmesi konusunda ad\u0131mlar ataca\u011f\u0131z","datePublished":"2025-03-05T12:57:30+00:00","mainEntityOfPage":{"@id":"https:\/\/kibrisdakik.com\/?p=77071"},"wordCount":290,"commentCount":0,"image":{"@id":"https:\/\/kibrisdakik.com\/?p=77071#primaryimage"},"thumbnailUrl":"https:\/\/kibrisdakik.com\/wp-content\/uploads\/2025\/03\/84108401-scaled-740x420.jpg","articleSection":["K\u0131br\u0131s","Man\u015fet"],"inLanguage":"tr","potentialAction":[{"@type":"CommentAction","name":"Comment","target":["https:\/\/kibrisdakik.com\/?p=77071#respond"]}]},{"@type":"WebPage","@id":"https:\/\/kibrisdakik.com\/?p=77071","url":"https:\/\/kibrisdakik.com\/?p=77071","name":"\u00c7avu\u015fo\u011flu:T\u00fcrk \u0130\u015faret Dili\u2019nin \u00f6\u011fretilmesi konusunda ad\u0131mlar ataca\u011f\u0131z -","isPartOf":{"@id":"https:\/\/kibrisdakik.com\/#website"},"primaryImageOfPage":{"@id":"https:\/\/kibrisdakik.com\/?p=77071#primaryimage"},"image":{"@id":"https:\/\/kibrisdakik.com\/?p=77071#primaryimage"},"thumbnailUrl":"https:\/\/kibrisdakik.com\/wp-content\/uploads\/2025\/03\/84108401-scaled-740x420.jpg","datePublished":"2025-03-05T12:57:30+00:00","author":{"@id":"https:\/\/kibrisdakik.com\/#\/schema\/person\/9cd9d437bbb44f72b73ba127e06d8e79"},"breadcrumb":{"@id":"https:\/\/kibrisdakik.com\/?p=77071#breadcrumb"},"inLanguage":"tr","potentialAction":[{"@type":"ReadAction","target":["https:\/\/kibrisdakik.com\/?p=77071"]}]},{"@type":"ImageObject","inLanguage":"tr","@id":"https:\/\/kibrisdakik.com\/?p=77071#primaryimage","url":"https:\/\/kibrisdakik.com\/wp-content\/uploads\/2025\/03\/84108401-scaled-740x420.jpg","contentUrl":"https:\/\/kibrisdakik.com\/wp-content\/uploads\/2025\/03\/84108401-scaled-740x420.jpg","width":2560,"height":1437},{"@type":"BreadcrumbList","@id":"https:\/\/kibrisdakik.com\/?p=77071#breadcrumb","itemListElement":[{"@type":"ListItem","position":1,"name":"Home","item":"https:\/\/kibrisdakik.com\/"},{"@type":"ListItem","position":2,"name":"\u00c7avu\u015fo\u011flu:T\u00fcrk \u0130\u015faret Dili\u2019nin \u00f6\u011fretilmesi konusunda ad\u0131mlar ataca\u011f\u0131z"}]},{"@type":"WebSite","@id":"https:\/\/kibrisdakik.com\/#website","url":"https:\/\/kibrisdakik.com\/","name":"","description":"Tam vaktinde haber","potentialAction":[{"@type":"SearchAction","target":{"@type":"EntryPoint","urlTemplate":"https:\/\/kibrisdakik.com\/?s={search_term_string}"},"query-input":{"@type":"PropertyValueSpecification","valueRequired":true,"valueName":"search_term_string"}}],"inLanguage":"tr"},{"@type":"Person","@id":"https:\/\/kibrisdakik.com\/#\/schema\/person\/9cd9d437bbb44f72b73ba127e06d8e79","name":"admin","image":{"@type":"ImageObject","inLanguage":"tr","@id":"https:\/\/secure.gravatar.com\/avatar\/ccc17943b9d660506c869530f897617f7cb1c21a4bf30023f252596d83e1f007?s=96&d=mm&r=g","url":"https:\/\/secure.gravatar.com\/avatar\/ccc17943b9d660506c869530f897617f7cb1c21a4bf30023f252596d83e1f007?s=96&d=mm&r=g","contentUrl":"https:\/\/secure.gravatar.com\/avatar\/ccc17943b9d660506c869530f897617f7cb1c21a4bf30023f252596d83e1f007?s=96&d=mm&r=g","caption":"admin"},"sameAs":["https:\/\/kibrisdakik.com"],"url":"https:\/\/kibrisdakik.com\/?author=1"}]}},"_links":{"self":[{"href":"https:\/\/kibrisdakik.com\/index.php?rest_route=\/wp\/v2\/posts\/77071","targetHints":{"allow":["GET"]}}],"collection":[{"href":"https:\/\/kibrisdakik.com\/index.php?rest_route=\/wp\/v2\/posts"}],"about":[{"href":"https:\/\/kibrisdakik.com\/index.php?rest_route=\/wp\/v2\/types\/post"}],"author":[{"embeddable":true,"href":"https:\/\/kibrisdakik.com\/index.php?rest_route=\/wp\/v2\/users\/1"}],"replies":[{"embeddable":true,"href":"https:\/\/kibrisdakik.com\/index.php?rest_route=%2Fwp%2Fv2%2Fcomments&post=77071"}],"version-history":[{"count":0,"href":"https:\/\/kibrisdakik.com\/index.php?rest_route=\/wp\/v2\/posts\/77071\/revisions"}],"wp:featuredmedia":[{"embeddable":true,"href":"https:\/\/kibrisdakik.com\/index.php?rest_route=\/wp\/v2\/media\/77072"}],"wp:attachment":[{"href":"https:\/\/kibrisdakik.com\/index.php?rest_route=%2Fwp%2Fv2%2Fmedia&parent=77071"}],"wp:term":[{"taxonomy":"category","embeddable":true,"href":"https:\/\/kibrisdakik.com\/index.php?rest_route=%2Fwp%2Fv2%2Fcategories&post=77071"},{"taxonomy":"post_tag","embeddable":true,"href":"https:\/\/kibrisdakik.com\/index.php?rest_route=%2Fwp%2Fv2%2Ftags&post=77071"}],"curies":[{"name":"wp","href":"https:\/\/api.w.org\/{rel}","templated":true}]}}