{"id":77078,"date":"2025-03-05T16:31:01","date_gmt":"2025-03-05T13:31:01","guid":{"rendered":"https:\/\/kibrisdakik.com\/index.php\/2025\/03\/05\/subat-ayi-hayat-pahaliligi-yuzde-216-olarak-aciklandi\/"},"modified":"2025-03-05T16:31:01","modified_gmt":"2025-03-05T13:31:01","slug":"subat-ayi-hayat-pahaliligi-yuzde-216-olarak-aciklandi","status":"publish","type":"post","link":"https:\/\/kibrisdakik.com\/?p=77078","title":{"rendered":"\u015eubat ay\u0131 hayat pahal\u0131l\u0131\u011f\u0131 y\u00fczde 2,16 olarak a\u00e7\u0131kland\u0131"},"content":{"rendered":"<div>\n<div class=\"mariselle-image-container center\">\n                                            <\/div>\n<p>KKTC \u0130statistik Kurumu, \u015fubat ay\u0131 hayat pahal\u0131l\u0131\u011f\u0131 oran\u0131n\u0131 y\u00fczde 2,16 olarak a\u00e7\u0131klad\u0131.<\/p>\n<p>T\u00fcketici Fiyatlar\u0131 Genel Endeksi\u2019ne g\u00f6re fiyatlar, bir \u00f6nceki aya g\u00f6re y\u00fczde 2,16, bir \u00f6nceki y\u0131l\u0131n Aral\u0131k ay\u0131na g\u00f6re 4,21 ve bir \u00f6nceki y\u0131l\u0131n ayn\u0131 ay\u0131na g\u00f6re y\u00fczde 47, 10 de\u011fi\u015fim g\u00f6sterdi.<\/p>\n<p><strong>-En y\u00fcksek art\u0131\u015f e\u011fitim ana grubunda<\/strong><\/p>\n<p>Ana harcama gruplar\u0131 itibar\u0131yla bir \u00f6nceki aya g\u00f6re en y\u00fcksek art\u0131\u015f y\u00fczde 6.22 ile e\u011fitim ana grubunda tespit edildi.<\/p>\n<p>\u00c7e\u015fitli Mal ve Hizmetler ana grubunda y\u00fczde 4,17; sa\u011fl\u0131k ana grubunda y\u00fczde 3,50; konut, su, elektrik, gaz ve di\u011fer yak\u0131tlar ana grubunda y\u00fczde 3,44; ula\u015ft\u0131rma ana grubunda y\u00fczde 1,68; lokanta ve oteller ana grubunda y\u00fczde 1, 42; haberle\u015fme ana grubunda y\u00fczde 1,39; g\u0131da ve alkols\u00fcz i\u00e7ecekler ana grubunda y\u00fczde 1,21; e\u011flence ve k\u00fclt\u00fcr ana grubunda y\u00fczde 1,12; mobilya, ev aletleri ve ev bak\u0131m hizmetleri ana grubunda y\u00fczde 0, 99 art\u0131\u015f; giyim ve ayakkab\u0131 ana grubunda y\u00fczde 2,17; alkoll\u00fc i\u00e7ecekler ve t\u00fct\u00fcn ana grubunda y\u00fczde 0,04 azal\u0131\u015f kaydedildi.<\/p>\n<p>Bir \u00f6nceki aya g\u00f6re, endekste kapsanan 467 madde \u00e7e\u015fidinin ortalama fiyat\u0131 artarken, 124 madde \u00e7e\u015fidinin ortalama fiyat\u0131 d\u00fc\u015ft\u00fc.<\/p>\n<p>En y\u00fcksek fiyat art\u0131\u015f\u0131 g\u00f6steren ilk \u00fc\u00e7 mal veya hizmet; y\u00fczde 50,00 ile gazete (Kod:3), y\u00fczde 40,55 ile cep telefonu g\u00f6r\u00fc\u015fme \u00fccreti (kont\u00f6rl\u00fc) ve y\u00fczde 39,77 ile su faturas\u0131 (belediye) oldu.<\/p>\n<p>En y\u00fcksek fiyat d\u00fc\u015f\u00fc\u015f\u00fc g\u00f6steren ilk \u00fc\u00e7 mal veya hizmet ise; y\u00fczde 28,98 ile taze bezelye, y\u00fczde 27,95 ile k\u0131rm\u0131z\u0131 lahana ve y\u00fczde 26,84 ile marul olarak a\u00e7\u0131kland\u0131.<\/p>\n<\/p><\/div>\n<p><script async\n                    defer\n                    crossorigin=\"anonymous\"\n                    src=\"https:\/\/connect.facebook.net\/tr_TR\/sdk.js#xfbml=1&#038;version=v3.3\"\n            ><\/script><\/p>\n","protected":false},"excerpt":{"rendered":"<p>KKTC \u0130statistik Kurumu, \u015fubat ay\u0131 hayat pahal\u0131l\u0131\u011f\u0131 oran\u0131n\u0131 y\u00fczde 2,16 olarak a\u00e7\u0131klad\u0131. T\u00fcketici Fiyatlar\u0131 Genel Endeksi\u2019ne g\u00f6re fiyatlar, bir \u00f6nceki aya g\u00f6re y\u00fczde 2,16, bir \u00f6nceki y\u0131l\u0131n Aral\u0131k ay\u0131na g\u00f6re 4,21 ve bir \u00f6nceki y\u0131l\u0131n ayn\u0131 ay\u0131na g\u00f6re y\u00fczde 47, 10 de\u011fi\u015fim g\u00f6sterdi. -En y\u00fcksek art\u0131\u015f e\u011fitim ana grubunda Ana harcama gruplar\u0131 itibar\u0131yla bir \u00f6nceki<\/p>\n","protected":false},"author":1,"featured_media":4872,"comment_status":"open","ping_status":"open","sticky":false,"template":"","format":"standard","meta":{"footnotes":""},"categories":[81,101],"tags":[],"class_list":["post-77078","post","type-post","status-publish","format-standard","has-post-thumbnail","hentry","category-kibris","category-manset"],"yoast_head":"<!-- This site is optimized with the Yoast SEO plugin v27.5 - https:\/\/yoast.com\/product\/yoast-seo-wordpress\/ -->\n<title>\u015eubat ay\u0131 hayat pahal\u0131l\u0131\u011f\u0131 y\u00fczde 2,16 olarak a\u00e7\u0131kland\u0131 -<\/title>\n<meta name=\"robots\" content=\"index, follow, max-snippet:-1, max-image-preview:large, max-video-preview:-1\" \/>\n<link rel=\"canonical\" href=\"https:\/\/kibrisdakik.com\/?p=77078\" \/>\n<meta property=\"og:locale\" content=\"tr_TR\" \/>\n<meta property=\"og:type\" content=\"article\" \/>\n<meta property=\"og:title\" content=\"\u015eubat ay\u0131 hayat pahal\u0131l\u0131\u011f\u0131 y\u00fczde 2,16 olarak a\u00e7\u0131kland\u0131 -\" \/>\n<meta property=\"og:description\" content=\"KKTC \u0130statistik Kurumu, \u015fubat ay\u0131 hayat pahal\u0131l\u0131\u011f\u0131 oran\u0131n\u0131 y\u00fczde 2,16 olarak a\u00e7\u0131klad\u0131. T\u00fcketici Fiyatlar\u0131 Genel Endeksi\u2019ne g\u00f6re fiyatlar, bir \u00f6nceki aya g\u00f6re y\u00fczde 2,16, bir \u00f6nceki y\u0131l\u0131n Aral\u0131k ay\u0131na g\u00f6re 4,21 ve bir \u00f6nceki y\u0131l\u0131n ayn\u0131 ay\u0131na g\u00f6re y\u00fczde 47, 10 de\u011fi\u015fim g\u00f6sterdi. -En y\u00fcksek art\u0131\u015f e\u011fitim ana grubunda Ana harcama gruplar\u0131 itibar\u0131yla bir \u00f6nceki\" \/>\n<meta property=\"og:url\" content=\"https:\/\/kibrisdakik.com\/?p=77078\" \/>\n<meta property=\"article:published_time\" content=\"2025-03-05T13:31:01+00:00\" \/>\n<meta property=\"og:image\" content=\"https:\/\/kibrisdakik.com\/wp-content\/uploads\/2023\/04\/GIDA-ENFLASYONU-740x420.jpg\" \/>\n\t<meta property=\"og:image:width\" content=\"960\" \/>\n\t<meta property=\"og:image:height\" content=\"540\" \/>\n\t<meta property=\"og:image:type\" content=\"image\/jpeg\" \/>\n<meta name=\"author\" content=\"admin\" \/>\n<meta name=\"twitter:card\" content=\"summary_large_image\" \/>\n<meta name=\"twitter:label1\" content=\"Yazan:\" \/>\n\t<meta name=\"twitter:data1\" content=\"admin\" \/>\n\t<meta name=\"twitter:label2\" content=\"Tahmini okuma s\u00fcresi\" \/>\n\t<meta name=\"twitter:data2\" content=\"1 dakika\" \/>\n<script type=\"application\/ld+json\" class=\"yoast-schema-graph\">{\"@context\":\"https:\\\/\\\/schema.org\",\"@graph\":[{\"@type\":\"Article\",\"@id\":\"https:\\\/\\\/kibrisdakik.com\\\/?p=77078#article\",\"isPartOf\":{\"@id\":\"https:\\\/\\\/kibrisdakik.com\\\/?p=77078\"},\"author\":{\"name\":\"admin\",\"@id\":\"https:\\\/\\\/kibrisdakik.com\\\/#\\\/schema\\\/person\\\/9cd9d437bbb44f72b73ba127e06d8e79\"},\"headline\":\"\u015eubat ay\u0131 hayat pahal\u0131l\u0131\u011f\u0131 y\u00fczde 2,16 olarak a\u00e7\u0131kland\u0131\",\"datePublished\":\"2025-03-05T13:31:01+00:00\",\"mainEntityOfPage\":{\"@id\":\"https:\\\/\\\/kibrisdakik.com\\\/?p=77078\"},\"wordCount\":291,\"commentCount\":0,\"image\":{\"@id\":\"https:\\\/\\\/kibrisdakik.com\\\/?p=77078#primaryimage\"},\"thumbnailUrl\":\"https:\\\/\\\/kibrisdakik.com\\\/wp-content\\\/uploads\\\/2023\\\/04\\\/GIDA-ENFLASYONU-740x420.jpg\",\"articleSection\":[\"K\u0131br\u0131s\",\"Man\u015fet\"],\"inLanguage\":\"tr\",\"potentialAction\":[{\"@type\":\"CommentAction\",\"name\":\"Comment\",\"target\":[\"https:\\\/\\\/kibrisdakik.com\\\/?p=77078#respond\"]}]},{\"@type\":\"WebPage\",\"@id\":\"https:\\\/\\\/kibrisdakik.com\\\/?p=77078\",\"url\":\"https:\\\/\\\/kibrisdakik.com\\\/?p=77078\",\"name\":\"\u015eubat ay\u0131 hayat pahal\u0131l\u0131\u011f\u0131 y\u00fczde 2,16 olarak a\u00e7\u0131kland\u0131 -\",\"isPartOf\":{\"@id\":\"https:\\\/\\\/kibrisdakik.com\\\/#website\"},\"primaryImageOfPage\":{\"@id\":\"https:\\\/\\\/kibrisdakik.com\\\/?p=77078#primaryimage\"},\"image\":{\"@id\":\"https:\\\/\\\/kibrisdakik.com\\\/?p=77078#primaryimage\"},\"thumbnailUrl\":\"https:\\\/\\\/kibrisdakik.com\\\/wp-content\\\/uploads\\\/2023\\\/04\\\/GIDA-ENFLASYONU-740x420.jpg\",\"datePublished\":\"2025-03-05T13:31:01+00:00\",\"author\":{\"@id\":\"https:\\\/\\\/kibrisdakik.com\\\/#\\\/schema\\\/person\\\/9cd9d437bbb44f72b73ba127e06d8e79\"},\"breadcrumb\":{\"@id\":\"https:\\\/\\\/kibrisdakik.com\\\/?p=77078#breadcrumb\"},\"inLanguage\":\"tr\",\"potentialAction\":[{\"@type\":\"ReadAction\",\"target\":[\"https:\\\/\\\/kibrisdakik.com\\\/?p=77078\"]}]},{\"@type\":\"ImageObject\",\"inLanguage\":\"tr\",\"@id\":\"https:\\\/\\\/kibrisdakik.com\\\/?p=77078#primaryimage\",\"url\":\"https:\\\/\\\/kibrisdakik.com\\\/wp-content\\\/uploads\\\/2023\\\/04\\\/GIDA-ENFLASYONU-740x420.jpg\",\"contentUrl\":\"https:\\\/\\\/kibrisdakik.com\\\/wp-content\\\/uploads\\\/2023\\\/04\\\/GIDA-ENFLASYONU-740x420.jpg\",\"width\":960,\"height\":540},{\"@type\":\"BreadcrumbList\",\"@id\":\"https:\\\/\\\/kibrisdakik.com\\\/?p=77078#breadcrumb\",\"itemListElement\":[{\"@type\":\"ListItem\",\"position\":1,\"name\":\"Home\",\"item\":\"https:\\\/\\\/kibrisdakik.com\\\/\"},{\"@type\":\"ListItem\",\"position\":2,\"name\":\"\u015eubat ay\u0131 hayat pahal\u0131l\u0131\u011f\u0131 y\u00fczde 2,16 olarak a\u00e7\u0131kland\u0131\"}]},{\"@type\":\"WebSite\",\"@id\":\"https:\\\/\\\/kibrisdakik.com\\\/#website\",\"url\":\"https:\\\/\\\/kibrisdakik.com\\\/\",\"name\":\"\",\"description\":\"Tam vaktinde haber\",\"potentialAction\":[{\"@type\":\"SearchAction\",\"target\":{\"@type\":\"EntryPoint\",\"urlTemplate\":\"https:\\\/\\\/kibrisdakik.com\\\/?s={search_term_string}\"},\"query-input\":{\"@type\":\"PropertyValueSpecification\",\"valueRequired\":true,\"valueName\":\"search_term_string\"}}],\"inLanguage\":\"tr\"},{\"@type\":\"Person\",\"@id\":\"https:\\\/\\\/kibrisdakik.com\\\/#\\\/schema\\\/person\\\/9cd9d437bbb44f72b73ba127e06d8e79\",\"name\":\"admin\",\"image\":{\"@type\":\"ImageObject\",\"inLanguage\":\"tr\",\"@id\":\"https:\\\/\\\/secure.gravatar.com\\\/avatar\\\/ccc17943b9d660506c869530f897617f7cb1c21a4bf30023f252596d83e1f007?s=96&d=mm&r=g\",\"url\":\"https:\\\/\\\/secure.gravatar.com\\\/avatar\\\/ccc17943b9d660506c869530f897617f7cb1c21a4bf30023f252596d83e1f007?s=96&d=mm&r=g\",\"contentUrl\":\"https:\\\/\\\/secure.gravatar.com\\\/avatar\\\/ccc17943b9d660506c869530f897617f7cb1c21a4bf30023f252596d83e1f007?s=96&d=mm&r=g\",\"caption\":\"admin\"},\"sameAs\":[\"https:\\\/\\\/kibrisdakik.com\"],\"url\":\"https:\\\/\\\/kibrisdakik.com\\\/?author=1\"}]}<\/script>\n<!-- \/ Yoast SEO plugin. -->","yoast_head_json":{"title":"\u015eubat ay\u0131 hayat pahal\u0131l\u0131\u011f\u0131 y\u00fczde 2,16 olarak a\u00e7\u0131kland\u0131 -","robots":{"index":"index","follow":"follow","max-snippet":"max-snippet:-1","max-image-preview":"max-image-preview:large","max-video-preview":"max-video-preview:-1"},"canonical":"https:\/\/kibrisdakik.com\/?p=77078","og_locale":"tr_TR","og_type":"article","og_title":"\u015eubat ay\u0131 hayat pahal\u0131l\u0131\u011f\u0131 y\u00fczde 2,16 olarak a\u00e7\u0131kland\u0131 -","og_description":"KKTC \u0130statistik Kurumu, \u015fubat ay\u0131 hayat pahal\u0131l\u0131\u011f\u0131 oran\u0131n\u0131 y\u00fczde 2,16 olarak a\u00e7\u0131klad\u0131. T\u00fcketici Fiyatlar\u0131 Genel Endeksi\u2019ne g\u00f6re fiyatlar, bir \u00f6nceki aya g\u00f6re y\u00fczde 2,16, bir \u00f6nceki y\u0131l\u0131n Aral\u0131k ay\u0131na g\u00f6re 4,21 ve bir \u00f6nceki y\u0131l\u0131n ayn\u0131 ay\u0131na g\u00f6re y\u00fczde 47, 10 de\u011fi\u015fim g\u00f6sterdi. -En y\u00fcksek art\u0131\u015f e\u011fitim ana grubunda Ana harcama gruplar\u0131 itibar\u0131yla bir \u00f6nceki","og_url":"https:\/\/kibrisdakik.com\/?p=77078","article_published_time":"2025-03-05T13:31:01+00:00","og_image":[{"width":960,"height":540,"url":"https:\/\/kibrisdakik.com\/wp-content\/uploads\/2023\/04\/GIDA-ENFLASYONU-740x420.jpg","type":"image\/jpeg"}],"author":"admin","twitter_card":"summary_large_image","twitter_misc":{"Yazan:":"admin","Tahmini okuma s\u00fcresi":"1 dakika"},"schema":{"@context":"https:\/\/schema.org","@graph":[{"@type":"Article","@id":"https:\/\/kibrisdakik.com\/?p=77078#article","isPartOf":{"@id":"https:\/\/kibrisdakik.com\/?p=77078"},"author":{"name":"admin","@id":"https:\/\/kibrisdakik.com\/#\/schema\/person\/9cd9d437bbb44f72b73ba127e06d8e79"},"headline":"\u015eubat ay\u0131 hayat pahal\u0131l\u0131\u011f\u0131 y\u00fczde 2,16 olarak a\u00e7\u0131kland\u0131","datePublished":"2025-03-05T13:31:01+00:00","mainEntityOfPage":{"@id":"https:\/\/kibrisdakik.com\/?p=77078"},"wordCount":291,"commentCount":0,"image":{"@id":"https:\/\/kibrisdakik.com\/?p=77078#primaryimage"},"thumbnailUrl":"https:\/\/kibrisdakik.com\/wp-content\/uploads\/2023\/04\/GIDA-ENFLASYONU-740x420.jpg","articleSection":["K\u0131br\u0131s","Man\u015fet"],"inLanguage":"tr","potentialAction":[{"@type":"CommentAction","name":"Comment","target":["https:\/\/kibrisdakik.com\/?p=77078#respond"]}]},{"@type":"WebPage","@id":"https:\/\/kibrisdakik.com\/?p=77078","url":"https:\/\/kibrisdakik.com\/?p=77078","name":"\u015eubat ay\u0131 hayat pahal\u0131l\u0131\u011f\u0131 y\u00fczde 2,16 olarak a\u00e7\u0131kland\u0131 -","isPartOf":{"@id":"https:\/\/kibrisdakik.com\/#website"},"primaryImageOfPage":{"@id":"https:\/\/kibrisdakik.com\/?p=77078#primaryimage"},"image":{"@id":"https:\/\/kibrisdakik.com\/?p=77078#primaryimage"},"thumbnailUrl":"https:\/\/kibrisdakik.com\/wp-content\/uploads\/2023\/04\/GIDA-ENFLASYONU-740x420.jpg","datePublished":"2025-03-05T13:31:01+00:00","author":{"@id":"https:\/\/kibrisdakik.com\/#\/schema\/person\/9cd9d437bbb44f72b73ba127e06d8e79"},"breadcrumb":{"@id":"https:\/\/kibrisdakik.com\/?p=77078#breadcrumb"},"inLanguage":"tr","potentialAction":[{"@type":"ReadAction","target":["https:\/\/kibrisdakik.com\/?p=77078"]}]},{"@type":"ImageObject","inLanguage":"tr","@id":"https:\/\/kibrisdakik.com\/?p=77078#primaryimage","url":"https:\/\/kibrisdakik.com\/wp-content\/uploads\/2023\/04\/GIDA-ENFLASYONU-740x420.jpg","contentUrl":"https:\/\/kibrisdakik.com\/wp-content\/uploads\/2023\/04\/GIDA-ENFLASYONU-740x420.jpg","width":960,"height":540},{"@type":"BreadcrumbList","@id":"https:\/\/kibrisdakik.com\/?p=77078#breadcrumb","itemListElement":[{"@type":"ListItem","position":1,"name":"Home","item":"https:\/\/kibrisdakik.com\/"},{"@type":"ListItem","position":2,"name":"\u015eubat ay\u0131 hayat pahal\u0131l\u0131\u011f\u0131 y\u00fczde 2,16 olarak a\u00e7\u0131kland\u0131"}]},{"@type":"WebSite","@id":"https:\/\/kibrisdakik.com\/#website","url":"https:\/\/kibrisdakik.com\/","name":"","description":"Tam vaktinde haber","potentialAction":[{"@type":"SearchAction","target":{"@type":"EntryPoint","urlTemplate":"https:\/\/kibrisdakik.com\/?s={search_term_string}"},"query-input":{"@type":"PropertyValueSpecification","valueRequired":true,"valueName":"search_term_string"}}],"inLanguage":"tr"},{"@type":"Person","@id":"https:\/\/kibrisdakik.com\/#\/schema\/person\/9cd9d437bbb44f72b73ba127e06d8e79","name":"admin","image":{"@type":"ImageObject","inLanguage":"tr","@id":"https:\/\/secure.gravatar.com\/avatar\/ccc17943b9d660506c869530f897617f7cb1c21a4bf30023f252596d83e1f007?s=96&d=mm&r=g","url":"https:\/\/secure.gravatar.com\/avatar\/ccc17943b9d660506c869530f897617f7cb1c21a4bf30023f252596d83e1f007?s=96&d=mm&r=g","contentUrl":"https:\/\/secure.gravatar.com\/avatar\/ccc17943b9d660506c869530f897617f7cb1c21a4bf30023f252596d83e1f007?s=96&d=mm&r=g","caption":"admin"},"sameAs":["https:\/\/kibrisdakik.com"],"url":"https:\/\/kibrisdakik.com\/?author=1"}]}},"_links":{"self":[{"href":"https:\/\/kibrisdakik.com\/index.php?rest_route=\/wp\/v2\/posts\/77078","targetHints":{"allow":["GET"]}}],"collection":[{"href":"https:\/\/kibrisdakik.com\/index.php?rest_route=\/wp\/v2\/posts"}],"about":[{"href":"https:\/\/kibrisdakik.com\/index.php?rest_route=\/wp\/v2\/types\/post"}],"author":[{"embeddable":true,"href":"https:\/\/kibrisdakik.com\/index.php?rest_route=\/wp\/v2\/users\/1"}],"replies":[{"embeddable":true,"href":"https:\/\/kibrisdakik.com\/index.php?rest_route=%2Fwp%2Fv2%2Fcomments&post=77078"}],"version-history":[{"count":0,"href":"https:\/\/kibrisdakik.com\/index.php?rest_route=\/wp\/v2\/posts\/77078\/revisions"}],"wp:featuredmedia":[{"embeddable":true,"href":"https:\/\/kibrisdakik.com\/index.php?rest_route=\/wp\/v2\/media\/4872"}],"wp:attachment":[{"href":"https:\/\/kibrisdakik.com\/index.php?rest_route=%2Fwp%2Fv2%2Fmedia&parent=77078"}],"wp:term":[{"taxonomy":"category","embeddable":true,"href":"https:\/\/kibrisdakik.com\/index.php?rest_route=%2Fwp%2Fv2%2Fcategories&post=77078"},{"taxonomy":"post_tag","embeddable":true,"href":"https:\/\/kibrisdakik.com\/index.php?rest_route=%2Fwp%2Fv2%2Ftags&post=77078"}],"curies":[{"name":"wp","href":"https:\/\/api.w.org\/{rel}","templated":true}]}}