{"id":77089,"date":"2025-03-05T18:42:57","date_gmt":"2025-03-05T15:42:57","guid":{"rendered":"https:\/\/kibrisdakik.com\/index.php\/2025\/03\/05\/ozersaydokunulmazligin-kaldirilmasi-sureci-bugun-itibariyle-basliyor\/"},"modified":"2025-03-05T18:42:57","modified_gmt":"2025-03-05T15:42:57","slug":"ozersaydokunulmazligin-kaldirilmasi-sureci-bugun-itibariyle-basliyor","status":"publish","type":"post","link":"https:\/\/kibrisdakik.com\/?p=77089","title":{"rendered":"\u00d6zersay:Dokunulmazl\u0131\u011f\u0131n kald\u0131r\u0131lmas\u0131 s\u00fcreci bug\u00fcn itibariyle ba\u015fl\u0131yor"},"content":{"rendered":"<div>\n<div class=\"mariselle-image-container center\">\n                                            <\/div>\n<p>Halk\u0131n Partisi (HP) Genel Ba\u015fkan\u0131 Kudret \u00d6zersay, sahte diploma ald\u0131\u011f\u0131 iddias\u0131yla hakk\u0131nda polis taraf\u0131ndan soru\u015fturma dosyas\u0131 haz\u0131rlanan UBP\u2019li bir milletvekilinin dosyas\u0131n\u0131n Ba\u015fsavc\u0131l\u0131k taraf\u0131ndan Cumhuriyet Meclisi\u2019ne g\u00f6nderildi\u011fini a\u00e7\u0131klad\u0131.<\/p>\n<p>\u00d6zersay yapt\u0131\u011f\u0131 yaz\u0131l\u0131 a\u00e7\u0131klamada, Meclis\u2019te derhal bir \u00f6zel komite kurulmas\u0131 ve s\u00fcrecin ba\u015flat\u0131lmas\u0131 gerekti\u011fini belirtti.<\/p>\n<p>\u201cEvet sonunda sahte diploma ald\u0131\u011f\u0131 iddias\u0131yla hakk\u0131nda polis soru\u015fturma dosyas\u0131 haz\u0131rlanan milletvekilinin dosyas\u0131 ba\u015fsavc\u0131l\u0131k taraf\u0131ndan meclise g\u00f6nderildi.\u201d ifadelerine yer veren \u00d6zersay, muhtemelen bug\u00fcn itibariyle dokunulmazl\u0131\u011f\u0131n kald\u0131r\u0131lmas\u0131 talebinin Meclis\u2019te oldu\u011funu kaydetti.<\/p>\n<p> \u00d6zersay, a\u00e7\u0131klamas\u0131na \u015f\u00f6yle devam etti:<\/p>\n<p>\u201cMeclis i\u00e7 t\u00fcz\u00fc\u011f\u00fcne g\u00f6re (128\/3) Meclis Ba\u015fkanl\u0131\u011f\u0131 bu dosyay\u0131 derhal evrak listesine i\u015fleyip \u00f6zel bir komite kurmal\u0131. Evet i\u00e7 t\u00fcz\u00fckte \u2018derhal\u2019 ifadesi kullan\u0131l\u0131yor. Yani \u00f6yle geciktirme falan olmamal\u0131. Dokunulmazl\u0131\u011f\u0131n kald\u0131r\u0131lmas\u0131 s\u00fcreci bug\u00fcn itibariyle ba\u015fl\u0131yor. Demek ki neymi\u015f? Ad\u0131m ad\u0131m takip edince oluyormu\u015f.\u201d<\/p>\n<\/p><\/div>\n<p><script async\n                    defer\n                    crossorigin=\"anonymous\"\n                    src=\"https:\/\/connect.facebook.net\/tr_TR\/sdk.js#xfbml=1&#038;version=v3.3\"\n            ><\/script><\/p>\n","protected":false},"excerpt":{"rendered":"<p>Halk\u0131n Partisi (HP) Genel Ba\u015fkan\u0131 Kudret \u00d6zersay, sahte diploma ald\u0131\u011f\u0131 iddias\u0131yla hakk\u0131nda polis taraf\u0131ndan soru\u015fturma dosyas\u0131 haz\u0131rlanan UBP\u2019li bir milletvekilinin dosyas\u0131n\u0131n Ba\u015fsavc\u0131l\u0131k taraf\u0131ndan Cumhuriyet Meclisi\u2019ne g\u00f6nderildi\u011fini a\u00e7\u0131klad\u0131. \u00d6zersay yapt\u0131\u011f\u0131 yaz\u0131l\u0131 a\u00e7\u0131klamada, Meclis\u2019te derhal bir \u00f6zel komite kurulmas\u0131 ve s\u00fcrecin ba\u015flat\u0131lmas\u0131 gerekti\u011fini belirtti. \u201cEvet sonunda sahte diploma ald\u0131\u011f\u0131 iddias\u0131yla hakk\u0131nda polis soru\u015fturma dosyas\u0131 haz\u0131rlanan milletvekilinin dosyas\u0131<\/p>\n","protected":false},"author":1,"featured_media":77090,"comment_status":"open","ping_status":"open","sticky":false,"template":"","format":"standard","meta":{"footnotes":""},"categories":[81,101],"tags":[],"class_list":["post-77089","post","type-post","status-publish","format-standard","has-post-thumbnail","hentry","category-kibris","category-manset"],"yoast_head":"<!-- This site is optimized with the Yoast SEO plugin v27.5 - https:\/\/yoast.com\/product\/yoast-seo-wordpress\/ -->\n<title>\u00d6zersay:Dokunulmazl\u0131\u011f\u0131n kald\u0131r\u0131lmas\u0131 s\u00fcreci bug\u00fcn itibariyle ba\u015fl\u0131yor -<\/title>\n<meta name=\"robots\" content=\"index, follow, max-snippet:-1, max-image-preview:large, max-video-preview:-1\" \/>\n<link rel=\"canonical\" href=\"https:\/\/kibrisdakik.com\/?p=77089\" \/>\n<meta property=\"og:locale\" content=\"tr_TR\" \/>\n<meta property=\"og:type\" content=\"article\" \/>\n<meta property=\"og:title\" content=\"\u00d6zersay:Dokunulmazl\u0131\u011f\u0131n kald\u0131r\u0131lmas\u0131 s\u00fcreci bug\u00fcn itibariyle ba\u015fl\u0131yor -\" \/>\n<meta property=\"og:description\" content=\"Halk\u0131n Partisi (HP) Genel Ba\u015fkan\u0131 Kudret \u00d6zersay, sahte diploma ald\u0131\u011f\u0131 iddias\u0131yla hakk\u0131nda polis taraf\u0131ndan soru\u015fturma dosyas\u0131 haz\u0131rlanan UBP\u2019li bir milletvekilinin dosyas\u0131n\u0131n Ba\u015fsavc\u0131l\u0131k taraf\u0131ndan Cumhuriyet Meclisi\u2019ne g\u00f6nderildi\u011fini a\u00e7\u0131klad\u0131. \u00d6zersay yapt\u0131\u011f\u0131 yaz\u0131l\u0131 a\u00e7\u0131klamada, Meclis\u2019te derhal bir \u00f6zel komite kurulmas\u0131 ve s\u00fcrecin ba\u015flat\u0131lmas\u0131 gerekti\u011fini belirtti. \u201cEvet sonunda sahte diploma ald\u0131\u011f\u0131 iddias\u0131yla hakk\u0131nda polis soru\u015fturma dosyas\u0131 haz\u0131rlanan milletvekilinin dosyas\u0131\" \/>\n<meta property=\"og:url\" content=\"https:\/\/kibrisdakik.com\/?p=77089\" \/>\n<meta property=\"article:published_time\" content=\"2025-03-05T15:42:57+00:00\" \/>\n<meta property=\"og:image\" content=\"https:\/\/kibrisdakik.com\/wp-content\/uploads\/2025\/03\/kudret-ozersay-14f0e2.jpg\" \/>\n\t<meta property=\"og:image:width\" content=\"654\" \/>\n\t<meta property=\"og:image:height\" content=\"313\" \/>\n\t<meta property=\"og:image:type\" content=\"image\/jpeg\" \/>\n<meta name=\"author\" content=\"admin\" \/>\n<meta name=\"twitter:card\" content=\"summary_large_image\" \/>\n<meta name=\"twitter:label1\" content=\"Yazan:\" \/>\n\t<meta name=\"twitter:data1\" content=\"admin\" \/>\n\t<meta name=\"twitter:label2\" content=\"Tahmini okuma s\u00fcresi\" \/>\n\t<meta name=\"twitter:data2\" content=\"1 dakika\" \/>\n<script type=\"application\/ld+json\" class=\"yoast-schema-graph\">{\"@context\":\"https:\\\/\\\/schema.org\",\"@graph\":[{\"@type\":\"Article\",\"@id\":\"https:\\\/\\\/kibrisdakik.com\\\/?p=77089#article\",\"isPartOf\":{\"@id\":\"https:\\\/\\\/kibrisdakik.com\\\/?p=77089\"},\"author\":{\"name\":\"admin\",\"@id\":\"https:\\\/\\\/kibrisdakik.com\\\/#\\\/schema\\\/person\\\/9cd9d437bbb44f72b73ba127e06d8e79\"},\"headline\":\"\u00d6zersay:Dokunulmazl\u0131\u011f\u0131n kald\u0131r\u0131lmas\u0131 s\u00fcreci bug\u00fcn itibariyle ba\u015fl\u0131yor\",\"datePublished\":\"2025-03-05T15:42:57+00:00\",\"mainEntityOfPage\":{\"@id\":\"https:\\\/\\\/kibrisdakik.com\\\/?p=77089\"},\"wordCount\":192,\"commentCount\":0,\"image\":{\"@id\":\"https:\\\/\\\/kibrisdakik.com\\\/?p=77089#primaryimage\"},\"thumbnailUrl\":\"https:\\\/\\\/kibrisdakik.com\\\/wp-content\\\/uploads\\\/2025\\\/03\\\/kudret-ozersay-14f0e2.jpg\",\"articleSection\":[\"K\u0131br\u0131s\",\"Man\u015fet\"],\"inLanguage\":\"tr\",\"potentialAction\":[{\"@type\":\"CommentAction\",\"name\":\"Comment\",\"target\":[\"https:\\\/\\\/kibrisdakik.com\\\/?p=77089#respond\"]}]},{\"@type\":\"WebPage\",\"@id\":\"https:\\\/\\\/kibrisdakik.com\\\/?p=77089\",\"url\":\"https:\\\/\\\/kibrisdakik.com\\\/?p=77089\",\"name\":\"\u00d6zersay:Dokunulmazl\u0131\u011f\u0131n kald\u0131r\u0131lmas\u0131 s\u00fcreci bug\u00fcn itibariyle ba\u015fl\u0131yor -\",\"isPartOf\":{\"@id\":\"https:\\\/\\\/kibrisdakik.com\\\/#website\"},\"primaryImageOfPage\":{\"@id\":\"https:\\\/\\\/kibrisdakik.com\\\/?p=77089#primaryimage\"},\"image\":{\"@id\":\"https:\\\/\\\/kibrisdakik.com\\\/?p=77089#primaryimage\"},\"thumbnailUrl\":\"https:\\\/\\\/kibrisdakik.com\\\/wp-content\\\/uploads\\\/2025\\\/03\\\/kudret-ozersay-14f0e2.jpg\",\"datePublished\":\"2025-03-05T15:42:57+00:00\",\"author\":{\"@id\":\"https:\\\/\\\/kibrisdakik.com\\\/#\\\/schema\\\/person\\\/9cd9d437bbb44f72b73ba127e06d8e79\"},\"breadcrumb\":{\"@id\":\"https:\\\/\\\/kibrisdakik.com\\\/?p=77089#breadcrumb\"},\"inLanguage\":\"tr\",\"potentialAction\":[{\"@type\":\"ReadAction\",\"target\":[\"https:\\\/\\\/kibrisdakik.com\\\/?p=77089\"]}]},{\"@type\":\"ImageObject\",\"inLanguage\":\"tr\",\"@id\":\"https:\\\/\\\/kibrisdakik.com\\\/?p=77089#primaryimage\",\"url\":\"https:\\\/\\\/kibrisdakik.com\\\/wp-content\\\/uploads\\\/2025\\\/03\\\/kudret-ozersay-14f0e2.jpg\",\"contentUrl\":\"https:\\\/\\\/kibrisdakik.com\\\/wp-content\\\/uploads\\\/2025\\\/03\\\/kudret-ozersay-14f0e2.jpg\",\"width\":654,\"height\":313},{\"@type\":\"BreadcrumbList\",\"@id\":\"https:\\\/\\\/kibrisdakik.com\\\/?p=77089#breadcrumb\",\"itemListElement\":[{\"@type\":\"ListItem\",\"position\":1,\"name\":\"Home\",\"item\":\"https:\\\/\\\/kibrisdakik.com\\\/\"},{\"@type\":\"ListItem\",\"position\":2,\"name\":\"\u00d6zersay:Dokunulmazl\u0131\u011f\u0131n kald\u0131r\u0131lmas\u0131 s\u00fcreci bug\u00fcn itibariyle ba\u015fl\u0131yor\"}]},{\"@type\":\"WebSite\",\"@id\":\"https:\\\/\\\/kibrisdakik.com\\\/#website\",\"url\":\"https:\\\/\\\/kibrisdakik.com\\\/\",\"name\":\"\",\"description\":\"Tam vaktinde haber\",\"potentialAction\":[{\"@type\":\"SearchAction\",\"target\":{\"@type\":\"EntryPoint\",\"urlTemplate\":\"https:\\\/\\\/kibrisdakik.com\\\/?s={search_term_string}\"},\"query-input\":{\"@type\":\"PropertyValueSpecification\",\"valueRequired\":true,\"valueName\":\"search_term_string\"}}],\"inLanguage\":\"tr\"},{\"@type\":\"Person\",\"@id\":\"https:\\\/\\\/kibrisdakik.com\\\/#\\\/schema\\\/person\\\/9cd9d437bbb44f72b73ba127e06d8e79\",\"name\":\"admin\",\"image\":{\"@type\":\"ImageObject\",\"inLanguage\":\"tr\",\"@id\":\"https:\\\/\\\/secure.gravatar.com\\\/avatar\\\/ccc17943b9d660506c869530f897617f7cb1c21a4bf30023f252596d83e1f007?s=96&d=mm&r=g\",\"url\":\"https:\\\/\\\/secure.gravatar.com\\\/avatar\\\/ccc17943b9d660506c869530f897617f7cb1c21a4bf30023f252596d83e1f007?s=96&d=mm&r=g\",\"contentUrl\":\"https:\\\/\\\/secure.gravatar.com\\\/avatar\\\/ccc17943b9d660506c869530f897617f7cb1c21a4bf30023f252596d83e1f007?s=96&d=mm&r=g\",\"caption\":\"admin\"},\"sameAs\":[\"https:\\\/\\\/kibrisdakik.com\"],\"url\":\"https:\\\/\\\/kibrisdakik.com\\\/?author=1\"}]}<\/script>\n<!-- \/ Yoast SEO plugin. -->","yoast_head_json":{"title":"\u00d6zersay:Dokunulmazl\u0131\u011f\u0131n kald\u0131r\u0131lmas\u0131 s\u00fcreci bug\u00fcn itibariyle ba\u015fl\u0131yor -","robots":{"index":"index","follow":"follow","max-snippet":"max-snippet:-1","max-image-preview":"max-image-preview:large","max-video-preview":"max-video-preview:-1"},"canonical":"https:\/\/kibrisdakik.com\/?p=77089","og_locale":"tr_TR","og_type":"article","og_title":"\u00d6zersay:Dokunulmazl\u0131\u011f\u0131n kald\u0131r\u0131lmas\u0131 s\u00fcreci bug\u00fcn itibariyle ba\u015fl\u0131yor -","og_description":"Halk\u0131n Partisi (HP) Genel Ba\u015fkan\u0131 Kudret \u00d6zersay, sahte diploma ald\u0131\u011f\u0131 iddias\u0131yla hakk\u0131nda polis taraf\u0131ndan soru\u015fturma dosyas\u0131 haz\u0131rlanan UBP\u2019li bir milletvekilinin dosyas\u0131n\u0131n Ba\u015fsavc\u0131l\u0131k taraf\u0131ndan Cumhuriyet Meclisi\u2019ne g\u00f6nderildi\u011fini a\u00e7\u0131klad\u0131. \u00d6zersay yapt\u0131\u011f\u0131 yaz\u0131l\u0131 a\u00e7\u0131klamada, Meclis\u2019te derhal bir \u00f6zel komite kurulmas\u0131 ve s\u00fcrecin ba\u015flat\u0131lmas\u0131 gerekti\u011fini belirtti. \u201cEvet sonunda sahte diploma ald\u0131\u011f\u0131 iddias\u0131yla hakk\u0131nda polis soru\u015fturma dosyas\u0131 haz\u0131rlanan milletvekilinin dosyas\u0131","og_url":"https:\/\/kibrisdakik.com\/?p=77089","article_published_time":"2025-03-05T15:42:57+00:00","og_image":[{"width":654,"height":313,"url":"https:\/\/kibrisdakik.com\/wp-content\/uploads\/2025\/03\/kudret-ozersay-14f0e2.jpg","type":"image\/jpeg"}],"author":"admin","twitter_card":"summary_large_image","twitter_misc":{"Yazan:":"admin","Tahmini okuma s\u00fcresi":"1 dakika"},"schema":{"@context":"https:\/\/schema.org","@graph":[{"@type":"Article","@id":"https:\/\/kibrisdakik.com\/?p=77089#article","isPartOf":{"@id":"https:\/\/kibrisdakik.com\/?p=77089"},"author":{"name":"admin","@id":"https:\/\/kibrisdakik.com\/#\/schema\/person\/9cd9d437bbb44f72b73ba127e06d8e79"},"headline":"\u00d6zersay:Dokunulmazl\u0131\u011f\u0131n kald\u0131r\u0131lmas\u0131 s\u00fcreci bug\u00fcn itibariyle ba\u015fl\u0131yor","datePublished":"2025-03-05T15:42:57+00:00","mainEntityOfPage":{"@id":"https:\/\/kibrisdakik.com\/?p=77089"},"wordCount":192,"commentCount":0,"image":{"@id":"https:\/\/kibrisdakik.com\/?p=77089#primaryimage"},"thumbnailUrl":"https:\/\/kibrisdakik.com\/wp-content\/uploads\/2025\/03\/kudret-ozersay-14f0e2.jpg","articleSection":["K\u0131br\u0131s","Man\u015fet"],"inLanguage":"tr","potentialAction":[{"@type":"CommentAction","name":"Comment","target":["https:\/\/kibrisdakik.com\/?p=77089#respond"]}]},{"@type":"WebPage","@id":"https:\/\/kibrisdakik.com\/?p=77089","url":"https:\/\/kibrisdakik.com\/?p=77089","name":"\u00d6zersay:Dokunulmazl\u0131\u011f\u0131n kald\u0131r\u0131lmas\u0131 s\u00fcreci bug\u00fcn itibariyle ba\u015fl\u0131yor -","isPartOf":{"@id":"https:\/\/kibrisdakik.com\/#website"},"primaryImageOfPage":{"@id":"https:\/\/kibrisdakik.com\/?p=77089#primaryimage"},"image":{"@id":"https:\/\/kibrisdakik.com\/?p=77089#primaryimage"},"thumbnailUrl":"https:\/\/kibrisdakik.com\/wp-content\/uploads\/2025\/03\/kudret-ozersay-14f0e2.jpg","datePublished":"2025-03-05T15:42:57+00:00","author":{"@id":"https:\/\/kibrisdakik.com\/#\/schema\/person\/9cd9d437bbb44f72b73ba127e06d8e79"},"breadcrumb":{"@id":"https:\/\/kibrisdakik.com\/?p=77089#breadcrumb"},"inLanguage":"tr","potentialAction":[{"@type":"ReadAction","target":["https:\/\/kibrisdakik.com\/?p=77089"]}]},{"@type":"ImageObject","inLanguage":"tr","@id":"https:\/\/kibrisdakik.com\/?p=77089#primaryimage","url":"https:\/\/kibrisdakik.com\/wp-content\/uploads\/2025\/03\/kudret-ozersay-14f0e2.jpg","contentUrl":"https:\/\/kibrisdakik.com\/wp-content\/uploads\/2025\/03\/kudret-ozersay-14f0e2.jpg","width":654,"height":313},{"@type":"BreadcrumbList","@id":"https:\/\/kibrisdakik.com\/?p=77089#breadcrumb","itemListElement":[{"@type":"ListItem","position":1,"name":"Home","item":"https:\/\/kibrisdakik.com\/"},{"@type":"ListItem","position":2,"name":"\u00d6zersay:Dokunulmazl\u0131\u011f\u0131n kald\u0131r\u0131lmas\u0131 s\u00fcreci bug\u00fcn itibariyle ba\u015fl\u0131yor"}]},{"@type":"WebSite","@id":"https:\/\/kibrisdakik.com\/#website","url":"https:\/\/kibrisdakik.com\/","name":"","description":"Tam vaktinde haber","potentialAction":[{"@type":"SearchAction","target":{"@type":"EntryPoint","urlTemplate":"https:\/\/kibrisdakik.com\/?s={search_term_string}"},"query-input":{"@type":"PropertyValueSpecification","valueRequired":true,"valueName":"search_term_string"}}],"inLanguage":"tr"},{"@type":"Person","@id":"https:\/\/kibrisdakik.com\/#\/schema\/person\/9cd9d437bbb44f72b73ba127e06d8e79","name":"admin","image":{"@type":"ImageObject","inLanguage":"tr","@id":"https:\/\/secure.gravatar.com\/avatar\/ccc17943b9d660506c869530f897617f7cb1c21a4bf30023f252596d83e1f007?s=96&d=mm&r=g","url":"https:\/\/secure.gravatar.com\/avatar\/ccc17943b9d660506c869530f897617f7cb1c21a4bf30023f252596d83e1f007?s=96&d=mm&r=g","contentUrl":"https:\/\/secure.gravatar.com\/avatar\/ccc17943b9d660506c869530f897617f7cb1c21a4bf30023f252596d83e1f007?s=96&d=mm&r=g","caption":"admin"},"sameAs":["https:\/\/kibrisdakik.com"],"url":"https:\/\/kibrisdakik.com\/?author=1"}]}},"_links":{"self":[{"href":"https:\/\/kibrisdakik.com\/index.php?rest_route=\/wp\/v2\/posts\/77089","targetHints":{"allow":["GET"]}}],"collection":[{"href":"https:\/\/kibrisdakik.com\/index.php?rest_route=\/wp\/v2\/posts"}],"about":[{"href":"https:\/\/kibrisdakik.com\/index.php?rest_route=\/wp\/v2\/types\/post"}],"author":[{"embeddable":true,"href":"https:\/\/kibrisdakik.com\/index.php?rest_route=\/wp\/v2\/users\/1"}],"replies":[{"embeddable":true,"href":"https:\/\/kibrisdakik.com\/index.php?rest_route=%2Fwp%2Fv2%2Fcomments&post=77089"}],"version-history":[{"count":0,"href":"https:\/\/kibrisdakik.com\/index.php?rest_route=\/wp\/v2\/posts\/77089\/revisions"}],"wp:featuredmedia":[{"embeddable":true,"href":"https:\/\/kibrisdakik.com\/index.php?rest_route=\/wp\/v2\/media\/77090"}],"wp:attachment":[{"href":"https:\/\/kibrisdakik.com\/index.php?rest_route=%2Fwp%2Fv2%2Fmedia&parent=77089"}],"wp:term":[{"taxonomy":"category","embeddable":true,"href":"https:\/\/kibrisdakik.com\/index.php?rest_route=%2Fwp%2Fv2%2Fcategories&post=77089"},{"taxonomy":"post_tag","embeddable":true,"href":"https:\/\/kibrisdakik.com\/index.php?rest_route=%2Fwp%2Fv2%2Ftags&post=77089"}],"curies":[{"name":"wp","href":"https:\/\/api.w.org\/{rel}","templated":true}]}}