{"id":77121,"date":"2025-03-06T12:23:18","date_gmt":"2025-03-06T09:23:18","guid":{"rendered":"https:\/\/kibrisdakik.com\/index.php\/2025\/03\/06\/kktc-cumhurbaskanligi-1-deprem-konferansi-basladi\/"},"modified":"2025-03-06T12:23:18","modified_gmt":"2025-03-06T09:23:18","slug":"kktc-cumhurbaskanligi-1-deprem-konferansi-basladi","status":"publish","type":"post","link":"https:\/\/kibrisdakik.com\/?p=77121","title":{"rendered":"\u201cKKTC Cumhurba\u015fkanl\u0131\u011f\u0131 1. Deprem Konferans\u0131\u201d ba\u015flad\u0131"},"content":{"rendered":"<div>\n<div class=\"mariselle-image-container center\">\n                                            <\/div>\n<p>Cumhurba\u015fkanl\u0131\u011f\u0131 Deprem Komitesi taraf\u0131ndan d\u00fczenlenen \u201cKKTC Cumhurba\u015fkanl\u0131\u011f\u0131 1. Deprem Konferans\u0131\u201d, Yak\u0131n Do\u011fu \u00dcniversitesi Atat\u00fcrk K\u00fclt\u00fcr Merkezi\u2019nde ba\u015flad\u0131.<\/p>\n<p>Konferansa, Cumhurba\u015fkan\u0131 Ersin Tatar, Milli E\u011fitim Bakan\u0131 Naz\u0131m \u00c7avu\u015fo\u011flu, \u015eampiyon Melekleri Ya\u015fatma Derne\u011fi Ba\u015fkan\u0131 Ru\u015fen Karakaya, T\u00fcrkiye ve KKTC\u2019den alan\u0131nda uzman akademisyenler, \u00fcniversite ve sivil toplum \u00f6rg\u00fctleri temsilcileri, arama-kurtarma ekipleri ile askeri ve polis yetkilileri kat\u0131ld\u0131. <\/p>\n<p>K\u0131br\u0131s\u2019ta ge\u00e7mi\u015fte ya\u015fanan ve gelecekte olas\u0131 depremler \u00fczerine y\u00fcr\u00fct\u00fclen \u00e7al\u0131\u015fmalar\u0131n de\u011ferlendirilece\u011fi konferansta, KKTC\u2019de deprem riskinin azalt\u0131lmas\u0131 i\u00e7in at\u0131lmas\u0131 gereken ad\u0131mlar ele al\u0131nacak.<\/p>\n<p>Saat 10.00\u2019da ba\u015flayan ve iki g\u00fcn s\u00fcrecek konferans, deprem risk y\u00f6netimi, sismik hareketlerin izlenmesi, yap\u0131 g\u00fcvenli\u011fi, kentsel planlama ve arama-kurtarma faaliyetlerinin ele al\u0131naca\u011f\u0131 alt\u0131 oturumla devam edecek.<\/p>\n<p>Konferans boyunca ayr\u0131ca, KKTC Sivil Savunma Te\u015fkilat Ba\u015fkanl\u0131\u011f\u0131, Kuzey K\u0131br\u0131s T\u00fcrk K\u0131z\u0131lay\u0131 ve di\u011fer ilgili kurumlar YD\u00dc Atat\u00fcrk K\u00fclt\u00fcr Merkezi \u00e7evresinde stantlar kurarak kat\u0131l\u0131mc\u0131lara bilgilendirme yap\u0131yor.<\/p>\n<\/p><\/div>\n<p><script async\n                    defer\n                    crossorigin=\"anonymous\"\n                    src=\"https:\/\/connect.facebook.net\/tr_TR\/sdk.js#xfbml=1&#038;version=v3.3\"\n            ><\/script><\/p>\n","protected":false},"excerpt":{"rendered":"<p>Cumhurba\u015fkanl\u0131\u011f\u0131 Deprem Komitesi taraf\u0131ndan d\u00fczenlenen \u201cKKTC Cumhurba\u015fkanl\u0131\u011f\u0131 1. Deprem Konferans\u0131\u201d, Yak\u0131n Do\u011fu \u00dcniversitesi Atat\u00fcrk K\u00fclt\u00fcr Merkezi\u2019nde ba\u015flad\u0131. Konferansa, Cumhurba\u015fkan\u0131 Ersin Tatar, Milli E\u011fitim Bakan\u0131 Naz\u0131m \u00c7avu\u015fo\u011flu, \u015eampiyon Melekleri Ya\u015fatma Derne\u011fi Ba\u015fkan\u0131 Ru\u015fen Karakaya, T\u00fcrkiye ve KKTC\u2019den alan\u0131nda uzman akademisyenler, \u00fcniversite ve sivil toplum \u00f6rg\u00fctleri temsilcileri, arama-kurtarma ekipleri ile askeri ve polis yetkilileri kat\u0131ld\u0131. K\u0131br\u0131s\u2019ta ge\u00e7mi\u015fte<\/p>\n","protected":false},"author":1,"featured_media":77122,"comment_status":"open","ping_status":"open","sticky":false,"template":"","format":"standard","meta":{"footnotes":""},"categories":[81,101],"tags":[],"class_list":["post-77121","post","type-post","status-publish","format-standard","has-post-thumbnail","hentry","category-kibris","category-manset"],"yoast_head":"<!-- This site is optimized with the Yoast SEO plugin v27.4 - https:\/\/yoast.com\/product\/yoast-seo-wordpress\/ -->\n<title>\u201cKKTC Cumhurba\u015fkanl\u0131\u011f\u0131 1. Deprem Konferans\u0131\u201d ba\u015flad\u0131 -<\/title>\n<meta name=\"robots\" content=\"index, follow, max-snippet:-1, max-image-preview:large, max-video-preview:-1\" \/>\n<link rel=\"canonical\" href=\"https:\/\/kibrisdakik.com\/?p=77121\" \/>\n<meta property=\"og:locale\" content=\"tr_TR\" \/>\n<meta property=\"og:type\" content=\"article\" \/>\n<meta property=\"og:title\" content=\"\u201cKKTC Cumhurba\u015fkanl\u0131\u011f\u0131 1. Deprem Konferans\u0131\u201d ba\u015flad\u0131 -\" \/>\n<meta property=\"og:description\" content=\"Cumhurba\u015fkanl\u0131\u011f\u0131 Deprem Komitesi taraf\u0131ndan d\u00fczenlenen \u201cKKTC Cumhurba\u015fkanl\u0131\u011f\u0131 1. Deprem Konferans\u0131\u201d, Yak\u0131n Do\u011fu \u00dcniversitesi Atat\u00fcrk K\u00fclt\u00fcr Merkezi\u2019nde ba\u015flad\u0131. Konferansa, Cumhurba\u015fkan\u0131 Ersin Tatar, Milli E\u011fitim Bakan\u0131 Naz\u0131m \u00c7avu\u015fo\u011flu, \u015eampiyon Melekleri Ya\u015fatma Derne\u011fi Ba\u015fkan\u0131 Ru\u015fen Karakaya, T\u00fcrkiye ve KKTC\u2019den alan\u0131nda uzman akademisyenler, \u00fcniversite ve sivil toplum \u00f6rg\u00fctleri temsilcileri, arama-kurtarma ekipleri ile askeri ve polis yetkilileri kat\u0131ld\u0131. K\u0131br\u0131s\u2019ta ge\u00e7mi\u015fte\" \/>\n<meta property=\"og:url\" content=\"https:\/\/kibrisdakik.com\/?p=77121\" \/>\n<meta property=\"article:published_time\" content=\"2025-03-06T09:23:18+00:00\" \/>\n<meta property=\"og:image\" content=\"https:\/\/kibrisdakik.com\/wp-content\/uploads\/2025\/03\/ddddddddddddddddddddddddddddd-740x420.jpg\" \/>\n\t<meta property=\"og:image:width\" content=\"1300\" \/>\n\t<meta property=\"og:image:height\" content=\"701\" \/>\n\t<meta property=\"og:image:type\" content=\"image\/jpeg\" \/>\n<meta name=\"author\" content=\"admin\" \/>\n<meta name=\"twitter:card\" content=\"summary_large_image\" \/>\n<meta name=\"twitter:label1\" content=\"Yazan:\" \/>\n\t<meta name=\"twitter:data1\" content=\"admin\" \/>\n\t<meta name=\"twitter:label2\" content=\"Tahmini okuma s\u00fcresi\" \/>\n\t<meta name=\"twitter:data2\" content=\"1 dakika\" \/>\n<script type=\"application\/ld+json\" class=\"yoast-schema-graph\">{\"@context\":\"https:\\\/\\\/schema.org\",\"@graph\":[{\"@type\":\"Article\",\"@id\":\"https:\\\/\\\/kibrisdakik.com\\\/?p=77121#article\",\"isPartOf\":{\"@id\":\"https:\\\/\\\/kibrisdakik.com\\\/?p=77121\"},\"author\":{\"name\":\"admin\",\"@id\":\"https:\\\/\\\/kibrisdakik.com\\\/#\\\/schema\\\/person\\\/9cd9d437bbb44f72b73ba127e06d8e79\"},\"headline\":\"\u201cKKTC Cumhurba\u015fkanl\u0131\u011f\u0131 1. Deprem Konferans\u0131\u201d ba\u015flad\u0131\",\"datePublished\":\"2025-03-06T09:23:18+00:00\",\"mainEntityOfPage\":{\"@id\":\"https:\\\/\\\/kibrisdakik.com\\\/?p=77121\"},\"wordCount\":201,\"commentCount\":0,\"image\":{\"@id\":\"https:\\\/\\\/kibrisdakik.com\\\/?p=77121#primaryimage\"},\"thumbnailUrl\":\"https:\\\/\\\/kibrisdakik.com\\\/wp-content\\\/uploads\\\/2025\\\/03\\\/ddddddddddddddddddddddddddddd-740x420.jpg\",\"articleSection\":[\"K\u0131br\u0131s\",\"Man\u015fet\"],\"inLanguage\":\"tr\",\"potentialAction\":[{\"@type\":\"CommentAction\",\"name\":\"Comment\",\"target\":[\"https:\\\/\\\/kibrisdakik.com\\\/?p=77121#respond\"]}]},{\"@type\":\"WebPage\",\"@id\":\"https:\\\/\\\/kibrisdakik.com\\\/?p=77121\",\"url\":\"https:\\\/\\\/kibrisdakik.com\\\/?p=77121\",\"name\":\"\u201cKKTC Cumhurba\u015fkanl\u0131\u011f\u0131 1. Deprem Konferans\u0131\u201d ba\u015flad\u0131 -\",\"isPartOf\":{\"@id\":\"https:\\\/\\\/kibrisdakik.com\\\/#website\"},\"primaryImageOfPage\":{\"@id\":\"https:\\\/\\\/kibrisdakik.com\\\/?p=77121#primaryimage\"},\"image\":{\"@id\":\"https:\\\/\\\/kibrisdakik.com\\\/?p=77121#primaryimage\"},\"thumbnailUrl\":\"https:\\\/\\\/kibrisdakik.com\\\/wp-content\\\/uploads\\\/2025\\\/03\\\/ddddddddddddddddddddddddddddd-740x420.jpg\",\"datePublished\":\"2025-03-06T09:23:18+00:00\",\"author\":{\"@id\":\"https:\\\/\\\/kibrisdakik.com\\\/#\\\/schema\\\/person\\\/9cd9d437bbb44f72b73ba127e06d8e79\"},\"breadcrumb\":{\"@id\":\"https:\\\/\\\/kibrisdakik.com\\\/?p=77121#breadcrumb\"},\"inLanguage\":\"tr\",\"potentialAction\":[{\"@type\":\"ReadAction\",\"target\":[\"https:\\\/\\\/kibrisdakik.com\\\/?p=77121\"]}]},{\"@type\":\"ImageObject\",\"inLanguage\":\"tr\",\"@id\":\"https:\\\/\\\/kibrisdakik.com\\\/?p=77121#primaryimage\",\"url\":\"https:\\\/\\\/kibrisdakik.com\\\/wp-content\\\/uploads\\\/2025\\\/03\\\/ddddddddddddddddddddddddddddd-740x420.jpg\",\"contentUrl\":\"https:\\\/\\\/kibrisdakik.com\\\/wp-content\\\/uploads\\\/2025\\\/03\\\/ddddddddddddddddddddddddddddd-740x420.jpg\",\"width\":1300,\"height\":701},{\"@type\":\"BreadcrumbList\",\"@id\":\"https:\\\/\\\/kibrisdakik.com\\\/?p=77121#breadcrumb\",\"itemListElement\":[{\"@type\":\"ListItem\",\"position\":1,\"name\":\"Home\",\"item\":\"https:\\\/\\\/kibrisdakik.com\\\/\"},{\"@type\":\"ListItem\",\"position\":2,\"name\":\"\u201cKKTC Cumhurba\u015fkanl\u0131\u011f\u0131 1. Deprem Konferans\u0131\u201d ba\u015flad\u0131\"}]},{\"@type\":\"WebSite\",\"@id\":\"https:\\\/\\\/kibrisdakik.com\\\/#website\",\"url\":\"https:\\\/\\\/kibrisdakik.com\\\/\",\"name\":\"\",\"description\":\"Tam vaktinde haber\",\"potentialAction\":[{\"@type\":\"SearchAction\",\"target\":{\"@type\":\"EntryPoint\",\"urlTemplate\":\"https:\\\/\\\/kibrisdakik.com\\\/?s={search_term_string}\"},\"query-input\":{\"@type\":\"PropertyValueSpecification\",\"valueRequired\":true,\"valueName\":\"search_term_string\"}}],\"inLanguage\":\"tr\"},{\"@type\":\"Person\",\"@id\":\"https:\\\/\\\/kibrisdakik.com\\\/#\\\/schema\\\/person\\\/9cd9d437bbb44f72b73ba127e06d8e79\",\"name\":\"admin\",\"image\":{\"@type\":\"ImageObject\",\"inLanguage\":\"tr\",\"@id\":\"https:\\\/\\\/secure.gravatar.com\\\/avatar\\\/ccc17943b9d660506c869530f897617f7cb1c21a4bf30023f252596d83e1f007?s=96&d=mm&r=g\",\"url\":\"https:\\\/\\\/secure.gravatar.com\\\/avatar\\\/ccc17943b9d660506c869530f897617f7cb1c21a4bf30023f252596d83e1f007?s=96&d=mm&r=g\",\"contentUrl\":\"https:\\\/\\\/secure.gravatar.com\\\/avatar\\\/ccc17943b9d660506c869530f897617f7cb1c21a4bf30023f252596d83e1f007?s=96&d=mm&r=g\",\"caption\":\"admin\"},\"sameAs\":[\"https:\\\/\\\/kibrisdakik.com\"],\"url\":\"https:\\\/\\\/kibrisdakik.com\\\/?author=1\"}]}<\/script>\n<!-- \/ Yoast SEO plugin. -->","yoast_head_json":{"title":"\u201cKKTC Cumhurba\u015fkanl\u0131\u011f\u0131 1. Deprem Konferans\u0131\u201d ba\u015flad\u0131 -","robots":{"index":"index","follow":"follow","max-snippet":"max-snippet:-1","max-image-preview":"max-image-preview:large","max-video-preview":"max-video-preview:-1"},"canonical":"https:\/\/kibrisdakik.com\/?p=77121","og_locale":"tr_TR","og_type":"article","og_title":"\u201cKKTC Cumhurba\u015fkanl\u0131\u011f\u0131 1. Deprem Konferans\u0131\u201d ba\u015flad\u0131 -","og_description":"Cumhurba\u015fkanl\u0131\u011f\u0131 Deprem Komitesi taraf\u0131ndan d\u00fczenlenen \u201cKKTC Cumhurba\u015fkanl\u0131\u011f\u0131 1. Deprem Konferans\u0131\u201d, Yak\u0131n Do\u011fu \u00dcniversitesi Atat\u00fcrk K\u00fclt\u00fcr Merkezi\u2019nde ba\u015flad\u0131. Konferansa, Cumhurba\u015fkan\u0131 Ersin Tatar, Milli E\u011fitim Bakan\u0131 Naz\u0131m \u00c7avu\u015fo\u011flu, \u015eampiyon Melekleri Ya\u015fatma Derne\u011fi Ba\u015fkan\u0131 Ru\u015fen Karakaya, T\u00fcrkiye ve KKTC\u2019den alan\u0131nda uzman akademisyenler, \u00fcniversite ve sivil toplum \u00f6rg\u00fctleri temsilcileri, arama-kurtarma ekipleri ile askeri ve polis yetkilileri kat\u0131ld\u0131. K\u0131br\u0131s\u2019ta ge\u00e7mi\u015fte","og_url":"https:\/\/kibrisdakik.com\/?p=77121","article_published_time":"2025-03-06T09:23:18+00:00","og_image":[{"width":1300,"height":701,"url":"https:\/\/kibrisdakik.com\/wp-content\/uploads\/2025\/03\/ddddddddddddddddddddddddddddd-740x420.jpg","type":"image\/jpeg"}],"author":"admin","twitter_card":"summary_large_image","twitter_misc":{"Yazan:":"admin","Tahmini okuma s\u00fcresi":"1 dakika"},"schema":{"@context":"https:\/\/schema.org","@graph":[{"@type":"Article","@id":"https:\/\/kibrisdakik.com\/?p=77121#article","isPartOf":{"@id":"https:\/\/kibrisdakik.com\/?p=77121"},"author":{"name":"admin","@id":"https:\/\/kibrisdakik.com\/#\/schema\/person\/9cd9d437bbb44f72b73ba127e06d8e79"},"headline":"\u201cKKTC Cumhurba\u015fkanl\u0131\u011f\u0131 1. Deprem Konferans\u0131\u201d ba\u015flad\u0131","datePublished":"2025-03-06T09:23:18+00:00","mainEntityOfPage":{"@id":"https:\/\/kibrisdakik.com\/?p=77121"},"wordCount":201,"commentCount":0,"image":{"@id":"https:\/\/kibrisdakik.com\/?p=77121#primaryimage"},"thumbnailUrl":"https:\/\/kibrisdakik.com\/wp-content\/uploads\/2025\/03\/ddddddddddddddddddddddddddddd-740x420.jpg","articleSection":["K\u0131br\u0131s","Man\u015fet"],"inLanguage":"tr","potentialAction":[{"@type":"CommentAction","name":"Comment","target":["https:\/\/kibrisdakik.com\/?p=77121#respond"]}]},{"@type":"WebPage","@id":"https:\/\/kibrisdakik.com\/?p=77121","url":"https:\/\/kibrisdakik.com\/?p=77121","name":"\u201cKKTC Cumhurba\u015fkanl\u0131\u011f\u0131 1. Deprem Konferans\u0131\u201d ba\u015flad\u0131 -","isPartOf":{"@id":"https:\/\/kibrisdakik.com\/#website"},"primaryImageOfPage":{"@id":"https:\/\/kibrisdakik.com\/?p=77121#primaryimage"},"image":{"@id":"https:\/\/kibrisdakik.com\/?p=77121#primaryimage"},"thumbnailUrl":"https:\/\/kibrisdakik.com\/wp-content\/uploads\/2025\/03\/ddddddddddddddddddddddddddddd-740x420.jpg","datePublished":"2025-03-06T09:23:18+00:00","author":{"@id":"https:\/\/kibrisdakik.com\/#\/schema\/person\/9cd9d437bbb44f72b73ba127e06d8e79"},"breadcrumb":{"@id":"https:\/\/kibrisdakik.com\/?p=77121#breadcrumb"},"inLanguage":"tr","potentialAction":[{"@type":"ReadAction","target":["https:\/\/kibrisdakik.com\/?p=77121"]}]},{"@type":"ImageObject","inLanguage":"tr","@id":"https:\/\/kibrisdakik.com\/?p=77121#primaryimage","url":"https:\/\/kibrisdakik.com\/wp-content\/uploads\/2025\/03\/ddddddddddddddddddddddddddddd-740x420.jpg","contentUrl":"https:\/\/kibrisdakik.com\/wp-content\/uploads\/2025\/03\/ddddddddddddddddddddddddddddd-740x420.jpg","width":1300,"height":701},{"@type":"BreadcrumbList","@id":"https:\/\/kibrisdakik.com\/?p=77121#breadcrumb","itemListElement":[{"@type":"ListItem","position":1,"name":"Home","item":"https:\/\/kibrisdakik.com\/"},{"@type":"ListItem","position":2,"name":"\u201cKKTC Cumhurba\u015fkanl\u0131\u011f\u0131 1. Deprem Konferans\u0131\u201d ba\u015flad\u0131"}]},{"@type":"WebSite","@id":"https:\/\/kibrisdakik.com\/#website","url":"https:\/\/kibrisdakik.com\/","name":"","description":"Tam vaktinde haber","potentialAction":[{"@type":"SearchAction","target":{"@type":"EntryPoint","urlTemplate":"https:\/\/kibrisdakik.com\/?s={search_term_string}"},"query-input":{"@type":"PropertyValueSpecification","valueRequired":true,"valueName":"search_term_string"}}],"inLanguage":"tr"},{"@type":"Person","@id":"https:\/\/kibrisdakik.com\/#\/schema\/person\/9cd9d437bbb44f72b73ba127e06d8e79","name":"admin","image":{"@type":"ImageObject","inLanguage":"tr","@id":"https:\/\/secure.gravatar.com\/avatar\/ccc17943b9d660506c869530f897617f7cb1c21a4bf30023f252596d83e1f007?s=96&d=mm&r=g","url":"https:\/\/secure.gravatar.com\/avatar\/ccc17943b9d660506c869530f897617f7cb1c21a4bf30023f252596d83e1f007?s=96&d=mm&r=g","contentUrl":"https:\/\/secure.gravatar.com\/avatar\/ccc17943b9d660506c869530f897617f7cb1c21a4bf30023f252596d83e1f007?s=96&d=mm&r=g","caption":"admin"},"sameAs":["https:\/\/kibrisdakik.com"],"url":"https:\/\/kibrisdakik.com\/?author=1"}]}},"_links":{"self":[{"href":"https:\/\/kibrisdakik.com\/index.php?rest_route=\/wp\/v2\/posts\/77121","targetHints":{"allow":["GET"]}}],"collection":[{"href":"https:\/\/kibrisdakik.com\/index.php?rest_route=\/wp\/v2\/posts"}],"about":[{"href":"https:\/\/kibrisdakik.com\/index.php?rest_route=\/wp\/v2\/types\/post"}],"author":[{"embeddable":true,"href":"https:\/\/kibrisdakik.com\/index.php?rest_route=\/wp\/v2\/users\/1"}],"replies":[{"embeddable":true,"href":"https:\/\/kibrisdakik.com\/index.php?rest_route=%2Fwp%2Fv2%2Fcomments&post=77121"}],"version-history":[{"count":0,"href":"https:\/\/kibrisdakik.com\/index.php?rest_route=\/wp\/v2\/posts\/77121\/revisions"}],"wp:featuredmedia":[{"embeddable":true,"href":"https:\/\/kibrisdakik.com\/index.php?rest_route=\/wp\/v2\/media\/77122"}],"wp:attachment":[{"href":"https:\/\/kibrisdakik.com\/index.php?rest_route=%2Fwp%2Fv2%2Fmedia&parent=77121"}],"wp:term":[{"taxonomy":"category","embeddable":true,"href":"https:\/\/kibrisdakik.com\/index.php?rest_route=%2Fwp%2Fv2%2Fcategories&post=77121"},{"taxonomy":"post_tag","embeddable":true,"href":"https:\/\/kibrisdakik.com\/index.php?rest_route=%2Fwp%2Fv2%2Ftags&post=77121"}],"curies":[{"name":"wp","href":"https:\/\/api.w.org\/{rel}","templated":true}]}}