{"id":77125,"date":"2025-03-06T12:36:31","date_gmt":"2025-03-06T09:36:31","guid":{"rendered":"https:\/\/kibrisdakik.com\/index.php\/2025\/03\/06\/ktukd-kadinlarin-sorunlarina-kisa-ve-uzun-sureli-planlamalarla-acil-cozumler-getirilmesini-istedi\/"},"modified":"2025-03-06T12:36:31","modified_gmt":"2025-03-06T09:36:31","slug":"ktukd-kadinlarin-sorunlarina-kisa-ve-uzun-sureli-planlamalarla-acil-cozumler-getirilmesini-istedi","status":"publish","type":"post","link":"https:\/\/kibrisdakik.com\/?p=77125","title":{"rendered":"KT\u00dcKD, kad\u0131nlar\u0131n sorunlar\u0131na k\u0131sa ve uzun s\u00fcreli planlamalarla acil \u00e7\u00f6z\u00fcmler getirilmesini istedi"},"content":{"rendered":"<div>\n<div class=\"mariselle-image-container center\">\n                                            <\/div>\n<p>K\u0131br\u0131s T\u00fcrk \u00dcniversiteli Kad\u0131nlar Derne\u011fi (KT\u00dcKD), Cumhuriyet Meclisi\u2019ne ve Bakanlar Kurulu \u00fcyelerine, kad\u0131nlar\u0131n sorunlar\u0131na k\u0131sa ve uzun s\u00fcreli planlamalarla acil \u00e7\u00f6z\u00fcmler getirilmesi \u00e7a\u011fr\u0131s\u0131nda bulundu.<\/p>\n<p>\u00dclkede kad\u0131nlar\u0131n \u015fiddete maruz kalmas\u0131 ve kad\u0131n cinayetleri yan\u0131nda, i\u015f g\u00fcc\u00fcne kat\u0131l\u0131m\u0131ndaki f\u0131rsat e\u015fitsizli\u011finin artarak devam etti\u011fine i\u015faret eden dernek, istatistiklerin de \u00fclkede ka\u00e7ak ya\u015fam\u0131n \u00e7ok artt\u0131\u011f\u0131n\u0131, bu y\u00fczden genelde insan ve a\u011f\u0131rl\u0131kl\u0131 olarak da kad\u0131n ticaretinin kontrol edilemez boyutlara ula\u015ft\u0131\u011f\u0131n\u0131 g\u00f6sterdi\u011fini kaydetti.<\/p>\n<p>KT\u00dcKD Ba\u015fkan\u0131 G\u00fclden Pl\u00fcmer K\u00fc\u00e7\u00fck, 8 Mart D\u00fcnya Kad\u0131nlar G\u00fcn\u00fc nedeniyle yay\u0131mlad\u0131\u011f\u0131 bas\u0131n a\u00e7\u0131klamas\u0131nda, \u00fclkedeki sekt\u00f6rel bozukluklar, ekonomik s\u0131k\u0131nt\u0131lar ve denetimsizli\u011fin \u00f6ncelikle kad\u0131nlar\u0131 olumsuz etkiledi\u011fini vurgulad\u0131.<\/p>\n<p>Bu cinsiyet ayr\u0131mc\u0131l\u0131\u011f\u0131n\u0131n, gerek KT\u00dcKD\u2019nin gerekse di\u011fer dernek ve kurulu\u015flar taraf\u0131ndan yap\u0131lan ara\u015ft\u0131rmalar sonucunda defalarca ortaya konuldu\u011funu kaydeden K\u00fc\u00e7\u00fck, \u201cToplumla payla\u015f\u0131lan ve otoritelere sunulan bu raporlar\u0131n, karar vericiler ve \u00f6zellikle siyasi partiler taraf\u0131ndan stratejik planlamalarda g\u00f6z ard\u0131 edildi\u011fi g\u00f6zlemlenmektedir. 8 Mart dolay\u0131s\u0131 ile yap\u0131lacak bir ka\u00e7 kutlama veya bo\u015funa verilen s\u00f6zlerin bozuk giden d\u00fczeni olumlu y\u00f6nde etkileme konusunda hi\u00e7 bir aktif etkisi olmad\u0131\u011f\u0131 kanaatindeyiz.\u201d dedi.<\/p>\n<p>G\u00fclden Pl\u00fcmer K\u00fc\u00e7\u00fck, a\u00e7\u0131klamas\u0131nda \u201c\u00dclkemizde kad\u0131nlar\u0131n \u015fiddete maruz kalmas\u0131 ve kad\u0131n cinayetleri yan\u0131nda, kad\u0131nlar\u0131n i\u015f g\u00fcc\u00fcne kat\u0131l\u0131m\u0131ndaki f\u0131rsat e\u015fitsizli\u011fi maalesef artarak devam etmektedir.\u201d ifadelerine de yer vererek kad\u0131nlar\u0131n kar\u015f\u0131la\u015ft\u0131\u011f\u0131 sorunlar\u0131 \u015f\u00f6yle s\u0131ralad\u0131:<\/p>\n<p>\u201cBunlar\u0131n yan\u0131nda kad\u0131na i\u015f hayat\u0131nda f\u0131rsat e\u015fitli\u011fi yaratacak devlet kre\u015f ve okullar\u0131n\u0131n yetersiz ve k\u00f6t\u00fc ko\u015fullar\u0131, maa\u015f farkl\u0131l\u0131klar\u0131, azalan i\u015f g\u00fcc\u00fc piyasas\u0131nda ilk olarak kad\u0131nlar\u0131n i\u015ften durdurulmas\u0131 kad\u0131nlar i\u00e7in b\u00fcy\u00fck dezavantajlard\u0131r. Bunun yan\u0131nda kad\u0131nlar\u0131n \u00fccretle ifade edilmeyen ev i\u015fleri, ya\u015fl\u0131 ve \u00e7ocuk bak\u0131m\u0131 yaparak kendisine bu rol modelinin uygun g\u00f6r\u00fclmesi kabul edilemez.\u201d<\/p>\n<p>\u0130statistiksel rakamlar\u0131n, \u00fclkede ka\u00e7ak ya\u015fam\u0131n \u00e7ok artt\u0131\u011f\u0131n\u0131, bundan dolay\u0131 genelde insan ve a\u011f\u0131rl\u0131kl\u0131 olarak kad\u0131n ticaretinin kontrol edilemez boyutlara ula\u015ft\u0131\u011f\u0131n\u0131 g\u00f6sterdi\u011fini belirten K\u00fc\u00e7\u00fck, ge\u00e7tiimiz g\u00fcnlerde bir gece kul\u00fcb\u00fcnde ya\u015fanan trajik intihar olay\u0131n\u0131n, kad\u0131n ticaretinin boyutlar\u0131na \u00f6nemli bir \u00f6rnek oldu\u011funa i\u015faret etti.<\/p>\n<p>K\u00fc\u00e7\u00fck, \u201cN\u00fcfusumuzun belirsizli\u011fi, \u00fclkemizde kad\u0131nlar ve \u00fclke i\u00e7in k\u0131sa veya uzun vadeli stratejik planlama yapmaya, sa\u011fl\u0131kl\u0131 ve do\u011fru verilere ula\u015fmaya engel olmaktad\u0131r.\u201d diyerek 8 Mart dolay\u0131s\u0131yla Meclis\u2019e ve Meclise ve Bakanlar Kurulu \u00fcyelerine, belirttikleri t\u00fcm bu sorunlara k\u0131sa ve uzun s\u00fcreli planlama ile acil \u00e7\u00f6z\u00fcmler getirmesi \u00e7a\u011fr\u0131s\u0131 yapt\u0131.<\/p>\n<\/p><\/div>\n<p><script async\n                    defer\n                    crossorigin=\"anonymous\"\n                    src=\"https:\/\/connect.facebook.net\/tr_TR\/sdk.js#xfbml=1&#038;version=v3.3\"\n            ><\/script><\/p>\n","protected":false},"excerpt":{"rendered":"<p>K\u0131br\u0131s T\u00fcrk \u00dcniversiteli Kad\u0131nlar Derne\u011fi (KT\u00dcKD), Cumhuriyet Meclisi\u2019ne ve Bakanlar Kurulu \u00fcyelerine, kad\u0131nlar\u0131n sorunlar\u0131na k\u0131sa ve uzun s\u00fcreli planlamalarla acil \u00e7\u00f6z\u00fcmler getirilmesi \u00e7a\u011fr\u0131s\u0131nda bulundu. \u00dclkede kad\u0131nlar\u0131n \u015fiddete maruz kalmas\u0131 ve kad\u0131n cinayetleri yan\u0131nda, i\u015f g\u00fcc\u00fcne kat\u0131l\u0131m\u0131ndaki f\u0131rsat e\u015fitsizli\u011finin artarak devam etti\u011fine i\u015faret eden dernek, istatistiklerin de \u00fclkede ka\u00e7ak ya\u015fam\u0131n \u00e7ok artt\u0131\u011f\u0131n\u0131, bu y\u00fczden genelde insan<\/p>\n","protected":false},"author":1,"featured_media":77126,"comment_status":"open","ping_status":"open","sticky":false,"template":"","format":"standard","meta":{"footnotes":""},"categories":[81,101],"tags":[],"class_list":["post-77125","post","type-post","status-publish","format-standard","has-post-thumbnail","hentry","category-kibris","category-manset"],"yoast_head":"<!-- This site is optimized with the Yoast SEO plugin v27.5 - https:\/\/yoast.com\/product\/yoast-seo-wordpress\/ -->\n<title>KT\u00dcKD, kad\u0131nlar\u0131n sorunlar\u0131na k\u0131sa ve uzun s\u00fcreli planlamalarla acil \u00e7\u00f6z\u00fcmler getirilmesini istedi -<\/title>\n<meta name=\"robots\" content=\"index, follow, max-snippet:-1, max-image-preview:large, max-video-preview:-1\" \/>\n<link rel=\"canonical\" href=\"https:\/\/kibrisdakik.com\/?p=77125\" \/>\n<meta property=\"og:locale\" content=\"tr_TR\" \/>\n<meta property=\"og:type\" content=\"article\" \/>\n<meta property=\"og:title\" content=\"KT\u00dcKD, kad\u0131nlar\u0131n sorunlar\u0131na k\u0131sa ve uzun s\u00fcreli planlamalarla acil \u00e7\u00f6z\u00fcmler getirilmesini istedi -\" \/>\n<meta property=\"og:description\" content=\"K\u0131br\u0131s T\u00fcrk \u00dcniversiteli Kad\u0131nlar Derne\u011fi (KT\u00dcKD), Cumhuriyet Meclisi\u2019ne ve Bakanlar Kurulu \u00fcyelerine, kad\u0131nlar\u0131n sorunlar\u0131na k\u0131sa ve uzun s\u00fcreli planlamalarla acil \u00e7\u00f6z\u00fcmler getirilmesi \u00e7a\u011fr\u0131s\u0131nda bulundu. \u00dclkede kad\u0131nlar\u0131n \u015fiddete maruz kalmas\u0131 ve kad\u0131n cinayetleri yan\u0131nda, i\u015f g\u00fcc\u00fcne kat\u0131l\u0131m\u0131ndaki f\u0131rsat e\u015fitsizli\u011finin artarak devam etti\u011fine i\u015faret eden dernek, istatistiklerin de \u00fclkede ka\u00e7ak ya\u015fam\u0131n \u00e7ok artt\u0131\u011f\u0131n\u0131, bu y\u00fczden genelde insan\" \/>\n<meta property=\"og:url\" content=\"https:\/\/kibrisdakik.com\/?p=77125\" \/>\n<meta property=\"article:published_time\" content=\"2025-03-06T09:36:31+00:00\" \/>\n<meta property=\"og:image\" content=\"https:\/\/kibrisdakik.com\/wp-content\/uploads\/2025\/03\/gulden-plumer-740x420.jpg\" \/>\n\t<meta property=\"og:image:width\" content=\"1654\" \/>\n\t<meta property=\"og:image:height\" content=\"1098\" \/>\n\t<meta property=\"og:image:type\" content=\"image\/jpeg\" \/>\n<meta name=\"author\" content=\"admin\" \/>\n<meta name=\"twitter:card\" content=\"summary_large_image\" \/>\n<meta name=\"twitter:label1\" content=\"Yazan:\" \/>\n\t<meta name=\"twitter:data1\" content=\"admin\" \/>\n\t<meta name=\"twitter:label2\" content=\"Tahmini okuma s\u00fcresi\" \/>\n\t<meta name=\"twitter:data2\" content=\"3 dakika\" \/>\n<script type=\"application\/ld+json\" class=\"yoast-schema-graph\">{\"@context\":\"https:\\\/\\\/schema.org\",\"@graph\":[{\"@type\":\"Article\",\"@id\":\"https:\\\/\\\/kibrisdakik.com\\\/?p=77125#article\",\"isPartOf\":{\"@id\":\"https:\\\/\\\/kibrisdakik.com\\\/?p=77125\"},\"author\":{\"name\":\"admin\",\"@id\":\"https:\\\/\\\/kibrisdakik.com\\\/#\\\/schema\\\/person\\\/9cd9d437bbb44f72b73ba127e06d8e79\"},\"headline\":\"KT\u00dcKD, kad\u0131nlar\u0131n sorunlar\u0131na k\u0131sa ve uzun s\u00fcreli planlamalarla acil \u00e7\u00f6z\u00fcmler getirilmesini istedi\",\"datePublished\":\"2025-03-06T09:36:31+00:00\",\"mainEntityOfPage\":{\"@id\":\"https:\\\/\\\/kibrisdakik.com\\\/?p=77125\"},\"wordCount\":533,\"commentCount\":0,\"image\":{\"@id\":\"https:\\\/\\\/kibrisdakik.com\\\/?p=77125#primaryimage\"},\"thumbnailUrl\":\"https:\\\/\\\/kibrisdakik.com\\\/wp-content\\\/uploads\\\/2025\\\/03\\\/gulden-plumer-740x420.jpg\",\"articleSection\":[\"K\u0131br\u0131s\",\"Man\u015fet\"],\"inLanguage\":\"tr\",\"potentialAction\":[{\"@type\":\"CommentAction\",\"name\":\"Comment\",\"target\":[\"https:\\\/\\\/kibrisdakik.com\\\/?p=77125#respond\"]}]},{\"@type\":\"WebPage\",\"@id\":\"https:\\\/\\\/kibrisdakik.com\\\/?p=77125\",\"url\":\"https:\\\/\\\/kibrisdakik.com\\\/?p=77125\",\"name\":\"KT\u00dcKD, kad\u0131nlar\u0131n sorunlar\u0131na k\u0131sa ve uzun s\u00fcreli planlamalarla acil \u00e7\u00f6z\u00fcmler getirilmesini istedi -\",\"isPartOf\":{\"@id\":\"https:\\\/\\\/kibrisdakik.com\\\/#website\"},\"primaryImageOfPage\":{\"@id\":\"https:\\\/\\\/kibrisdakik.com\\\/?p=77125#primaryimage\"},\"image\":{\"@id\":\"https:\\\/\\\/kibrisdakik.com\\\/?p=77125#primaryimage\"},\"thumbnailUrl\":\"https:\\\/\\\/kibrisdakik.com\\\/wp-content\\\/uploads\\\/2025\\\/03\\\/gulden-plumer-740x420.jpg\",\"datePublished\":\"2025-03-06T09:36:31+00:00\",\"author\":{\"@id\":\"https:\\\/\\\/kibrisdakik.com\\\/#\\\/schema\\\/person\\\/9cd9d437bbb44f72b73ba127e06d8e79\"},\"breadcrumb\":{\"@id\":\"https:\\\/\\\/kibrisdakik.com\\\/?p=77125#breadcrumb\"},\"inLanguage\":\"tr\",\"potentialAction\":[{\"@type\":\"ReadAction\",\"target\":[\"https:\\\/\\\/kibrisdakik.com\\\/?p=77125\"]}]},{\"@type\":\"ImageObject\",\"inLanguage\":\"tr\",\"@id\":\"https:\\\/\\\/kibrisdakik.com\\\/?p=77125#primaryimage\",\"url\":\"https:\\\/\\\/kibrisdakik.com\\\/wp-content\\\/uploads\\\/2025\\\/03\\\/gulden-plumer-740x420.jpg\",\"contentUrl\":\"https:\\\/\\\/kibrisdakik.com\\\/wp-content\\\/uploads\\\/2025\\\/03\\\/gulden-plumer-740x420.jpg\",\"width\":1654,\"height\":1098},{\"@type\":\"BreadcrumbList\",\"@id\":\"https:\\\/\\\/kibrisdakik.com\\\/?p=77125#breadcrumb\",\"itemListElement\":[{\"@type\":\"ListItem\",\"position\":1,\"name\":\"Home\",\"item\":\"https:\\\/\\\/kibrisdakik.com\\\/\"},{\"@type\":\"ListItem\",\"position\":2,\"name\":\"KT\u00dcKD, kad\u0131nlar\u0131n sorunlar\u0131na k\u0131sa ve uzun s\u00fcreli planlamalarla acil \u00e7\u00f6z\u00fcmler getirilmesini istedi\"}]},{\"@type\":\"WebSite\",\"@id\":\"https:\\\/\\\/kibrisdakik.com\\\/#website\",\"url\":\"https:\\\/\\\/kibrisdakik.com\\\/\",\"name\":\"\",\"description\":\"Tam vaktinde haber\",\"potentialAction\":[{\"@type\":\"SearchAction\",\"target\":{\"@type\":\"EntryPoint\",\"urlTemplate\":\"https:\\\/\\\/kibrisdakik.com\\\/?s={search_term_string}\"},\"query-input\":{\"@type\":\"PropertyValueSpecification\",\"valueRequired\":true,\"valueName\":\"search_term_string\"}}],\"inLanguage\":\"tr\"},{\"@type\":\"Person\",\"@id\":\"https:\\\/\\\/kibrisdakik.com\\\/#\\\/schema\\\/person\\\/9cd9d437bbb44f72b73ba127e06d8e79\",\"name\":\"admin\",\"image\":{\"@type\":\"ImageObject\",\"inLanguage\":\"tr\",\"@id\":\"https:\\\/\\\/secure.gravatar.com\\\/avatar\\\/ccc17943b9d660506c869530f897617f7cb1c21a4bf30023f252596d83e1f007?s=96&d=mm&r=g\",\"url\":\"https:\\\/\\\/secure.gravatar.com\\\/avatar\\\/ccc17943b9d660506c869530f897617f7cb1c21a4bf30023f252596d83e1f007?s=96&d=mm&r=g\",\"contentUrl\":\"https:\\\/\\\/secure.gravatar.com\\\/avatar\\\/ccc17943b9d660506c869530f897617f7cb1c21a4bf30023f252596d83e1f007?s=96&d=mm&r=g\",\"caption\":\"admin\"},\"sameAs\":[\"https:\\\/\\\/kibrisdakik.com\"],\"url\":\"https:\\\/\\\/kibrisdakik.com\\\/?author=1\"}]}<\/script>\n<!-- \/ Yoast SEO plugin. -->","yoast_head_json":{"title":"KT\u00dcKD, kad\u0131nlar\u0131n sorunlar\u0131na k\u0131sa ve uzun s\u00fcreli planlamalarla acil \u00e7\u00f6z\u00fcmler getirilmesini istedi -","robots":{"index":"index","follow":"follow","max-snippet":"max-snippet:-1","max-image-preview":"max-image-preview:large","max-video-preview":"max-video-preview:-1"},"canonical":"https:\/\/kibrisdakik.com\/?p=77125","og_locale":"tr_TR","og_type":"article","og_title":"KT\u00dcKD, kad\u0131nlar\u0131n sorunlar\u0131na k\u0131sa ve uzun s\u00fcreli planlamalarla acil \u00e7\u00f6z\u00fcmler getirilmesini istedi -","og_description":"K\u0131br\u0131s T\u00fcrk \u00dcniversiteli Kad\u0131nlar Derne\u011fi (KT\u00dcKD), Cumhuriyet Meclisi\u2019ne ve Bakanlar Kurulu \u00fcyelerine, kad\u0131nlar\u0131n sorunlar\u0131na k\u0131sa ve uzun s\u00fcreli planlamalarla acil \u00e7\u00f6z\u00fcmler getirilmesi \u00e7a\u011fr\u0131s\u0131nda bulundu. \u00dclkede kad\u0131nlar\u0131n \u015fiddete maruz kalmas\u0131 ve kad\u0131n cinayetleri yan\u0131nda, i\u015f g\u00fcc\u00fcne kat\u0131l\u0131m\u0131ndaki f\u0131rsat e\u015fitsizli\u011finin artarak devam etti\u011fine i\u015faret eden dernek, istatistiklerin de \u00fclkede ka\u00e7ak ya\u015fam\u0131n \u00e7ok artt\u0131\u011f\u0131n\u0131, bu y\u00fczden genelde insan","og_url":"https:\/\/kibrisdakik.com\/?p=77125","article_published_time":"2025-03-06T09:36:31+00:00","og_image":[{"width":1654,"height":1098,"url":"https:\/\/kibrisdakik.com\/wp-content\/uploads\/2025\/03\/gulden-plumer-740x420.jpg","type":"image\/jpeg"}],"author":"admin","twitter_card":"summary_large_image","twitter_misc":{"Yazan:":"admin","Tahmini okuma s\u00fcresi":"3 dakika"},"schema":{"@context":"https:\/\/schema.org","@graph":[{"@type":"Article","@id":"https:\/\/kibrisdakik.com\/?p=77125#article","isPartOf":{"@id":"https:\/\/kibrisdakik.com\/?p=77125"},"author":{"name":"admin","@id":"https:\/\/kibrisdakik.com\/#\/schema\/person\/9cd9d437bbb44f72b73ba127e06d8e79"},"headline":"KT\u00dcKD, kad\u0131nlar\u0131n sorunlar\u0131na k\u0131sa ve uzun s\u00fcreli planlamalarla acil \u00e7\u00f6z\u00fcmler getirilmesini istedi","datePublished":"2025-03-06T09:36:31+00:00","mainEntityOfPage":{"@id":"https:\/\/kibrisdakik.com\/?p=77125"},"wordCount":533,"commentCount":0,"image":{"@id":"https:\/\/kibrisdakik.com\/?p=77125#primaryimage"},"thumbnailUrl":"https:\/\/kibrisdakik.com\/wp-content\/uploads\/2025\/03\/gulden-plumer-740x420.jpg","articleSection":["K\u0131br\u0131s","Man\u015fet"],"inLanguage":"tr","potentialAction":[{"@type":"CommentAction","name":"Comment","target":["https:\/\/kibrisdakik.com\/?p=77125#respond"]}]},{"@type":"WebPage","@id":"https:\/\/kibrisdakik.com\/?p=77125","url":"https:\/\/kibrisdakik.com\/?p=77125","name":"KT\u00dcKD, kad\u0131nlar\u0131n sorunlar\u0131na k\u0131sa ve uzun s\u00fcreli planlamalarla acil \u00e7\u00f6z\u00fcmler getirilmesini istedi -","isPartOf":{"@id":"https:\/\/kibrisdakik.com\/#website"},"primaryImageOfPage":{"@id":"https:\/\/kibrisdakik.com\/?p=77125#primaryimage"},"image":{"@id":"https:\/\/kibrisdakik.com\/?p=77125#primaryimage"},"thumbnailUrl":"https:\/\/kibrisdakik.com\/wp-content\/uploads\/2025\/03\/gulden-plumer-740x420.jpg","datePublished":"2025-03-06T09:36:31+00:00","author":{"@id":"https:\/\/kibrisdakik.com\/#\/schema\/person\/9cd9d437bbb44f72b73ba127e06d8e79"},"breadcrumb":{"@id":"https:\/\/kibrisdakik.com\/?p=77125#breadcrumb"},"inLanguage":"tr","potentialAction":[{"@type":"ReadAction","target":["https:\/\/kibrisdakik.com\/?p=77125"]}]},{"@type":"ImageObject","inLanguage":"tr","@id":"https:\/\/kibrisdakik.com\/?p=77125#primaryimage","url":"https:\/\/kibrisdakik.com\/wp-content\/uploads\/2025\/03\/gulden-plumer-740x420.jpg","contentUrl":"https:\/\/kibrisdakik.com\/wp-content\/uploads\/2025\/03\/gulden-plumer-740x420.jpg","width":1654,"height":1098},{"@type":"BreadcrumbList","@id":"https:\/\/kibrisdakik.com\/?p=77125#breadcrumb","itemListElement":[{"@type":"ListItem","position":1,"name":"Home","item":"https:\/\/kibrisdakik.com\/"},{"@type":"ListItem","position":2,"name":"KT\u00dcKD, kad\u0131nlar\u0131n sorunlar\u0131na k\u0131sa ve uzun s\u00fcreli planlamalarla acil \u00e7\u00f6z\u00fcmler getirilmesini istedi"}]},{"@type":"WebSite","@id":"https:\/\/kibrisdakik.com\/#website","url":"https:\/\/kibrisdakik.com\/","name":"","description":"Tam vaktinde haber","potentialAction":[{"@type":"SearchAction","target":{"@type":"EntryPoint","urlTemplate":"https:\/\/kibrisdakik.com\/?s={search_term_string}"},"query-input":{"@type":"PropertyValueSpecification","valueRequired":true,"valueName":"search_term_string"}}],"inLanguage":"tr"},{"@type":"Person","@id":"https:\/\/kibrisdakik.com\/#\/schema\/person\/9cd9d437bbb44f72b73ba127e06d8e79","name":"admin","image":{"@type":"ImageObject","inLanguage":"tr","@id":"https:\/\/secure.gravatar.com\/avatar\/ccc17943b9d660506c869530f897617f7cb1c21a4bf30023f252596d83e1f007?s=96&d=mm&r=g","url":"https:\/\/secure.gravatar.com\/avatar\/ccc17943b9d660506c869530f897617f7cb1c21a4bf30023f252596d83e1f007?s=96&d=mm&r=g","contentUrl":"https:\/\/secure.gravatar.com\/avatar\/ccc17943b9d660506c869530f897617f7cb1c21a4bf30023f252596d83e1f007?s=96&d=mm&r=g","caption":"admin"},"sameAs":["https:\/\/kibrisdakik.com"],"url":"https:\/\/kibrisdakik.com\/?author=1"}]}},"_links":{"self":[{"href":"https:\/\/kibrisdakik.com\/index.php?rest_route=\/wp\/v2\/posts\/77125","targetHints":{"allow":["GET"]}}],"collection":[{"href":"https:\/\/kibrisdakik.com\/index.php?rest_route=\/wp\/v2\/posts"}],"about":[{"href":"https:\/\/kibrisdakik.com\/index.php?rest_route=\/wp\/v2\/types\/post"}],"author":[{"embeddable":true,"href":"https:\/\/kibrisdakik.com\/index.php?rest_route=\/wp\/v2\/users\/1"}],"replies":[{"embeddable":true,"href":"https:\/\/kibrisdakik.com\/index.php?rest_route=%2Fwp%2Fv2%2Fcomments&post=77125"}],"version-history":[{"count":0,"href":"https:\/\/kibrisdakik.com\/index.php?rest_route=\/wp\/v2\/posts\/77125\/revisions"}],"wp:featuredmedia":[{"embeddable":true,"href":"https:\/\/kibrisdakik.com\/index.php?rest_route=\/wp\/v2\/media\/77126"}],"wp:attachment":[{"href":"https:\/\/kibrisdakik.com\/index.php?rest_route=%2Fwp%2Fv2%2Fmedia&parent=77125"}],"wp:term":[{"taxonomy":"category","embeddable":true,"href":"https:\/\/kibrisdakik.com\/index.php?rest_route=%2Fwp%2Fv2%2Fcategories&post=77125"},{"taxonomy":"post_tag","embeddable":true,"href":"https:\/\/kibrisdakik.com\/index.php?rest_route=%2Fwp%2Fv2%2Ftags&post=77125"}],"curies":[{"name":"wp","href":"https:\/\/api.w.org\/{rel}","templated":true}]}}