{"id":77141,"date":"2025-03-06T16:10:20","date_gmt":"2025-03-06T13:10:20","guid":{"rendered":"https:\/\/kibrisdakik.com\/index.php\/2025\/03\/06\/8-mart-organizasyon-komitesi-cumartesi-gunu-duzenlenecek-eyleme-katilim-cagrisi-yapti\/"},"modified":"2025-03-06T16:10:20","modified_gmt":"2025-03-06T13:10:20","slug":"8-mart-organizasyon-komitesi-cumartesi-gunu-duzenlenecek-eyleme-katilim-cagrisi-yapti","status":"publish","type":"post","link":"https:\/\/kibrisdakik.com\/?p=77141","title":{"rendered":"\u201c8 Mart Organizasyon Komitesi\u201d cumartesi g\u00fcn\u00fc d\u00fczenlenecek eyleme kat\u0131l\u0131m \u00e7a\u011fr\u0131s\u0131 yapt\u0131"},"content":{"rendered":"<div>\n<div class=\"mariselle-image-container none\">\n                                            <\/div>\n<p style=\"font-weight: 300;\"><span style=\"font-weight: 300 !important;\">8 Mart Organizasyon Komitesi, t\u00fcm halk\u0131 8 Mart Cumartesi g\u00fcn\u00fc saat 15.00\u2019te Lefko\u015fa Kumsal Park\u2019ta \u201cS\u00f6m\u00fcr\u00fcye Kar\u015f\u0131 \u0130natla, Bar\u0131\u015fa Do\u011fru Umutla\u201d slogan\u0131yla d\u00fczenlenecek eyleme kat\u0131lmaya \u00e7a\u011f\u0131rd\u0131.<\/span><\/p>\n<p style=\"font-weight: 300;\"><span style=\"font-weight: 300 !important;\">Komite bug\u00fcn KTOE\u00d6S Lefko\u015fa Merkez Binas\u0131nda bas\u0131n toplant\u0131s\u0131 d\u00fczenledi.<\/span><\/p>\n<p style=\"font-weight: 300;\"><span style=\"font-weight: 300 !important;\">Bas\u0131n toplant\u0131s\u0131nda, 8 Mart Organizasyon Komitesi \u00fcyeleri; Ba\u011f\u0131ms\u0131zl\u0131k Yolu ad\u0131na Cansu Nazl\u0131, K\u0131br\u0131s T\u00fcrk Orta E\u011fitim \u00d6\u011fretmenler Sendikas\u0131 (KTOE\u00d6S) ad\u0131na \u00c7ilen Ulusoy, K\u0131br\u0131s T\u00fcrk Amme Memurlar\u0131 Sendikas\u0131 ad\u0131na \u00dclfet Kral ve Kad\u0131n E\u011fitim Kolektifi ad\u0131na Zekiye \u015eent\u00fcrkler konu\u015fma yapt\u0131.<\/span><\/p>\n<p style=\"font-weight: 300;\"><span style=\"font-weight: 300 !important;\">-Nazl\u0131: \u201cGece kul\u00fcplerinde kad\u0131nlar \u2026Kilit alt\u0131nda\u2026\u201d<\/span><\/p>\n<p style=\"font-weight: 300;\"><span style=\"font-weight: 300 !important;\">Ba\u011f\u0131ms\u0131zl\u0131k Yolu ad\u0131na Cansu Nazl\u0131, kad\u0131nlar\u0131n u\u011frad\u0131\u011f\u0131 e\u015fitsizlik ve ayr\u0131mc\u0131l\u0131kla ilgili fark\u0131ndal\u0131k yaratman\u0131n \u00f6nemine i\u015faret ederek, t\u00fcm halk\u0131 cumartesi g\u00fcn\u00fc yap\u0131lacak eyleme kat\u0131lmaya \u00e7a\u011f\u0131rd\u0131.<\/span><\/p>\n<p style=\"font-weight: 300;\"><span style=\"font-weight: 300 !important;\">Nazl\u0131, gece kul\u00fcb\u00fcnde \u00e7al\u0131\u015fan bir kad\u0131n\u0131n \u00f6l\u00fc bulunmas\u0131ndan duyduklar\u0131 \u201c\u00fcz\u00fcnt\u00fc ve \u00f6fkeyi\u201d dile getirerek, gece kul\u00fcplerinde \u00e7al\u0131\u015fan kad\u0131nlar\u0131n, bor\u00e7land\u0131r\u0131ld\u0131\u011f\u0131n\u0131, kilit alt\u0131nda, \u00e7al\u0131\u015fma, ya\u015fam ve v\u00fccut b\u00fct\u00fcnl\u00fc\u011f\u00fc tehdit alt\u0131nda \u00e7al\u0131\u015fmaya zorland\u0131\u011f\u0131n\u0131 s\u00f6yledi.<\/span><\/p>\n<p style=\"font-weight: 300;\"><span style=\"font-weight: 300 !important;\">\u201cBu insan ticareti ma\u011fduru olduklar\u0131n\u0131n g\u00f6stergesidir\u201d diyen Nazl\u0131, t\u00fcm emek\u00e7i kad\u0131nlar i\u00e7in m\u00fccadeleyi y\u00fckselteceklerini, \u00f6zg\u00fcrle\u015fme m\u00fccadelesini soka\u011fa ta\u015f\u0131yacaklar\u0131n\u0131 kaydetti.<\/span><\/p>\n<p style=\"font-weight: 300;\"><span style=\"font-weight: 300 !important;\">Nazl\u0131, gece kul\u00fcplerinde su\u00e7 i\u015flendi\u011fini g\u00f6r\u00fc\u015f\u00fcn\u00fc dile getirerek, bunu \u00f6nlemek i\u00e7in devletin gece kul\u00fcplerini kapatmas\u0131 gerekti\u011fini s\u00f6yledi.<\/span><\/p>\n<p style=\"font-weight: 300;\"><span style=\"font-weight: 300 !important;\">-Ulusoy \u201cK<\/span><span style=\"font-weight: 300 !important;\">ad\u0131nlar e\u015fitsizlikle m\u00fccadele ediyor\u2026e\u011fitim \u00f6nemli\u201d<\/span><\/p>\n<p style=\"font-weight: 300;\"><span style=\"font-weight: 300 !important;\">KTOE\u00d6S ad\u0131na \u00c7ilen Ulusoy, kad\u0131nlar\u0131n e\u015fitsizlikle m\u00fccadele etti\u011fini s\u00f6yleyerek, bu noktada e\u011fitimin \u00f6nemine vurgu yapt\u0131.<\/span><\/p>\n<p style=\"font-weight: 300;\"><span style=\"font-weight: 300 !important;\">Ulusoy, kad\u0131nlar\u0131n e\u011fitilmesinin toplumlar\u0131n kalk\u0131nmas\u0131na \u00f6nemli rol\u00fc oldu\u011funu dile getirerek, kad\u0131nlara e\u011fitim hakk\u0131 sa\u011flanmas\u0131n\u0131n toplumsal bir sorumluluk oldu\u011funu belirtti. \u00a0<\/span><\/p>\n<p style=\"font-weight: 300;\"><span style=\"font-weight: 300 !important;\">K\u0131z \u00e7ocuklar\u0131n\u0131n e\u011fitime eri\u015fiminin d\u00fc\u015f\u00fck kalmas\u0131n\u0131n toplumsal cinsiyet e\u015fitli\u011fi \u00f6n\u00fcnde bir engel te\u015fkil etti\u011fini ve dengesizlik yaratt\u0131\u011f\u0131n\u0131 kaydeden Ulusoy, g\u00fcn\u00fcm\u00fczde \u00e7ocuk gelinlerin hala konu\u015fuluyor olmas\u0131n\u0131n \u00fcz\u00fcc\u00fc oldu\u011funu belirtti.<\/span><\/p>\n<p style=\"font-weight: 300;\"><span style=\"font-weight: 300 !important;\">-Kral: \u201c<\/span><span style=\"font-weight: 300 !important;\">Toplumsal Cinsiyet E\u015fitli\u011fi Dairesi faaliyete ge\u00e7meli\u201d<\/span><\/p>\n<p style=\"font-weight: 300;\"><span style=\"font-weight: 300 !important;\">KTAMS ad\u0131na \u00dclfet Kral, kad\u0131nlar\u0131n e\u015fit i\u015fe e\u015fit \u00fccret ve \u00fccretsiz emek konusundaki m\u00fccadelelerinin devam etti\u011fini s\u00f6yledi.<\/span><\/p>\n<p style=\"font-weight: 300;\"><span style=\"font-weight: 300 !important;\">Toplumsal Cinsiyet E\u015fitli\u011fi Dairesi\u2019nin faaliyete ge\u00e7mesi gerekti\u011fini belirten Kral, ataerkil d\u00fczen devam etti\u011finden, bak\u0131m rol\u00fcn\u00fcn kad\u0131na b\u0131rak\u0131ld\u0131\u011f\u0131n\u0131, \u00e7ocuk, ya\u015fl\u0131 ve engelli bak\u0131m\u0131n\u0131 kad\u0131n\u0131n \u00fcstlenmesinin beklendi\u011fini s\u00f6yledi.<\/span><\/p>\n<p style=\"font-weight: 300;\"><span style=\"font-weight: 300 !important;\">Kamusal ve gece de faaliyette olacak \u015fekilde kre\u015fler, engelli ve ya\u015fl\u0131 bak\u0131m evlerinin a\u00e7\u0131lmas\u0131 ihtiyac\u0131n\u0131 dile getiren Kral, kamu g\u00f6revlileri i\u00e7in de do\u011fum izinlerinin 56 g\u00fcn olmas\u0131 ve do\u011fum izni yerine ebeveyn izni i\u00e7in yasal d\u00fczenleme yap\u0131lmas\u0131 gerekti\u011fini belirtti.<\/span><\/p>\n<p style=\"font-weight: 300;\"><span style=\"font-weight: 300 !important;\">-\u015eent\u00fcrkler: \u201cK<\/span><span style=\"font-weight: 300 !important;\">ad\u0131nlar\u0131n sistem taraf\u0131ndan ma\u011fdur ediliyor\u201d<\/span><\/p>\n<p style=\"font-weight: 300;\"><span style=\"font-weight: 300 !important;\">Kad\u0131n E\u011fitim Kolektifi ad\u0131na Zekiye \u015eent\u00fcrkler, kad\u0131nlar\u0131n sistem taraf\u0131ndan ma\u011fdur edildi\u011fini s\u00f6yleyerek, \u00f6zel sekt\u00f6rde sendikala\u015fma ve ev i\u00e7i emek konular\u0131nda m\u00fccadeleyi s\u00fcrd\u00fcreceklerini vurgulad\u0131.<\/span><\/p>\n<p style=\"font-weight: 300;\"><span style=\"font-weight: 300 !important;\">\u015eent\u00fcrkler, kad\u0131nlar\u0131n eve kapat\u0131lamayaca\u011f\u0131n\u0131, her alanda m\u00fccadeleyi y\u00fckselteceklerini dile getirerek, herkesi \u201cS\u00f6m\u00fcr\u00fcye Kar\u015f\u0131 \u0130natla, Bar\u0131\u015fa Do\u011fru Umutla\u201d slogan\u0131yla yap\u0131lacak eyleme kat\u0131lmaya \u00e7a\u011f\u0131rd\u0131.<\/span><\/p>\n<p>\u00a0<\/p>\n<p>\u00a0<\/p>\n<\/p><\/div>\n<p><script async\n                    defer\n                    crossorigin=\"anonymous\"\n                    src=\"https:\/\/connect.facebook.net\/tr_TR\/sdk.js#xfbml=1&#038;version=v3.3\"\n            ><\/script><\/p>\n","protected":false},"excerpt":{"rendered":"<p>8 Mart Organizasyon Komitesi, t\u00fcm halk\u0131 8 Mart Cumartesi g\u00fcn\u00fc saat 15.00\u2019te Lefko\u015fa Kumsal Park\u2019ta \u201cS\u00f6m\u00fcr\u00fcye Kar\u015f\u0131 \u0130natla, Bar\u0131\u015fa Do\u011fru Umutla\u201d slogan\u0131yla d\u00fczenlenecek eyleme kat\u0131lmaya \u00e7a\u011f\u0131rd\u0131. Komite bug\u00fcn KTOE\u00d6S Lefko\u015fa Merkez Binas\u0131nda bas\u0131n toplant\u0131s\u0131 d\u00fczenledi. Bas\u0131n toplant\u0131s\u0131nda, 8 Mart Organizasyon Komitesi \u00fcyeleri; Ba\u011f\u0131ms\u0131zl\u0131k Yolu ad\u0131na Cansu Nazl\u0131, K\u0131br\u0131s T\u00fcrk Orta E\u011fitim \u00d6\u011fretmenler Sendikas\u0131 (KTOE\u00d6S) ad\u0131na<\/p>\n","protected":false},"author":1,"featured_media":77142,"comment_status":"open","ping_status":"open","sticky":false,"template":"","format":"standard","meta":{"footnotes":""},"categories":[81,101],"tags":[],"class_list":["post-77141","post","type-post","status-publish","format-standard","has-post-thumbnail","hentry","category-kibris","category-manset"],"yoast_head":"<!-- This site is optimized with the Yoast SEO plugin v27.4 - https:\/\/yoast.com\/product\/yoast-seo-wordpress\/ -->\n<title>\u201c8 Mart Organizasyon Komitesi\u201d cumartesi g\u00fcn\u00fc d\u00fczenlenecek eyleme kat\u0131l\u0131m \u00e7a\u011fr\u0131s\u0131 yapt\u0131 -<\/title>\n<meta name=\"robots\" content=\"index, follow, max-snippet:-1, max-image-preview:large, max-video-preview:-1\" \/>\n<link rel=\"canonical\" href=\"https:\/\/kibrisdakik.com\/?p=77141\" \/>\n<meta property=\"og:locale\" content=\"tr_TR\" \/>\n<meta property=\"og:type\" content=\"article\" \/>\n<meta property=\"og:title\" content=\"\u201c8 Mart Organizasyon Komitesi\u201d cumartesi g\u00fcn\u00fc d\u00fczenlenecek eyleme kat\u0131l\u0131m \u00e7a\u011fr\u0131s\u0131 yapt\u0131 -\" \/>\n<meta property=\"og:description\" content=\"8 Mart Organizasyon Komitesi, t\u00fcm halk\u0131 8 Mart Cumartesi g\u00fcn\u00fc saat 15.00\u2019te Lefko\u015fa Kumsal Park\u2019ta \u201cS\u00f6m\u00fcr\u00fcye Kar\u015f\u0131 \u0130natla, Bar\u0131\u015fa Do\u011fru Umutla\u201d slogan\u0131yla d\u00fczenlenecek eyleme kat\u0131lmaya \u00e7a\u011f\u0131rd\u0131. Komite bug\u00fcn KTOE\u00d6S Lefko\u015fa Merkez Binas\u0131nda bas\u0131n toplant\u0131s\u0131 d\u00fczenledi. Bas\u0131n toplant\u0131s\u0131nda, 8 Mart Organizasyon Komitesi \u00fcyeleri; Ba\u011f\u0131ms\u0131zl\u0131k Yolu ad\u0131na Cansu Nazl\u0131, K\u0131br\u0131s T\u00fcrk Orta E\u011fitim \u00d6\u011fretmenler Sendikas\u0131 (KTOE\u00d6S) ad\u0131na\" \/>\n<meta property=\"og:url\" content=\"https:\/\/kibrisdakik.com\/?p=77141\" \/>\n<meta property=\"article:published_time\" content=\"2025-03-06T13:10:20+00:00\" \/>\n<meta property=\"og:image\" content=\"https:\/\/kibrisdakik.com\/wp-content\/uploads\/2025\/03\/MART-ORGANIZASYON-KOMITESI-BASIN-TOPLANTISI-ERO-3-740x420.jpeg\" \/>\n\t<meta property=\"og:image:width\" content=\"929\" \/>\n\t<meta property=\"og:image:height\" content=\"423\" \/>\n\t<meta property=\"og:image:type\" content=\"image\/jpeg\" \/>\n<meta name=\"author\" content=\"admin\" \/>\n<meta name=\"twitter:card\" content=\"summary_large_image\" \/>\n<meta name=\"twitter:label1\" content=\"Yazan:\" \/>\n\t<meta name=\"twitter:data1\" content=\"admin\" \/>\n\t<meta name=\"twitter:label2\" content=\"Tahmini okuma s\u00fcresi\" \/>\n\t<meta name=\"twitter:data2\" content=\"3 dakika\" \/>\n<script type=\"application\/ld+json\" class=\"yoast-schema-graph\">{\"@context\":\"https:\\\/\\\/schema.org\",\"@graph\":[{\"@type\":\"Article\",\"@id\":\"https:\\\/\\\/kibrisdakik.com\\\/?p=77141#article\",\"isPartOf\":{\"@id\":\"https:\\\/\\\/kibrisdakik.com\\\/?p=77141\"},\"author\":{\"name\":\"admin\",\"@id\":\"https:\\\/\\\/kibrisdakik.com\\\/#\\\/schema\\\/person\\\/9cd9d437bbb44f72b73ba127e06d8e79\"},\"headline\":\"\u201c8 Mart Organizasyon Komitesi\u201d cumartesi g\u00fcn\u00fc d\u00fczenlenecek eyleme kat\u0131l\u0131m \u00e7a\u011fr\u0131s\u0131 yapt\u0131\",\"datePublished\":\"2025-03-06T13:10:20+00:00\",\"mainEntityOfPage\":{\"@id\":\"https:\\\/\\\/kibrisdakik.com\\\/?p=77141\"},\"wordCount\":643,\"commentCount\":0,\"image\":{\"@id\":\"https:\\\/\\\/kibrisdakik.com\\\/?p=77141#primaryimage\"},\"thumbnailUrl\":\"https:\\\/\\\/kibrisdakik.com\\\/wp-content\\\/uploads\\\/2025\\\/03\\\/MART-ORGANIZASYON-KOMITESI-BASIN-TOPLANTISI-ERO-3-740x420.jpeg\",\"articleSection\":[\"K\u0131br\u0131s\",\"Man\u015fet\"],\"inLanguage\":\"tr\",\"potentialAction\":[{\"@type\":\"CommentAction\",\"name\":\"Comment\",\"target\":[\"https:\\\/\\\/kibrisdakik.com\\\/?p=77141#respond\"]}]},{\"@type\":\"WebPage\",\"@id\":\"https:\\\/\\\/kibrisdakik.com\\\/?p=77141\",\"url\":\"https:\\\/\\\/kibrisdakik.com\\\/?p=77141\",\"name\":\"\u201c8 Mart Organizasyon Komitesi\u201d cumartesi g\u00fcn\u00fc d\u00fczenlenecek eyleme kat\u0131l\u0131m \u00e7a\u011fr\u0131s\u0131 yapt\u0131 -\",\"isPartOf\":{\"@id\":\"https:\\\/\\\/kibrisdakik.com\\\/#website\"},\"primaryImageOfPage\":{\"@id\":\"https:\\\/\\\/kibrisdakik.com\\\/?p=77141#primaryimage\"},\"image\":{\"@id\":\"https:\\\/\\\/kibrisdakik.com\\\/?p=77141#primaryimage\"},\"thumbnailUrl\":\"https:\\\/\\\/kibrisdakik.com\\\/wp-content\\\/uploads\\\/2025\\\/03\\\/MART-ORGANIZASYON-KOMITESI-BASIN-TOPLANTISI-ERO-3-740x420.jpeg\",\"datePublished\":\"2025-03-06T13:10:20+00:00\",\"author\":{\"@id\":\"https:\\\/\\\/kibrisdakik.com\\\/#\\\/schema\\\/person\\\/9cd9d437bbb44f72b73ba127e06d8e79\"},\"breadcrumb\":{\"@id\":\"https:\\\/\\\/kibrisdakik.com\\\/?p=77141#breadcrumb\"},\"inLanguage\":\"tr\",\"potentialAction\":[{\"@type\":\"ReadAction\",\"target\":[\"https:\\\/\\\/kibrisdakik.com\\\/?p=77141\"]}]},{\"@type\":\"ImageObject\",\"inLanguage\":\"tr\",\"@id\":\"https:\\\/\\\/kibrisdakik.com\\\/?p=77141#primaryimage\",\"url\":\"https:\\\/\\\/kibrisdakik.com\\\/wp-content\\\/uploads\\\/2025\\\/03\\\/MART-ORGANIZASYON-KOMITESI-BASIN-TOPLANTISI-ERO-3-740x420.jpeg\",\"contentUrl\":\"https:\\\/\\\/kibrisdakik.com\\\/wp-content\\\/uploads\\\/2025\\\/03\\\/MART-ORGANIZASYON-KOMITESI-BASIN-TOPLANTISI-ERO-3-740x420.jpeg\",\"width\":929,\"height\":423},{\"@type\":\"BreadcrumbList\",\"@id\":\"https:\\\/\\\/kibrisdakik.com\\\/?p=77141#breadcrumb\",\"itemListElement\":[{\"@type\":\"ListItem\",\"position\":1,\"name\":\"Home\",\"item\":\"https:\\\/\\\/kibrisdakik.com\\\/\"},{\"@type\":\"ListItem\",\"position\":2,\"name\":\"\u201c8 Mart Organizasyon Komitesi\u201d cumartesi g\u00fcn\u00fc d\u00fczenlenecek eyleme kat\u0131l\u0131m \u00e7a\u011fr\u0131s\u0131 yapt\u0131\"}]},{\"@type\":\"WebSite\",\"@id\":\"https:\\\/\\\/kibrisdakik.com\\\/#website\",\"url\":\"https:\\\/\\\/kibrisdakik.com\\\/\",\"name\":\"\",\"description\":\"Tam vaktinde haber\",\"potentialAction\":[{\"@type\":\"SearchAction\",\"target\":{\"@type\":\"EntryPoint\",\"urlTemplate\":\"https:\\\/\\\/kibrisdakik.com\\\/?s={search_term_string}\"},\"query-input\":{\"@type\":\"PropertyValueSpecification\",\"valueRequired\":true,\"valueName\":\"search_term_string\"}}],\"inLanguage\":\"tr\"},{\"@type\":\"Person\",\"@id\":\"https:\\\/\\\/kibrisdakik.com\\\/#\\\/schema\\\/person\\\/9cd9d437bbb44f72b73ba127e06d8e79\",\"name\":\"admin\",\"image\":{\"@type\":\"ImageObject\",\"inLanguage\":\"tr\",\"@id\":\"https:\\\/\\\/secure.gravatar.com\\\/avatar\\\/ccc17943b9d660506c869530f897617f7cb1c21a4bf30023f252596d83e1f007?s=96&d=mm&r=g\",\"url\":\"https:\\\/\\\/secure.gravatar.com\\\/avatar\\\/ccc17943b9d660506c869530f897617f7cb1c21a4bf30023f252596d83e1f007?s=96&d=mm&r=g\",\"contentUrl\":\"https:\\\/\\\/secure.gravatar.com\\\/avatar\\\/ccc17943b9d660506c869530f897617f7cb1c21a4bf30023f252596d83e1f007?s=96&d=mm&r=g\",\"caption\":\"admin\"},\"sameAs\":[\"https:\\\/\\\/kibrisdakik.com\"],\"url\":\"https:\\\/\\\/kibrisdakik.com\\\/?author=1\"}]}<\/script>\n<!-- \/ Yoast SEO plugin. -->","yoast_head_json":{"title":"\u201c8 Mart Organizasyon Komitesi\u201d cumartesi g\u00fcn\u00fc d\u00fczenlenecek eyleme kat\u0131l\u0131m \u00e7a\u011fr\u0131s\u0131 yapt\u0131 -","robots":{"index":"index","follow":"follow","max-snippet":"max-snippet:-1","max-image-preview":"max-image-preview:large","max-video-preview":"max-video-preview:-1"},"canonical":"https:\/\/kibrisdakik.com\/?p=77141","og_locale":"tr_TR","og_type":"article","og_title":"\u201c8 Mart Organizasyon Komitesi\u201d cumartesi g\u00fcn\u00fc d\u00fczenlenecek eyleme kat\u0131l\u0131m \u00e7a\u011fr\u0131s\u0131 yapt\u0131 -","og_description":"8 Mart Organizasyon Komitesi, t\u00fcm halk\u0131 8 Mart Cumartesi g\u00fcn\u00fc saat 15.00\u2019te Lefko\u015fa Kumsal Park\u2019ta \u201cS\u00f6m\u00fcr\u00fcye Kar\u015f\u0131 \u0130natla, Bar\u0131\u015fa Do\u011fru Umutla\u201d slogan\u0131yla d\u00fczenlenecek eyleme kat\u0131lmaya \u00e7a\u011f\u0131rd\u0131. Komite bug\u00fcn KTOE\u00d6S Lefko\u015fa Merkez Binas\u0131nda bas\u0131n toplant\u0131s\u0131 d\u00fczenledi. Bas\u0131n toplant\u0131s\u0131nda, 8 Mart Organizasyon Komitesi \u00fcyeleri; Ba\u011f\u0131ms\u0131zl\u0131k Yolu ad\u0131na Cansu Nazl\u0131, K\u0131br\u0131s T\u00fcrk Orta E\u011fitim \u00d6\u011fretmenler Sendikas\u0131 (KTOE\u00d6S) ad\u0131na","og_url":"https:\/\/kibrisdakik.com\/?p=77141","article_published_time":"2025-03-06T13:10:20+00:00","og_image":[{"width":929,"height":423,"url":"https:\/\/kibrisdakik.com\/wp-content\/uploads\/2025\/03\/MART-ORGANIZASYON-KOMITESI-BASIN-TOPLANTISI-ERO-3-740x420.jpeg","type":"image\/jpeg"}],"author":"admin","twitter_card":"summary_large_image","twitter_misc":{"Yazan:":"admin","Tahmini okuma s\u00fcresi":"3 dakika"},"schema":{"@context":"https:\/\/schema.org","@graph":[{"@type":"Article","@id":"https:\/\/kibrisdakik.com\/?p=77141#article","isPartOf":{"@id":"https:\/\/kibrisdakik.com\/?p=77141"},"author":{"name":"admin","@id":"https:\/\/kibrisdakik.com\/#\/schema\/person\/9cd9d437bbb44f72b73ba127e06d8e79"},"headline":"\u201c8 Mart Organizasyon Komitesi\u201d cumartesi g\u00fcn\u00fc d\u00fczenlenecek eyleme kat\u0131l\u0131m \u00e7a\u011fr\u0131s\u0131 yapt\u0131","datePublished":"2025-03-06T13:10:20+00:00","mainEntityOfPage":{"@id":"https:\/\/kibrisdakik.com\/?p=77141"},"wordCount":643,"commentCount":0,"image":{"@id":"https:\/\/kibrisdakik.com\/?p=77141#primaryimage"},"thumbnailUrl":"https:\/\/kibrisdakik.com\/wp-content\/uploads\/2025\/03\/MART-ORGANIZASYON-KOMITESI-BASIN-TOPLANTISI-ERO-3-740x420.jpeg","articleSection":["K\u0131br\u0131s","Man\u015fet"],"inLanguage":"tr","potentialAction":[{"@type":"CommentAction","name":"Comment","target":["https:\/\/kibrisdakik.com\/?p=77141#respond"]}]},{"@type":"WebPage","@id":"https:\/\/kibrisdakik.com\/?p=77141","url":"https:\/\/kibrisdakik.com\/?p=77141","name":"\u201c8 Mart Organizasyon Komitesi\u201d cumartesi g\u00fcn\u00fc d\u00fczenlenecek eyleme kat\u0131l\u0131m \u00e7a\u011fr\u0131s\u0131 yapt\u0131 -","isPartOf":{"@id":"https:\/\/kibrisdakik.com\/#website"},"primaryImageOfPage":{"@id":"https:\/\/kibrisdakik.com\/?p=77141#primaryimage"},"image":{"@id":"https:\/\/kibrisdakik.com\/?p=77141#primaryimage"},"thumbnailUrl":"https:\/\/kibrisdakik.com\/wp-content\/uploads\/2025\/03\/MART-ORGANIZASYON-KOMITESI-BASIN-TOPLANTISI-ERO-3-740x420.jpeg","datePublished":"2025-03-06T13:10:20+00:00","author":{"@id":"https:\/\/kibrisdakik.com\/#\/schema\/person\/9cd9d437bbb44f72b73ba127e06d8e79"},"breadcrumb":{"@id":"https:\/\/kibrisdakik.com\/?p=77141#breadcrumb"},"inLanguage":"tr","potentialAction":[{"@type":"ReadAction","target":["https:\/\/kibrisdakik.com\/?p=77141"]}]},{"@type":"ImageObject","inLanguage":"tr","@id":"https:\/\/kibrisdakik.com\/?p=77141#primaryimage","url":"https:\/\/kibrisdakik.com\/wp-content\/uploads\/2025\/03\/MART-ORGANIZASYON-KOMITESI-BASIN-TOPLANTISI-ERO-3-740x420.jpeg","contentUrl":"https:\/\/kibrisdakik.com\/wp-content\/uploads\/2025\/03\/MART-ORGANIZASYON-KOMITESI-BASIN-TOPLANTISI-ERO-3-740x420.jpeg","width":929,"height":423},{"@type":"BreadcrumbList","@id":"https:\/\/kibrisdakik.com\/?p=77141#breadcrumb","itemListElement":[{"@type":"ListItem","position":1,"name":"Home","item":"https:\/\/kibrisdakik.com\/"},{"@type":"ListItem","position":2,"name":"\u201c8 Mart Organizasyon Komitesi\u201d cumartesi g\u00fcn\u00fc d\u00fczenlenecek eyleme kat\u0131l\u0131m \u00e7a\u011fr\u0131s\u0131 yapt\u0131"}]},{"@type":"WebSite","@id":"https:\/\/kibrisdakik.com\/#website","url":"https:\/\/kibrisdakik.com\/","name":"","description":"Tam vaktinde haber","potentialAction":[{"@type":"SearchAction","target":{"@type":"EntryPoint","urlTemplate":"https:\/\/kibrisdakik.com\/?s={search_term_string}"},"query-input":{"@type":"PropertyValueSpecification","valueRequired":true,"valueName":"search_term_string"}}],"inLanguage":"tr"},{"@type":"Person","@id":"https:\/\/kibrisdakik.com\/#\/schema\/person\/9cd9d437bbb44f72b73ba127e06d8e79","name":"admin","image":{"@type":"ImageObject","inLanguage":"tr","@id":"https:\/\/secure.gravatar.com\/avatar\/ccc17943b9d660506c869530f897617f7cb1c21a4bf30023f252596d83e1f007?s=96&d=mm&r=g","url":"https:\/\/secure.gravatar.com\/avatar\/ccc17943b9d660506c869530f897617f7cb1c21a4bf30023f252596d83e1f007?s=96&d=mm&r=g","contentUrl":"https:\/\/secure.gravatar.com\/avatar\/ccc17943b9d660506c869530f897617f7cb1c21a4bf30023f252596d83e1f007?s=96&d=mm&r=g","caption":"admin"},"sameAs":["https:\/\/kibrisdakik.com"],"url":"https:\/\/kibrisdakik.com\/?author=1"}]}},"_links":{"self":[{"href":"https:\/\/kibrisdakik.com\/index.php?rest_route=\/wp\/v2\/posts\/77141","targetHints":{"allow":["GET"]}}],"collection":[{"href":"https:\/\/kibrisdakik.com\/index.php?rest_route=\/wp\/v2\/posts"}],"about":[{"href":"https:\/\/kibrisdakik.com\/index.php?rest_route=\/wp\/v2\/types\/post"}],"author":[{"embeddable":true,"href":"https:\/\/kibrisdakik.com\/index.php?rest_route=\/wp\/v2\/users\/1"}],"replies":[{"embeddable":true,"href":"https:\/\/kibrisdakik.com\/index.php?rest_route=%2Fwp%2Fv2%2Fcomments&post=77141"}],"version-history":[{"count":0,"href":"https:\/\/kibrisdakik.com\/index.php?rest_route=\/wp\/v2\/posts\/77141\/revisions"}],"wp:featuredmedia":[{"embeddable":true,"href":"https:\/\/kibrisdakik.com\/index.php?rest_route=\/wp\/v2\/media\/77142"}],"wp:attachment":[{"href":"https:\/\/kibrisdakik.com\/index.php?rest_route=%2Fwp%2Fv2%2Fmedia&parent=77141"}],"wp:term":[{"taxonomy":"category","embeddable":true,"href":"https:\/\/kibrisdakik.com\/index.php?rest_route=%2Fwp%2Fv2%2Fcategories&post=77141"},{"taxonomy":"post_tag","embeddable":true,"href":"https:\/\/kibrisdakik.com\/index.php?rest_route=%2Fwp%2Fv2%2Ftags&post=77141"}],"curies":[{"name":"wp","href":"https:\/\/api.w.org\/{rel}","templated":true}]}}