{"id":77167,"date":"2025-03-06T19:03:38","date_gmt":"2025-03-06T16:03:38","guid":{"rendered":"https:\/\/kibrisdakik.com\/index.php\/2025\/03\/06\/maliye-bakani-berova-mucahit-komutanlari-dernegi-heyetini-kabul-etti\/"},"modified":"2025-03-06T19:03:38","modified_gmt":"2025-03-06T16:03:38","slug":"maliye-bakani-berova-mucahit-komutanlari-dernegi-heyetini-kabul-etti","status":"publish","type":"post","link":"https:\/\/kibrisdakik.com\/?p=77167","title":{"rendered":"Maliye Bakan\u0131 Berova M\u00fccahit Komutanlar\u0131 Derne\u011fi heyetini kabul etti"},"content":{"rendered":"<div>\n<div class=\"mariselle-image-container none\">\n                                            <\/div>\n<p style=\"font-weight: 300;\"><span style=\"font-weight: 300 !important;\">Maliye Bakan\u0131 \u00d6zdemir Berova, M\u00fccahit Komutanlar\u0131 Derne\u011fi Genel Ba\u015fkan\u0131 G\u00f6zkama\u015f Erg\u00fcne\u015f ve baz\u0131 dernek yetkililerini kabul etti.<\/span><\/p>\n<p style=\"font-weight: 300;\"><span style=\"font-weight: 300 !important;\">\u00a0<\/span><span style=\"font-weight: 300 !important;\">Maliye Bakanl\u0131\u011f\u0131ndan verilen bilgiye g\u00f6re, \u00a0g\u00f6r\u00fc\u015fmede, Berova\u2019ya derne\u011fin faaliyetleri hakk\u0131nda bilgi verdi.<\/span><\/p>\n<p style=\"font-weight: 300;\"><span style=\"font-weight: 300 !important;\">\u00a0<\/span><span style=\"font-weight: 300 !important;\">Maliye Bakan\u0131 \u00d6zdemir Berova ise g\u00f6r\u00fc\u015fmede M\u00fccahit Komutanlar\u0131 Derne\u011fi heyetini kabul etmekten b\u00fcy\u00fck bir mutluluk duydu\u011funu ifade etti. Berova, \u201c\u00dclke ve millet i\u00e7in sergilenen fedak\u00e2rl\u0131k, vatan i\u00e7in verilen m\u00fccadele, cesaretiniz, asla unutulmayacak.\u00a0 K\u0131br\u0131s T\u00fcrk Halk\u0131 size hep minnettar kalacak\u201d dedi.<\/span><\/p>\n<p style=\"font-weight: 300;\"><span style=\"font-weight: 300 !important;\">G\u00f6r\u00fc\u015fmede Maliye Bakanl\u0131\u011f\u0131 Bakanl\u0131k M\u00fcd\u00fcr\u00fc Yusuf Ersoy ile Maliye Bakanl\u0131\u011f\u0131 \u00d6zel Kalem M\u00fcd\u00fcr\u00fc Kamil A\u011f\u00e7abay da haz\u0131r bulundu.<\/span><\/p>\n<p>\u00a0<\/p>\n<\/p><\/div>\n<p><script async\n                    defer\n                    crossorigin=\"anonymous\"\n                    src=\"https:\/\/connect.facebook.net\/tr_TR\/sdk.js#xfbml=1&#038;version=v3.3\"\n            ><\/script><\/p>\n","protected":false},"excerpt":{"rendered":"<p>Maliye Bakan\u0131 \u00d6zdemir Berova, M\u00fccahit Komutanlar\u0131 Derne\u011fi Genel Ba\u015fkan\u0131 G\u00f6zkama\u015f Erg\u00fcne\u015f ve baz\u0131 dernek yetkililerini kabul etti. \u00a0Maliye Bakanl\u0131\u011f\u0131ndan verilen bilgiye g\u00f6re, \u00a0g\u00f6r\u00fc\u015fmede, Berova\u2019ya derne\u011fin faaliyetleri hakk\u0131nda bilgi verdi. \u00a0Maliye Bakan\u0131 \u00d6zdemir Berova ise g\u00f6r\u00fc\u015fmede M\u00fccahit Komutanlar\u0131 Derne\u011fi heyetini kabul etmekten b\u00fcy\u00fck bir mutluluk duydu\u011funu ifade etti. Berova, \u201c\u00dclke ve millet i\u00e7in sergilenen fedak\u00e2rl\u0131k, vatan<\/p>\n","protected":false},"author":1,"featured_media":77168,"comment_status":"open","ping_status":"open","sticky":false,"template":"","format":"standard","meta":{"footnotes":""},"categories":[81,101],"tags":[],"class_list":["post-77167","post","type-post","status-publish","format-standard","has-post-thumbnail","hentry","category-kibris","category-manset"],"yoast_head":"<!-- This site is optimized with the Yoast SEO plugin v27.4 - https:\/\/yoast.com\/product\/yoast-seo-wordpress\/ -->\n<title>Maliye Bakan\u0131 Berova M\u00fccahit Komutanlar\u0131 Derne\u011fi heyetini kabul etti -<\/title>\n<meta name=\"robots\" content=\"index, follow, max-snippet:-1, max-image-preview:large, max-video-preview:-1\" \/>\n<link rel=\"canonical\" href=\"https:\/\/kibrisdakik.com\/?p=77167\" \/>\n<meta property=\"og:locale\" content=\"tr_TR\" \/>\n<meta property=\"og:type\" content=\"article\" \/>\n<meta property=\"og:title\" content=\"Maliye Bakan\u0131 Berova M\u00fccahit Komutanlar\u0131 Derne\u011fi heyetini kabul etti -\" \/>\n<meta property=\"og:description\" content=\"Maliye Bakan\u0131 \u00d6zdemir Berova, M\u00fccahit Komutanlar\u0131 Derne\u011fi Genel Ba\u015fkan\u0131 G\u00f6zkama\u015f Erg\u00fcne\u015f ve baz\u0131 dernek yetkililerini kabul etti. \u00a0Maliye Bakanl\u0131\u011f\u0131ndan verilen bilgiye g\u00f6re, \u00a0g\u00f6r\u00fc\u015fmede, Berova\u2019ya derne\u011fin faaliyetleri hakk\u0131nda bilgi verdi. \u00a0Maliye Bakan\u0131 \u00d6zdemir Berova ise g\u00f6r\u00fc\u015fmede M\u00fccahit Komutanlar\u0131 Derne\u011fi heyetini kabul etmekten b\u00fcy\u00fck bir mutluluk duydu\u011funu ifade etti. Berova, \u201c\u00dclke ve millet i\u00e7in sergilenen fedak\u00e2rl\u0131k, vatan\" \/>\n<meta property=\"og:url\" content=\"https:\/\/kibrisdakik.com\/?p=77167\" \/>\n<meta property=\"article:published_time\" content=\"2025-03-06T16:03:38+00:00\" \/>\n<meta property=\"og:image\" content=\"https:\/\/kibrisdakik.com\/wp-content\/uploads\/2025\/03\/BEROVA-KIBRIS-TURK-HALKI-SIZE-HEP-MINNETTAR-KALACAK-740x414.jpeg\" \/>\n\t<meta property=\"og:image:width\" content=\"930\" \/>\n\t<meta property=\"og:image:height\" content=\"414\" \/>\n\t<meta property=\"og:image:type\" content=\"image\/jpeg\" \/>\n<meta name=\"author\" content=\"admin\" \/>\n<meta name=\"twitter:card\" content=\"summary_large_image\" \/>\n<meta name=\"twitter:label1\" content=\"Yazan:\" \/>\n\t<meta name=\"twitter:data1\" content=\"admin\" \/>\n\t<meta name=\"twitter:label2\" content=\"Tahmini okuma s\u00fcresi\" \/>\n\t<meta name=\"twitter:data2\" content=\"1 dakika\" \/>\n<script type=\"application\/ld+json\" class=\"yoast-schema-graph\">{\"@context\":\"https:\\\/\\\/schema.org\",\"@graph\":[{\"@type\":\"Article\",\"@id\":\"https:\\\/\\\/kibrisdakik.com\\\/?p=77167#article\",\"isPartOf\":{\"@id\":\"https:\\\/\\\/kibrisdakik.com\\\/?p=77167\"},\"author\":{\"name\":\"admin\",\"@id\":\"https:\\\/\\\/kibrisdakik.com\\\/#\\\/schema\\\/person\\\/9cd9d437bbb44f72b73ba127e06d8e79\"},\"headline\":\"Maliye Bakan\u0131 Berova M\u00fccahit Komutanlar\u0131 Derne\u011fi heyetini kabul etti\",\"datePublished\":\"2025-03-06T16:03:38+00:00\",\"mainEntityOfPage\":{\"@id\":\"https:\\\/\\\/kibrisdakik.com\\\/?p=77167\"},\"wordCount\":134,\"commentCount\":0,\"image\":{\"@id\":\"https:\\\/\\\/kibrisdakik.com\\\/?p=77167#primaryimage\"},\"thumbnailUrl\":\"https:\\\/\\\/kibrisdakik.com\\\/wp-content\\\/uploads\\\/2025\\\/03\\\/BEROVA-KIBRIS-TURK-HALKI-SIZE-HEP-MINNETTAR-KALACAK-740x414.jpeg\",\"articleSection\":[\"K\u0131br\u0131s\",\"Man\u015fet\"],\"inLanguage\":\"tr\",\"potentialAction\":[{\"@type\":\"CommentAction\",\"name\":\"Comment\",\"target\":[\"https:\\\/\\\/kibrisdakik.com\\\/?p=77167#respond\"]}]},{\"@type\":\"WebPage\",\"@id\":\"https:\\\/\\\/kibrisdakik.com\\\/?p=77167\",\"url\":\"https:\\\/\\\/kibrisdakik.com\\\/?p=77167\",\"name\":\"Maliye Bakan\u0131 Berova M\u00fccahit Komutanlar\u0131 Derne\u011fi heyetini kabul etti -\",\"isPartOf\":{\"@id\":\"https:\\\/\\\/kibrisdakik.com\\\/#website\"},\"primaryImageOfPage\":{\"@id\":\"https:\\\/\\\/kibrisdakik.com\\\/?p=77167#primaryimage\"},\"image\":{\"@id\":\"https:\\\/\\\/kibrisdakik.com\\\/?p=77167#primaryimage\"},\"thumbnailUrl\":\"https:\\\/\\\/kibrisdakik.com\\\/wp-content\\\/uploads\\\/2025\\\/03\\\/BEROVA-KIBRIS-TURK-HALKI-SIZE-HEP-MINNETTAR-KALACAK-740x414.jpeg\",\"datePublished\":\"2025-03-06T16:03:38+00:00\",\"author\":{\"@id\":\"https:\\\/\\\/kibrisdakik.com\\\/#\\\/schema\\\/person\\\/9cd9d437bbb44f72b73ba127e06d8e79\"},\"breadcrumb\":{\"@id\":\"https:\\\/\\\/kibrisdakik.com\\\/?p=77167#breadcrumb\"},\"inLanguage\":\"tr\",\"potentialAction\":[{\"@type\":\"ReadAction\",\"target\":[\"https:\\\/\\\/kibrisdakik.com\\\/?p=77167\"]}]},{\"@type\":\"ImageObject\",\"inLanguage\":\"tr\",\"@id\":\"https:\\\/\\\/kibrisdakik.com\\\/?p=77167#primaryimage\",\"url\":\"https:\\\/\\\/kibrisdakik.com\\\/wp-content\\\/uploads\\\/2025\\\/03\\\/BEROVA-KIBRIS-TURK-HALKI-SIZE-HEP-MINNETTAR-KALACAK-740x414.jpeg\",\"contentUrl\":\"https:\\\/\\\/kibrisdakik.com\\\/wp-content\\\/uploads\\\/2025\\\/03\\\/BEROVA-KIBRIS-TURK-HALKI-SIZE-HEP-MINNETTAR-KALACAK-740x414.jpeg\",\"width\":930,\"height\":414},{\"@type\":\"BreadcrumbList\",\"@id\":\"https:\\\/\\\/kibrisdakik.com\\\/?p=77167#breadcrumb\",\"itemListElement\":[{\"@type\":\"ListItem\",\"position\":1,\"name\":\"Home\",\"item\":\"https:\\\/\\\/kibrisdakik.com\\\/\"},{\"@type\":\"ListItem\",\"position\":2,\"name\":\"Maliye Bakan\u0131 Berova M\u00fccahit Komutanlar\u0131 Derne\u011fi heyetini kabul etti\"}]},{\"@type\":\"WebSite\",\"@id\":\"https:\\\/\\\/kibrisdakik.com\\\/#website\",\"url\":\"https:\\\/\\\/kibrisdakik.com\\\/\",\"name\":\"\",\"description\":\"Tam vaktinde haber\",\"potentialAction\":[{\"@type\":\"SearchAction\",\"target\":{\"@type\":\"EntryPoint\",\"urlTemplate\":\"https:\\\/\\\/kibrisdakik.com\\\/?s={search_term_string}\"},\"query-input\":{\"@type\":\"PropertyValueSpecification\",\"valueRequired\":true,\"valueName\":\"search_term_string\"}}],\"inLanguage\":\"tr\"},{\"@type\":\"Person\",\"@id\":\"https:\\\/\\\/kibrisdakik.com\\\/#\\\/schema\\\/person\\\/9cd9d437bbb44f72b73ba127e06d8e79\",\"name\":\"admin\",\"image\":{\"@type\":\"ImageObject\",\"inLanguage\":\"tr\",\"@id\":\"https:\\\/\\\/secure.gravatar.com\\\/avatar\\\/ccc17943b9d660506c869530f897617f7cb1c21a4bf30023f252596d83e1f007?s=96&d=mm&r=g\",\"url\":\"https:\\\/\\\/secure.gravatar.com\\\/avatar\\\/ccc17943b9d660506c869530f897617f7cb1c21a4bf30023f252596d83e1f007?s=96&d=mm&r=g\",\"contentUrl\":\"https:\\\/\\\/secure.gravatar.com\\\/avatar\\\/ccc17943b9d660506c869530f897617f7cb1c21a4bf30023f252596d83e1f007?s=96&d=mm&r=g\",\"caption\":\"admin\"},\"sameAs\":[\"https:\\\/\\\/kibrisdakik.com\"],\"url\":\"https:\\\/\\\/kibrisdakik.com\\\/?author=1\"}]}<\/script>\n<!-- \/ Yoast SEO plugin. -->","yoast_head_json":{"title":"Maliye Bakan\u0131 Berova M\u00fccahit Komutanlar\u0131 Derne\u011fi heyetini kabul etti -","robots":{"index":"index","follow":"follow","max-snippet":"max-snippet:-1","max-image-preview":"max-image-preview:large","max-video-preview":"max-video-preview:-1"},"canonical":"https:\/\/kibrisdakik.com\/?p=77167","og_locale":"tr_TR","og_type":"article","og_title":"Maliye Bakan\u0131 Berova M\u00fccahit Komutanlar\u0131 Derne\u011fi heyetini kabul etti -","og_description":"Maliye Bakan\u0131 \u00d6zdemir Berova, M\u00fccahit Komutanlar\u0131 Derne\u011fi Genel Ba\u015fkan\u0131 G\u00f6zkama\u015f Erg\u00fcne\u015f ve baz\u0131 dernek yetkililerini kabul etti. \u00a0Maliye Bakanl\u0131\u011f\u0131ndan verilen bilgiye g\u00f6re, \u00a0g\u00f6r\u00fc\u015fmede, Berova\u2019ya derne\u011fin faaliyetleri hakk\u0131nda bilgi verdi. \u00a0Maliye Bakan\u0131 \u00d6zdemir Berova ise g\u00f6r\u00fc\u015fmede M\u00fccahit Komutanlar\u0131 Derne\u011fi heyetini kabul etmekten b\u00fcy\u00fck bir mutluluk duydu\u011funu ifade etti. Berova, \u201c\u00dclke ve millet i\u00e7in sergilenen fedak\u00e2rl\u0131k, vatan","og_url":"https:\/\/kibrisdakik.com\/?p=77167","article_published_time":"2025-03-06T16:03:38+00:00","og_image":[{"width":930,"height":414,"url":"https:\/\/kibrisdakik.com\/wp-content\/uploads\/2025\/03\/BEROVA-KIBRIS-TURK-HALKI-SIZE-HEP-MINNETTAR-KALACAK-740x414.jpeg","type":"image\/jpeg"}],"author":"admin","twitter_card":"summary_large_image","twitter_misc":{"Yazan:":"admin","Tahmini okuma s\u00fcresi":"1 dakika"},"schema":{"@context":"https:\/\/schema.org","@graph":[{"@type":"Article","@id":"https:\/\/kibrisdakik.com\/?p=77167#article","isPartOf":{"@id":"https:\/\/kibrisdakik.com\/?p=77167"},"author":{"name":"admin","@id":"https:\/\/kibrisdakik.com\/#\/schema\/person\/9cd9d437bbb44f72b73ba127e06d8e79"},"headline":"Maliye Bakan\u0131 Berova M\u00fccahit Komutanlar\u0131 Derne\u011fi heyetini kabul etti","datePublished":"2025-03-06T16:03:38+00:00","mainEntityOfPage":{"@id":"https:\/\/kibrisdakik.com\/?p=77167"},"wordCount":134,"commentCount":0,"image":{"@id":"https:\/\/kibrisdakik.com\/?p=77167#primaryimage"},"thumbnailUrl":"https:\/\/kibrisdakik.com\/wp-content\/uploads\/2025\/03\/BEROVA-KIBRIS-TURK-HALKI-SIZE-HEP-MINNETTAR-KALACAK-740x414.jpeg","articleSection":["K\u0131br\u0131s","Man\u015fet"],"inLanguage":"tr","potentialAction":[{"@type":"CommentAction","name":"Comment","target":["https:\/\/kibrisdakik.com\/?p=77167#respond"]}]},{"@type":"WebPage","@id":"https:\/\/kibrisdakik.com\/?p=77167","url":"https:\/\/kibrisdakik.com\/?p=77167","name":"Maliye Bakan\u0131 Berova M\u00fccahit Komutanlar\u0131 Derne\u011fi heyetini kabul etti -","isPartOf":{"@id":"https:\/\/kibrisdakik.com\/#website"},"primaryImageOfPage":{"@id":"https:\/\/kibrisdakik.com\/?p=77167#primaryimage"},"image":{"@id":"https:\/\/kibrisdakik.com\/?p=77167#primaryimage"},"thumbnailUrl":"https:\/\/kibrisdakik.com\/wp-content\/uploads\/2025\/03\/BEROVA-KIBRIS-TURK-HALKI-SIZE-HEP-MINNETTAR-KALACAK-740x414.jpeg","datePublished":"2025-03-06T16:03:38+00:00","author":{"@id":"https:\/\/kibrisdakik.com\/#\/schema\/person\/9cd9d437bbb44f72b73ba127e06d8e79"},"breadcrumb":{"@id":"https:\/\/kibrisdakik.com\/?p=77167#breadcrumb"},"inLanguage":"tr","potentialAction":[{"@type":"ReadAction","target":["https:\/\/kibrisdakik.com\/?p=77167"]}]},{"@type":"ImageObject","inLanguage":"tr","@id":"https:\/\/kibrisdakik.com\/?p=77167#primaryimage","url":"https:\/\/kibrisdakik.com\/wp-content\/uploads\/2025\/03\/BEROVA-KIBRIS-TURK-HALKI-SIZE-HEP-MINNETTAR-KALACAK-740x414.jpeg","contentUrl":"https:\/\/kibrisdakik.com\/wp-content\/uploads\/2025\/03\/BEROVA-KIBRIS-TURK-HALKI-SIZE-HEP-MINNETTAR-KALACAK-740x414.jpeg","width":930,"height":414},{"@type":"BreadcrumbList","@id":"https:\/\/kibrisdakik.com\/?p=77167#breadcrumb","itemListElement":[{"@type":"ListItem","position":1,"name":"Home","item":"https:\/\/kibrisdakik.com\/"},{"@type":"ListItem","position":2,"name":"Maliye Bakan\u0131 Berova M\u00fccahit Komutanlar\u0131 Derne\u011fi heyetini kabul etti"}]},{"@type":"WebSite","@id":"https:\/\/kibrisdakik.com\/#website","url":"https:\/\/kibrisdakik.com\/","name":"","description":"Tam vaktinde haber","potentialAction":[{"@type":"SearchAction","target":{"@type":"EntryPoint","urlTemplate":"https:\/\/kibrisdakik.com\/?s={search_term_string}"},"query-input":{"@type":"PropertyValueSpecification","valueRequired":true,"valueName":"search_term_string"}}],"inLanguage":"tr"},{"@type":"Person","@id":"https:\/\/kibrisdakik.com\/#\/schema\/person\/9cd9d437bbb44f72b73ba127e06d8e79","name":"admin","image":{"@type":"ImageObject","inLanguage":"tr","@id":"https:\/\/secure.gravatar.com\/avatar\/ccc17943b9d660506c869530f897617f7cb1c21a4bf30023f252596d83e1f007?s=96&d=mm&r=g","url":"https:\/\/secure.gravatar.com\/avatar\/ccc17943b9d660506c869530f897617f7cb1c21a4bf30023f252596d83e1f007?s=96&d=mm&r=g","contentUrl":"https:\/\/secure.gravatar.com\/avatar\/ccc17943b9d660506c869530f897617f7cb1c21a4bf30023f252596d83e1f007?s=96&d=mm&r=g","caption":"admin"},"sameAs":["https:\/\/kibrisdakik.com"],"url":"https:\/\/kibrisdakik.com\/?author=1"}]}},"_links":{"self":[{"href":"https:\/\/kibrisdakik.com\/index.php?rest_route=\/wp\/v2\/posts\/77167","targetHints":{"allow":["GET"]}}],"collection":[{"href":"https:\/\/kibrisdakik.com\/index.php?rest_route=\/wp\/v2\/posts"}],"about":[{"href":"https:\/\/kibrisdakik.com\/index.php?rest_route=\/wp\/v2\/types\/post"}],"author":[{"embeddable":true,"href":"https:\/\/kibrisdakik.com\/index.php?rest_route=\/wp\/v2\/users\/1"}],"replies":[{"embeddable":true,"href":"https:\/\/kibrisdakik.com\/index.php?rest_route=%2Fwp%2Fv2%2Fcomments&post=77167"}],"version-history":[{"count":0,"href":"https:\/\/kibrisdakik.com\/index.php?rest_route=\/wp\/v2\/posts\/77167\/revisions"}],"wp:featuredmedia":[{"embeddable":true,"href":"https:\/\/kibrisdakik.com\/index.php?rest_route=\/wp\/v2\/media\/77168"}],"wp:attachment":[{"href":"https:\/\/kibrisdakik.com\/index.php?rest_route=%2Fwp%2Fv2%2Fmedia&parent=77167"}],"wp:term":[{"taxonomy":"category","embeddable":true,"href":"https:\/\/kibrisdakik.com\/index.php?rest_route=%2Fwp%2Fv2%2Fcategories&post=77167"},{"taxonomy":"post_tag","embeddable":true,"href":"https:\/\/kibrisdakik.com\/index.php?rest_route=%2Fwp%2Fv2%2Ftags&post=77167"}],"curies":[{"name":"wp","href":"https:\/\/api.w.org\/{rel}","templated":true}]}}